{"id":108718,"date":"2023-04-25T21:03:02","date_gmt":"2023-04-25T21:03:02","guid":{"rendered":"https:\/\/www.nettali.com\/?p=108718"},"modified":"2023-04-25T21:03:02","modified_gmt":"2023-04-25T21:03:02","slug":"en-coulisses-qui-est-le-general-mbaye-cisse","status":"publish","type":"post","link":"https:\/\/www.nettali.com\/2023\/04\/25\/en-coulisses-qui-est-le-general-mbaye-cisse\/","title":{"rendered":"EN COULISSES - Qui est le G\u00e9n\u00e9ral Mbaye Ciss\u00e9 ?"},"content":{"rendered":"<p><strong>NETTALI.COM -\u00a0 <\/strong>Ancien chef de l\u2019\u00c9tat-major particulier du pr\u00e9sident de la R\u00e9publique, le g\u00e9n\u00e9ral de corps d\u2019Arm\u00e9e Mbaye Ciss\u00e9 n'aura pas fait long feu \u00e0 ce poste. Juste six mois avant d\u2019\u00eatre propuls\u00e9 par d\u00e9cret pr\u00e9sidentiel, nouveau chef d\u2019\u00c9tat-Major g\u00e9n\u00e9ral des arm\u00e9es (Cemga). Il succ\u00e8de ainsi au G\u00e9n\u00e9ral d\u2019arm\u00e9e Cheikh Wade, devenu G\u00e9n\u00e9ral de Corps d'Arm\u00e9e et qui occupe ce poste depuis mars 2021.<\/p>\n<p>N\u00e9 le 13 f\u00e9vrier 1964 \u00e0 Kaolack, le g\u00e9n\u00e9ral de Corps d'Arm\u00e9e Mbaye Ciss\u00e9 est r\u00e9put\u00e9 loyal et ferme. Le nouveau Chef d\u2019\u00c9tat-major g\u00e9n\u00e9ral des arm\u00e9es est en effet un pur produit de l\u2019arm\u00e9e qui a blanchi sous le harnais au sein de la \u201cGrande muette\u201d.<\/p>\n<p>Produit de l\u2019\u00c9cole nationale des officiers d'active (ENOA) de Thi\u00e8s, il a fait son entr\u00e9e en service le 27 ao\u00fbt 1987 avant de poursuivre sa formation, en fr\u00e9quentant les Cours d\u2019application \u00e0 l'\u00c9cole d'application d'artillerie de Draguignan (France), les cours des capitaines \u00e0 l'\u00c9cole d'artillerie de Fort Sill (Oklahoma, USA), puis l\u2019\u00e9cole d\u2019\u00c9tat-major au Command and General Staff College Fort Leavenworth (USA), avant d'int\u00e9grer l\u2019\u00c9cole d\u2019enseignement militaire sup\u00e9rieur au coll\u00e8ge interarm\u00e9es de d\u00e9fense (ex-\u00c9cole de guerre de Paris).<\/p>\n<p>Le nouveau patron de la \u201c<em>Grande muette<\/em>\u201d, qui porte la tenue depuis l\u2019\u00e2ge de 12 ans, est aussi un produit de l\u2019\u00e9cole publique s\u00e9n\u00e9galaise qui a fait ses humanit\u00e9s. Apr\u00e8s avoir eu son Bac A3 en 1985 au Prytan\u00e9e militaire de Saint-Louis avec la mention Bien et un prix au Concours g\u00e9n\u00e9ral en philosophie, les portes de l\u2019universit\u00e9 Cheikh Anta Diop lui sont ouvertes. Il y d\u00e9croche un certificat de Ma\u00eetrise en lettres (option philosophie), un Certificat d\u2019\u00e9tudes sup\u00e9rieures de psychologie et de sociologie.<\/p>\n<p>En France, c\u2019est un Master II en relations internationales (options droit public, s\u00e9curit\u00e9 et d\u00e9fense) qui couronne son s\u00e9jour universitaire \u00e0 Paris II Panth\u00e9on.<\/p>\n<p>Dans le domaine militaire, l\u2019artilleur Mbaye Ciss\u00e9 a la qualification qu'il faut puisque dans sa besace, sont log\u00e9s les dipl\u00f4mes de chef de Section, du Cours d\u2019application d\u2019artillerie, des Cours des capitaines d\u2019artillerie, d\u2019\u00c9tat-major, d\u2019Aptitude au grade d\u2019officier sup\u00e9rieur et le Brevet de l\u2019\u00c9cole sup\u00e9rieure de guerre.<\/p>\n<p>Des aptitudes qui l\u2019ont men\u00e9 dans plusieurs th\u00e9\u00e2tres d\u2019op\u00e9rations. Officier de tir, de reconnaissance, observateur d\u2019artillerie (Ecomog au Liberia), il a aussi \u00e9t\u00e9<br \/>\ncommandant de la batterie 105 HM2 Alpha. Le g\u00e9n\u00e9ral Mbaye Ciss\u00e9 fut ensuite adjoint au chef de cabinet du chef d\u2019\u00c9tat-major g\u00e9n\u00e9ral des arm\u00e9es, aide de camp de l\u2019inspecteur g\u00e9n\u00e9ral des Forces arm\u00e9es et celui du Force Commander de la Monuc en R\u00e9publique d\u00e9mocratique du Congo et adjoint au chef de la<br \/>\nR\u00e9forme du secteur de s\u00e9curit\u00e9 militaire au sein de la Monusco en R\u00e9publique d\u00e9mocratique du Congo.<\/p>\n<p>&nbsp;<\/p>\n<div class='share-to-whatsapp-wrapper'><div class='share-on-whsp'>PARTAGER SUR : <\/div><a data-text='EN COULISSES - Qui est le G\u00e9n\u00e9ral Mbaye Ciss\u00e9 ?' data-link='https:\/\/www.nettali.com\/2023\/04\/25\/en-coulisses-qui-est-le-general-mbaye-cisse\/' class='whatsapp-button whatsapp-share'>WhatsApp<\/a><div class='clear '><\/div><\/div>","protected":false},"excerpt":{"rendered":"<p>NETTALI.COM -\u00a0 Ancien chef de l\u2019\u00c9tat-major particulier du pr\u00e9sident de la R\u00e9publique, le g\u00e9n\u00e9ral de corps d\u2019Arm\u00e9e Mbaye Ciss\u00e9 n'aura pas fait long feu \u00e0 ce poste. Juste six mois avant d\u2019\u00eatre propuls\u00e9 par d\u00e9cret pr\u00e9sidentiel, nouveau chef d\u2019\u00c9tat-Major g\u00e9n\u00e9ral des arm\u00e9es (Cemga). Il succ\u00e8de ainsi au G\u00e9n\u00e9ral d\u2019arm\u00e9e Cheikh Wade, devenu G\u00e9n\u00e9ral de Corps [&hellip;]<\/p>\n","protected":false},"author":2,"featured_media":108743,"comment_status":"open","ping_status":"open","sticky":false,"template":"","format":"standard","meta":{"_et_pb_use_builder":"","_et_pb_old_content":""},"categories":[34945],"tags":[],"yoast_head":"<!-- This site is optimized with the Yoast SEO Premium plugin v17.8 (Yoast SEO v17.8) - https:\/\/yoast.com\/wordpress\/plugins\/seo\/ -->\n<title>EN COULISSES - Qui est le G\u00e9n\u00e9ral Mbaye Ciss\u00e9 ? | Nettali.com<\/title>\n<meta name=\"robots\" content=\"index, follow, max-snippet:-1, max-image-preview:large, max-video-preview:-1\" \/>\n<link rel=\"canonical\" href=\"https:\/\/www.nettali.com\/2023\/04\/25\/en-coulisses-qui-est-le-general-mbaye-cisse\/\" \/>\n<meta property=\"og:locale\" content=\"fr_FR\" \/>\n<meta property=\"og:type\" content=\"article\" \/>\n<meta property=\"og:title\" content=\"EN COULISSES - Qui est le G\u00e9n\u00e9ral Mbaye Ciss\u00e9 ?\" \/>\n<meta property=\"og:description\" content=\"NETTALI.COM -\u00a0 Ancien chef de l\u2019\u00c9tat-major particulier du pr\u00e9sident de la R\u00e9publique, le g\u00e9n\u00e9ral de corps d\u2019Arm\u00e9e Mbaye Ciss\u00e9 n&#039;aura pas fait long feu \u00e0 ce poste. Juste six mois avant d\u2019\u00eatre propuls\u00e9 par d\u00e9cret pr\u00e9sidentiel, nouveau chef d\u2019\u00c9tat-Major g\u00e9n\u00e9ral des arm\u00e9es (Cemga). Il succ\u00e8de ainsi au G\u00e9n\u00e9ral d\u2019arm\u00e9e Cheikh Wade, devenu G\u00e9n\u00e9ral de Corps [&hellip;]\" \/>\n<meta property=\"og:url\" content=\"https:\/\/www.nettali.com\/2023\/04\/25\/en-coulisses-qui-est-le-general-mbaye-cisse\/\" \/>\n<meta property=\"og:site_name\" content=\"Nettali.com\" \/>\n<meta property=\"article:publisher\" content=\"https:\/\/www.facebook.com\/nettalicom\" \/>\n<meta property=\"article:published_time\" content=\"2023-04-25T21:03:02+00:00\" \/>\n<meta property=\"og:image\" content=\"https:\/\/www.nettali.com\/wp-content\/uploads\/2023\/04\/67999799-47951908.jpg\" \/>\n\t<meta property=\"og:image:width\" content=\"2560\" \/>\n\t<meta property=\"og:image:height\" content=\"1708\" \/>\n<meta name=\"twitter:card\" content=\"summary_large_image\" \/>\n<meta name=\"twitter:label1\" content=\"\u00c9crit par\" \/>\n\t<meta name=\"twitter:data1\" content=\"CK\" \/>\n\t<meta name=\"twitter:label2\" content=\"Dur\u00e9e de lecture estim\u00e9e\" \/>\n\t<meta name=\"twitter:data2\" content=\"3 minutes\" \/>\n<script type=\"application\/ld+json\" class=\"yoast-schema-graph\">{\"@context\":\"https:\/\/schema.org\",\"@graph\":[{\"@type\":\"WebSite\",\"@id\":\"https:\/\/www.nettali.com\/#website\",\"url\":\"https:\/\/www.nettali.com\/\",\"name\":\"Nettali.com\",\"description\":\"Le rendez-vous critique du Net\",\"potentialAction\":[{\"@type\":\"SearchAction\",\"target\":{\"@type\":\"EntryPoint\",\"urlTemplate\":\"https:\/\/www.nettali.com\/?s={search_term_string}\"},\"query-input\":\"required name=search_term_string\"}],\"inLanguage\":\"fr-FR\"},{\"@type\":\"ImageObject\",\"@id\":\"https:\/\/www.nettali.com\/2023\/04\/25\/en-coulisses-qui-est-le-general-mbaye-cisse\/#primaryimage\",\"inLanguage\":\"fr-FR\",\"url\":\"https:\/\/www.nettali.com\/wp-content\/uploads\/2023\/04\/67999799-47951908.jpg\",\"contentUrl\":\"https:\/\/www.nettali.com\/wp-content\/uploads\/2023\/04\/67999799-47951908.jpg\",\"width\":2560,\"height\":1708},{\"@type\":\"WebPage\",\"@id\":\"https:\/\/www.nettali.com\/2023\/04\/25\/en-coulisses-qui-est-le-general-mbaye-cisse\/#webpage\",\"url\":\"https:\/\/www.nettali.com\/2023\/04\/25\/en-coulisses-qui-est-le-general-mbaye-cisse\/\",\"name\":\"EN COULISSES - Qui est le G\\u00e9n\\u00e9ral Mbaye Ciss\\u00e9 ? | Nettali.com\",\"isPartOf\":{\"@id\":\"https:\/\/www.nettali.com\/#website\"},\"primaryImageOfPage\":{\"@id\":\"https:\/\/www.nettali.com\/2023\/04\/25\/en-coulisses-qui-est-le-general-mbaye-cisse\/#primaryimage\"},\"datePublished\":\"2023-04-25T21:03:02+00:00\",\"dateModified\":\"2023-04-25T21:03:02+00:00\",\"author\":{\"@id\":\"https:\/\/www.nettali.com\/#\/schema\/person\/d8ac7b7e27ddad43f1c0d2ef090d7f71\"},\"breadcrumb\":{\"@id\":\"https:\/\/www.nettali.com\/2023\/04\/25\/en-coulisses-qui-est-le-general-mbaye-cisse\/#breadcrumb\"},\"inLanguage\":\"fr-FR\",\"potentialAction\":[{\"@type\":\"ReadAction\",\"target\":[\"https:\/\/www.nettali.com\/2023\/04\/25\/en-coulisses-qui-est-le-general-mbaye-cisse\/\"]}]},{\"@type\":\"BreadcrumbList\",\"@id\":\"https:\/\/www.nettali.com\/2023\/04\/25\/en-coulisses-qui-est-le-general-mbaye-cisse\/#breadcrumb\",\"itemListElement\":[{\"@type\":\"ListItem\",\"position\":1,\"name\":\"Accueil\",\"item\":\"https:\/\/www.nettali.com\/\"},{\"@type\":\"ListItem\",\"position\":2,\"name\":\"EN COULISSES - Qui est le G\\u00e9n\\u00e9ral Mbaye Ciss\\u00e9 ?\"}]},{\"@type\":\"Person\",\"@id\":\"https:\/\/www.nettali.com\/#\/schema\/person\/d8ac7b7e27ddad43f1c0d2ef090d7f71\",\"name\":\"CK\",\"image\":{\"@type\":\"ImageObject\",\"@id\":\"https:\/\/www.nettali.com\/#personlogo\",\"inLanguage\":\"fr-FR\",\"url\":\"https:\/\/secure.gravatar.com\/avatar\/1d8d5118b9327d94da7cd4ce7f17fec2?s=96&d=mm&r=g\",\"contentUrl\":\"https:\/\/secure.gravatar.com\/avatar\/1d8d5118b9327d94da7cd4ce7f17fec2?s=96&d=mm&r=g\",\"caption\":\"CK\"},\"sameAs\":[\"https:\/\/www.nettali.com\"]}]}<\/script>\n<!-- \/ Yoast SEO Premium plugin. -->","yoast_head_json":{"title":"EN COULISSES - Qui est le G\u00e9n\u00e9ral Mbaye Ciss\u00e9 ? | Nettali.com","robots":{"index":"index","follow":"follow","max-snippet":"max-snippet:-1","max-image-preview":"max-image-preview:large","max-video-preview":"max-video-preview:-1"},"canonical":"https:\/\/www.nettali.com\/2023\/04\/25\/en-coulisses-qui-est-le-general-mbaye-cisse\/","og_locale":"fr_FR","og_type":"article","og_title":"EN COULISSES - Qui est le G\u00e9n\u00e9ral Mbaye Ciss\u00e9 ?","og_description":"NETTALI.COM -\u00a0 Ancien chef de l\u2019\u00c9tat-major particulier du pr\u00e9sident de la R\u00e9publique, le g\u00e9n\u00e9ral de corps d\u2019Arm\u00e9e Mbaye Ciss\u00e9 n'aura pas fait long feu \u00e0 ce poste. Juste six mois avant d\u2019\u00eatre propuls\u00e9 par d\u00e9cret pr\u00e9sidentiel, nouveau chef d\u2019\u00c9tat-Major g\u00e9n\u00e9ral des arm\u00e9es (Cemga). Il succ\u00e8de ainsi au G\u00e9n\u00e9ral d\u2019arm\u00e9e Cheikh Wade, devenu G\u00e9n\u00e9ral de Corps [&hellip;]","og_url":"https:\/\/www.nettali.com\/2023\/04\/25\/en-coulisses-qui-est-le-general-mbaye-cisse\/","og_site_name":"Nettali.com","article_publisher":"https:\/\/www.facebook.com\/nettalicom","article_published_time":"2023-04-25T21:03:02+00:00","og_image":[{"width":2560,"height":1708,"url":"https:\/\/www.nettali.com\/wp-content\/uploads\/2023\/04\/67999799-47951908.jpg","type":"image\/jpeg"}],"twitter_card":"summary_large_image","twitter_misc":{"\u00c9crit par":"CK","Dur\u00e9e de lecture estim\u00e9e":"3 minutes"},"schema":{"@context":"https:\/\/schema.org","@graph":[{"@type":"WebSite","@id":"https:\/\/www.nettali.com\/#website","url":"https:\/\/www.nettali.com\/","name":"Nettali.com","description":"Le rendez-vous critique du Net","potentialAction":[{"@type":"SearchAction","target":{"@type":"EntryPoint","urlTemplate":"https:\/\/www.nettali.com\/?s={search_term_string}"},"query-input":"required name=search_term_string"}],"inLanguage":"fr-FR"},{"@type":"ImageObject","@id":"https:\/\/www.nettali.com\/2023\/04\/25\/en-coulisses-qui-est-le-general-mbaye-cisse\/#primaryimage","inLanguage":"fr-FR","url":"https:\/\/www.nettali.com\/wp-content\/uploads\/2023\/04\/67999799-47951908.jpg","contentUrl":"https:\/\/www.nettali.com\/wp-content\/uploads\/2023\/04\/67999799-47951908.jpg","width":2560,"height":1708},{"@type":"WebPage","@id":"https:\/\/www.nettali.com\/2023\/04\/25\/en-coulisses-qui-est-le-general-mbaye-cisse\/#webpage","url":"https:\/\/www.nettali.com\/2023\/04\/25\/en-coulisses-qui-est-le-general-mbaye-cisse\/","name":"EN COULISSES - Qui est le G\u00e9n\u00e9ral Mbaye Ciss\u00e9 ? | Nettali.com","isPartOf":{"@id":"https:\/\/www.nettali.com\/#website"},"primaryImageOfPage":{"@id":"https:\/\/www.nettali.com\/2023\/04\/25\/en-coulisses-qui-est-le-general-mbaye-cisse\/#primaryimage"},"datePublished":"2023-04-25T21:03:02+00:00","dateModified":"2023-04-25T21:03:02+00:00","author":{"@id":"https:\/\/www.nettali.com\/#\/schema\/person\/d8ac7b7e27ddad43f1c0d2ef090d7f71"},"breadcrumb":{"@id":"https:\/\/www.nettali.com\/2023\/04\/25\/en-coulisses-qui-est-le-general-mbaye-cisse\/#breadcrumb"},"inLanguage":"fr-FR","potentialAction":[{"@type":"ReadAction","target":["https:\/\/www.nettali.com\/2023\/04\/25\/en-coulisses-qui-est-le-general-mbaye-cisse\/"]}]},{"@type":"BreadcrumbList","@id":"https:\/\/www.nettali.com\/2023\/04\/25\/en-coulisses-qui-est-le-general-mbaye-cisse\/#breadcrumb","itemListElement":[{"@type":"ListItem","position":1,"name":"Accueil","item":"https:\/\/www.nettali.com\/"},{"@type":"ListItem","position":2,"name":"EN COULISSES - Qui est le G\u00e9n\u00e9ral Mbaye Ciss\u00e9 ?"}]},{"@type":"Person","@id":"https:\/\/www.nettali.com\/#\/schema\/person\/d8ac7b7e27ddad43f1c0d2ef090d7f71","name":"CK","image":{"@type":"ImageObject","@id":"https:\/\/www.nettali.com\/#personlogo","inLanguage":"fr-FR","url":"https:\/\/secure.gravatar.com\/avatar\/1d8d5118b9327d94da7cd4ce7f17fec2?s=96&d=mm&r=g","contentUrl":"https:\/\/secure.gravatar.com\/avatar\/1d8d5118b9327d94da7cd4ce7f17fec2?s=96&d=mm&r=g","caption":"CK"},"sameAs":["https:\/\/www.nettali.com"]}]}},"_links":{"self":[{"href":"https:\/\/www.nettali.com\/rest\/wp\/v2\/posts\/108718"}],"collection":[{"href":"https:\/\/www.nettali.com\/rest\/wp\/v2\/posts"}],"about":[{"href":"https:\/\/www.nettali.com\/rest\/wp\/v2\/types\/post"}],"author":[{"embeddable":true,"href":"https:\/\/www.nettali.com\/rest\/wp\/v2\/users\/2"}],"replies":[{"embeddable":true,"href":"https:\/\/www.nettali.com\/rest\/wp\/v2\/comments?post=108718"}],"version-history":[{"count":3,"href":"https:\/\/www.nettali.com\/rest\/wp\/v2\/posts\/108718\/revisions"}],"predecessor-version":[{"id":108740,"href":"https:\/\/www.nettali.com\/rest\/wp\/v2\/posts\/108718\/revisions\/108740"}],"wp:featuredmedia":[{"embeddable":true,"href":"https:\/\/www.nettali.com\/rest\/wp\/v2\/media\/108743"}],"wp:attachment":[{"href":"https:\/\/www.nettali.com\/rest\/wp\/v2\/media?parent=108718"}],"wp:term":[{"taxonomy":"category","embeddable":true,"href":"https:\/\/www.nettali.com\/rest\/wp\/v2\/categories?post=108718"},{"taxonomy":"post_tag","embeddable":true,"href":"https:\/\/www.nettali.com\/rest\/wp\/v2\/tags?post=108718"}],"curies":[{"name":"wp","href":"https:\/\/api.w.org\/{rel}","templated":true}]}}