{"id":108475,"date":"2023-04-21T11:30:50","date_gmt":"2023-04-21T11:30:50","guid":{"rendered":"https:\/\/www.nettali.com\/?p=108475"},"modified":"2023-04-21T11:30:50","modified_gmt":"2023-04-21T11:30:50","slug":"justice-macky-gracie-586-condamnes","status":"publish","type":"post","link":"https:\/\/www.nettali.com\/2023\/04\/21\/justice-macky-gracie-586-condamnes\/","title":{"rendered":"JUSTICE - Macky gracie 586 condamn\u00e9s"},"content":{"rendered":"<p><strong>NETTALI.COM - Comme il le fait au moins 4 fois l'ann\u00e9e (f\u00eate de l'ind\u00e9pendance, Korit\u00e9, Tabaski et fin d'ann\u00e9e), le chef de l'Etat a encore graci\u00e9 586 condamn\u00e9s qui \u00e9taient d\u00e9tenus dans les 37 prisons du S\u00e9n\u00e9gal.<\/strong><\/p>\n<p>En cette veille de la f\u00eate de \u00ab Korit\u00e9 \u00bb, le Pr\u00e9sident de la R\u00e9publique, Macky Sall, conform\u00e9ment \u00e0 la Constitution et fid\u00e8le \u00e0 la tradition r\u00e9publicaine, a accord\u00e9 sa gr\u00e2ce \u00e0 cinq cent quatre-vingt-six (586) personnes condamn\u00e9es pour diverses infractions et d\u00e9tenues dans les diff\u00e9rents \u00e9tablissements p\u00e9nitentiaires du pays, informe un communiqu\u00e9 du minist\u00e8re de la Justice.<\/p>\n<p>Les b\u00e9n\u00e9ficiaires de cette mesure de cl\u00e9mence, note la m\u00eame source, sont des d\u00e9linquants primaires, des d\u00e9tenus pr\u00e9sentant des gages de resocialisation ou \u00e2g\u00e9s, des individus gravement malades et des mineurs.<\/p>\n<p><em>\"Le Chef de l\u2019Etat offre ainsi \u00e0 une cat\u00e9gorie de citoyens, momentan\u00e9ment en conflit avec la loi, l\u2019opportunit\u00e9 de retrouver leur famille et de profiter de cette chance qui leur est accord\u00e9e pour se r\u00e9ins\u00e9rer dans la soci\u00e9t\u00e9\"<\/em>, font remarquer les service d'Isma\u00efla Madior Fall.<\/p>\n<div class='share-to-whatsapp-wrapper'><div class='share-on-whsp'>PARTAGER SUR : <\/div><a data-text='JUSTICE - Macky gracie 586 condamn\u00e9s' data-link='https:\/\/www.nettali.com\/2023\/04\/21\/justice-macky-gracie-586-condamnes\/' class='whatsapp-button whatsapp-share'>WhatsApp<\/a><div class='clear '><\/div><\/div>","protected":false},"excerpt":{"rendered":"<p>NETTALI.COM - Comme il le fait au moins 4 fois l'ann\u00e9e (f\u00eate de l'ind\u00e9pendance, Korit\u00e9, Tabaski et fin d'ann\u00e9e), le chef de l'Etat a encore graci\u00e9 586 condamn\u00e9s qui \u00e9taient d\u00e9tenus dans les 37 prisons du S\u00e9n\u00e9gal. En cette veille de la f\u00eate de \u00ab Korit\u00e9 \u00bb, le Pr\u00e9sident de la R\u00e9publique, Macky Sall, conform\u00e9ment [&hellip;]<\/p>\n","protected":false},"author":4,"featured_media":49774,"comment_status":"open","ping_status":"open","sticky":false,"template":"","format":"standard","meta":{"_et_pb_use_builder":"","_et_pb_old_content":""},"categories":[3],"tags":[],"yoast_head":"<!-- This site is optimized with the Yoast SEO Premium plugin v17.8 (Yoast SEO v17.8) - https:\/\/yoast.com\/wordpress\/plugins\/seo\/ -->\n<title>JUSTICE - Macky gracie 586 condamn\u00e9s | Nettali.com<\/title>\n<meta name=\"robots\" content=\"index, follow, max-snippet:-1, max-image-preview:large, max-video-preview:-1\" \/>\n<link rel=\"canonical\" href=\"https:\/\/www.nettali.com\/2023\/04\/21\/justice-macky-gracie-586-condamnes\/\" \/>\n<meta property=\"og:locale\" content=\"fr_FR\" \/>\n<meta property=\"og:type\" content=\"article\" \/>\n<meta property=\"og:title\" content=\"JUSTICE - Macky gracie 586 condamn\u00e9s\" \/>\n<meta property=\"og:description\" content=\"NETTALI.COM - Comme il le fait au moins 4 fois l&#039;ann\u00e9e (f\u00eate de l&#039;ind\u00e9pendance, Korit\u00e9, Tabaski et fin d&#039;ann\u00e9e), le chef de l&#039;Etat a encore graci\u00e9 586 condamn\u00e9s qui \u00e9taient d\u00e9tenus dans les 37 prisons du S\u00e9n\u00e9gal. En cette veille de la f\u00eate de \u00ab Korit\u00e9 \u00bb, le Pr\u00e9sident de la R\u00e9publique, Macky Sall, conform\u00e9ment [&hellip;]\" \/>\n<meta property=\"og:url\" content=\"https:\/\/www.nettali.com\/2023\/04\/21\/justice-macky-gracie-586-condamnes\/\" \/>\n<meta property=\"og:site_name\" content=\"Nettali.com\" \/>\n<meta property=\"article:publisher\" content=\"https:\/\/www.facebook.com\/nettalicom\" \/>\n<meta property=\"article:published_time\" content=\"2023-04-21T11:30:50+00:00\" \/>\n<meta property=\"og:image\" content=\"https:\/\/www.nettali.com\/wp-content\/uploads\/2020\/11\/Macky-Sall-prisonnier-signe.jpg\" \/>\n\t<meta property=\"og:image:width\" content=\"644\" \/>\n\t<meta property=\"og:image:height\" content=\"362\" \/>\n<meta name=\"twitter:card\" content=\"summary_large_image\" \/>\n<meta name=\"twitter:label1\" content=\"\u00c9crit par\" \/>\n\t<meta name=\"twitter:data1\" content=\"Daouda\" \/>\n\t<meta name=\"twitter:label2\" content=\"Dur\u00e9e de lecture estim\u00e9e\" \/>\n\t<meta name=\"twitter:data2\" content=\"1 minute\" \/>\n<script type=\"application\/ld+json\" class=\"yoast-schema-graph\">{\"@context\":\"https:\/\/schema.org\",\"@graph\":[{\"@type\":\"WebSite\",\"@id\":\"https:\/\/www.nettali.com\/#website\",\"url\":\"https:\/\/www.nettali.com\/\",\"name\":\"Nettali.com\",\"description\":\"Le rendez-vous critique du Net\",\"potentialAction\":[{\"@type\":\"SearchAction\",\"target\":{\"@type\":\"EntryPoint\",\"urlTemplate\":\"https:\/\/www.nettali.com\/?s={search_term_string}\"},\"query-input\":\"required name=search_term_string\"}],\"inLanguage\":\"fr-FR\"},{\"@type\":\"ImageObject\",\"@id\":\"https:\/\/www.nettali.com\/2023\/04\/21\/justice-macky-gracie-586-condamnes\/#primaryimage\",\"inLanguage\":\"fr-FR\",\"url\":\"https:\/\/www.nettali.com\/wp-content\/uploads\/2020\/11\/Macky-Sall-prisonnier-signe.jpg\",\"contentUrl\":\"https:\/\/www.nettali.com\/wp-content\/uploads\/2020\/11\/Macky-Sall-prisonnier-signe.jpg\",\"width\":644,\"height\":362},{\"@type\":\"WebPage\",\"@id\":\"https:\/\/www.nettali.com\/2023\/04\/21\/justice-macky-gracie-586-condamnes\/#webpage\",\"url\":\"https:\/\/www.nettali.com\/2023\/04\/21\/justice-macky-gracie-586-condamnes\/\",\"name\":\"JUSTICE - Macky gracie 586 condamn\\u00e9s | Nettali.com\",\"isPartOf\":{\"@id\":\"https:\/\/www.nettali.com\/#website\"},\"primaryImageOfPage\":{\"@id\":\"https:\/\/www.nettali.com\/2023\/04\/21\/justice-macky-gracie-586-condamnes\/#primaryimage\"},\"datePublished\":\"2023-04-21T11:30:50+00:00\",\"dateModified\":\"2023-04-21T11:30:50+00:00\",\"author\":{\"@id\":\"https:\/\/www.nettali.com\/#\/schema\/person\/3317e0bb3aa1da309fbf7b2780901bf4\"},\"breadcrumb\":{\"@id\":\"https:\/\/www.nettali.com\/2023\/04\/21\/justice-macky-gracie-586-condamnes\/#breadcrumb\"},\"inLanguage\":\"fr-FR\",\"potentialAction\":[{\"@type\":\"ReadAction\",\"target\":[\"https:\/\/www.nettali.com\/2023\/04\/21\/justice-macky-gracie-586-condamnes\/\"]}]},{\"@type\":\"BreadcrumbList\",\"@id\":\"https:\/\/www.nettali.com\/2023\/04\/21\/justice-macky-gracie-586-condamnes\/#breadcrumb\",\"itemListElement\":[{\"@type\":\"ListItem\",\"position\":1,\"name\":\"Accueil\",\"item\":\"https:\/\/www.nettali.com\/\"},{\"@type\":\"ListItem\",\"position\":2,\"name\":\"JUSTICE - Macky gracie 586 condamn\\u00e9s\"}]},{\"@type\":\"Person\",\"@id\":\"https:\/\/www.nettali.com\/#\/schema\/person\/3317e0bb3aa1da309fbf7b2780901bf4\",\"name\":\"Daouda\",\"image\":{\"@type\":\"ImageObject\",\"@id\":\"https:\/\/www.nettali.com\/#personlogo\",\"inLanguage\":\"fr-FR\",\"url\":\"https:\/\/secure.gravatar.com\/avatar\/8d143b5a49345098ddcfee1c49c2f47c?s=96&d=mm&r=g\",\"contentUrl\":\"https:\/\/secure.gravatar.com\/avatar\/8d143b5a49345098ddcfee1c49c2f47c?s=96&d=mm&r=g\",\"caption\":\"Daouda\"},\"sameAs\":[\"https:\/\/www.nettali.com\"]}]}<\/script>\n<!-- \/ Yoast SEO Premium plugin. -->","yoast_head_json":{"title":"JUSTICE - Macky gracie 586 condamn\u00e9s | Nettali.com","robots":{"index":"index","follow":"follow","max-snippet":"max-snippet:-1","max-image-preview":"max-image-preview:large","max-video-preview":"max-video-preview:-1"},"canonical":"https:\/\/www.nettali.com\/2023\/04\/21\/justice-macky-gracie-586-condamnes\/","og_locale":"fr_FR","og_type":"article","og_title":"JUSTICE - Macky gracie 586 condamn\u00e9s","og_description":"NETTALI.COM - Comme il le fait au moins 4 fois l'ann\u00e9e (f\u00eate de l'ind\u00e9pendance, Korit\u00e9, Tabaski et fin d'ann\u00e9e), le chef de l'Etat a encore graci\u00e9 586 condamn\u00e9s qui \u00e9taient d\u00e9tenus dans les 37 prisons du S\u00e9n\u00e9gal. En cette veille de la f\u00eate de \u00ab Korit\u00e9 \u00bb, le Pr\u00e9sident de la R\u00e9publique, Macky Sall, conform\u00e9ment [&hellip;]","og_url":"https:\/\/www.nettali.com\/2023\/04\/21\/justice-macky-gracie-586-condamnes\/","og_site_name":"Nettali.com","article_publisher":"https:\/\/www.facebook.com\/nettalicom","article_published_time":"2023-04-21T11:30:50+00:00","og_image":[{"width":644,"height":362,"url":"https:\/\/www.nettali.com\/wp-content\/uploads\/2020\/11\/Macky-Sall-prisonnier-signe.jpg","type":"image\/jpeg"}],"twitter_card":"summary_large_image","twitter_misc":{"\u00c9crit par":"Daouda","Dur\u00e9e de lecture estim\u00e9e":"1 minute"},"schema":{"@context":"https:\/\/schema.org","@graph":[{"@type":"WebSite","@id":"https:\/\/www.nettali.com\/#website","url":"https:\/\/www.nettali.com\/","name":"Nettali.com","description":"Le rendez-vous critique du Net","potentialAction":[{"@type":"SearchAction","target":{"@type":"EntryPoint","urlTemplate":"https:\/\/www.nettali.com\/?s={search_term_string}"},"query-input":"required name=search_term_string"}],"inLanguage":"fr-FR"},{"@type":"ImageObject","@id":"https:\/\/www.nettali.com\/2023\/04\/21\/justice-macky-gracie-586-condamnes\/#primaryimage","inLanguage":"fr-FR","url":"https:\/\/www.nettali.com\/wp-content\/uploads\/2020\/11\/Macky-Sall-prisonnier-signe.jpg","contentUrl":"https:\/\/www.nettali.com\/wp-content\/uploads\/2020\/11\/Macky-Sall-prisonnier-signe.jpg","width":644,"height":362},{"@type":"WebPage","@id":"https:\/\/www.nettali.com\/2023\/04\/21\/justice-macky-gracie-586-condamnes\/#webpage","url":"https:\/\/www.nettali.com\/2023\/04\/21\/justice-macky-gracie-586-condamnes\/","name":"JUSTICE - Macky gracie 586 condamn\u00e9s | Nettali.com","isPartOf":{"@id":"https:\/\/www.nettali.com\/#website"},"primaryImageOfPage":{"@id":"https:\/\/www.nettali.com\/2023\/04\/21\/justice-macky-gracie-586-condamnes\/#primaryimage"},"datePublished":"2023-04-21T11:30:50+00:00","dateModified":"2023-04-21T11:30:50+00:00","author":{"@id":"https:\/\/www.nettali.com\/#\/schema\/person\/3317e0bb3aa1da309fbf7b2780901bf4"},"breadcrumb":{"@id":"https:\/\/www.nettali.com\/2023\/04\/21\/justice-macky-gracie-586-condamnes\/#breadcrumb"},"inLanguage":"fr-FR","potentialAction":[{"@type":"ReadAction","target":["https:\/\/www.nettali.com\/2023\/04\/21\/justice-macky-gracie-586-condamnes\/"]}]},{"@type":"BreadcrumbList","@id":"https:\/\/www.nettali.com\/2023\/04\/21\/justice-macky-gracie-586-condamnes\/#breadcrumb","itemListElement":[{"@type":"ListItem","position":1,"name":"Accueil","item":"https:\/\/www.nettali.com\/"},{"@type":"ListItem","position":2,"name":"JUSTICE - Macky gracie 586 condamn\u00e9s"}]},{"@type":"Person","@id":"https:\/\/www.nettali.com\/#\/schema\/person\/3317e0bb3aa1da309fbf7b2780901bf4","name":"Daouda","image":{"@type":"ImageObject","@id":"https:\/\/www.nettali.com\/#personlogo","inLanguage":"fr-FR","url":"https:\/\/secure.gravatar.com\/avatar\/8d143b5a49345098ddcfee1c49c2f47c?s=96&d=mm&r=g","contentUrl":"https:\/\/secure.gravatar.com\/avatar\/8d143b5a49345098ddcfee1c49c2f47c?s=96&d=mm&r=g","caption":"Daouda"},"sameAs":["https:\/\/www.nettali.com"]}]}},"_links":{"self":[{"href":"https:\/\/www.nettali.com\/rest\/wp\/v2\/posts\/108475"}],"collection":[{"href":"https:\/\/www.nettali.com\/rest\/wp\/v2\/posts"}],"about":[{"href":"https:\/\/www.nettali.com\/rest\/wp\/v2\/types\/post"}],"author":[{"embeddable":true,"href":"https:\/\/www.nettali.com\/rest\/wp\/v2\/users\/4"}],"replies":[{"embeddable":true,"href":"https:\/\/www.nettali.com\/rest\/wp\/v2\/comments?post=108475"}],"version-history":[{"count":1,"href":"https:\/\/www.nettali.com\/rest\/wp\/v2\/posts\/108475\/revisions"}],"predecessor-version":[{"id":108476,"href":"https:\/\/www.nettali.com\/rest\/wp\/v2\/posts\/108475\/revisions\/108476"}],"wp:featuredmedia":[{"embeddable":true,"href":"https:\/\/www.nettali.com\/rest\/wp\/v2\/media\/49774"}],"wp:attachment":[{"href":"https:\/\/www.nettali.com\/rest\/wp\/v2\/media?parent=108475"}],"wp:term":[{"taxonomy":"category","embeddable":true,"href":"https:\/\/www.nettali.com\/rest\/wp\/v2\/categories?post=108475"},{"taxonomy":"post_tag","embeddable":true,"href":"https:\/\/www.nettali.com\/rest\/wp\/v2\/tags?post=108475"}],"curies":[{"name":"wp","href":"https:\/\/api.w.org\/{rel}","templated":true}]}}