{"id":108422,"date":"2023-04-20T11:27:40","date_gmt":"2023-04-20T11:27:40","guid":{"rendered":"https:\/\/www.nettali.com\/?p=108422"},"modified":"2023-04-20T11:27:40","modified_gmt":"2023-04-20T11:27:40","slug":"en-coulisses-le-cojer-vire-idrissa-seck","status":"publish","type":"post","link":"https:\/\/www.nettali.com\/2023\/04\/20\/en-coulisses-le-cojer-vire-idrissa-seck\/","title":{"rendered":"EN COULISSES - Le Cojer vire Idrissa Seck"},"content":{"rendered":"<p><strong>NETTALI.COM -<\/strong> Pour rester sur le Cojer, soulignons qu'il se sent concern\u00e9 par la candidature d'Idrissa Seck et la disqualification de celle de Macky Sall. Les jeunes du parti au pouvoir estiment en effet qu'Idrissa Seck a viol\u00e9 la charte de la coalition Bby et ne doit plus rester \u00e0 la t\u00eate d\u2019une aussi grande institution qu\u2019est le Cese.<\/p>\n<p>\u00ab <em>On va se prononcer sur cette question ult\u00e9rieurement, parce qu\u2019il \u00e9tait question de faire le bilan sur les r\u00e9alisations du pr\u00e9sident Macky Sall<\/em>\u00bb dira Moussa Sow. pr\u00e9sent ce week-end dans son fief \u00e0 Labgar pour une activit\u00e9 sociale.<\/p>\n<p>Ce dernier qui a ainsi paraphras\u00e9 le politologue Babacar Justin Ndiaye ajoutera : \u00abu<em>n r\u00e9gime, on le d\u00e9fend avec ardeur ou on fait ses valises avec grandeur<\/em>\u00bb, Moussa Sow a aussi lanc\u00e9 un appel pour qu\u2019au sein de la majorit\u00e9 pr\u00e9sidentielle \u00ab l<em>es alli\u00e9s et les responsables ap\u00e9ristes se d\u00e9terminent et d\u00e9fendent le r\u00e9gime<\/em>\u00bb.<\/p>\n<p>R\u00e9affirmant leur soutien \u00e0 la candidature de Macky, les jeunes de la Cojer estiment : \u00abn<em>otre seul et unique candidat \u00e0 la pr\u00e9sidentielle de 2024 est<\/em><br \/>\n<em>Macky Sall ; que chaque responsable prenne ses responsabilit\u00e9s<\/em>\u00bb.<\/p>\n<div class='share-to-whatsapp-wrapper'><div class='share-on-whsp'>PARTAGER SUR : <\/div><a data-text='EN COULISSES - Le Cojer vire Idrissa Seck' data-link='https:\/\/www.nettali.com\/2023\/04\/20\/en-coulisses-le-cojer-vire-idrissa-seck\/' class='whatsapp-button whatsapp-share'>WhatsApp<\/a><div class='clear '><\/div><\/div>","protected":false},"excerpt":{"rendered":"<p>NETTALI.COM - Pour rester sur le Cojer, soulignons qu'il se sent concern\u00e9 par la candidature d'Idrissa Seck et la disqualification de celle de Macky Sall. Les jeunes du parti au pouvoir estiment en effet qu'Idrissa Seck a viol\u00e9 la charte de la coalition Bby et ne doit plus rester \u00e0 la t\u00eate d\u2019une aussi grande [&hellip;]<\/p>\n","protected":false},"author":2,"featured_media":108184,"comment_status":"open","ping_status":"open","sticky":false,"template":"","format":"standard","meta":{"_et_pb_use_builder":"","_et_pb_old_content":""},"categories":[34945],"tags":[],"yoast_head":"<!-- This site is optimized with the Yoast SEO Premium plugin v17.8 (Yoast SEO v17.8) - https:\/\/yoast.com\/wordpress\/plugins\/seo\/ -->\n<title>EN COULISSES - Le Cojer vire Idrissa Seck | Nettali.com<\/title>\n<meta name=\"robots\" content=\"index, follow, max-snippet:-1, max-image-preview:large, max-video-preview:-1\" \/>\n<link rel=\"canonical\" href=\"https:\/\/www.nettali.com\/2023\/04\/20\/en-coulisses-le-cojer-vire-idrissa-seck\/\" \/>\n<meta property=\"og:locale\" content=\"fr_FR\" \/>\n<meta property=\"og:type\" content=\"article\" \/>\n<meta property=\"og:title\" content=\"EN COULISSES - Le Cojer vire Idrissa Seck\" \/>\n<meta property=\"og:description\" content=\"NETTALI.COM - Pour rester sur le Cojer, soulignons qu&#039;il se sent concern\u00e9 par la candidature d&#039;Idrissa Seck et la disqualification de celle de Macky Sall. Les jeunes du parti au pouvoir estiment en effet qu&#039;Idrissa Seck a viol\u00e9 la charte de la coalition Bby et ne doit plus rester \u00e0 la t\u00eate d\u2019une aussi grande [&hellip;]\" \/>\n<meta property=\"og:url\" content=\"https:\/\/www.nettali.com\/2023\/04\/20\/en-coulisses-le-cojer-vire-idrissa-seck\/\" \/>\n<meta property=\"og:site_name\" content=\"Nettali.com\" \/>\n<meta property=\"article:publisher\" content=\"https:\/\/www.facebook.com\/nettalicom\" \/>\n<meta property=\"article:published_time\" content=\"2023-04-20T11:27:40+00:00\" \/>\n<meta property=\"og:image\" content=\"https:\/\/www.nettali.com\/wp-content\/uploads\/2023\/04\/62875231-45457219.jpg\" \/>\n\t<meta property=\"og:image:width\" content=\"600\" \/>\n\t<meta property=\"og:image:height\" content=\"400\" \/>\n<meta name=\"twitter:card\" content=\"summary_large_image\" \/>\n<meta name=\"twitter:label1\" content=\"\u00c9crit par\" \/>\n\t<meta name=\"twitter:data1\" content=\"CK\" \/>\n\t<meta name=\"twitter:label2\" content=\"Dur\u00e9e de lecture estim\u00e9e\" \/>\n\t<meta name=\"twitter:data2\" content=\"1 minute\" \/>\n<script type=\"application\/ld+json\" class=\"yoast-schema-graph\">{\"@context\":\"https:\/\/schema.org\",\"@graph\":[{\"@type\":\"WebSite\",\"@id\":\"https:\/\/www.nettali.com\/#website\",\"url\":\"https:\/\/www.nettali.com\/\",\"name\":\"Nettali.com\",\"description\":\"Le rendez-vous critique du Net\",\"potentialAction\":[{\"@type\":\"SearchAction\",\"target\":{\"@type\":\"EntryPoint\",\"urlTemplate\":\"https:\/\/www.nettali.com\/?s={search_term_string}\"},\"query-input\":\"required name=search_term_string\"}],\"inLanguage\":\"fr-FR\"},{\"@type\":\"ImageObject\",\"@id\":\"https:\/\/www.nettali.com\/2023\/04\/20\/en-coulisses-le-cojer-vire-idrissa-seck\/#primaryimage\",\"inLanguage\":\"fr-FR\",\"url\":\"https:\/\/www.nettali.com\/wp-content\/uploads\/2023\/04\/62875231-45457219.jpg\",\"contentUrl\":\"https:\/\/www.nettali.com\/wp-content\/uploads\/2023\/04\/62875231-45457219.jpg\",\"width\":600,\"height\":400},{\"@type\":\"WebPage\",\"@id\":\"https:\/\/www.nettali.com\/2023\/04\/20\/en-coulisses-le-cojer-vire-idrissa-seck\/#webpage\",\"url\":\"https:\/\/www.nettali.com\/2023\/04\/20\/en-coulisses-le-cojer-vire-idrissa-seck\/\",\"name\":\"EN COULISSES - Le Cojer vire Idrissa Seck | Nettali.com\",\"isPartOf\":{\"@id\":\"https:\/\/www.nettali.com\/#website\"},\"primaryImageOfPage\":{\"@id\":\"https:\/\/www.nettali.com\/2023\/04\/20\/en-coulisses-le-cojer-vire-idrissa-seck\/#primaryimage\"},\"datePublished\":\"2023-04-20T11:27:40+00:00\",\"dateModified\":\"2023-04-20T11:27:40+00:00\",\"author\":{\"@id\":\"https:\/\/www.nettali.com\/#\/schema\/person\/d8ac7b7e27ddad43f1c0d2ef090d7f71\"},\"breadcrumb\":{\"@id\":\"https:\/\/www.nettali.com\/2023\/04\/20\/en-coulisses-le-cojer-vire-idrissa-seck\/#breadcrumb\"},\"inLanguage\":\"fr-FR\",\"potentialAction\":[{\"@type\":\"ReadAction\",\"target\":[\"https:\/\/www.nettali.com\/2023\/04\/20\/en-coulisses-le-cojer-vire-idrissa-seck\/\"]}]},{\"@type\":\"BreadcrumbList\",\"@id\":\"https:\/\/www.nettali.com\/2023\/04\/20\/en-coulisses-le-cojer-vire-idrissa-seck\/#breadcrumb\",\"itemListElement\":[{\"@type\":\"ListItem\",\"position\":1,\"name\":\"Accueil\",\"item\":\"https:\/\/www.nettali.com\/\"},{\"@type\":\"ListItem\",\"position\":2,\"name\":\"EN COULISSES - Le Cojer vire Idrissa Seck\"}]},{\"@type\":\"Person\",\"@id\":\"https:\/\/www.nettali.com\/#\/schema\/person\/d8ac7b7e27ddad43f1c0d2ef090d7f71\",\"name\":\"CK\",\"image\":{\"@type\":\"ImageObject\",\"@id\":\"https:\/\/www.nettali.com\/#personlogo\",\"inLanguage\":\"fr-FR\",\"url\":\"https:\/\/secure.gravatar.com\/avatar\/1d8d5118b9327d94da7cd4ce7f17fec2?s=96&d=mm&r=g\",\"contentUrl\":\"https:\/\/secure.gravatar.com\/avatar\/1d8d5118b9327d94da7cd4ce7f17fec2?s=96&d=mm&r=g\",\"caption\":\"CK\"},\"sameAs\":[\"https:\/\/www.nettali.com\"]}]}<\/script>\n<!-- \/ Yoast SEO Premium plugin. -->","yoast_head_json":{"title":"EN COULISSES - Le Cojer vire Idrissa Seck | Nettali.com","robots":{"index":"index","follow":"follow","max-snippet":"max-snippet:-1","max-image-preview":"max-image-preview:large","max-video-preview":"max-video-preview:-1"},"canonical":"https:\/\/www.nettali.com\/2023\/04\/20\/en-coulisses-le-cojer-vire-idrissa-seck\/","og_locale":"fr_FR","og_type":"article","og_title":"EN COULISSES - Le Cojer vire Idrissa Seck","og_description":"NETTALI.COM - Pour rester sur le Cojer, soulignons qu'il se sent concern\u00e9 par la candidature d'Idrissa Seck et la disqualification de celle de Macky Sall. Les jeunes du parti au pouvoir estiment en effet qu'Idrissa Seck a viol\u00e9 la charte de la coalition Bby et ne doit plus rester \u00e0 la t\u00eate d\u2019une aussi grande [&hellip;]","og_url":"https:\/\/www.nettali.com\/2023\/04\/20\/en-coulisses-le-cojer-vire-idrissa-seck\/","og_site_name":"Nettali.com","article_publisher":"https:\/\/www.facebook.com\/nettalicom","article_published_time":"2023-04-20T11:27:40+00:00","og_image":[{"width":600,"height":400,"url":"https:\/\/www.nettali.com\/wp-content\/uploads\/2023\/04\/62875231-45457219.jpg","type":"image\/jpeg"}],"twitter_card":"summary_large_image","twitter_misc":{"\u00c9crit par":"CK","Dur\u00e9e de lecture estim\u00e9e":"1 minute"},"schema":{"@context":"https:\/\/schema.org","@graph":[{"@type":"WebSite","@id":"https:\/\/www.nettali.com\/#website","url":"https:\/\/www.nettali.com\/","name":"Nettali.com","description":"Le rendez-vous critique du Net","potentialAction":[{"@type":"SearchAction","target":{"@type":"EntryPoint","urlTemplate":"https:\/\/www.nettali.com\/?s={search_term_string}"},"query-input":"required name=search_term_string"}],"inLanguage":"fr-FR"},{"@type":"ImageObject","@id":"https:\/\/www.nettali.com\/2023\/04\/20\/en-coulisses-le-cojer-vire-idrissa-seck\/#primaryimage","inLanguage":"fr-FR","url":"https:\/\/www.nettali.com\/wp-content\/uploads\/2023\/04\/62875231-45457219.jpg","contentUrl":"https:\/\/www.nettali.com\/wp-content\/uploads\/2023\/04\/62875231-45457219.jpg","width":600,"height":400},{"@type":"WebPage","@id":"https:\/\/www.nettali.com\/2023\/04\/20\/en-coulisses-le-cojer-vire-idrissa-seck\/#webpage","url":"https:\/\/www.nettali.com\/2023\/04\/20\/en-coulisses-le-cojer-vire-idrissa-seck\/","name":"EN COULISSES - Le Cojer vire Idrissa Seck | Nettali.com","isPartOf":{"@id":"https:\/\/www.nettali.com\/#website"},"primaryImageOfPage":{"@id":"https:\/\/www.nettali.com\/2023\/04\/20\/en-coulisses-le-cojer-vire-idrissa-seck\/#primaryimage"},"datePublished":"2023-04-20T11:27:40+00:00","dateModified":"2023-04-20T11:27:40+00:00","author":{"@id":"https:\/\/www.nettali.com\/#\/schema\/person\/d8ac7b7e27ddad43f1c0d2ef090d7f71"},"breadcrumb":{"@id":"https:\/\/www.nettali.com\/2023\/04\/20\/en-coulisses-le-cojer-vire-idrissa-seck\/#breadcrumb"},"inLanguage":"fr-FR","potentialAction":[{"@type":"ReadAction","target":["https:\/\/www.nettali.com\/2023\/04\/20\/en-coulisses-le-cojer-vire-idrissa-seck\/"]}]},{"@type":"BreadcrumbList","@id":"https:\/\/www.nettali.com\/2023\/04\/20\/en-coulisses-le-cojer-vire-idrissa-seck\/#breadcrumb","itemListElement":[{"@type":"ListItem","position":1,"name":"Accueil","item":"https:\/\/www.nettali.com\/"},{"@type":"ListItem","position":2,"name":"EN COULISSES - Le Cojer vire Idrissa Seck"}]},{"@type":"Person","@id":"https:\/\/www.nettali.com\/#\/schema\/person\/d8ac7b7e27ddad43f1c0d2ef090d7f71","name":"CK","image":{"@type":"ImageObject","@id":"https:\/\/www.nettali.com\/#personlogo","inLanguage":"fr-FR","url":"https:\/\/secure.gravatar.com\/avatar\/1d8d5118b9327d94da7cd4ce7f17fec2?s=96&d=mm&r=g","contentUrl":"https:\/\/secure.gravatar.com\/avatar\/1d8d5118b9327d94da7cd4ce7f17fec2?s=96&d=mm&r=g","caption":"CK"},"sameAs":["https:\/\/www.nettali.com"]}]}},"_links":{"self":[{"href":"https:\/\/www.nettali.com\/rest\/wp\/v2\/posts\/108422"}],"collection":[{"href":"https:\/\/www.nettali.com\/rest\/wp\/v2\/posts"}],"about":[{"href":"https:\/\/www.nettali.com\/rest\/wp\/v2\/types\/post"}],"author":[{"embeddable":true,"href":"https:\/\/www.nettali.com\/rest\/wp\/v2\/users\/2"}],"replies":[{"embeddable":true,"href":"https:\/\/www.nettali.com\/rest\/wp\/v2\/comments?post=108422"}],"version-history":[{"count":1,"href":"https:\/\/www.nettali.com\/rest\/wp\/v2\/posts\/108422\/revisions"}],"predecessor-version":[{"id":108424,"href":"https:\/\/www.nettali.com\/rest\/wp\/v2\/posts\/108422\/revisions\/108424"}],"wp:featuredmedia":[{"embeddable":true,"href":"https:\/\/www.nettali.com\/rest\/wp\/v2\/media\/108184"}],"wp:attachment":[{"href":"https:\/\/www.nettali.com\/rest\/wp\/v2\/media?parent=108422"}],"wp:term":[{"taxonomy":"category","embeddable":true,"href":"https:\/\/www.nettali.com\/rest\/wp\/v2\/categories?post=108422"},{"taxonomy":"post_tag","embeddable":true,"href":"https:\/\/www.nettali.com\/rest\/wp\/v2\/tags?post=108422"}],"curies":[{"name":"wp","href":"https:\/\/api.w.org\/{rel}","templated":true}]}}