{"id":108418,"date":"2023-04-20T10:30:46","date_gmt":"2023-04-20T10:30:46","guid":{"rendered":"https:\/\/www.nettali.com\/?p=108418"},"modified":"2023-04-20T10:30:46","modified_gmt":"2023-04-20T10:30:46","slug":"presidentielle-de-2024-pape-diop-prend-son-baton-de-pelerin","status":"publish","type":"post","link":"https:\/\/www.nettali.com\/2023\/04\/20\/presidentielle-de-2024-pape-diop-prend-son-baton-de-pelerin\/","title":{"rendered":"PRESIDENTIELLE DE 2024 \u2013 Pape Diop prend son b\u00e2ton de p\u00e8lerin"},"content":{"rendered":"<p><b>NETTALI.COM - Le patron de \u00abBokk Gis Gis\u00bb compte prendre la balle au rebond apr\u00e8s le message \u00e0 la Nation du 3 avril dernier au cours duquel le Pr\u00e9sident Macky Sall a annonc\u00e9 sa volont\u00e9 de renouer le fil du dialogue avec l\u2019opposition. Pape Diop propose sa m\u00e9diation pour pacifier le Landerneau politique.<\/b><\/p>\n<p><em>\u00abJ\u2019entends mettre \u00e0 profit mes bonnes relations avec l\u2019ensemble des acteurs politiques pour aider \u00e0 enclencher \u00e0 nouveau la dynamique de concertation qui a longtemps pr\u00e9valu entre la majorit\u00e9 et l\u2019opposition\u00bb<\/em>, a d\u00e9clar\u00e9 le pr\u00e9sident de Bokk Gis Gis dans une note transmise \u00e0 la presse.<\/p>\n<p>Pape Diop justifie sa proposition par la <em>\u00abtension politique (qui) prend des proportions de plus en plus inqui\u00e9tantes alors que le S\u00e9n\u00e9gal va vers un scrutin pr\u00e9sidentiel qui charrie beaucoup de passions\u00bb<\/em>.<br \/>\nL\u2019ancien pr\u00e9sident de l\u2019Assembl\u00e9e nationale reste optimiste quant \u00e0 l\u2019esprit de d\u00e9passement des acteurs politiques.<\/p>\n<p><em>\u00abJ\u2019ai bon espoir qu\u2019en nous appuyant sur les ressorts qui nous ont toujours permis de traverser les p\u00e9riodes les plus difficiles sans grand dommage pour le pays, nous arriverons \u00e0 pr\u00e9server l\u2019essentiel. \u00c0 savoir la coh\u00e9sion sociale qui a toujours \u00e9t\u00e9 une exception s\u00e9n\u00e9galaise\u00bb<\/em>, dit-il.<\/p>\n<p>&nbsp;<\/p>\n<div class='share-to-whatsapp-wrapper'><div class='share-on-whsp'>PARTAGER SUR : <\/div><a data-text='PRESIDENTIELLE DE 2024 \u2013 Pape Diop prend son b\u00e2ton de p\u00e8lerin' data-link='https:\/\/www.nettali.com\/2023\/04\/20\/presidentielle-de-2024-pape-diop-prend-son-baton-de-pelerin\/' class='whatsapp-button whatsapp-share'>WhatsApp<\/a><div class='clear '><\/div><\/div>","protected":false},"excerpt":{"rendered":"<p>NETTALI.COM - Le patron de \u00abBokk Gis Gis\u00bb compte prendre la balle au rebond apr\u00e8s le message \u00e0 la Nation du 3 avril dernier au cours duquel le Pr\u00e9sident Macky Sall a annonc\u00e9 sa volont\u00e9 de renouer le fil du dialogue avec l\u2019opposition. Pape Diop propose sa m\u00e9diation pour pacifier le Landerneau politique. \u00abJ\u2019entends mettre [&hellip;]<\/p>\n","protected":false},"author":4,"featured_media":72539,"comment_status":"open","ping_status":"open","sticky":false,"template":"","format":"standard","meta":{"_et_pb_use_builder":"","_et_pb_old_content":""},"categories":[2],"tags":[],"yoast_head":"<!-- This site is optimized with the Yoast SEO Premium plugin v17.8 (Yoast SEO v17.8) - https:\/\/yoast.com\/wordpress\/plugins\/seo\/ -->\n<title>PRESIDENTIELLE DE 2024 \u2013 Pape Diop prend son b\u00e2ton de p\u00e8lerin | Nettali.com<\/title>\n<meta name=\"robots\" content=\"index, follow, max-snippet:-1, max-image-preview:large, max-video-preview:-1\" \/>\n<link rel=\"canonical\" href=\"https:\/\/www.nettali.com\/2023\/04\/20\/presidentielle-de-2024-pape-diop-prend-son-baton-de-pelerin\/\" \/>\n<meta property=\"og:locale\" content=\"fr_FR\" \/>\n<meta property=\"og:type\" content=\"article\" \/>\n<meta property=\"og:title\" content=\"PRESIDENTIELLE DE 2024 \u2013 Pape Diop prend son b\u00e2ton de p\u00e8lerin\" \/>\n<meta property=\"og:description\" content=\"NETTALI.COM - Le patron de \u00abBokk Gis Gis\u00bb compte prendre la balle au rebond apr\u00e8s le message \u00e0 la Nation du 3 avril dernier au cours duquel le Pr\u00e9sident Macky Sall a annonc\u00e9 sa volont\u00e9 de renouer le fil du dialogue avec l\u2019opposition. Pape Diop propose sa m\u00e9diation pour pacifier le Landerneau politique. \u00abJ\u2019entends mettre [&hellip;]\" \/>\n<meta property=\"og:url\" content=\"https:\/\/www.nettali.com\/2023\/04\/20\/presidentielle-de-2024-pape-diop-prend-son-baton-de-pelerin\/\" \/>\n<meta property=\"og:site_name\" content=\"Nettali.com\" \/>\n<meta property=\"article:publisher\" content=\"https:\/\/www.facebook.com\/nettalicom\" \/>\n<meta property=\"article:published_time\" content=\"2023-04-20T10:30:46+00:00\" \/>\n<meta property=\"og:image\" content=\"https:\/\/www.nettali.com\/wp-content\/uploads\/2021\/09\/pape-diop.jpg\" \/>\n\t<meta property=\"og:image:width\" content=\"700\" \/>\n\t<meta property=\"og:image:height\" content=\"467\" \/>\n<meta name=\"twitter:card\" content=\"summary_large_image\" \/>\n<meta name=\"twitter:label1\" content=\"\u00c9crit par\" \/>\n\t<meta name=\"twitter:data1\" content=\"Daouda\" \/>\n\t<meta name=\"twitter:label2\" content=\"Dur\u00e9e de lecture estim\u00e9e\" \/>\n\t<meta name=\"twitter:data2\" content=\"1 minute\" \/>\n<script type=\"application\/ld+json\" class=\"yoast-schema-graph\">{\"@context\":\"https:\/\/schema.org\",\"@graph\":[{\"@type\":\"WebSite\",\"@id\":\"https:\/\/www.nettali.com\/#website\",\"url\":\"https:\/\/www.nettali.com\/\",\"name\":\"Nettali.com\",\"description\":\"Le rendez-vous critique du Net\",\"potentialAction\":[{\"@type\":\"SearchAction\",\"target\":{\"@type\":\"EntryPoint\",\"urlTemplate\":\"https:\/\/www.nettali.com\/?s={search_term_string}\"},\"query-input\":\"required name=search_term_string\"}],\"inLanguage\":\"fr-FR\"},{\"@type\":\"ImageObject\",\"@id\":\"https:\/\/www.nettali.com\/2023\/04\/20\/presidentielle-de-2024-pape-diop-prend-son-baton-de-pelerin\/#primaryimage\",\"inLanguage\":\"fr-FR\",\"url\":\"https:\/\/www.nettali.com\/wp-content\/uploads\/2021\/09\/pape-diop.jpg\",\"contentUrl\":\"https:\/\/www.nettali.com\/wp-content\/uploads\/2021\/09\/pape-diop.jpg\",\"width\":700,\"height\":467},{\"@type\":\"WebPage\",\"@id\":\"https:\/\/www.nettali.com\/2023\/04\/20\/presidentielle-de-2024-pape-diop-prend-son-baton-de-pelerin\/#webpage\",\"url\":\"https:\/\/www.nettali.com\/2023\/04\/20\/presidentielle-de-2024-pape-diop-prend-son-baton-de-pelerin\/\",\"name\":\"PRESIDENTIELLE DE 2024 \\u2013 Pape Diop prend son b\\u00e2ton de p\\u00e8lerin | Nettali.com\",\"isPartOf\":{\"@id\":\"https:\/\/www.nettali.com\/#website\"},\"primaryImageOfPage\":{\"@id\":\"https:\/\/www.nettali.com\/2023\/04\/20\/presidentielle-de-2024-pape-diop-prend-son-baton-de-pelerin\/#primaryimage\"},\"datePublished\":\"2023-04-20T10:30:46+00:00\",\"dateModified\":\"2023-04-20T10:30:46+00:00\",\"author\":{\"@id\":\"https:\/\/www.nettali.com\/#\/schema\/person\/3317e0bb3aa1da309fbf7b2780901bf4\"},\"breadcrumb\":{\"@id\":\"https:\/\/www.nettali.com\/2023\/04\/20\/presidentielle-de-2024-pape-diop-prend-son-baton-de-pelerin\/#breadcrumb\"},\"inLanguage\":\"fr-FR\",\"potentialAction\":[{\"@type\":\"ReadAction\",\"target\":[\"https:\/\/www.nettali.com\/2023\/04\/20\/presidentielle-de-2024-pape-diop-prend-son-baton-de-pelerin\/\"]}]},{\"@type\":\"BreadcrumbList\",\"@id\":\"https:\/\/www.nettali.com\/2023\/04\/20\/presidentielle-de-2024-pape-diop-prend-son-baton-de-pelerin\/#breadcrumb\",\"itemListElement\":[{\"@type\":\"ListItem\",\"position\":1,\"name\":\"Accueil\",\"item\":\"https:\/\/www.nettali.com\/\"},{\"@type\":\"ListItem\",\"position\":2,\"name\":\"PRESIDENTIELLE DE 2024 \\u2013 Pape Diop prend son b\\u00e2ton de p\\u00e8lerin\"}]},{\"@type\":\"Person\",\"@id\":\"https:\/\/www.nettali.com\/#\/schema\/person\/3317e0bb3aa1da309fbf7b2780901bf4\",\"name\":\"Daouda\",\"image\":{\"@type\":\"ImageObject\",\"@id\":\"https:\/\/www.nettali.com\/#personlogo\",\"inLanguage\":\"fr-FR\",\"url\":\"https:\/\/secure.gravatar.com\/avatar\/8d143b5a49345098ddcfee1c49c2f47c?s=96&d=mm&r=g\",\"contentUrl\":\"https:\/\/secure.gravatar.com\/avatar\/8d143b5a49345098ddcfee1c49c2f47c?s=96&d=mm&r=g\",\"caption\":\"Daouda\"},\"sameAs\":[\"https:\/\/www.nettali.com\"]}]}<\/script>\n<!-- \/ Yoast SEO Premium plugin. -->","yoast_head_json":{"title":"PRESIDENTIELLE DE 2024 \u2013 Pape Diop prend son b\u00e2ton de p\u00e8lerin | Nettali.com","robots":{"index":"index","follow":"follow","max-snippet":"max-snippet:-1","max-image-preview":"max-image-preview:large","max-video-preview":"max-video-preview:-1"},"canonical":"https:\/\/www.nettali.com\/2023\/04\/20\/presidentielle-de-2024-pape-diop-prend-son-baton-de-pelerin\/","og_locale":"fr_FR","og_type":"article","og_title":"PRESIDENTIELLE DE 2024 \u2013 Pape Diop prend son b\u00e2ton de p\u00e8lerin","og_description":"NETTALI.COM - Le patron de \u00abBokk Gis Gis\u00bb compte prendre la balle au rebond apr\u00e8s le message \u00e0 la Nation du 3 avril dernier au cours duquel le Pr\u00e9sident Macky Sall a annonc\u00e9 sa volont\u00e9 de renouer le fil du dialogue avec l\u2019opposition. Pape Diop propose sa m\u00e9diation pour pacifier le Landerneau politique. \u00abJ\u2019entends mettre [&hellip;]","og_url":"https:\/\/www.nettali.com\/2023\/04\/20\/presidentielle-de-2024-pape-diop-prend-son-baton-de-pelerin\/","og_site_name":"Nettali.com","article_publisher":"https:\/\/www.facebook.com\/nettalicom","article_published_time":"2023-04-20T10:30:46+00:00","og_image":[{"width":700,"height":467,"url":"https:\/\/www.nettali.com\/wp-content\/uploads\/2021\/09\/pape-diop.jpg","type":"image\/jpeg"}],"twitter_card":"summary_large_image","twitter_misc":{"\u00c9crit par":"Daouda","Dur\u00e9e de lecture estim\u00e9e":"1 minute"},"schema":{"@context":"https:\/\/schema.org","@graph":[{"@type":"WebSite","@id":"https:\/\/www.nettali.com\/#website","url":"https:\/\/www.nettali.com\/","name":"Nettali.com","description":"Le rendez-vous critique du Net","potentialAction":[{"@type":"SearchAction","target":{"@type":"EntryPoint","urlTemplate":"https:\/\/www.nettali.com\/?s={search_term_string}"},"query-input":"required name=search_term_string"}],"inLanguage":"fr-FR"},{"@type":"ImageObject","@id":"https:\/\/www.nettali.com\/2023\/04\/20\/presidentielle-de-2024-pape-diop-prend-son-baton-de-pelerin\/#primaryimage","inLanguage":"fr-FR","url":"https:\/\/www.nettali.com\/wp-content\/uploads\/2021\/09\/pape-diop.jpg","contentUrl":"https:\/\/www.nettali.com\/wp-content\/uploads\/2021\/09\/pape-diop.jpg","width":700,"height":467},{"@type":"WebPage","@id":"https:\/\/www.nettali.com\/2023\/04\/20\/presidentielle-de-2024-pape-diop-prend-son-baton-de-pelerin\/#webpage","url":"https:\/\/www.nettali.com\/2023\/04\/20\/presidentielle-de-2024-pape-diop-prend-son-baton-de-pelerin\/","name":"PRESIDENTIELLE DE 2024 \u2013 Pape Diop prend son b\u00e2ton de p\u00e8lerin | Nettali.com","isPartOf":{"@id":"https:\/\/www.nettali.com\/#website"},"primaryImageOfPage":{"@id":"https:\/\/www.nettali.com\/2023\/04\/20\/presidentielle-de-2024-pape-diop-prend-son-baton-de-pelerin\/#primaryimage"},"datePublished":"2023-04-20T10:30:46+00:00","dateModified":"2023-04-20T10:30:46+00:00","author":{"@id":"https:\/\/www.nettali.com\/#\/schema\/person\/3317e0bb3aa1da309fbf7b2780901bf4"},"breadcrumb":{"@id":"https:\/\/www.nettali.com\/2023\/04\/20\/presidentielle-de-2024-pape-diop-prend-son-baton-de-pelerin\/#breadcrumb"},"inLanguage":"fr-FR","potentialAction":[{"@type":"ReadAction","target":["https:\/\/www.nettali.com\/2023\/04\/20\/presidentielle-de-2024-pape-diop-prend-son-baton-de-pelerin\/"]}]},{"@type":"BreadcrumbList","@id":"https:\/\/www.nettali.com\/2023\/04\/20\/presidentielle-de-2024-pape-diop-prend-son-baton-de-pelerin\/#breadcrumb","itemListElement":[{"@type":"ListItem","position":1,"name":"Accueil","item":"https:\/\/www.nettali.com\/"},{"@type":"ListItem","position":2,"name":"PRESIDENTIELLE DE 2024 \u2013 Pape Diop prend son b\u00e2ton de p\u00e8lerin"}]},{"@type":"Person","@id":"https:\/\/www.nettali.com\/#\/schema\/person\/3317e0bb3aa1da309fbf7b2780901bf4","name":"Daouda","image":{"@type":"ImageObject","@id":"https:\/\/www.nettali.com\/#personlogo","inLanguage":"fr-FR","url":"https:\/\/secure.gravatar.com\/avatar\/8d143b5a49345098ddcfee1c49c2f47c?s=96&d=mm&r=g","contentUrl":"https:\/\/secure.gravatar.com\/avatar\/8d143b5a49345098ddcfee1c49c2f47c?s=96&d=mm&r=g","caption":"Daouda"},"sameAs":["https:\/\/www.nettali.com"]}]}},"_links":{"self":[{"href":"https:\/\/www.nettali.com\/rest\/wp\/v2\/posts\/108418"}],"collection":[{"href":"https:\/\/www.nettali.com\/rest\/wp\/v2\/posts"}],"about":[{"href":"https:\/\/www.nettali.com\/rest\/wp\/v2\/types\/post"}],"author":[{"embeddable":true,"href":"https:\/\/www.nettali.com\/rest\/wp\/v2\/users\/4"}],"replies":[{"embeddable":true,"href":"https:\/\/www.nettali.com\/rest\/wp\/v2\/comments?post=108418"}],"version-history":[{"count":1,"href":"https:\/\/www.nettali.com\/rest\/wp\/v2\/posts\/108418\/revisions"}],"predecessor-version":[{"id":108419,"href":"https:\/\/www.nettali.com\/rest\/wp\/v2\/posts\/108418\/revisions\/108419"}],"wp:featuredmedia":[{"embeddable":true,"href":"https:\/\/www.nettali.com\/rest\/wp\/v2\/media\/72539"}],"wp:attachment":[{"href":"https:\/\/www.nettali.com\/rest\/wp\/v2\/media?parent=108418"}],"wp:term":[{"taxonomy":"category","embeddable":true,"href":"https:\/\/www.nettali.com\/rest\/wp\/v2\/categories?post=108418"},{"taxonomy":"post_tag","embeddable":true,"href":"https:\/\/www.nettali.com\/rest\/wp\/v2\/tags?post=108418"}],"curies":[{"name":"wp","href":"https:\/\/api.w.org\/{rel}","templated":true}]}}