{"id":108380,"date":"2023-04-19T13:12:32","date_gmt":"2023-04-19T13:12:32","guid":{"rendered":"https:\/\/www.nettali.com\/?p=108380"},"modified":"2023-04-19T16:43:53","modified_gmt":"2023-04-19T16:43:53","slug":"arrete-le-16-mars-le-cas-de-leleve-de-daouda-sall-inquiete-linspecteur-dacademie-de-dakar","status":"publish","type":"post","link":"https:\/\/www.nettali.com\/2023\/04\/19\/arrete-le-16-mars-le-cas-de-leleve-de-daouda-sall-inquiete-linspecteur-dacademie-de-dakar\/","title":{"rendered":"ARRETE LE 16 MARS  - Le cas de l'\u00e9l\u00e8ve de Daouda Sall inqui\u00e8te l\u2019inspecteur d\u2019acad\u00e9mie de Dakar"},"content":{"rendered":"<p><strong>NETTALI.COM - L'arrestation de l'\u00e9l\u00e8ve\u00a0 Daouda Sall lors des manifestations intervenues le 16 mars 2023 apr\u00e8s le proc\u00e8s de Ousmane Sonko pr\u00e9occupe l<\/strong><strong>\u2019inspecteur d\u2019acad\u00e9mie de Dakar. Celui-ci demande sa lib\u00e9ration.<\/strong><\/p>\n<p>\u00c9l\u00e8ve en classe de 4<sup>e<\/sup> secondaire au Cem de l\u2019Unit\u00e9 19 des Parcelles assainies de Dakar, Daouda Sall croupit en prison depuis plus d\u2019un mois maintenant. Il a \u00e9t\u00e9 arr\u00eat\u00e9 lors des manifestations du 16 mars 2023 cons\u00e9cutives au proc\u00e8s pour diffamation opposant le ministre du Tourisme Mame Mbaye Niang et au maire de Ziguinchor Ousmane Sonko qui devait se tenir ce jour-l\u00e0 et qui a \u00e9t\u00e9 finalement renvoy\u00e9.<\/p>\n<p>Ce s\u00e9jour carc\u00e9ral pr\u00e9occupe l\u2019inspecteur d\u2019acad\u00e9mie de Dakar. Il esp\u00e8re que l'\u00e9l\u00e8ve sera lib\u00e9r\u00e9 dans les plus brefs d\u00e9lais avec les d\u00e9marches initi\u00e9es par les responsables du minist\u00e8re de l\u2019\u00e9ducation nationale. \u00ab <em>Au d\u00e9part, ils \u00e9taient cinq \u00e0 \u00eatre dans les liens de la d\u00e9tention. Aujourd\u2019hui, il reste le cas de cet \u00e9l\u00e8ve de l\u2019unit\u00e9 19 dont le dossier est en tr\u00e8s bonne voie. Je pense qu\u2019avec l\u2019aide des autorit\u00e9s, on va tourner la page. Je sais qu\u2019il y a effectivement des proc\u00e9dures que je ne ma\u00eetrise pas mais, naturellement, c\u2019est ce qui doit \u00eatre fait pour que la proc\u00e9dure aboutisse<\/em> \u00bb, a d\u00e9clar\u00e9 l\u2019inspecteur d\u2019acad\u00e9mie de Dakar sur la Rfm.<\/p>\n<p>Il r\u00e9v\u00e8le par ailleurs que l\u2019autre \u00e9l\u00e8ve bless\u00e9 \u00e0 l\u2019\u0153il droit lors d\u2019une manifestation organis\u00e9e lundi dernier par le collectif des gouvernements scolaires de Dakar se porte bien. Il est bien pris en charge selon l\u2019inspecteur d\u2019acad\u00e9mie de Dakar. \u00ab <em>C\u2019est un \u00e9l\u00e8ve en classe de premi\u00e8re au lyc\u00e9e Blaise Diagne. C\u2019est vrai que c\u2019est un \u00e9v\u00e8nement extr\u00eamement malheureux mais je dois dire qu\u2019aujourd\u2019hui, il est dans d\u2019excellentes conditions de prise au niveau du service d\u2019ophtalmologie o\u00f9 on s\u2019est rendu pour avoir un entretien avec le chef de service qui nous a quand m\u00eame rassur\u00e9 pour avoir pris en charge, pour avoir respect\u00e9 tout ce qu\u2019il y a comme protocole m\u00e9dical<\/em> \u00bb, renseigne-t-il.<\/p>\n<p>A la question de savoir s\u2019il ne va pas perdre son \u0153il, il r\u00e9torque avec pr\u00e9cision : \u00ab<em> je ne saurais le dire parce que je ne suis pas un expert dans le domaine mais, ce que je peux dire c\u2019est qu\u2019il est entre de bonnes mains<\/em> \u00bb.<\/p>\n<div class='share-to-whatsapp-wrapper'><div class='share-on-whsp'>PARTAGER SUR : <\/div><a data-text='ARRETE LE 16 MARS  - Le cas de l'\u00e9l\u00e8ve de Daouda Sall inqui\u00e8te l\u2019inspecteur d\u2019acad\u00e9mie de Dakar' data-link='https:\/\/www.nettali.com\/2023\/04\/19\/arrete-le-16-mars-le-cas-de-leleve-de-daouda-sall-inquiete-linspecteur-dacademie-de-dakar\/' class='whatsapp-button whatsapp-share'>WhatsApp<\/a><div class='clear '><\/div><\/div>","protected":false},"excerpt":{"rendered":"<p>NETTALI.COM - L'arrestation de l'\u00e9l\u00e8ve\u00a0 Daouda Sall lors des manifestations intervenues le 16 mars 2023 apr\u00e8s le proc\u00e8s de Ousmane Sonko pr\u00e9occupe l\u2019inspecteur d\u2019acad\u00e9mie de Dakar. Celui-ci demande sa lib\u00e9ration. \u00c9l\u00e8ve en classe de 4e secondaire au Cem de l\u2019Unit\u00e9 19 des Parcelles assainies de Dakar, Daouda Sall croupit en prison depuis plus d\u2019un mois [&hellip;]<\/p>\n","protected":false},"author":6,"featured_media":88286,"comment_status":"open","ping_status":"open","sticky":false,"template":"","format":"standard","meta":{"_et_pb_use_builder":"","_et_pb_old_content":""},"categories":[3],"tags":[],"yoast_head":"<!-- This site is optimized with the Yoast SEO Premium plugin v17.8 (Yoast SEO v17.8) - https:\/\/yoast.com\/wordpress\/plugins\/seo\/ -->\n<title>ARRETE LE 16 MARS - Le cas de l&#039;\u00e9l\u00e8ve de Daouda Sall inqui\u00e8te l\u2019inspecteur d\u2019acad\u00e9mie de Dakar | Nettali.com<\/title>\n<meta name=\"robots\" content=\"index, follow, max-snippet:-1, max-image-preview:large, max-video-preview:-1\" \/>\n<link rel=\"canonical\" href=\"https:\/\/www.nettali.com\/2023\/04\/19\/arrete-le-16-mars-le-cas-de-leleve-de-daouda-sall-inquiete-linspecteur-dacademie-de-dakar\/\" \/>\n<meta property=\"og:locale\" content=\"fr_FR\" \/>\n<meta property=\"og:type\" content=\"article\" \/>\n<meta property=\"og:title\" content=\"ARRETE LE 16 MARS - Le cas de l&#039;\u00e9l\u00e8ve de Daouda Sall inqui\u00e8te l\u2019inspecteur d\u2019acad\u00e9mie de Dakar\" \/>\n<meta property=\"og:description\" content=\"NETTALI.COM - L&#039;arrestation de l&#039;\u00e9l\u00e8ve\u00a0 Daouda Sall lors des manifestations intervenues le 16 mars 2023 apr\u00e8s le proc\u00e8s de Ousmane Sonko pr\u00e9occupe l\u2019inspecteur d\u2019acad\u00e9mie de Dakar. Celui-ci demande sa lib\u00e9ration. \u00c9l\u00e8ve en classe de 4e secondaire au Cem de l\u2019Unit\u00e9 19 des Parcelles assainies de Dakar, Daouda Sall croupit en prison depuis plus d\u2019un mois [&hellip;]\" \/>\n<meta property=\"og:url\" content=\"https:\/\/www.nettali.com\/2023\/04\/19\/arrete-le-16-mars-le-cas-de-leleve-de-daouda-sall-inquiete-linspecteur-dacademie-de-dakar\/\" \/>\n<meta property=\"og:site_name\" content=\"Nettali.com\" \/>\n<meta property=\"article:publisher\" content=\"https:\/\/www.facebook.com\/nettalicom\" \/>\n<meta property=\"article:published_time\" content=\"2023-04-19T13:12:32+00:00\" \/>\n<meta property=\"article:modified_time\" content=\"2023-04-19T16:43:53+00:00\" \/>\n<meta property=\"og:image\" content=\"https:\/\/www.nettali.com\/wp-content\/uploads\/2022\/06\/768x492_de-violentes-manifestations-se-tiennent-en-ce-moment-a-dakar-au-senegal-photo-datee-du-5-mars-2021.jpeg\" \/>\n\t<meta property=\"og:image:width\" content=\"768\" \/>\n\t<meta property=\"og:image:height\" content=\"492\" \/>\n<meta name=\"twitter:card\" content=\"summary_large_image\" \/>\n<meta name=\"twitter:label1\" content=\"\u00c9crit par\" \/>\n\t<meta name=\"twitter:data1\" content=\"Fatou\" \/>\n\t<meta name=\"twitter:label2\" content=\"Dur\u00e9e de lecture estim\u00e9e\" \/>\n\t<meta name=\"twitter:data2\" content=\"2 minutes\" \/>\n<script type=\"application\/ld+json\" class=\"yoast-schema-graph\">{\"@context\":\"https:\/\/schema.org\",\"@graph\":[{\"@type\":\"WebSite\",\"@id\":\"https:\/\/www.nettali.com\/#website\",\"url\":\"https:\/\/www.nettali.com\/\",\"name\":\"Nettali.com\",\"description\":\"Le rendez-vous critique du Net\",\"potentialAction\":[{\"@type\":\"SearchAction\",\"target\":{\"@type\":\"EntryPoint\",\"urlTemplate\":\"https:\/\/www.nettali.com\/?s={search_term_string}\"},\"query-input\":\"required name=search_term_string\"}],\"inLanguage\":\"fr-FR\"},{\"@type\":\"ImageObject\",\"@id\":\"https:\/\/www.nettali.com\/2023\/04\/19\/arrete-le-16-mars-le-cas-de-leleve-de-daouda-sall-inquiete-linspecteur-dacademie-de-dakar\/#primaryimage\",\"inLanguage\":\"fr-FR\",\"url\":\"https:\/\/www.nettali.com\/wp-content\/uploads\/2022\/06\/768x492_de-violentes-manifestations-se-tiennent-en-ce-moment-a-dakar-au-senegal-photo-datee-du-5-mars-2021.jpeg\",\"contentUrl\":\"https:\/\/www.nettali.com\/wp-content\/uploads\/2022\/06\/768x492_de-violentes-manifestations-se-tiennent-en-ce-moment-a-dakar-au-senegal-photo-datee-du-5-mars-2021.jpeg\",\"width\":768,\"height\":492},{\"@type\":\"WebPage\",\"@id\":\"https:\/\/www.nettali.com\/2023\/04\/19\/arrete-le-16-mars-le-cas-de-leleve-de-daouda-sall-inquiete-linspecteur-dacademie-de-dakar\/#webpage\",\"url\":\"https:\/\/www.nettali.com\/2023\/04\/19\/arrete-le-16-mars-le-cas-de-leleve-de-daouda-sall-inquiete-linspecteur-dacademie-de-dakar\/\",\"name\":\"ARRETE LE 16 MARS - Le cas de l'\\u00e9l\\u00e8ve de Daouda Sall inqui\\u00e8te l\\u2019inspecteur d\\u2019acad\\u00e9mie de Dakar | Nettali.com\",\"isPartOf\":{\"@id\":\"https:\/\/www.nettali.com\/#website\"},\"primaryImageOfPage\":{\"@id\":\"https:\/\/www.nettali.com\/2023\/04\/19\/arrete-le-16-mars-le-cas-de-leleve-de-daouda-sall-inquiete-linspecteur-dacademie-de-dakar\/#primaryimage\"},\"datePublished\":\"2023-04-19T13:12:32+00:00\",\"dateModified\":\"2023-04-19T16:43:53+00:00\",\"author\":{\"@id\":\"https:\/\/www.nettali.com\/#\/schema\/person\/418274a86bdf87caff7a3ef476bd0bbf\"},\"breadcrumb\":{\"@id\":\"https:\/\/www.nettali.com\/2023\/04\/19\/arrete-le-16-mars-le-cas-de-leleve-de-daouda-sall-inquiete-linspecteur-dacademie-de-dakar\/#breadcrumb\"},\"inLanguage\":\"fr-FR\",\"potentialAction\":[{\"@type\":\"ReadAction\",\"target\":[\"https:\/\/www.nettali.com\/2023\/04\/19\/arrete-le-16-mars-le-cas-de-leleve-de-daouda-sall-inquiete-linspecteur-dacademie-de-dakar\/\"]}]},{\"@type\":\"BreadcrumbList\",\"@id\":\"https:\/\/www.nettali.com\/2023\/04\/19\/arrete-le-16-mars-le-cas-de-leleve-de-daouda-sall-inquiete-linspecteur-dacademie-de-dakar\/#breadcrumb\",\"itemListElement\":[{\"@type\":\"ListItem\",\"position\":1,\"name\":\"Accueil\",\"item\":\"https:\/\/www.nettali.com\/\"},{\"@type\":\"ListItem\",\"position\":2,\"name\":\"ARRETE LE 16 MARS - Le cas de l'\\u00e9l\\u00e8ve de Daouda Sall inqui\\u00e8te l\\u2019inspecteur d\\u2019acad\\u00e9mie de Dakar\"}]},{\"@type\":\"Person\",\"@id\":\"https:\/\/www.nettali.com\/#\/schema\/person\/418274a86bdf87caff7a3ef476bd0bbf\",\"name\":\"Fatou\",\"image\":{\"@type\":\"ImageObject\",\"@id\":\"https:\/\/www.nettali.com\/#personlogo\",\"inLanguage\":\"fr-FR\",\"url\":\"https:\/\/secure.gravatar.com\/avatar\/5a9442a2bee7b4dcf167cab035858e9a?s=96&d=mm&r=g\",\"contentUrl\":\"https:\/\/secure.gravatar.com\/avatar\/5a9442a2bee7b4dcf167cab035858e9a?s=96&d=mm&r=g\",\"caption\":\"Fatou\"},\"sameAs\":[\"https:\/\/www.nettali.com\"]}]}<\/script>\n<!-- \/ Yoast SEO Premium plugin. -->","yoast_head_json":{"title":"ARRETE LE 16 MARS - Le cas de l'\u00e9l\u00e8ve de Daouda Sall inqui\u00e8te l\u2019inspecteur d\u2019acad\u00e9mie de Dakar | Nettali.com","robots":{"index":"index","follow":"follow","max-snippet":"max-snippet:-1","max-image-preview":"max-image-preview:large","max-video-preview":"max-video-preview:-1"},"canonical":"https:\/\/www.nettali.com\/2023\/04\/19\/arrete-le-16-mars-le-cas-de-leleve-de-daouda-sall-inquiete-linspecteur-dacademie-de-dakar\/","og_locale":"fr_FR","og_type":"article","og_title":"ARRETE LE 16 MARS - Le cas de l'\u00e9l\u00e8ve de Daouda Sall inqui\u00e8te l\u2019inspecteur d\u2019acad\u00e9mie de Dakar","og_description":"NETTALI.COM - L'arrestation de l'\u00e9l\u00e8ve\u00a0 Daouda Sall lors des manifestations intervenues le 16 mars 2023 apr\u00e8s le proc\u00e8s de Ousmane Sonko pr\u00e9occupe l\u2019inspecteur d\u2019acad\u00e9mie de Dakar. Celui-ci demande sa lib\u00e9ration. \u00c9l\u00e8ve en classe de 4e secondaire au Cem de l\u2019Unit\u00e9 19 des Parcelles assainies de Dakar, Daouda Sall croupit en prison depuis plus d\u2019un mois [&hellip;]","og_url":"https:\/\/www.nettali.com\/2023\/04\/19\/arrete-le-16-mars-le-cas-de-leleve-de-daouda-sall-inquiete-linspecteur-dacademie-de-dakar\/","og_site_name":"Nettali.com","article_publisher":"https:\/\/www.facebook.com\/nettalicom","article_published_time":"2023-04-19T13:12:32+00:00","article_modified_time":"2023-04-19T16:43:53+00:00","og_image":[{"width":768,"height":492,"url":"https:\/\/www.nettali.com\/wp-content\/uploads\/2022\/06\/768x492_de-violentes-manifestations-se-tiennent-en-ce-moment-a-dakar-au-senegal-photo-datee-du-5-mars-2021.jpeg","type":"image\/jpeg"}],"twitter_card":"summary_large_image","twitter_misc":{"\u00c9crit par":"Fatou","Dur\u00e9e de lecture estim\u00e9e":"2 minutes"},"schema":{"@context":"https:\/\/schema.org","@graph":[{"@type":"WebSite","@id":"https:\/\/www.nettali.com\/#website","url":"https:\/\/www.nettali.com\/","name":"Nettali.com","description":"Le rendez-vous critique du Net","potentialAction":[{"@type":"SearchAction","target":{"@type":"EntryPoint","urlTemplate":"https:\/\/www.nettali.com\/?s={search_term_string}"},"query-input":"required name=search_term_string"}],"inLanguage":"fr-FR"},{"@type":"ImageObject","@id":"https:\/\/www.nettali.com\/2023\/04\/19\/arrete-le-16-mars-le-cas-de-leleve-de-daouda-sall-inquiete-linspecteur-dacademie-de-dakar\/#primaryimage","inLanguage":"fr-FR","url":"https:\/\/www.nettali.com\/wp-content\/uploads\/2022\/06\/768x492_de-violentes-manifestations-se-tiennent-en-ce-moment-a-dakar-au-senegal-photo-datee-du-5-mars-2021.jpeg","contentUrl":"https:\/\/www.nettali.com\/wp-content\/uploads\/2022\/06\/768x492_de-violentes-manifestations-se-tiennent-en-ce-moment-a-dakar-au-senegal-photo-datee-du-5-mars-2021.jpeg","width":768,"height":492},{"@type":"WebPage","@id":"https:\/\/www.nettali.com\/2023\/04\/19\/arrete-le-16-mars-le-cas-de-leleve-de-daouda-sall-inquiete-linspecteur-dacademie-de-dakar\/#webpage","url":"https:\/\/www.nettali.com\/2023\/04\/19\/arrete-le-16-mars-le-cas-de-leleve-de-daouda-sall-inquiete-linspecteur-dacademie-de-dakar\/","name":"ARRETE LE 16 MARS - Le cas de l'\u00e9l\u00e8ve de Daouda Sall inqui\u00e8te l\u2019inspecteur d\u2019acad\u00e9mie de Dakar | Nettali.com","isPartOf":{"@id":"https:\/\/www.nettali.com\/#website"},"primaryImageOfPage":{"@id":"https:\/\/www.nettali.com\/2023\/04\/19\/arrete-le-16-mars-le-cas-de-leleve-de-daouda-sall-inquiete-linspecteur-dacademie-de-dakar\/#primaryimage"},"datePublished":"2023-04-19T13:12:32+00:00","dateModified":"2023-04-19T16:43:53+00:00","author":{"@id":"https:\/\/www.nettali.com\/#\/schema\/person\/418274a86bdf87caff7a3ef476bd0bbf"},"breadcrumb":{"@id":"https:\/\/www.nettali.com\/2023\/04\/19\/arrete-le-16-mars-le-cas-de-leleve-de-daouda-sall-inquiete-linspecteur-dacademie-de-dakar\/#breadcrumb"},"inLanguage":"fr-FR","potentialAction":[{"@type":"ReadAction","target":["https:\/\/www.nettali.com\/2023\/04\/19\/arrete-le-16-mars-le-cas-de-leleve-de-daouda-sall-inquiete-linspecteur-dacademie-de-dakar\/"]}]},{"@type":"BreadcrumbList","@id":"https:\/\/www.nettali.com\/2023\/04\/19\/arrete-le-16-mars-le-cas-de-leleve-de-daouda-sall-inquiete-linspecteur-dacademie-de-dakar\/#breadcrumb","itemListElement":[{"@type":"ListItem","position":1,"name":"Accueil","item":"https:\/\/www.nettali.com\/"},{"@type":"ListItem","position":2,"name":"ARRETE LE 16 MARS - Le cas de l'\u00e9l\u00e8ve de Daouda Sall inqui\u00e8te l\u2019inspecteur d\u2019acad\u00e9mie de Dakar"}]},{"@type":"Person","@id":"https:\/\/www.nettali.com\/#\/schema\/person\/418274a86bdf87caff7a3ef476bd0bbf","name":"Fatou","image":{"@type":"ImageObject","@id":"https:\/\/www.nettali.com\/#personlogo","inLanguage":"fr-FR","url":"https:\/\/secure.gravatar.com\/avatar\/5a9442a2bee7b4dcf167cab035858e9a?s=96&d=mm&r=g","contentUrl":"https:\/\/secure.gravatar.com\/avatar\/5a9442a2bee7b4dcf167cab035858e9a?s=96&d=mm&r=g","caption":"Fatou"},"sameAs":["https:\/\/www.nettali.com"]}]}},"_links":{"self":[{"href":"https:\/\/www.nettali.com\/rest\/wp\/v2\/posts\/108380"}],"collection":[{"href":"https:\/\/www.nettali.com\/rest\/wp\/v2\/posts"}],"about":[{"href":"https:\/\/www.nettali.com\/rest\/wp\/v2\/types\/post"}],"author":[{"embeddable":true,"href":"https:\/\/www.nettali.com\/rest\/wp\/v2\/users\/6"}],"replies":[{"embeddable":true,"href":"https:\/\/www.nettali.com\/rest\/wp\/v2\/comments?post=108380"}],"version-history":[{"count":4,"href":"https:\/\/www.nettali.com\/rest\/wp\/v2\/posts\/108380\/revisions"}],"predecessor-version":[{"id":108390,"href":"https:\/\/www.nettali.com\/rest\/wp\/v2\/posts\/108380\/revisions\/108390"}],"wp:featuredmedia":[{"embeddable":true,"href":"https:\/\/www.nettali.com\/rest\/wp\/v2\/media\/88286"}],"wp:attachment":[{"href":"https:\/\/www.nettali.com\/rest\/wp\/v2\/media?parent=108380"}],"wp:term":[{"taxonomy":"category","embeddable":true,"href":"https:\/\/www.nettali.com\/rest\/wp\/v2\/categories?post=108380"},{"taxonomy":"post_tag","embeddable":true,"href":"https:\/\/www.nettali.com\/rest\/wp\/v2\/tags?post=108380"}],"curies":[{"name":"wp","href":"https:\/\/api.w.org\/{rel}","templated":true}]}}