{"id":108370,"date":"2023-04-19T11:30:12","date_gmt":"2023-04-19T11:30:12","guid":{"rendered":"https:\/\/www.nettali.com\/?p=108370"},"modified":"2023-04-19T11:30:12","modified_gmt":"2023-04-19T11:30:12","slug":"en-coulisses-ladieu-du-cemga-sortant","status":"publish","type":"post","link":"https:\/\/www.nettali.com\/2023\/04\/19\/en-coulisses-ladieu-du-cemga-sortant\/","title":{"rendered":"EN COULISSES - L'adieu du CEMGA sortant"},"content":{"rendered":"<p><strong>NETTALI.COM -<\/strong> Ce mardi 18 avril 2023, \u00e0 l'Etat-Major g\u00e9n\u00e9ral des Arm\u00e9es au camp Dial Diop, a eu lieu la c\u00e9r\u00e9monie de d\u00e9part du G\u00e9n\u00e9ral d'Arm\u00e9es Cheikh Wade \u00e0 la t\u00eate du commandement des arm\u00e9es s\u00e9n\u00e9galaise. C'\u00e9tait lors d'une c\u00e9r\u00e9monie o\u00f9 la solennit\u00e9 \u00e9tait de mise, en pr\u00e9sence du ministre des Forces arm\u00e9es Sidiki Kaba.<\/p>\n<p>\u00ab <em>je pars avec le sentiment du devoir pleinement accompli avec la grande fiert\u00e9 d\u2019avoir apport\u00e9 ma contribution \u00e0 la <\/em><em>construction continue de notre belle et prestigieuse arm\u00e9e dans le sillage de mes illustres pr\u00e9d\u00e9cesseurs et chers grands anciens. J\u2019ai pu mesurer \u00e0 sa juste valeur l\u2019engagement des hommes et des femmes qui m\u2019ont accompagn\u00e9 et soutenu tout au long de cette noble et exaltante mission parfois au p\u00e9ril de leur vie ou de leur int\u00e9grit\u00e9 physique. Je leur serais \u00e9ternellement reconnaissant. Je pars aussi rassur\u00e9 par l\u2019abn\u00e9gation et le professionnalisme dont font preuve les valeureux jambars d\u00e9ploy\u00e9s sur le territoire national ou en op\u00e9rations ext\u00e9rieures et qui perp\u00e9tuent dans l\u2019honneur et la discipline la belle r\u00e9putation de nos vaillantes forces arm\u00e9es<\/em> \u00bb, a \u00e9crit le g\u00e9n\u00e9ral Cheikh Wade dabs le livre d'or de l'Etat.<\/p>\n<p>Ce dernier a aussi souhait\u00e9 une pleine et totale r\u00e9ussite \u00e0 son successeur et tr\u00e8s cher jeune, le g\u00e9n\u00e9ral de corps d\u2019arm\u00e9e Mbaye Ciss\u00e9, pour le succ\u00e8s des arm\u00e9es du S\u00e9n\u00e9gal.<\/p>\n<p>Aux g\u00e9n\u00e9rations actuelles et futures, il leur a l\u00e9gu\u00e9 ce triptyque en guise de viatique permanent : \u00ab <em>anticipation ; adaptation et r\u00e9silience<\/em> \u00bb.<\/p>\n<p>Quittant les rangs, accompagn\u00e9 par la musique principale des Arm\u00e9es, sous le regard de ses anciens collaborateurs, le ban s\u2019est d\u00e9finitivement ferm\u00e9 pour le g\u00e9n\u00e9ral d\u2019arm\u00e9es Cheikh Wade.<\/p>\n<div class='share-to-whatsapp-wrapper'><div class='share-on-whsp'>PARTAGER SUR : <\/div><a data-text='EN COULISSES - L'adieu du CEMGA sortant' data-link='https:\/\/www.nettali.com\/2023\/04\/19\/en-coulisses-ladieu-du-cemga-sortant\/' class='whatsapp-button whatsapp-share'>WhatsApp<\/a><div class='clear '><\/div><\/div>","protected":false},"excerpt":{"rendered":"<p>NETTALI.COM - Ce mardi 18 avril 2023, \u00e0 l'Etat-Major g\u00e9n\u00e9ral des Arm\u00e9es au camp Dial Diop, a eu lieu la c\u00e9r\u00e9monie de d\u00e9part du G\u00e9n\u00e9ral d'Arm\u00e9es Cheikh Wade \u00e0 la t\u00eate du commandement des arm\u00e9es s\u00e9n\u00e9galaise. C'\u00e9tait lors d'une c\u00e9r\u00e9monie o\u00f9 la solennit\u00e9 \u00e9tait de mise, en pr\u00e9sence du ministre des Forces arm\u00e9es Sidiki Kaba. [&hellip;]<\/p>\n","protected":false},"author":2,"featured_media":108377,"comment_status":"open","ping_status":"open","sticky":false,"template":"","format":"standard","meta":{"_et_pb_use_builder":"","_et_pb_old_content":""},"categories":[34945],"tags":[],"yoast_head":"<!-- This site is optimized with the Yoast SEO Premium plugin v17.8 (Yoast SEO v17.8) - https:\/\/yoast.com\/wordpress\/plugins\/seo\/ -->\n<title>EN COULISSES - L&#039;adieu du CEMGA sortant | Nettali.com<\/title>\n<meta name=\"robots\" content=\"index, follow, max-snippet:-1, max-image-preview:large, max-video-preview:-1\" \/>\n<link rel=\"canonical\" href=\"https:\/\/www.nettali.com\/2023\/04\/19\/en-coulisses-ladieu-du-cemga-sortant\/\" \/>\n<meta property=\"og:locale\" content=\"fr_FR\" \/>\n<meta property=\"og:type\" content=\"article\" \/>\n<meta property=\"og:title\" content=\"EN COULISSES - L&#039;adieu du CEMGA sortant\" \/>\n<meta property=\"og:description\" content=\"NETTALI.COM - Ce mardi 18 avril 2023, \u00e0 l&#039;Etat-Major g\u00e9n\u00e9ral des Arm\u00e9es au camp Dial Diop, a eu lieu la c\u00e9r\u00e9monie de d\u00e9part du G\u00e9n\u00e9ral d&#039;Arm\u00e9es Cheikh Wade \u00e0 la t\u00eate du commandement des arm\u00e9es s\u00e9n\u00e9galaise. C&#039;\u00e9tait lors d&#039;une c\u00e9r\u00e9monie o\u00f9 la solennit\u00e9 \u00e9tait de mise, en pr\u00e9sence du ministre des Forces arm\u00e9es Sidiki Kaba. [&hellip;]\" \/>\n<meta property=\"og:url\" content=\"https:\/\/www.nettali.com\/2023\/04\/19\/en-coulisses-ladieu-du-cemga-sortant\/\" \/>\n<meta property=\"og:site_name\" content=\"Nettali.com\" \/>\n<meta property=\"article:publisher\" content=\"https:\/\/www.facebook.com\/nettalicom\" \/>\n<meta property=\"article:published_time\" content=\"2023-04-19T11:30:12+00:00\" \/>\n<meta property=\"og:image\" content=\"https:\/\/www.nettali.com\/wp-content\/uploads\/2023\/04\/telechargement-3.jpg\" \/>\n\t<meta property=\"og:image:width\" content=\"246\" \/>\n\t<meta property=\"og:image:height\" content=\"205\" \/>\n<meta name=\"twitter:card\" content=\"summary_large_image\" \/>\n<meta name=\"twitter:label1\" content=\"\u00c9crit par\" \/>\n\t<meta name=\"twitter:data1\" content=\"CK\" \/>\n\t<meta name=\"twitter:label2\" content=\"Dur\u00e9e de lecture estim\u00e9e\" \/>\n\t<meta name=\"twitter:data2\" content=\"2 minutes\" \/>\n<script type=\"application\/ld+json\" class=\"yoast-schema-graph\">{\"@context\":\"https:\/\/schema.org\",\"@graph\":[{\"@type\":\"WebSite\",\"@id\":\"https:\/\/www.nettali.com\/#website\",\"url\":\"https:\/\/www.nettali.com\/\",\"name\":\"Nettali.com\",\"description\":\"Le rendez-vous critique du Net\",\"potentialAction\":[{\"@type\":\"SearchAction\",\"target\":{\"@type\":\"EntryPoint\",\"urlTemplate\":\"https:\/\/www.nettali.com\/?s={search_term_string}\"},\"query-input\":\"required name=search_term_string\"}],\"inLanguage\":\"fr-FR\"},{\"@type\":\"ImageObject\",\"@id\":\"https:\/\/www.nettali.com\/2023\/04\/19\/en-coulisses-ladieu-du-cemga-sortant\/#primaryimage\",\"inLanguage\":\"fr-FR\",\"url\":\"https:\/\/www.nettali.com\/wp-content\/uploads\/2023\/04\/telechargement-3.jpg\",\"contentUrl\":\"https:\/\/www.nettali.com\/wp-content\/uploads\/2023\/04\/telechargement-3.jpg\",\"width\":246,\"height\":205},{\"@type\":\"WebPage\",\"@id\":\"https:\/\/www.nettali.com\/2023\/04\/19\/en-coulisses-ladieu-du-cemga-sortant\/#webpage\",\"url\":\"https:\/\/www.nettali.com\/2023\/04\/19\/en-coulisses-ladieu-du-cemga-sortant\/\",\"name\":\"EN COULISSES - L'adieu du CEMGA sortant | Nettali.com\",\"isPartOf\":{\"@id\":\"https:\/\/www.nettali.com\/#website\"},\"primaryImageOfPage\":{\"@id\":\"https:\/\/www.nettali.com\/2023\/04\/19\/en-coulisses-ladieu-du-cemga-sortant\/#primaryimage\"},\"datePublished\":\"2023-04-19T11:30:12+00:00\",\"dateModified\":\"2023-04-19T11:30:12+00:00\",\"author\":{\"@id\":\"https:\/\/www.nettali.com\/#\/schema\/person\/d8ac7b7e27ddad43f1c0d2ef090d7f71\"},\"breadcrumb\":{\"@id\":\"https:\/\/www.nettali.com\/2023\/04\/19\/en-coulisses-ladieu-du-cemga-sortant\/#breadcrumb\"},\"inLanguage\":\"fr-FR\",\"potentialAction\":[{\"@type\":\"ReadAction\",\"target\":[\"https:\/\/www.nettali.com\/2023\/04\/19\/en-coulisses-ladieu-du-cemga-sortant\/\"]}]},{\"@type\":\"BreadcrumbList\",\"@id\":\"https:\/\/www.nettali.com\/2023\/04\/19\/en-coulisses-ladieu-du-cemga-sortant\/#breadcrumb\",\"itemListElement\":[{\"@type\":\"ListItem\",\"position\":1,\"name\":\"Accueil\",\"item\":\"https:\/\/www.nettali.com\/\"},{\"@type\":\"ListItem\",\"position\":2,\"name\":\"EN COULISSES - L'adieu du CEMGA sortant\"}]},{\"@type\":\"Person\",\"@id\":\"https:\/\/www.nettali.com\/#\/schema\/person\/d8ac7b7e27ddad43f1c0d2ef090d7f71\",\"name\":\"CK\",\"image\":{\"@type\":\"ImageObject\",\"@id\":\"https:\/\/www.nettali.com\/#personlogo\",\"inLanguage\":\"fr-FR\",\"url\":\"https:\/\/secure.gravatar.com\/avatar\/1d8d5118b9327d94da7cd4ce7f17fec2?s=96&d=mm&r=g\",\"contentUrl\":\"https:\/\/secure.gravatar.com\/avatar\/1d8d5118b9327d94da7cd4ce7f17fec2?s=96&d=mm&r=g\",\"caption\":\"CK\"},\"sameAs\":[\"https:\/\/www.nettali.com\"]}]}<\/script>\n<!-- \/ Yoast SEO Premium plugin. -->","yoast_head_json":{"title":"EN COULISSES - L'adieu du CEMGA sortant | Nettali.com","robots":{"index":"index","follow":"follow","max-snippet":"max-snippet:-1","max-image-preview":"max-image-preview:large","max-video-preview":"max-video-preview:-1"},"canonical":"https:\/\/www.nettali.com\/2023\/04\/19\/en-coulisses-ladieu-du-cemga-sortant\/","og_locale":"fr_FR","og_type":"article","og_title":"EN COULISSES - L'adieu du CEMGA sortant","og_description":"NETTALI.COM - Ce mardi 18 avril 2023, \u00e0 l'Etat-Major g\u00e9n\u00e9ral des Arm\u00e9es au camp Dial Diop, a eu lieu la c\u00e9r\u00e9monie de d\u00e9part du G\u00e9n\u00e9ral d'Arm\u00e9es Cheikh Wade \u00e0 la t\u00eate du commandement des arm\u00e9es s\u00e9n\u00e9galaise. C'\u00e9tait lors d'une c\u00e9r\u00e9monie o\u00f9 la solennit\u00e9 \u00e9tait de mise, en pr\u00e9sence du ministre des Forces arm\u00e9es Sidiki Kaba. [&hellip;]","og_url":"https:\/\/www.nettali.com\/2023\/04\/19\/en-coulisses-ladieu-du-cemga-sortant\/","og_site_name":"Nettali.com","article_publisher":"https:\/\/www.facebook.com\/nettalicom","article_published_time":"2023-04-19T11:30:12+00:00","og_image":[{"width":246,"height":205,"url":"https:\/\/www.nettali.com\/wp-content\/uploads\/2023\/04\/telechargement-3.jpg","type":"image\/jpeg"}],"twitter_card":"summary_large_image","twitter_misc":{"\u00c9crit par":"CK","Dur\u00e9e de lecture estim\u00e9e":"2 minutes"},"schema":{"@context":"https:\/\/schema.org","@graph":[{"@type":"WebSite","@id":"https:\/\/www.nettali.com\/#website","url":"https:\/\/www.nettali.com\/","name":"Nettali.com","description":"Le rendez-vous critique du Net","potentialAction":[{"@type":"SearchAction","target":{"@type":"EntryPoint","urlTemplate":"https:\/\/www.nettali.com\/?s={search_term_string}"},"query-input":"required name=search_term_string"}],"inLanguage":"fr-FR"},{"@type":"ImageObject","@id":"https:\/\/www.nettali.com\/2023\/04\/19\/en-coulisses-ladieu-du-cemga-sortant\/#primaryimage","inLanguage":"fr-FR","url":"https:\/\/www.nettali.com\/wp-content\/uploads\/2023\/04\/telechargement-3.jpg","contentUrl":"https:\/\/www.nettali.com\/wp-content\/uploads\/2023\/04\/telechargement-3.jpg","width":246,"height":205},{"@type":"WebPage","@id":"https:\/\/www.nettali.com\/2023\/04\/19\/en-coulisses-ladieu-du-cemga-sortant\/#webpage","url":"https:\/\/www.nettali.com\/2023\/04\/19\/en-coulisses-ladieu-du-cemga-sortant\/","name":"EN COULISSES - L'adieu du CEMGA sortant | Nettali.com","isPartOf":{"@id":"https:\/\/www.nettali.com\/#website"},"primaryImageOfPage":{"@id":"https:\/\/www.nettali.com\/2023\/04\/19\/en-coulisses-ladieu-du-cemga-sortant\/#primaryimage"},"datePublished":"2023-04-19T11:30:12+00:00","dateModified":"2023-04-19T11:30:12+00:00","author":{"@id":"https:\/\/www.nettali.com\/#\/schema\/person\/d8ac7b7e27ddad43f1c0d2ef090d7f71"},"breadcrumb":{"@id":"https:\/\/www.nettali.com\/2023\/04\/19\/en-coulisses-ladieu-du-cemga-sortant\/#breadcrumb"},"inLanguage":"fr-FR","potentialAction":[{"@type":"ReadAction","target":["https:\/\/www.nettali.com\/2023\/04\/19\/en-coulisses-ladieu-du-cemga-sortant\/"]}]},{"@type":"BreadcrumbList","@id":"https:\/\/www.nettali.com\/2023\/04\/19\/en-coulisses-ladieu-du-cemga-sortant\/#breadcrumb","itemListElement":[{"@type":"ListItem","position":1,"name":"Accueil","item":"https:\/\/www.nettali.com\/"},{"@type":"ListItem","position":2,"name":"EN COULISSES - L'adieu du CEMGA sortant"}]},{"@type":"Person","@id":"https:\/\/www.nettali.com\/#\/schema\/person\/d8ac7b7e27ddad43f1c0d2ef090d7f71","name":"CK","image":{"@type":"ImageObject","@id":"https:\/\/www.nettali.com\/#personlogo","inLanguage":"fr-FR","url":"https:\/\/secure.gravatar.com\/avatar\/1d8d5118b9327d94da7cd4ce7f17fec2?s=96&d=mm&r=g","contentUrl":"https:\/\/secure.gravatar.com\/avatar\/1d8d5118b9327d94da7cd4ce7f17fec2?s=96&d=mm&r=g","caption":"CK"},"sameAs":["https:\/\/www.nettali.com"]}]}},"_links":{"self":[{"href":"https:\/\/www.nettali.com\/rest\/wp\/v2\/posts\/108370"}],"collection":[{"href":"https:\/\/www.nettali.com\/rest\/wp\/v2\/posts"}],"about":[{"href":"https:\/\/www.nettali.com\/rest\/wp\/v2\/types\/post"}],"author":[{"embeddable":true,"href":"https:\/\/www.nettali.com\/rest\/wp\/v2\/users\/2"}],"replies":[{"embeddable":true,"href":"https:\/\/www.nettali.com\/rest\/wp\/v2\/comments?post=108370"}],"version-history":[{"count":1,"href":"https:\/\/www.nettali.com\/rest\/wp\/v2\/posts\/108370\/revisions"}],"predecessor-version":[{"id":108371,"href":"https:\/\/www.nettali.com\/rest\/wp\/v2\/posts\/108370\/revisions\/108371"}],"wp:featuredmedia":[{"embeddable":true,"href":"https:\/\/www.nettali.com\/rest\/wp\/v2\/media\/108377"}],"wp:attachment":[{"href":"https:\/\/www.nettali.com\/rest\/wp\/v2\/media?parent=108370"}],"wp:term":[{"taxonomy":"category","embeddable":true,"href":"https:\/\/www.nettali.com\/rest\/wp\/v2\/categories?post=108370"},{"taxonomy":"post_tag","embeddable":true,"href":"https:\/\/www.nettali.com\/rest\/wp\/v2\/tags?post=108370"}],"curies":[{"name":"wp","href":"https:\/\/api.w.org\/{rel}","templated":true}]}}