{"id":108345,"date":"2023-04-19T11:40:23","date_gmt":"2023-04-19T11:40:23","guid":{"rendered":"https:\/\/www.nettali.com\/?p=108345"},"modified":"2023-04-19T11:40:23","modified_gmt":"2023-04-19T11:40:23","slug":"en-coulisses-drole-de-liste","status":"publish","type":"post","link":"https:\/\/www.nettali.com\/2023\/04\/19\/en-coulisses-drole-de-liste\/","title":{"rendered":"EN COULISSES - Dr\u00f4le de liste !"},"content":{"rendered":"<p><strong>NETTALI.COM -<\/strong> Les jours d'Idrissa Seck, sont-ils compt\u00e9s \u00e0 la t\u00eate du Conseil \u00e9conomique, social et environnemental (Cese) ? Seul Macky Sall qui l'y a nomm\u00e9, peut le dire. Mais certainement pas ce papier, cens\u00e9 nous \u00e9tablir une liste de ses potentiels rempla\u00e7ants.<\/p>\n<p>La m\u00e9t\u00e9o politique a en tout cas de beaux jours devant elle au S\u00e9n\u00e9gal. D\u00e9j\u00e0 ce mardi 18 avril, une certaine presse qui pr\u00e9voit le d\u00e9part du pr\u00e9sident du Cese, a fait d\u00e9filer une liste de potentiels successeurs, aux allures bien dithyrambiques dans certains cas et de d\u00e9nigrement dans d'autres. Et ce qui fait justement douter de sa cr\u00e9dibilit\u00e9.<\/p>\n<p>Dans cette dite liste, on trouve en effet Pape Diop, Boun Abdallah Dione, Mouhamadou Makhtar Ciss\u00e9 et Abdoulaye Daouda Diallo. Et l'article en question, ne rien de\u00a0 bien pr\u00e9cis et factuel si ce n'est de faire des commentaires \u00e9logieux \u00e0 l'endroit de certains et n\u00e9gatifs sur d'autres avec des informations pour le moins erron\u00e9es.<\/p>\n<p>Mais ce que l'on peut toutefois retenir, est que cette liste n contient que de personnes avec tous, de bons CV, question de lui donner un semblant de cr\u00e9dibilit\u00e9.<\/p>\n<p>Abdoulaye Daouda Diallo par exemple l'actuel Directeur de cabinet, qui y figure, a \u00e9t\u00e9 ministre de l'int\u00e9rieur, ministre du transport et du d\u00e9senclavement et \u00e9galement ministre du budget.<\/p>\n<p>Pape Diop lui, a \u00e9t\u00e9 maire de Dakar, pr\u00e9sident de l'assembl\u00e9e nationale et pr\u00e9sident du S\u00e9nat.<\/p>\n<p>Mouhamadou Makhtar Ciss\u00e9, a lui \u00e9t\u00e9 DG de la Douane, ministre d\u00e9l\u00e9gu\u00e9 charg\u00e9 du budget, Directeur de Cabinet du Pr\u00e9sident de la R\u00e9publique, puis DG de la Senelec, o\u00f9 il a remis la soci\u00e9t\u00e9 sur les rails, avant d'\u00eatre parachut\u00e9 au minist\u00e8re du P\u00e9trole et des Energies.<\/p>\n<p>Quant \u00e0 Boun Abdallah Dione, il a \u00e9t\u00e9 deux fois 1er ministre sous Macky Sall, avant d'atterrir \u00e0 la fonction de ministre d'\u00c9tat, secr\u00e9taire g\u00e9n\u00e9ral de la Pr\u00e9sidence de la R\u00e9publique.<\/p>\n<p>Mais malgr\u00e9 cette liste, Idrissa Seck est toujours en place.<\/p>\n<p>La question \u00e0 se poser d\u00e8s lors, est de savoir si tous ces hommes \u00e0 la carri\u00e8re bien remplie, s'aventureront \u00e0 occuper un fauteuil, si d\u00e9part d'Idrissa Seck, il y a, d'un machin jug\u00e9 aussi inutile que le Cese\u00a0 ?<\/p>\n<p>&nbsp;<\/p>\n<div class='share-to-whatsapp-wrapper'><div class='share-on-whsp'>PARTAGER SUR : <\/div><a data-text='EN COULISSES - Dr\u00f4le de liste !' data-link='https:\/\/www.nettali.com\/2023\/04\/19\/en-coulisses-drole-de-liste\/' class='whatsapp-button whatsapp-share'>WhatsApp<\/a><div class='clear '><\/div><\/div>","protected":false},"excerpt":{"rendered":"<p>NETTALI.COM - Les jours d'Idrissa Seck, sont-ils compt\u00e9s \u00e0 la t\u00eate du Conseil \u00e9conomique, social et environnemental (Cese) ? Seul Macky Sall qui l'y a nomm\u00e9, peut le dire. Mais certainement pas ce papier, cens\u00e9 nous \u00e9tablir une liste de ses potentiels rempla\u00e7ants. La m\u00e9t\u00e9o politique a en tout cas de beaux jours devant elle [&hellip;]<\/p>\n","protected":false},"author":2,"featured_media":108184,"comment_status":"open","ping_status":"open","sticky":false,"template":"","format":"standard","meta":{"_et_pb_use_builder":"","_et_pb_old_content":""},"categories":[34945],"tags":[],"yoast_head":"<!-- This site is optimized with the Yoast SEO Premium plugin v17.8 (Yoast SEO v17.8) - https:\/\/yoast.com\/wordpress\/plugins\/seo\/ -->\n<title>EN COULISSES - Dr\u00f4le de liste ! | Nettali.com<\/title>\n<meta name=\"robots\" content=\"index, follow, max-snippet:-1, max-image-preview:large, max-video-preview:-1\" \/>\n<link rel=\"canonical\" href=\"https:\/\/www.nettali.com\/2023\/04\/19\/en-coulisses-drole-de-liste\/\" \/>\n<meta property=\"og:locale\" content=\"fr_FR\" \/>\n<meta property=\"og:type\" content=\"article\" \/>\n<meta property=\"og:title\" content=\"EN COULISSES - Dr\u00f4le de liste !\" \/>\n<meta property=\"og:description\" content=\"NETTALI.COM - Les jours d&#039;Idrissa Seck, sont-ils compt\u00e9s \u00e0 la t\u00eate du Conseil \u00e9conomique, social et environnemental (Cese) ? Seul Macky Sall qui l&#039;y a nomm\u00e9, peut le dire. Mais certainement pas ce papier, cens\u00e9 nous \u00e9tablir une liste de ses potentiels rempla\u00e7ants. La m\u00e9t\u00e9o politique a en tout cas de beaux jours devant elle [&hellip;]\" \/>\n<meta property=\"og:url\" content=\"https:\/\/www.nettali.com\/2023\/04\/19\/en-coulisses-drole-de-liste\/\" \/>\n<meta property=\"og:site_name\" content=\"Nettali.com\" \/>\n<meta property=\"article:publisher\" content=\"https:\/\/www.facebook.com\/nettalicom\" \/>\n<meta property=\"article:published_time\" content=\"2023-04-19T11:40:23+00:00\" \/>\n<meta property=\"og:image\" content=\"https:\/\/www.nettali.com\/wp-content\/uploads\/2023\/04\/62875231-45457219.jpg\" \/>\n\t<meta property=\"og:image:width\" content=\"600\" \/>\n\t<meta property=\"og:image:height\" content=\"400\" \/>\n<meta name=\"twitter:card\" content=\"summary_large_image\" \/>\n<meta name=\"twitter:label1\" content=\"\u00c9crit par\" \/>\n\t<meta name=\"twitter:data1\" content=\"CK\" \/>\n\t<meta name=\"twitter:label2\" content=\"Dur\u00e9e de lecture estim\u00e9e\" \/>\n\t<meta name=\"twitter:data2\" content=\"2 minutes\" \/>\n<script type=\"application\/ld+json\" class=\"yoast-schema-graph\">{\"@context\":\"https:\/\/schema.org\",\"@graph\":[{\"@type\":\"WebSite\",\"@id\":\"https:\/\/www.nettali.com\/#website\",\"url\":\"https:\/\/www.nettali.com\/\",\"name\":\"Nettali.com\",\"description\":\"Le rendez-vous critique du Net\",\"potentialAction\":[{\"@type\":\"SearchAction\",\"target\":{\"@type\":\"EntryPoint\",\"urlTemplate\":\"https:\/\/www.nettali.com\/?s={search_term_string}\"},\"query-input\":\"required name=search_term_string\"}],\"inLanguage\":\"fr-FR\"},{\"@type\":\"ImageObject\",\"@id\":\"https:\/\/www.nettali.com\/2023\/04\/19\/en-coulisses-drole-de-liste\/#primaryimage\",\"inLanguage\":\"fr-FR\",\"url\":\"https:\/\/www.nettali.com\/wp-content\/uploads\/2023\/04\/62875231-45457219.jpg\",\"contentUrl\":\"https:\/\/www.nettali.com\/wp-content\/uploads\/2023\/04\/62875231-45457219.jpg\",\"width\":600,\"height\":400},{\"@type\":\"WebPage\",\"@id\":\"https:\/\/www.nettali.com\/2023\/04\/19\/en-coulisses-drole-de-liste\/#webpage\",\"url\":\"https:\/\/www.nettali.com\/2023\/04\/19\/en-coulisses-drole-de-liste\/\",\"name\":\"EN COULISSES - Dr\\u00f4le de liste ! | Nettali.com\",\"isPartOf\":{\"@id\":\"https:\/\/www.nettali.com\/#website\"},\"primaryImageOfPage\":{\"@id\":\"https:\/\/www.nettali.com\/2023\/04\/19\/en-coulisses-drole-de-liste\/#primaryimage\"},\"datePublished\":\"2023-04-19T11:40:23+00:00\",\"dateModified\":\"2023-04-19T11:40:23+00:00\",\"author\":{\"@id\":\"https:\/\/www.nettali.com\/#\/schema\/person\/d8ac7b7e27ddad43f1c0d2ef090d7f71\"},\"breadcrumb\":{\"@id\":\"https:\/\/www.nettali.com\/2023\/04\/19\/en-coulisses-drole-de-liste\/#breadcrumb\"},\"inLanguage\":\"fr-FR\",\"potentialAction\":[{\"@type\":\"ReadAction\",\"target\":[\"https:\/\/www.nettali.com\/2023\/04\/19\/en-coulisses-drole-de-liste\/\"]}]},{\"@type\":\"BreadcrumbList\",\"@id\":\"https:\/\/www.nettali.com\/2023\/04\/19\/en-coulisses-drole-de-liste\/#breadcrumb\",\"itemListElement\":[{\"@type\":\"ListItem\",\"position\":1,\"name\":\"Accueil\",\"item\":\"https:\/\/www.nettali.com\/\"},{\"@type\":\"ListItem\",\"position\":2,\"name\":\"EN COULISSES - Dr\\u00f4le de liste !\"}]},{\"@type\":\"Person\",\"@id\":\"https:\/\/www.nettali.com\/#\/schema\/person\/d8ac7b7e27ddad43f1c0d2ef090d7f71\",\"name\":\"CK\",\"image\":{\"@type\":\"ImageObject\",\"@id\":\"https:\/\/www.nettali.com\/#personlogo\",\"inLanguage\":\"fr-FR\",\"url\":\"https:\/\/secure.gravatar.com\/avatar\/1d8d5118b9327d94da7cd4ce7f17fec2?s=96&d=mm&r=g\",\"contentUrl\":\"https:\/\/secure.gravatar.com\/avatar\/1d8d5118b9327d94da7cd4ce7f17fec2?s=96&d=mm&r=g\",\"caption\":\"CK\"},\"sameAs\":[\"https:\/\/www.nettali.com\"]}]}<\/script>\n<!-- \/ Yoast SEO Premium plugin. -->","yoast_head_json":{"title":"EN COULISSES - Dr\u00f4le de liste ! | Nettali.com","robots":{"index":"index","follow":"follow","max-snippet":"max-snippet:-1","max-image-preview":"max-image-preview:large","max-video-preview":"max-video-preview:-1"},"canonical":"https:\/\/www.nettali.com\/2023\/04\/19\/en-coulisses-drole-de-liste\/","og_locale":"fr_FR","og_type":"article","og_title":"EN COULISSES - Dr\u00f4le de liste !","og_description":"NETTALI.COM - Les jours d'Idrissa Seck, sont-ils compt\u00e9s \u00e0 la t\u00eate du Conseil \u00e9conomique, social et environnemental (Cese) ? Seul Macky Sall qui l'y a nomm\u00e9, peut le dire. Mais certainement pas ce papier, cens\u00e9 nous \u00e9tablir une liste de ses potentiels rempla\u00e7ants. La m\u00e9t\u00e9o politique a en tout cas de beaux jours devant elle [&hellip;]","og_url":"https:\/\/www.nettali.com\/2023\/04\/19\/en-coulisses-drole-de-liste\/","og_site_name":"Nettali.com","article_publisher":"https:\/\/www.facebook.com\/nettalicom","article_published_time":"2023-04-19T11:40:23+00:00","og_image":[{"width":600,"height":400,"url":"https:\/\/www.nettali.com\/wp-content\/uploads\/2023\/04\/62875231-45457219.jpg","type":"image\/jpeg"}],"twitter_card":"summary_large_image","twitter_misc":{"\u00c9crit par":"CK","Dur\u00e9e de lecture estim\u00e9e":"2 minutes"},"schema":{"@context":"https:\/\/schema.org","@graph":[{"@type":"WebSite","@id":"https:\/\/www.nettali.com\/#website","url":"https:\/\/www.nettali.com\/","name":"Nettali.com","description":"Le rendez-vous critique du Net","potentialAction":[{"@type":"SearchAction","target":{"@type":"EntryPoint","urlTemplate":"https:\/\/www.nettali.com\/?s={search_term_string}"},"query-input":"required name=search_term_string"}],"inLanguage":"fr-FR"},{"@type":"ImageObject","@id":"https:\/\/www.nettali.com\/2023\/04\/19\/en-coulisses-drole-de-liste\/#primaryimage","inLanguage":"fr-FR","url":"https:\/\/www.nettali.com\/wp-content\/uploads\/2023\/04\/62875231-45457219.jpg","contentUrl":"https:\/\/www.nettali.com\/wp-content\/uploads\/2023\/04\/62875231-45457219.jpg","width":600,"height":400},{"@type":"WebPage","@id":"https:\/\/www.nettali.com\/2023\/04\/19\/en-coulisses-drole-de-liste\/#webpage","url":"https:\/\/www.nettali.com\/2023\/04\/19\/en-coulisses-drole-de-liste\/","name":"EN COULISSES - Dr\u00f4le de liste ! | Nettali.com","isPartOf":{"@id":"https:\/\/www.nettali.com\/#website"},"primaryImageOfPage":{"@id":"https:\/\/www.nettali.com\/2023\/04\/19\/en-coulisses-drole-de-liste\/#primaryimage"},"datePublished":"2023-04-19T11:40:23+00:00","dateModified":"2023-04-19T11:40:23+00:00","author":{"@id":"https:\/\/www.nettali.com\/#\/schema\/person\/d8ac7b7e27ddad43f1c0d2ef090d7f71"},"breadcrumb":{"@id":"https:\/\/www.nettali.com\/2023\/04\/19\/en-coulisses-drole-de-liste\/#breadcrumb"},"inLanguage":"fr-FR","potentialAction":[{"@type":"ReadAction","target":["https:\/\/www.nettali.com\/2023\/04\/19\/en-coulisses-drole-de-liste\/"]}]},{"@type":"BreadcrumbList","@id":"https:\/\/www.nettali.com\/2023\/04\/19\/en-coulisses-drole-de-liste\/#breadcrumb","itemListElement":[{"@type":"ListItem","position":1,"name":"Accueil","item":"https:\/\/www.nettali.com\/"},{"@type":"ListItem","position":2,"name":"EN COULISSES - Dr\u00f4le de liste !"}]},{"@type":"Person","@id":"https:\/\/www.nettali.com\/#\/schema\/person\/d8ac7b7e27ddad43f1c0d2ef090d7f71","name":"CK","image":{"@type":"ImageObject","@id":"https:\/\/www.nettali.com\/#personlogo","inLanguage":"fr-FR","url":"https:\/\/secure.gravatar.com\/avatar\/1d8d5118b9327d94da7cd4ce7f17fec2?s=96&d=mm&r=g","contentUrl":"https:\/\/secure.gravatar.com\/avatar\/1d8d5118b9327d94da7cd4ce7f17fec2?s=96&d=mm&r=g","caption":"CK"},"sameAs":["https:\/\/www.nettali.com"]}]}},"_links":{"self":[{"href":"https:\/\/www.nettali.com\/rest\/wp\/v2\/posts\/108345"}],"collection":[{"href":"https:\/\/www.nettali.com\/rest\/wp\/v2\/posts"}],"about":[{"href":"https:\/\/www.nettali.com\/rest\/wp\/v2\/types\/post"}],"author":[{"embeddable":true,"href":"https:\/\/www.nettali.com\/rest\/wp\/v2\/users\/2"}],"replies":[{"embeddable":true,"href":"https:\/\/www.nettali.com\/rest\/wp\/v2\/comments?post=108345"}],"version-history":[{"count":5,"href":"https:\/\/www.nettali.com\/rest\/wp\/v2\/posts\/108345\/revisions"}],"predecessor-version":[{"id":108379,"href":"https:\/\/www.nettali.com\/rest\/wp\/v2\/posts\/108345\/revisions\/108379"}],"wp:featuredmedia":[{"embeddable":true,"href":"https:\/\/www.nettali.com\/rest\/wp\/v2\/media\/108184"}],"wp:attachment":[{"href":"https:\/\/www.nettali.com\/rest\/wp\/v2\/media?parent=108345"}],"wp:term":[{"taxonomy":"category","embeddable":true,"href":"https:\/\/www.nettali.com\/rest\/wp\/v2\/categories?post=108345"},{"taxonomy":"post_tag","embeddable":true,"href":"https:\/\/www.nettali.com\/rest\/wp\/v2\/tags?post=108345"}],"curies":[{"name":"wp","href":"https:\/\/api.w.org\/{rel}","templated":true}]}}