{"id":108293,"date":"2023-04-18T10:35:20","date_gmt":"2023-04-18T10:35:20","guid":{"rendered":"https:\/\/www.nettali.com\/?p=108293"},"modified":"2023-04-18T10:35:20","modified_gmt":"2023-04-18T10:35:20","slug":"deces-du-directeur-general-de-lurbanisme-et-de-larchitecture-oumar-sow-emporte-par-un-malaise","status":"publish","type":"post","link":"https:\/\/www.nettali.com\/2023\/04\/18\/deces-du-directeur-general-de-lurbanisme-et-de-larchitecture-oumar-sow-emporte-par-un-malaise\/","title":{"rendered":"DECES DU DIRECTEUR GENERAL DE L\u2019URBANISME ET DE L\u2019ARCHITECTURE - Oumar Sow emport\u00e9 par un malaise"},"content":{"rendered":"<p><strong>NETTALI.COM - Le minist\u00e8re de l\u2019Urbanisme, du logement et de l\u2019hygi\u00e8ne publique est en deuil. Le Directeur g\u00e9n\u00e9ral de l\u2019Urbanisme et de l\u2019architecture, Oumar Sow, est d\u00e9c\u00e9d\u00e9 dans la matin\u00e9e de ce lundi des suites d\u2019un malaise. <\/strong><\/p>\n<p>Son rappel \u00e0 Dieu a \u00e9t\u00e9 suivi par une vague de t\u00e9moignages, les uns plus \u00e9logieux que les autres. Son ministre de tutelle, Abdoulaye Seydou Sow, a rendu hommage \u00e0 un bon collaborateur.<\/p>\n<p><em>\u00abJe m'incline devant la m\u00e9moire d\u2019un homme d'une probit\u00e9 in\u00e9gal\u00e9e. Une personne p\u00e9trie de valeurs, guid\u00e9e par son amour du travail et anim\u00e9e d'une g\u00e9n\u00e9rosit\u00e9 exemplaire. Oumar \u00e9tait un collaborateur d\u00e9vou\u00e9 et tr\u00e8s comp\u00e9tent. Sa disparition est une immense perte pour le minist\u00e8re de l'Urbanisme et pour le S\u00e9n\u00e9gal.\u00bb<\/em><\/p>\n<p>G\u00e9ographe-urbaniste, Oumar Sow \u00e9tait \u00e9galement le propri\u00e9taire de la bergerie Khadim Rassoul. Fervent mouride, selon ses proches qui ont peint un homme bon, g\u00e9n\u00e9reux et altruiste, le d\u00e9funt tr\u00e8s li\u00e9 \u00e0 Serigne Mountakha, Khalife g\u00e9n\u00e9ral des Mourides, \u00e9tait un mod\u00e8le de discr\u00e9tion dans l\u2019Administration s\u00e9n\u00e9galaise.<\/p>\n<p>Malgr\u00e9 son r\u00f4le actif dans l\u2019assistance sociale envers les n\u00e9cessiteux, il faisait preuve d\u2019une modestie et d\u2019un anonymat exemplaires. La c\u00e9r\u00e9monie de lev\u00e9e du corps d\u2019Oumar Sow se tiendra demain \u00e0 09H \u00e0 l\u2019h\u00f4pital Principal de Dakar. Le cort\u00e8ge fun\u00e8bre va ensuite, se rendre \u00e0 Dioubel, o\u00f9 il sera inhum\u00e9.<\/p>\n<p>&nbsp;<\/p>\n<div class='share-to-whatsapp-wrapper'><div class='share-on-whsp'>PARTAGER SUR : <\/div><a data-text='DECES DU DIRECTEUR GENERAL DE L\u2019URBANISME ET DE L\u2019ARCHITECTURE - Oumar Sow emport\u00e9 par un malaise' data-link='https:\/\/www.nettali.com\/2023\/04\/18\/deces-du-directeur-general-de-lurbanisme-et-de-larchitecture-oumar-sow-emporte-par-un-malaise\/' class='whatsapp-button whatsapp-share'>WhatsApp<\/a><div class='clear '><\/div><\/div>","protected":false},"excerpt":{"rendered":"<p>NETTALI.COM - Le minist\u00e8re de l\u2019Urbanisme, du logement et de l\u2019hygi\u00e8ne publique est en deuil. Le Directeur g\u00e9n\u00e9ral de l\u2019Urbanisme et de l\u2019architecture, Oumar Sow, est d\u00e9c\u00e9d\u00e9 dans la matin\u00e9e de ce lundi des suites d\u2019un malaise. Son rappel \u00e0 Dieu a \u00e9t\u00e9 suivi par une vague de t\u00e9moignages, les uns plus \u00e9logieux que les [&hellip;]<\/p>\n","protected":false},"author":4,"featured_media":108294,"comment_status":"open","ping_status":"open","sticky":false,"template":"","format":"standard","meta":{"_et_pb_use_builder":"","_et_pb_old_content":""},"categories":[3],"tags":[],"yoast_head":"<!-- This site is optimized with the Yoast SEO Premium plugin v17.8 (Yoast SEO v17.8) - https:\/\/yoast.com\/wordpress\/plugins\/seo\/ -->\n<title>DECES DU DIRECTEUR GENERAL DE L\u2019URBANISME ET DE L\u2019ARCHITECTURE - Oumar Sow emport\u00e9 par un malaise | Nettali.com<\/title>\n<meta name=\"robots\" content=\"index, follow, max-snippet:-1, max-image-preview:large, max-video-preview:-1\" \/>\n<link rel=\"canonical\" href=\"https:\/\/www.nettali.com\/2023\/04\/18\/deces-du-directeur-general-de-lurbanisme-et-de-larchitecture-oumar-sow-emporte-par-un-malaise\/\" \/>\n<meta property=\"og:locale\" content=\"fr_FR\" \/>\n<meta property=\"og:type\" content=\"article\" \/>\n<meta property=\"og:title\" content=\"DECES DU DIRECTEUR GENERAL DE L\u2019URBANISME ET DE L\u2019ARCHITECTURE - Oumar Sow emport\u00e9 par un malaise\" \/>\n<meta property=\"og:description\" content=\"NETTALI.COM - Le minist\u00e8re de l\u2019Urbanisme, du logement et de l\u2019hygi\u00e8ne publique est en deuil. Le Directeur g\u00e9n\u00e9ral de l\u2019Urbanisme et de l\u2019architecture, Oumar Sow, est d\u00e9c\u00e9d\u00e9 dans la matin\u00e9e de ce lundi des suites d\u2019un malaise. Son rappel \u00e0 Dieu a \u00e9t\u00e9 suivi par une vague de t\u00e9moignages, les uns plus \u00e9logieux que les [&hellip;]\" \/>\n<meta property=\"og:url\" content=\"https:\/\/www.nettali.com\/2023\/04\/18\/deces-du-directeur-general-de-lurbanisme-et-de-larchitecture-oumar-sow-emporte-par-un-malaise\/\" \/>\n<meta property=\"og:site_name\" content=\"Nettali.com\" \/>\n<meta property=\"article:publisher\" content=\"https:\/\/www.facebook.com\/nettalicom\" \/>\n<meta property=\"article:published_time\" content=\"2023-04-18T10:35:20+00:00\" \/>\n<meta property=\"og:image\" content=\"https:\/\/www.nettali.com\/wp-content\/uploads\/2023\/04\/Oumar-Sow.png\" \/>\n\t<meta property=\"og:image:width\" content=\"612\" \/>\n\t<meta property=\"og:image:height\" content=\"298\" \/>\n<meta name=\"twitter:card\" content=\"summary_large_image\" \/>\n<meta name=\"twitter:label1\" content=\"\u00c9crit par\" \/>\n\t<meta name=\"twitter:data1\" content=\"Daouda\" \/>\n\t<meta name=\"twitter:label2\" content=\"Dur\u00e9e de lecture estim\u00e9e\" \/>\n\t<meta name=\"twitter:data2\" content=\"2 minutes\" \/>\n<script type=\"application\/ld+json\" class=\"yoast-schema-graph\">{\"@context\":\"https:\/\/schema.org\",\"@graph\":[{\"@type\":\"WebSite\",\"@id\":\"https:\/\/www.nettali.com\/#website\",\"url\":\"https:\/\/www.nettali.com\/\",\"name\":\"Nettali.com\",\"description\":\"Le rendez-vous critique du Net\",\"potentialAction\":[{\"@type\":\"SearchAction\",\"target\":{\"@type\":\"EntryPoint\",\"urlTemplate\":\"https:\/\/www.nettali.com\/?s={search_term_string}\"},\"query-input\":\"required name=search_term_string\"}],\"inLanguage\":\"fr-FR\"},{\"@type\":\"ImageObject\",\"@id\":\"https:\/\/www.nettali.com\/2023\/04\/18\/deces-du-directeur-general-de-lurbanisme-et-de-larchitecture-oumar-sow-emporte-par-un-malaise\/#primaryimage\",\"inLanguage\":\"fr-FR\",\"url\":\"https:\/\/www.nettali.com\/wp-content\/uploads\/2023\/04\/Oumar-Sow.png\",\"contentUrl\":\"https:\/\/www.nettali.com\/wp-content\/uploads\/2023\/04\/Oumar-Sow.png\",\"width\":612,\"height\":298},{\"@type\":\"WebPage\",\"@id\":\"https:\/\/www.nettali.com\/2023\/04\/18\/deces-du-directeur-general-de-lurbanisme-et-de-larchitecture-oumar-sow-emporte-par-un-malaise\/#webpage\",\"url\":\"https:\/\/www.nettali.com\/2023\/04\/18\/deces-du-directeur-general-de-lurbanisme-et-de-larchitecture-oumar-sow-emporte-par-un-malaise\/\",\"name\":\"DECES DU DIRECTEUR GENERAL DE L\\u2019URBANISME ET DE L\\u2019ARCHITECTURE - Oumar Sow emport\\u00e9 par un malaise | Nettali.com\",\"isPartOf\":{\"@id\":\"https:\/\/www.nettali.com\/#website\"},\"primaryImageOfPage\":{\"@id\":\"https:\/\/www.nettali.com\/2023\/04\/18\/deces-du-directeur-general-de-lurbanisme-et-de-larchitecture-oumar-sow-emporte-par-un-malaise\/#primaryimage\"},\"datePublished\":\"2023-04-18T10:35:20+00:00\",\"dateModified\":\"2023-04-18T10:35:20+00:00\",\"author\":{\"@id\":\"https:\/\/www.nettali.com\/#\/schema\/person\/3317e0bb3aa1da309fbf7b2780901bf4\"},\"breadcrumb\":{\"@id\":\"https:\/\/www.nettali.com\/2023\/04\/18\/deces-du-directeur-general-de-lurbanisme-et-de-larchitecture-oumar-sow-emporte-par-un-malaise\/#breadcrumb\"},\"inLanguage\":\"fr-FR\",\"potentialAction\":[{\"@type\":\"ReadAction\",\"target\":[\"https:\/\/www.nettali.com\/2023\/04\/18\/deces-du-directeur-general-de-lurbanisme-et-de-larchitecture-oumar-sow-emporte-par-un-malaise\/\"]}]},{\"@type\":\"BreadcrumbList\",\"@id\":\"https:\/\/www.nettali.com\/2023\/04\/18\/deces-du-directeur-general-de-lurbanisme-et-de-larchitecture-oumar-sow-emporte-par-un-malaise\/#breadcrumb\",\"itemListElement\":[{\"@type\":\"ListItem\",\"position\":1,\"name\":\"Accueil\",\"item\":\"https:\/\/www.nettali.com\/\"},{\"@type\":\"ListItem\",\"position\":2,\"name\":\"DECES DU DIRECTEUR GENERAL DE L\\u2019URBANISME ET DE L\\u2019ARCHITECTURE - Oumar Sow emport\\u00e9 par un malaise\"}]},{\"@type\":\"Person\",\"@id\":\"https:\/\/www.nettali.com\/#\/schema\/person\/3317e0bb3aa1da309fbf7b2780901bf4\",\"name\":\"Daouda\",\"image\":{\"@type\":\"ImageObject\",\"@id\":\"https:\/\/www.nettali.com\/#personlogo\",\"inLanguage\":\"fr-FR\",\"url\":\"https:\/\/secure.gravatar.com\/avatar\/8d143b5a49345098ddcfee1c49c2f47c?s=96&d=mm&r=g\",\"contentUrl\":\"https:\/\/secure.gravatar.com\/avatar\/8d143b5a49345098ddcfee1c49c2f47c?s=96&d=mm&r=g\",\"caption\":\"Daouda\"},\"sameAs\":[\"https:\/\/www.nettali.com\"]}]}<\/script>\n<!-- \/ Yoast SEO Premium plugin. -->","yoast_head_json":{"title":"DECES DU DIRECTEUR GENERAL DE L\u2019URBANISME ET DE L\u2019ARCHITECTURE - Oumar Sow emport\u00e9 par un malaise | Nettali.com","robots":{"index":"index","follow":"follow","max-snippet":"max-snippet:-1","max-image-preview":"max-image-preview:large","max-video-preview":"max-video-preview:-1"},"canonical":"https:\/\/www.nettali.com\/2023\/04\/18\/deces-du-directeur-general-de-lurbanisme-et-de-larchitecture-oumar-sow-emporte-par-un-malaise\/","og_locale":"fr_FR","og_type":"article","og_title":"DECES DU DIRECTEUR GENERAL DE L\u2019URBANISME ET DE L\u2019ARCHITECTURE - Oumar Sow emport\u00e9 par un malaise","og_description":"NETTALI.COM - Le minist\u00e8re de l\u2019Urbanisme, du logement et de l\u2019hygi\u00e8ne publique est en deuil. Le Directeur g\u00e9n\u00e9ral de l\u2019Urbanisme et de l\u2019architecture, Oumar Sow, est d\u00e9c\u00e9d\u00e9 dans la matin\u00e9e de ce lundi des suites d\u2019un malaise. Son rappel \u00e0 Dieu a \u00e9t\u00e9 suivi par une vague de t\u00e9moignages, les uns plus \u00e9logieux que les [&hellip;]","og_url":"https:\/\/www.nettali.com\/2023\/04\/18\/deces-du-directeur-general-de-lurbanisme-et-de-larchitecture-oumar-sow-emporte-par-un-malaise\/","og_site_name":"Nettali.com","article_publisher":"https:\/\/www.facebook.com\/nettalicom","article_published_time":"2023-04-18T10:35:20+00:00","og_image":[{"width":612,"height":298,"url":"https:\/\/www.nettali.com\/wp-content\/uploads\/2023\/04\/Oumar-Sow.png","type":"image\/png"}],"twitter_card":"summary_large_image","twitter_misc":{"\u00c9crit par":"Daouda","Dur\u00e9e de lecture estim\u00e9e":"2 minutes"},"schema":{"@context":"https:\/\/schema.org","@graph":[{"@type":"WebSite","@id":"https:\/\/www.nettali.com\/#website","url":"https:\/\/www.nettali.com\/","name":"Nettali.com","description":"Le rendez-vous critique du Net","potentialAction":[{"@type":"SearchAction","target":{"@type":"EntryPoint","urlTemplate":"https:\/\/www.nettali.com\/?s={search_term_string}"},"query-input":"required name=search_term_string"}],"inLanguage":"fr-FR"},{"@type":"ImageObject","@id":"https:\/\/www.nettali.com\/2023\/04\/18\/deces-du-directeur-general-de-lurbanisme-et-de-larchitecture-oumar-sow-emporte-par-un-malaise\/#primaryimage","inLanguage":"fr-FR","url":"https:\/\/www.nettali.com\/wp-content\/uploads\/2023\/04\/Oumar-Sow.png","contentUrl":"https:\/\/www.nettali.com\/wp-content\/uploads\/2023\/04\/Oumar-Sow.png","width":612,"height":298},{"@type":"WebPage","@id":"https:\/\/www.nettali.com\/2023\/04\/18\/deces-du-directeur-general-de-lurbanisme-et-de-larchitecture-oumar-sow-emporte-par-un-malaise\/#webpage","url":"https:\/\/www.nettali.com\/2023\/04\/18\/deces-du-directeur-general-de-lurbanisme-et-de-larchitecture-oumar-sow-emporte-par-un-malaise\/","name":"DECES DU DIRECTEUR GENERAL DE L\u2019URBANISME ET DE L\u2019ARCHITECTURE - Oumar Sow emport\u00e9 par un malaise | Nettali.com","isPartOf":{"@id":"https:\/\/www.nettali.com\/#website"},"primaryImageOfPage":{"@id":"https:\/\/www.nettali.com\/2023\/04\/18\/deces-du-directeur-general-de-lurbanisme-et-de-larchitecture-oumar-sow-emporte-par-un-malaise\/#primaryimage"},"datePublished":"2023-04-18T10:35:20+00:00","dateModified":"2023-04-18T10:35:20+00:00","author":{"@id":"https:\/\/www.nettali.com\/#\/schema\/person\/3317e0bb3aa1da309fbf7b2780901bf4"},"breadcrumb":{"@id":"https:\/\/www.nettali.com\/2023\/04\/18\/deces-du-directeur-general-de-lurbanisme-et-de-larchitecture-oumar-sow-emporte-par-un-malaise\/#breadcrumb"},"inLanguage":"fr-FR","potentialAction":[{"@type":"ReadAction","target":["https:\/\/www.nettali.com\/2023\/04\/18\/deces-du-directeur-general-de-lurbanisme-et-de-larchitecture-oumar-sow-emporte-par-un-malaise\/"]}]},{"@type":"BreadcrumbList","@id":"https:\/\/www.nettali.com\/2023\/04\/18\/deces-du-directeur-general-de-lurbanisme-et-de-larchitecture-oumar-sow-emporte-par-un-malaise\/#breadcrumb","itemListElement":[{"@type":"ListItem","position":1,"name":"Accueil","item":"https:\/\/www.nettali.com\/"},{"@type":"ListItem","position":2,"name":"DECES DU DIRECTEUR GENERAL DE L\u2019URBANISME ET DE L\u2019ARCHITECTURE - Oumar Sow emport\u00e9 par un malaise"}]},{"@type":"Person","@id":"https:\/\/www.nettali.com\/#\/schema\/person\/3317e0bb3aa1da309fbf7b2780901bf4","name":"Daouda","image":{"@type":"ImageObject","@id":"https:\/\/www.nettali.com\/#personlogo","inLanguage":"fr-FR","url":"https:\/\/secure.gravatar.com\/avatar\/8d143b5a49345098ddcfee1c49c2f47c?s=96&d=mm&r=g","contentUrl":"https:\/\/secure.gravatar.com\/avatar\/8d143b5a49345098ddcfee1c49c2f47c?s=96&d=mm&r=g","caption":"Daouda"},"sameAs":["https:\/\/www.nettali.com"]}]}},"_links":{"self":[{"href":"https:\/\/www.nettali.com\/rest\/wp\/v2\/posts\/108293"}],"collection":[{"href":"https:\/\/www.nettali.com\/rest\/wp\/v2\/posts"}],"about":[{"href":"https:\/\/www.nettali.com\/rest\/wp\/v2\/types\/post"}],"author":[{"embeddable":true,"href":"https:\/\/www.nettali.com\/rest\/wp\/v2\/users\/4"}],"replies":[{"embeddable":true,"href":"https:\/\/www.nettali.com\/rest\/wp\/v2\/comments?post=108293"}],"version-history":[{"count":1,"href":"https:\/\/www.nettali.com\/rest\/wp\/v2\/posts\/108293\/revisions"}],"predecessor-version":[{"id":108295,"href":"https:\/\/www.nettali.com\/rest\/wp\/v2\/posts\/108293\/revisions\/108295"}],"wp:featuredmedia":[{"embeddable":true,"href":"https:\/\/www.nettali.com\/rest\/wp\/v2\/media\/108294"}],"wp:attachment":[{"href":"https:\/\/www.nettali.com\/rest\/wp\/v2\/media?parent=108293"}],"wp:term":[{"taxonomy":"category","embeddable":true,"href":"https:\/\/www.nettali.com\/rest\/wp\/v2\/categories?post=108293"},{"taxonomy":"post_tag","embeddable":true,"href":"https:\/\/www.nettali.com\/rest\/wp\/v2\/tags?post=108293"}],"curies":[{"name":"wp","href":"https:\/\/api.w.org\/{rel}","templated":true}]}}