{"id":108204,"date":"2023-04-17T06:35:59","date_gmt":"2023-04-17T06:35:59","guid":{"rendered":"https:\/\/www.nettali.com\/?p=108204"},"modified":"2023-04-17T06:35:59","modified_gmt":"2023-04-17T06:35:59","slug":"en-coulisses-macky-sall-est-candidat-cest-un-fait-cest-acte","status":"publish","type":"post","link":"https:\/\/www.nettali.com\/2023\/04\/17\/en-coulisses-macky-sall-est-candidat-cest-un-fait-cest-acte\/","title":{"rendered":"EN COULISSES - \"Macky Sall est candidat, c\u2019est un fait, c\u2019est act\u00e9\""},"content":{"rendered":"<p><strong>NETTALI.COM -<\/strong> \"<em>On nous parle de candidature de Macky. Mais c'est un fait. Il n'y a pas de \u2018waxal\u00e9\u2019 'pas de marchandage). Macky Sall est candidat. Il est notre candidat. Le coup est d\u00e9j\u00e0 parti. C'est act\u00e9. La question, c'est comment nous allons faire pour gagner. C'est \u00e7a l'enjeu pour nous \u00e0 Benno. Et nous savons que cela passe par les inscriptions sur les listes. Nous devons nous mobiliser et aller nous inscrire et inscrire nos militants. Car la m\u00e8re des batailles, c'est le 25 f\u00e9vrier 2024<\/em>\", a d\u00e9clar\u00e9, ce dimanche 16 avril, Abdoulaye Saidou Sow \u00e0 Kaffrine, en \u00e9cho \u00e0 la derni\u00e8re sortie d\u2019Idrissa Seck qui disqualifie le pr\u00e9sident de la R\u00e9publique de la course \u00e0 l\u2019\u00e9lection de 2024.<\/p>\n<p>\"<em>Moi, je n'ai qu'un opposant, c'est le combat contre la pauvret\u00e9 et pour b\u00e2tir la r\u00e9gion de Kaffrine. Malem est le d\u00e9partement le plus grand, le plus enclav\u00e9, mais aussi le plus pauvre de la r\u00e9gion. C'est sortir le d\u00e9partement de cette situation, notre combat. C'est sortir notre r\u00e9gion de la pauvret\u00e9 qui donne un sens \u00e0 notre engagement. Tout le reste, c'est des futilit\u00e9s. Nous devons taire les querelles, nous mettre en rangs serr\u00e9s et nous battre ensemble pour le triomphe du <\/em><em>pr\u00e9sident Macky Sall au soir du 25 f\u00e9vrier 2024<\/em>\u201d, a-t-il indiqu\u00e9.<\/p>\n<p>Une mani\u00e8re pour le maire de Kaffrine de plaider pour l'unit\u00e9 au sein de la majorit\u00e9 et un resserrement des rangs.<\/p>\n<p>A noter le ministre de l'Urbanisme, du Logement et de l'Hygi\u00e8ne publique Abdoulaye Sow\u00a0 proc\u00e9dait \u00e0 une op\u00e9ration de remise de dons alimentaires dans la<br \/>\nr\u00e9gion de Kaffrine.<\/p>\n<p>&nbsp;<\/p>\n<div class='share-to-whatsapp-wrapper'><div class='share-on-whsp'>PARTAGER SUR : <\/div><a data-text='EN COULISSES - \"Macky Sall est candidat, c\u2019est un fait, c\u2019est act\u00e9\"' data-link='https:\/\/www.nettali.com\/2023\/04\/17\/en-coulisses-macky-sall-est-candidat-cest-un-fait-cest-acte\/' class='whatsapp-button whatsapp-share'>WhatsApp<\/a><div class='clear '><\/div><\/div>","protected":false},"excerpt":{"rendered":"<p>NETTALI.COM - \"On nous parle de candidature de Macky. Mais c'est un fait. Il n'y a pas de \u2018waxal\u00e9\u2019 'pas de marchandage). Macky Sall est candidat. Il est notre candidat. Le coup est d\u00e9j\u00e0 parti. C'est act\u00e9. La question, c'est comment nous allons faire pour gagner. C'est \u00e7a l'enjeu pour nous \u00e0 Benno. Et nous [&hellip;]<\/p>\n","protected":false},"author":2,"featured_media":108206,"comment_status":"open","ping_status":"open","sticky":false,"template":"","format":"standard","meta":{"_et_pb_use_builder":"","_et_pb_old_content":""},"categories":[34945],"tags":[],"yoast_head":"<!-- This site is optimized with the Yoast SEO Premium plugin v17.8 (Yoast SEO v17.8) - https:\/\/yoast.com\/wordpress\/plugins\/seo\/ -->\n<title>EN COULISSES - &quot;Macky Sall est candidat, c\u2019est un fait, c\u2019est act\u00e9&quot; | Nettali.com<\/title>\n<meta name=\"robots\" content=\"index, follow, max-snippet:-1, max-image-preview:large, max-video-preview:-1\" \/>\n<link rel=\"canonical\" href=\"https:\/\/www.nettali.com\/2023\/04\/17\/en-coulisses-macky-sall-est-candidat-cest-un-fait-cest-acte\/\" \/>\n<meta property=\"og:locale\" content=\"fr_FR\" \/>\n<meta property=\"og:type\" content=\"article\" \/>\n<meta property=\"og:title\" content=\"EN COULISSES - &quot;Macky Sall est candidat, c\u2019est un fait, c\u2019est act\u00e9&quot;\" \/>\n<meta property=\"og:description\" content=\"NETTALI.COM - &quot;On nous parle de candidature de Macky. Mais c&#039;est un fait. Il n&#039;y a pas de \u2018waxal\u00e9\u2019 &#039;pas de marchandage). Macky Sall est candidat. Il est notre candidat. Le coup est d\u00e9j\u00e0 parti. C&#039;est act\u00e9. La question, c&#039;est comment nous allons faire pour gagner. C&#039;est \u00e7a l&#039;enjeu pour nous \u00e0 Benno. Et nous [&hellip;]\" \/>\n<meta property=\"og:url\" content=\"https:\/\/www.nettali.com\/2023\/04\/17\/en-coulisses-macky-sall-est-candidat-cest-un-fait-cest-acte\/\" \/>\n<meta property=\"og:site_name\" content=\"Nettali.com\" \/>\n<meta property=\"article:publisher\" content=\"https:\/\/www.facebook.com\/nettalicom\" \/>\n<meta property=\"article:published_time\" content=\"2023-04-17T06:35:59+00:00\" \/>\n<meta property=\"og:image\" content=\"https:\/\/www.nettali.com\/wp-content\/uploads\/2023\/04\/Abdoulaye-Sow-responsable-Apr-733x430-1.jpg\" \/>\n\t<meta property=\"og:image:width\" content=\"733\" \/>\n\t<meta property=\"og:image:height\" content=\"430\" \/>\n<meta name=\"twitter:card\" content=\"summary_large_image\" \/>\n<meta name=\"twitter:label1\" content=\"\u00c9crit par\" \/>\n\t<meta name=\"twitter:data1\" content=\"CK\" \/>\n\t<meta name=\"twitter:label2\" content=\"Dur\u00e9e de lecture estim\u00e9e\" \/>\n\t<meta name=\"twitter:data2\" content=\"2 minutes\" \/>\n<script type=\"application\/ld+json\" class=\"yoast-schema-graph\">{\"@context\":\"https:\/\/schema.org\",\"@graph\":[{\"@type\":\"WebSite\",\"@id\":\"https:\/\/www.nettali.com\/#website\",\"url\":\"https:\/\/www.nettali.com\/\",\"name\":\"Nettali.com\",\"description\":\"Le rendez-vous critique du Net\",\"potentialAction\":[{\"@type\":\"SearchAction\",\"target\":{\"@type\":\"EntryPoint\",\"urlTemplate\":\"https:\/\/www.nettali.com\/?s={search_term_string}\"},\"query-input\":\"required name=search_term_string\"}],\"inLanguage\":\"fr-FR\"},{\"@type\":\"ImageObject\",\"@id\":\"https:\/\/www.nettali.com\/2023\/04\/17\/en-coulisses-macky-sall-est-candidat-cest-un-fait-cest-acte\/#primaryimage\",\"inLanguage\":\"fr-FR\",\"url\":\"https:\/\/www.nettali.com\/wp-content\/uploads\/2023\/04\/Abdoulaye-Sow-responsable-Apr-733x430-1.jpg\",\"contentUrl\":\"https:\/\/www.nettali.com\/wp-content\/uploads\/2023\/04\/Abdoulaye-Sow-responsable-Apr-733x430-1.jpg\",\"width\":733,\"height\":430},{\"@type\":\"WebPage\",\"@id\":\"https:\/\/www.nettali.com\/2023\/04\/17\/en-coulisses-macky-sall-est-candidat-cest-un-fait-cest-acte\/#webpage\",\"url\":\"https:\/\/www.nettali.com\/2023\/04\/17\/en-coulisses-macky-sall-est-candidat-cest-un-fait-cest-acte\/\",\"name\":\"EN COULISSES - \\\"Macky Sall est candidat, c\\u2019est un fait, c\\u2019est act\\u00e9\\\" | Nettali.com\",\"isPartOf\":{\"@id\":\"https:\/\/www.nettali.com\/#website\"},\"primaryImageOfPage\":{\"@id\":\"https:\/\/www.nettali.com\/2023\/04\/17\/en-coulisses-macky-sall-est-candidat-cest-un-fait-cest-acte\/#primaryimage\"},\"datePublished\":\"2023-04-17T06:35:59+00:00\",\"dateModified\":\"2023-04-17T06:35:59+00:00\",\"author\":{\"@id\":\"https:\/\/www.nettali.com\/#\/schema\/person\/d8ac7b7e27ddad43f1c0d2ef090d7f71\"},\"breadcrumb\":{\"@id\":\"https:\/\/www.nettali.com\/2023\/04\/17\/en-coulisses-macky-sall-est-candidat-cest-un-fait-cest-acte\/#breadcrumb\"},\"inLanguage\":\"fr-FR\",\"potentialAction\":[{\"@type\":\"ReadAction\",\"target\":[\"https:\/\/www.nettali.com\/2023\/04\/17\/en-coulisses-macky-sall-est-candidat-cest-un-fait-cest-acte\/\"]}]},{\"@type\":\"BreadcrumbList\",\"@id\":\"https:\/\/www.nettali.com\/2023\/04\/17\/en-coulisses-macky-sall-est-candidat-cest-un-fait-cest-acte\/#breadcrumb\",\"itemListElement\":[{\"@type\":\"ListItem\",\"position\":1,\"name\":\"Accueil\",\"item\":\"https:\/\/www.nettali.com\/\"},{\"@type\":\"ListItem\",\"position\":2,\"name\":\"EN COULISSES - \\\"Macky Sall est candidat, c\\u2019est un fait, c\\u2019est act\\u00e9\\\"\"}]},{\"@type\":\"Person\",\"@id\":\"https:\/\/www.nettali.com\/#\/schema\/person\/d8ac7b7e27ddad43f1c0d2ef090d7f71\",\"name\":\"CK\",\"image\":{\"@type\":\"ImageObject\",\"@id\":\"https:\/\/www.nettali.com\/#personlogo\",\"inLanguage\":\"fr-FR\",\"url\":\"https:\/\/secure.gravatar.com\/avatar\/1d8d5118b9327d94da7cd4ce7f17fec2?s=96&d=mm&r=g\",\"contentUrl\":\"https:\/\/secure.gravatar.com\/avatar\/1d8d5118b9327d94da7cd4ce7f17fec2?s=96&d=mm&r=g\",\"caption\":\"CK\"},\"sameAs\":[\"https:\/\/www.nettali.com\"]}]}<\/script>\n<!-- \/ Yoast SEO Premium plugin. -->","yoast_head_json":{"title":"EN COULISSES - \"Macky Sall est candidat, c\u2019est un fait, c\u2019est act\u00e9\" | Nettali.com","robots":{"index":"index","follow":"follow","max-snippet":"max-snippet:-1","max-image-preview":"max-image-preview:large","max-video-preview":"max-video-preview:-1"},"canonical":"https:\/\/www.nettali.com\/2023\/04\/17\/en-coulisses-macky-sall-est-candidat-cest-un-fait-cest-acte\/","og_locale":"fr_FR","og_type":"article","og_title":"EN COULISSES - \"Macky Sall est candidat, c\u2019est un fait, c\u2019est act\u00e9\"","og_description":"NETTALI.COM - \"On nous parle de candidature de Macky. Mais c'est un fait. Il n'y a pas de \u2018waxal\u00e9\u2019 'pas de marchandage). Macky Sall est candidat. Il est notre candidat. Le coup est d\u00e9j\u00e0 parti. C'est act\u00e9. La question, c'est comment nous allons faire pour gagner. C'est \u00e7a l'enjeu pour nous \u00e0 Benno. Et nous [&hellip;]","og_url":"https:\/\/www.nettali.com\/2023\/04\/17\/en-coulisses-macky-sall-est-candidat-cest-un-fait-cest-acte\/","og_site_name":"Nettali.com","article_publisher":"https:\/\/www.facebook.com\/nettalicom","article_published_time":"2023-04-17T06:35:59+00:00","og_image":[{"width":733,"height":430,"url":"https:\/\/www.nettali.com\/wp-content\/uploads\/2023\/04\/Abdoulaye-Sow-responsable-Apr-733x430-1.jpg","type":"image\/jpeg"}],"twitter_card":"summary_large_image","twitter_misc":{"\u00c9crit par":"CK","Dur\u00e9e de lecture estim\u00e9e":"2 minutes"},"schema":{"@context":"https:\/\/schema.org","@graph":[{"@type":"WebSite","@id":"https:\/\/www.nettali.com\/#website","url":"https:\/\/www.nettali.com\/","name":"Nettali.com","description":"Le rendez-vous critique du Net","potentialAction":[{"@type":"SearchAction","target":{"@type":"EntryPoint","urlTemplate":"https:\/\/www.nettali.com\/?s={search_term_string}"},"query-input":"required name=search_term_string"}],"inLanguage":"fr-FR"},{"@type":"ImageObject","@id":"https:\/\/www.nettali.com\/2023\/04\/17\/en-coulisses-macky-sall-est-candidat-cest-un-fait-cest-acte\/#primaryimage","inLanguage":"fr-FR","url":"https:\/\/www.nettali.com\/wp-content\/uploads\/2023\/04\/Abdoulaye-Sow-responsable-Apr-733x430-1.jpg","contentUrl":"https:\/\/www.nettali.com\/wp-content\/uploads\/2023\/04\/Abdoulaye-Sow-responsable-Apr-733x430-1.jpg","width":733,"height":430},{"@type":"WebPage","@id":"https:\/\/www.nettali.com\/2023\/04\/17\/en-coulisses-macky-sall-est-candidat-cest-un-fait-cest-acte\/#webpage","url":"https:\/\/www.nettali.com\/2023\/04\/17\/en-coulisses-macky-sall-est-candidat-cest-un-fait-cest-acte\/","name":"EN COULISSES - \"Macky Sall est candidat, c\u2019est un fait, c\u2019est act\u00e9\" | Nettali.com","isPartOf":{"@id":"https:\/\/www.nettali.com\/#website"},"primaryImageOfPage":{"@id":"https:\/\/www.nettali.com\/2023\/04\/17\/en-coulisses-macky-sall-est-candidat-cest-un-fait-cest-acte\/#primaryimage"},"datePublished":"2023-04-17T06:35:59+00:00","dateModified":"2023-04-17T06:35:59+00:00","author":{"@id":"https:\/\/www.nettali.com\/#\/schema\/person\/d8ac7b7e27ddad43f1c0d2ef090d7f71"},"breadcrumb":{"@id":"https:\/\/www.nettali.com\/2023\/04\/17\/en-coulisses-macky-sall-est-candidat-cest-un-fait-cest-acte\/#breadcrumb"},"inLanguage":"fr-FR","potentialAction":[{"@type":"ReadAction","target":["https:\/\/www.nettali.com\/2023\/04\/17\/en-coulisses-macky-sall-est-candidat-cest-un-fait-cest-acte\/"]}]},{"@type":"BreadcrumbList","@id":"https:\/\/www.nettali.com\/2023\/04\/17\/en-coulisses-macky-sall-est-candidat-cest-un-fait-cest-acte\/#breadcrumb","itemListElement":[{"@type":"ListItem","position":1,"name":"Accueil","item":"https:\/\/www.nettali.com\/"},{"@type":"ListItem","position":2,"name":"EN COULISSES - \"Macky Sall est candidat, c\u2019est un fait, c\u2019est act\u00e9\""}]},{"@type":"Person","@id":"https:\/\/www.nettali.com\/#\/schema\/person\/d8ac7b7e27ddad43f1c0d2ef090d7f71","name":"CK","image":{"@type":"ImageObject","@id":"https:\/\/www.nettali.com\/#personlogo","inLanguage":"fr-FR","url":"https:\/\/secure.gravatar.com\/avatar\/1d8d5118b9327d94da7cd4ce7f17fec2?s=96&d=mm&r=g","contentUrl":"https:\/\/secure.gravatar.com\/avatar\/1d8d5118b9327d94da7cd4ce7f17fec2?s=96&d=mm&r=g","caption":"CK"},"sameAs":["https:\/\/www.nettali.com"]}]}},"_links":{"self":[{"href":"https:\/\/www.nettali.com\/rest\/wp\/v2\/posts\/108204"}],"collection":[{"href":"https:\/\/www.nettali.com\/rest\/wp\/v2\/posts"}],"about":[{"href":"https:\/\/www.nettali.com\/rest\/wp\/v2\/types\/post"}],"author":[{"embeddable":true,"href":"https:\/\/www.nettali.com\/rest\/wp\/v2\/users\/2"}],"replies":[{"embeddable":true,"href":"https:\/\/www.nettali.com\/rest\/wp\/v2\/comments?post=108204"}],"version-history":[{"count":1,"href":"https:\/\/www.nettali.com\/rest\/wp\/v2\/posts\/108204\/revisions"}],"predecessor-version":[{"id":108205,"href":"https:\/\/www.nettali.com\/rest\/wp\/v2\/posts\/108204\/revisions\/108205"}],"wp:featuredmedia":[{"embeddable":true,"href":"https:\/\/www.nettali.com\/rest\/wp\/v2\/media\/108206"}],"wp:attachment":[{"href":"https:\/\/www.nettali.com\/rest\/wp\/v2\/media?parent=108204"}],"wp:term":[{"taxonomy":"category","embeddable":true,"href":"https:\/\/www.nettali.com\/rest\/wp\/v2\/categories?post=108204"},{"taxonomy":"post_tag","embeddable":true,"href":"https:\/\/www.nettali.com\/rest\/wp\/v2\/tags?post=108204"}],"curies":[{"name":"wp","href":"https:\/\/api.w.org\/{rel}","templated":true}]}}