{"id":108183,"date":"2023-04-16T23:27:22","date_gmt":"2023-04-16T23:27:22","guid":{"rendered":"https:\/\/www.nettali.com\/?p=108183"},"modified":"2023-04-17T06:54:41","modified_gmt":"2023-04-17T06:54:41","slug":"cese-les-conseillers-benno-reclament-la-tete-didrissa-seck","status":"publish","type":"post","link":"https:\/\/www.nettali.com\/2023\/04\/16\/cese-les-conseillers-benno-reclament-la-tete-didrissa-seck\/","title":{"rendered":"CESE - Les conseillers Benno r\u00e9clament la t\u00eate d'Idrissa Seck"},"content":{"rendered":"<p><strong>NETTALI.COM - Les jours d'Idrissa Seck \u00e0 la t\u00eate du Conseil \u00e9conomique, social et environnemental (Cese) semblent compt\u00e9s. Dans une \"d\u00e9claration politique\", les conseillers Benno de ladite coalition r\u00e9clament sa d\u00e9mission.\u00a0<\/strong><\/p>\n<p>La d\u00e9claration de candidature d'Idrissa Seck \u00e0 la prochaine pr\u00e9sidentielle ne passe pas chez ses alli\u00e9s de Benno Bokk Yakaar. Apr\u00e8s les responsables de l'Alliance pour la r\u00e9publique (Apr) dont Pape Mahawa Diouf, El hadji Oumar Youm ou encore Lamine Bara Gaye, c'est au tour des conseillers membres de Benno d'en faire de m\u00eame. Dans une d\u00e9claration, ces membres du Conseil \u00e9conomique, social et environnemental (Cese) ne veulent ni plus ni moins que la d\u00e9mission du pr\u00e9sident de Rewmi de la t\u00eate de ladite institutions.<\/p>\n<p>\"<em>Apr\u00e8s avoir pris connaissance de la sortie politique malheureuse de M. Idrissa Seck, pr\u00e9sident du Cese ce vendredi 14\/04\/2023 \u00e0 Thi\u00e8s, les conseillers ayant comme ob\u00e9dience politique la coalition Benno Bokk Yakaar ( plus de 30 maires et membres de conseil d\u00e9partemental et de la Diaspora), se sont r\u00e9unis ce jour au si\u00e8ge de l'Apr en vue d'apporter une r\u00e9ponse politique<\/em>\", lit-on dans une d\u00e9claration rendue publique ce dimanche. Et ces conseillers ne manquent pas de griefs contre l'ancien maire de Thi\u00e8s. \"<em>De son installation \u00e0 nos jours comme pr\u00e9sident du Cese, M. Seck n'a jamais accord\u00e9 le plus petit inter\u00eat aux conseillers de l'ob\u00e9dience politique Benno<\/em>\", soutiennent-ils. D'ailleurs, \u00e0 les en croire, Idrissa Seck a toujours refus\u00e9\u00a0de leur accorder des audiences pourtant r\u00e9guli\u00e8rement sollicit\u00e9es.<\/p>\n<p>En outre, s'appuyant sur leur attachement aux id\u00e9aux de la coalition politique Benno Bokk Yakaar, mais aussi sur les efforts consentis par le Pr\u00e9sident Macky Sall pour, disent-ils, permettre \u00e0 Idrissa\u00a0 Seck d'exister politiquement et de lui offrir une opportunit\u00e9 de se faire une sant\u00e9 physique et financi\u00e8re en le nommant par d\u00e9cret pr\u00e9sident du Cese, les conseillers Benno d\u00e9noncent \"<em>avec fermet\u00e9 cette sortie politique malheureuse et calcul\u00e9e de Monsieur Seck qui s'apparente beaucoup plus \u00e0 une envie d'exister politiquement que de trouver une solution politique \u00e0 la situation actuelle du pays<\/em>\".<\/p>\n<p>Aussi invitent-ils le pr\u00e9sident de Rewmi \u00e0 d\u00e9missionner de la pr\u00e9sidence du Cese. En plus de la d\u00e9mission d'Idrissa Seck, ils r\u00e9clament celles des ministres rewmistes qui si\u00e8gent encore au gouvernement. Mieux, ils pensent que l'actuel pr\u00e9sident du Cese doit tout bonnement \u00eatre exclu de la conf\u00e9rence des leaders de Benno Bokk Yakaar.<\/p>\n<div class='share-to-whatsapp-wrapper'><div class='share-on-whsp'>PARTAGER SUR : <\/div><a data-text='CESE - Les conseillers Benno r\u00e9clament la t\u00eate d'Idrissa Seck' data-link='https:\/\/www.nettali.com\/2023\/04\/16\/cese-les-conseillers-benno-reclament-la-tete-didrissa-seck\/' class='whatsapp-button whatsapp-share'>WhatsApp<\/a><div class='clear '><\/div><\/div>","protected":false},"excerpt":{"rendered":"<p>NETTALI.COM - Les jours d'Idrissa Seck \u00e0 la t\u00eate du Conseil \u00e9conomique, social et environnemental (Cese) semblent compt\u00e9s. Dans une \"d\u00e9claration politique\", les conseillers Benno de ladite coalition r\u00e9clament sa d\u00e9mission.\u00a0 La d\u00e9claration de candidature d'Idrissa Seck \u00e0 la prochaine pr\u00e9sidentielle ne passe pas chez ses alli\u00e9s de Benno Bokk Yakaar. Apr\u00e8s les responsables de [&hellip;]<\/p>\n","protected":false},"author":3,"featured_media":108184,"comment_status":"open","ping_status":"open","sticky":false,"template":"","format":"standard","meta":{"_et_pb_use_builder":"","_et_pb_old_content":""},"categories":[2],"tags":[],"yoast_head":"<!-- This site is optimized with the Yoast SEO Premium plugin v17.8 (Yoast SEO v17.8) - https:\/\/yoast.com\/wordpress\/plugins\/seo\/ -->\n<title>CESE - Les conseillers Benno r\u00e9clament la t\u00eate d&#039;Idrissa Seck | Nettali.com<\/title>\n<meta name=\"robots\" content=\"index, follow, max-snippet:-1, max-image-preview:large, max-video-preview:-1\" \/>\n<link rel=\"canonical\" href=\"https:\/\/www.nettali.com\/2023\/04\/16\/cese-les-conseillers-benno-reclament-la-tete-didrissa-seck\/\" \/>\n<meta property=\"og:locale\" content=\"fr_FR\" \/>\n<meta property=\"og:type\" content=\"article\" \/>\n<meta property=\"og:title\" content=\"CESE - Les conseillers Benno r\u00e9clament la t\u00eate d&#039;Idrissa Seck\" \/>\n<meta property=\"og:description\" content=\"NETTALI.COM - Les jours d&#039;Idrissa Seck \u00e0 la t\u00eate du Conseil \u00e9conomique, social et environnemental (Cese) semblent compt\u00e9s. Dans une &quot;d\u00e9claration politique&quot;, les conseillers Benno de ladite coalition r\u00e9clament sa d\u00e9mission.\u00a0 La d\u00e9claration de candidature d&#039;Idrissa Seck \u00e0 la prochaine pr\u00e9sidentielle ne passe pas chez ses alli\u00e9s de Benno Bokk Yakaar. Apr\u00e8s les responsables de [&hellip;]\" \/>\n<meta property=\"og:url\" content=\"https:\/\/www.nettali.com\/2023\/04\/16\/cese-les-conseillers-benno-reclament-la-tete-didrissa-seck\/\" \/>\n<meta property=\"og:site_name\" content=\"Nettali.com\" \/>\n<meta property=\"article:publisher\" content=\"https:\/\/www.facebook.com\/nettalicom\" \/>\n<meta property=\"article:published_time\" content=\"2023-04-16T23:27:22+00:00\" \/>\n<meta property=\"article:modified_time\" content=\"2023-04-17T06:54:41+00:00\" \/>\n<meta property=\"og:image\" content=\"https:\/\/www.nettali.com\/wp-content\/uploads\/2023\/04\/62875231-45457219.jpg\" \/>\n\t<meta property=\"og:image:width\" content=\"600\" \/>\n\t<meta property=\"og:image:height\" content=\"400\" \/>\n<meta name=\"twitter:card\" content=\"summary_large_image\" \/>\n<meta name=\"twitter:label1\" content=\"\u00c9crit par\" \/>\n\t<meta name=\"twitter:data1\" content=\"Moustapha\" \/>\n\t<meta name=\"twitter:label2\" content=\"Dur\u00e9e de lecture estim\u00e9e\" \/>\n\t<meta name=\"twitter:data2\" content=\"2 minutes\" \/>\n<script type=\"application\/ld+json\" class=\"yoast-schema-graph\">{\"@context\":\"https:\/\/schema.org\",\"@graph\":[{\"@type\":\"WebSite\",\"@id\":\"https:\/\/www.nettali.com\/#website\",\"url\":\"https:\/\/www.nettali.com\/\",\"name\":\"Nettali.com\",\"description\":\"Le rendez-vous critique du Net\",\"potentialAction\":[{\"@type\":\"SearchAction\",\"target\":{\"@type\":\"EntryPoint\",\"urlTemplate\":\"https:\/\/www.nettali.com\/?s={search_term_string}\"},\"query-input\":\"required name=search_term_string\"}],\"inLanguage\":\"fr-FR\"},{\"@type\":\"ImageObject\",\"@id\":\"https:\/\/www.nettali.com\/2023\/04\/16\/cese-les-conseillers-benno-reclament-la-tete-didrissa-seck\/#primaryimage\",\"inLanguage\":\"fr-FR\",\"url\":\"https:\/\/www.nettali.com\/wp-content\/uploads\/2023\/04\/62875231-45457219.jpg\",\"contentUrl\":\"https:\/\/www.nettali.com\/wp-content\/uploads\/2023\/04\/62875231-45457219.jpg\",\"width\":600,\"height\":400},{\"@type\":\"WebPage\",\"@id\":\"https:\/\/www.nettali.com\/2023\/04\/16\/cese-les-conseillers-benno-reclament-la-tete-didrissa-seck\/#webpage\",\"url\":\"https:\/\/www.nettali.com\/2023\/04\/16\/cese-les-conseillers-benno-reclament-la-tete-didrissa-seck\/\",\"name\":\"CESE - Les conseillers Benno r\\u00e9clament la t\\u00eate d'Idrissa Seck | Nettali.com\",\"isPartOf\":{\"@id\":\"https:\/\/www.nettali.com\/#website\"},\"primaryImageOfPage\":{\"@id\":\"https:\/\/www.nettali.com\/2023\/04\/16\/cese-les-conseillers-benno-reclament-la-tete-didrissa-seck\/#primaryimage\"},\"datePublished\":\"2023-04-16T23:27:22+00:00\",\"dateModified\":\"2023-04-17T06:54:41+00:00\",\"author\":{\"@id\":\"https:\/\/www.nettali.com\/#\/schema\/person\/7962a12a6e0267f88f0ffa544c36469a\"},\"breadcrumb\":{\"@id\":\"https:\/\/www.nettali.com\/2023\/04\/16\/cese-les-conseillers-benno-reclament-la-tete-didrissa-seck\/#breadcrumb\"},\"inLanguage\":\"fr-FR\",\"potentialAction\":[{\"@type\":\"ReadAction\",\"target\":[\"https:\/\/www.nettali.com\/2023\/04\/16\/cese-les-conseillers-benno-reclament-la-tete-didrissa-seck\/\"]}]},{\"@type\":\"BreadcrumbList\",\"@id\":\"https:\/\/www.nettali.com\/2023\/04\/16\/cese-les-conseillers-benno-reclament-la-tete-didrissa-seck\/#breadcrumb\",\"itemListElement\":[{\"@type\":\"ListItem\",\"position\":1,\"name\":\"Accueil\",\"item\":\"https:\/\/www.nettali.com\/\"},{\"@type\":\"ListItem\",\"position\":2,\"name\":\"CESE - Les conseillers Benno r\\u00e9clament la t\\u00eate d'Idrissa Seck\"}]},{\"@type\":\"Person\",\"@id\":\"https:\/\/www.nettali.com\/#\/schema\/person\/7962a12a6e0267f88f0ffa544c36469a\",\"name\":\"Moustapha\",\"image\":{\"@type\":\"ImageObject\",\"@id\":\"https:\/\/www.nettali.com\/#personlogo\",\"inLanguage\":\"fr-FR\",\"url\":\"https:\/\/secure.gravatar.com\/avatar\/10fdf6a071cccdcf374e3dbe45159590?s=96&d=mm&r=g\",\"contentUrl\":\"https:\/\/secure.gravatar.com\/avatar\/10fdf6a071cccdcf374e3dbe45159590?s=96&d=mm&r=g\",\"caption\":\"Moustapha\"},\"sameAs\":[\"https:\/\/www.nettali.com\"]}]}<\/script>\n<!-- \/ Yoast SEO Premium plugin. -->","yoast_head_json":{"title":"CESE - Les conseillers Benno r\u00e9clament la t\u00eate d'Idrissa Seck | Nettali.com","robots":{"index":"index","follow":"follow","max-snippet":"max-snippet:-1","max-image-preview":"max-image-preview:large","max-video-preview":"max-video-preview:-1"},"canonical":"https:\/\/www.nettali.com\/2023\/04\/16\/cese-les-conseillers-benno-reclament-la-tete-didrissa-seck\/","og_locale":"fr_FR","og_type":"article","og_title":"CESE - Les conseillers Benno r\u00e9clament la t\u00eate d'Idrissa Seck","og_description":"NETTALI.COM - Les jours d'Idrissa Seck \u00e0 la t\u00eate du Conseil \u00e9conomique, social et environnemental (Cese) semblent compt\u00e9s. Dans une \"d\u00e9claration politique\", les conseillers Benno de ladite coalition r\u00e9clament sa d\u00e9mission.\u00a0 La d\u00e9claration de candidature d'Idrissa Seck \u00e0 la prochaine pr\u00e9sidentielle ne passe pas chez ses alli\u00e9s de Benno Bokk Yakaar. Apr\u00e8s les responsables de [&hellip;]","og_url":"https:\/\/www.nettali.com\/2023\/04\/16\/cese-les-conseillers-benno-reclament-la-tete-didrissa-seck\/","og_site_name":"Nettali.com","article_publisher":"https:\/\/www.facebook.com\/nettalicom","article_published_time":"2023-04-16T23:27:22+00:00","article_modified_time":"2023-04-17T06:54:41+00:00","og_image":[{"width":600,"height":400,"url":"https:\/\/www.nettali.com\/wp-content\/uploads\/2023\/04\/62875231-45457219.jpg","type":"image\/jpeg"}],"twitter_card":"summary_large_image","twitter_misc":{"\u00c9crit par":"Moustapha","Dur\u00e9e de lecture estim\u00e9e":"2 minutes"},"schema":{"@context":"https:\/\/schema.org","@graph":[{"@type":"WebSite","@id":"https:\/\/www.nettali.com\/#website","url":"https:\/\/www.nettali.com\/","name":"Nettali.com","description":"Le rendez-vous critique du Net","potentialAction":[{"@type":"SearchAction","target":{"@type":"EntryPoint","urlTemplate":"https:\/\/www.nettali.com\/?s={search_term_string}"},"query-input":"required name=search_term_string"}],"inLanguage":"fr-FR"},{"@type":"ImageObject","@id":"https:\/\/www.nettali.com\/2023\/04\/16\/cese-les-conseillers-benno-reclament-la-tete-didrissa-seck\/#primaryimage","inLanguage":"fr-FR","url":"https:\/\/www.nettali.com\/wp-content\/uploads\/2023\/04\/62875231-45457219.jpg","contentUrl":"https:\/\/www.nettali.com\/wp-content\/uploads\/2023\/04\/62875231-45457219.jpg","width":600,"height":400},{"@type":"WebPage","@id":"https:\/\/www.nettali.com\/2023\/04\/16\/cese-les-conseillers-benno-reclament-la-tete-didrissa-seck\/#webpage","url":"https:\/\/www.nettali.com\/2023\/04\/16\/cese-les-conseillers-benno-reclament-la-tete-didrissa-seck\/","name":"CESE - Les conseillers Benno r\u00e9clament la t\u00eate d'Idrissa Seck | Nettali.com","isPartOf":{"@id":"https:\/\/www.nettali.com\/#website"},"primaryImageOfPage":{"@id":"https:\/\/www.nettali.com\/2023\/04\/16\/cese-les-conseillers-benno-reclament-la-tete-didrissa-seck\/#primaryimage"},"datePublished":"2023-04-16T23:27:22+00:00","dateModified":"2023-04-17T06:54:41+00:00","author":{"@id":"https:\/\/www.nettali.com\/#\/schema\/person\/7962a12a6e0267f88f0ffa544c36469a"},"breadcrumb":{"@id":"https:\/\/www.nettali.com\/2023\/04\/16\/cese-les-conseillers-benno-reclament-la-tete-didrissa-seck\/#breadcrumb"},"inLanguage":"fr-FR","potentialAction":[{"@type":"ReadAction","target":["https:\/\/www.nettali.com\/2023\/04\/16\/cese-les-conseillers-benno-reclament-la-tete-didrissa-seck\/"]}]},{"@type":"BreadcrumbList","@id":"https:\/\/www.nettali.com\/2023\/04\/16\/cese-les-conseillers-benno-reclament-la-tete-didrissa-seck\/#breadcrumb","itemListElement":[{"@type":"ListItem","position":1,"name":"Accueil","item":"https:\/\/www.nettali.com\/"},{"@type":"ListItem","position":2,"name":"CESE - Les conseillers Benno r\u00e9clament la t\u00eate d'Idrissa Seck"}]},{"@type":"Person","@id":"https:\/\/www.nettali.com\/#\/schema\/person\/7962a12a6e0267f88f0ffa544c36469a","name":"Moustapha","image":{"@type":"ImageObject","@id":"https:\/\/www.nettali.com\/#personlogo","inLanguage":"fr-FR","url":"https:\/\/secure.gravatar.com\/avatar\/10fdf6a071cccdcf374e3dbe45159590?s=96&d=mm&r=g","contentUrl":"https:\/\/secure.gravatar.com\/avatar\/10fdf6a071cccdcf374e3dbe45159590?s=96&d=mm&r=g","caption":"Moustapha"},"sameAs":["https:\/\/www.nettali.com"]}]}},"_links":{"self":[{"href":"https:\/\/www.nettali.com\/rest\/wp\/v2\/posts\/108183"}],"collection":[{"href":"https:\/\/www.nettali.com\/rest\/wp\/v2\/posts"}],"about":[{"href":"https:\/\/www.nettali.com\/rest\/wp\/v2\/types\/post"}],"author":[{"embeddable":true,"href":"https:\/\/www.nettali.com\/rest\/wp\/v2\/users\/3"}],"replies":[{"embeddable":true,"href":"https:\/\/www.nettali.com\/rest\/wp\/v2\/comments?post=108183"}],"version-history":[{"count":1,"href":"https:\/\/www.nettali.com\/rest\/wp\/v2\/posts\/108183\/revisions"}],"predecessor-version":[{"id":108185,"href":"https:\/\/www.nettali.com\/rest\/wp\/v2\/posts\/108183\/revisions\/108185"}],"wp:featuredmedia":[{"embeddable":true,"href":"https:\/\/www.nettali.com\/rest\/wp\/v2\/media\/108184"}],"wp:attachment":[{"href":"https:\/\/www.nettali.com\/rest\/wp\/v2\/media?parent=108183"}],"wp:term":[{"taxonomy":"category","embeddable":true,"href":"https:\/\/www.nettali.com\/rest\/wp\/v2\/categories?post=108183"},{"taxonomy":"post_tag","embeddable":true,"href":"https:\/\/www.nettali.com\/rest\/wp\/v2\/tags?post=108183"}],"curies":[{"name":"wp","href":"https:\/\/api.w.org\/{rel}","templated":true}]}}