{"id":108179,"date":"2023-04-16T20:04:32","date_gmt":"2023-04-16T20:04:32","guid":{"rendered":"https:\/\/www.nettali.com\/?p=108179"},"modified":"2023-04-17T01:07:52","modified_gmt":"2023-04-17T01:07:52","slug":"proces-en-appel-sonko-mmn-ddd-gare-encore-ses-bus","status":"publish","type":"post","link":"https:\/\/www.nettali.com\/2023\/04\/16\/proces-en-appel-sonko-mmn-ddd-gare-encore-ses-bus\/","title":{"rendered":"EN COULISSES - Dakar Dem Dikk gare encore ses bus !"},"content":{"rendered":"<p><strong>NETTALI.COM - <\/strong>Encore une mauvaise nouvelle pour les usagers de Dakar Dem Dikk. la soci\u00e9t\u00e9 de transport en commun annonce que les \"<em>r\u00e9seaux\u00a0 urbain et interurbain sont suspendus pour la journ\u00e9e du lundi 17 avril<\/em>\".<\/p>\n<p>L'entreprise pr\u00e9sente \"<em>ses excuses \u00e0 ses usagers pour cette suspension temporaire du r\u00e9seau et esp\u00e8re les retrouver bient\u00f4t<\/em>\".<\/p>\n<p>Rappelons que le proc\u00e8s pour diffamation qui oppose le ministre Mame Mbaye Niang et l'opposant Ousmane Sonko sera jug\u00e9 en appel ce lundi 17 avril. Et c'est pour pr\u00e9venir contre les saccages dirig\u00e9s contre les bus de transport que la soci\u00e9t\u00e9 s'est r\u00e9solu \u00e0 les maintenir aux gares.<\/p>\n<div class='share-to-whatsapp-wrapper'><div class='share-on-whsp'>PARTAGER SUR : <\/div><a data-text='EN COULISSES - Dakar Dem Dikk gare encore ses bus !' data-link='https:\/\/www.nettali.com\/2023\/04\/16\/proces-en-appel-sonko-mmn-ddd-gare-encore-ses-bus\/' class='whatsapp-button whatsapp-share'>WhatsApp<\/a><div class='clear '><\/div><\/div>","protected":false},"excerpt":{"rendered":"<p>NETTALI.COM - Encore une mauvaise nouvelle pour les usagers de Dakar Dem Dikk. la soci\u00e9t\u00e9 de transport en commun annonce que les \"r\u00e9seaux\u00a0 urbain et interurbain sont suspendus pour la journ\u00e9e du lundi 17 avril\". L'entreprise pr\u00e9sente \"ses excuses \u00e0 ses usagers pour cette suspension temporaire du r\u00e9seau et esp\u00e8re les retrouver bient\u00f4t\". Rappelons que [&hellip;]<\/p>\n","protected":false},"author":5,"featured_media":107135,"comment_status":"open","ping_status":"open","sticky":false,"template":"","format":"standard","meta":{"_et_pb_use_builder":"","_et_pb_old_content":""},"categories":[34945],"tags":[],"yoast_head":"<!-- This site is optimized with the Yoast SEO Premium plugin v17.8 (Yoast SEO v17.8) - https:\/\/yoast.com\/wordpress\/plugins\/seo\/ -->\n<title>EN COULISSES - Dakar Dem Dikk gare encore ses bus ! | Nettali.com<\/title>\n<meta name=\"robots\" content=\"index, follow, max-snippet:-1, max-image-preview:large, max-video-preview:-1\" \/>\n<link rel=\"canonical\" href=\"https:\/\/www.nettali.com\/2023\/04\/16\/proces-en-appel-sonko-mmn-ddd-gare-encore-ses-bus\/\" \/>\n<meta property=\"og:locale\" content=\"fr_FR\" \/>\n<meta property=\"og:type\" content=\"article\" \/>\n<meta property=\"og:title\" content=\"EN COULISSES - Dakar Dem Dikk gare encore ses bus !\" \/>\n<meta property=\"og:description\" content=\"NETTALI.COM - Encore une mauvaise nouvelle pour les usagers de Dakar Dem Dikk. la soci\u00e9t\u00e9 de transport en commun annonce que les &quot;r\u00e9seaux\u00a0 urbain et interurbain sont suspendus pour la journ\u00e9e du lundi 17 avril&quot;. L&#039;entreprise pr\u00e9sente &quot;ses excuses \u00e0 ses usagers pour cette suspension temporaire du r\u00e9seau et esp\u00e8re les retrouver bient\u00f4t&quot;. Rappelons que [&hellip;]\" \/>\n<meta property=\"og:url\" content=\"https:\/\/www.nettali.com\/2023\/04\/16\/proces-en-appel-sonko-mmn-ddd-gare-encore-ses-bus\/\" \/>\n<meta property=\"og:site_name\" content=\"Nettali.com\" \/>\n<meta property=\"article:publisher\" content=\"https:\/\/www.facebook.com\/nettalicom\" \/>\n<meta property=\"article:published_time\" content=\"2023-04-16T20:04:32+00:00\" \/>\n<meta property=\"article:modified_time\" content=\"2023-04-17T01:07:52+00:00\" \/>\n<meta property=\"og:image\" content=\"https:\/\/www.nettali.com\/wp-content\/uploads\/2023\/03\/bus-dakardemdikk-cetud-2-scaled.jpg\" \/>\n\t<meta property=\"og:image:width\" content=\"2560\" \/>\n\t<meta property=\"og:image:height\" content=\"1439\" \/>\n<meta name=\"twitter:card\" content=\"summary_large_image\" \/>\n<meta name=\"twitter:label1\" content=\"\u00c9crit par\" \/>\n\t<meta name=\"twitter:data1\" content=\"Ibrahima\" \/>\n\t<meta name=\"twitter:label2\" content=\"Dur\u00e9e de lecture estim\u00e9e\" \/>\n\t<meta name=\"twitter:data2\" content=\"1 minute\" \/>\n<script type=\"application\/ld+json\" class=\"yoast-schema-graph\">{\"@context\":\"https:\/\/schema.org\",\"@graph\":[{\"@type\":\"WebSite\",\"@id\":\"https:\/\/www.nettali.com\/#website\",\"url\":\"https:\/\/www.nettali.com\/\",\"name\":\"Nettali.com\",\"description\":\"Le rendez-vous critique du Net\",\"potentialAction\":[{\"@type\":\"SearchAction\",\"target\":{\"@type\":\"EntryPoint\",\"urlTemplate\":\"https:\/\/www.nettali.com\/?s={search_term_string}\"},\"query-input\":\"required name=search_term_string\"}],\"inLanguage\":\"fr-FR\"},{\"@type\":\"ImageObject\",\"@id\":\"https:\/\/www.nettali.com\/2023\/04\/16\/proces-en-appel-sonko-mmn-ddd-gare-encore-ses-bus\/#primaryimage\",\"inLanguage\":\"fr-FR\",\"url\":\"https:\/\/www.nettali.com\/wp-content\/uploads\/2023\/03\/bus-dakardemdikk-cetud-2-scaled.jpg\",\"contentUrl\":\"https:\/\/www.nettali.com\/wp-content\/uploads\/2023\/03\/bus-dakardemdikk-cetud-2-scaled.jpg\",\"width\":2560,\"height\":1439},{\"@type\":\"WebPage\",\"@id\":\"https:\/\/www.nettali.com\/2023\/04\/16\/proces-en-appel-sonko-mmn-ddd-gare-encore-ses-bus\/#webpage\",\"url\":\"https:\/\/www.nettali.com\/2023\/04\/16\/proces-en-appel-sonko-mmn-ddd-gare-encore-ses-bus\/\",\"name\":\"EN COULISSES - Dakar Dem Dikk gare encore ses bus ! | Nettali.com\",\"isPartOf\":{\"@id\":\"https:\/\/www.nettali.com\/#website\"},\"primaryImageOfPage\":{\"@id\":\"https:\/\/www.nettali.com\/2023\/04\/16\/proces-en-appel-sonko-mmn-ddd-gare-encore-ses-bus\/#primaryimage\"},\"datePublished\":\"2023-04-16T20:04:32+00:00\",\"dateModified\":\"2023-04-17T01:07:52+00:00\",\"author\":{\"@id\":\"https:\/\/www.nettali.com\/#\/schema\/person\/bb147657c2986240405a608162b9bb23\"},\"breadcrumb\":{\"@id\":\"https:\/\/www.nettali.com\/2023\/04\/16\/proces-en-appel-sonko-mmn-ddd-gare-encore-ses-bus\/#breadcrumb\"},\"inLanguage\":\"fr-FR\",\"potentialAction\":[{\"@type\":\"ReadAction\",\"target\":[\"https:\/\/www.nettali.com\/2023\/04\/16\/proces-en-appel-sonko-mmn-ddd-gare-encore-ses-bus\/\"]}]},{\"@type\":\"BreadcrumbList\",\"@id\":\"https:\/\/www.nettali.com\/2023\/04\/16\/proces-en-appel-sonko-mmn-ddd-gare-encore-ses-bus\/#breadcrumb\",\"itemListElement\":[{\"@type\":\"ListItem\",\"position\":1,\"name\":\"Accueil\",\"item\":\"https:\/\/www.nettali.com\/\"},{\"@type\":\"ListItem\",\"position\":2,\"name\":\"EN COULISSES - Dakar Dem Dikk gare encore ses bus !\"}]},{\"@type\":\"Person\",\"@id\":\"https:\/\/www.nettali.com\/#\/schema\/person\/bb147657c2986240405a608162b9bb23\",\"name\":\"Ibrahima\",\"image\":{\"@type\":\"ImageObject\",\"@id\":\"https:\/\/www.nettali.com\/#personlogo\",\"inLanguage\":\"fr-FR\",\"url\":\"https:\/\/secure.gravatar.com\/avatar\/26a8a81f09f0dd7624c9d5c36c9ba3a2?s=96&d=mm&r=g\",\"contentUrl\":\"https:\/\/secure.gravatar.com\/avatar\/26a8a81f09f0dd7624c9d5c36c9ba3a2?s=96&d=mm&r=g\",\"caption\":\"Ibrahima\"},\"sameAs\":[\"https:\/\/www.nettali.com\"]}]}<\/script>\n<!-- \/ Yoast SEO Premium plugin. -->","yoast_head_json":{"title":"EN COULISSES - Dakar Dem Dikk gare encore ses bus ! | Nettali.com","robots":{"index":"index","follow":"follow","max-snippet":"max-snippet:-1","max-image-preview":"max-image-preview:large","max-video-preview":"max-video-preview:-1"},"canonical":"https:\/\/www.nettali.com\/2023\/04\/16\/proces-en-appel-sonko-mmn-ddd-gare-encore-ses-bus\/","og_locale":"fr_FR","og_type":"article","og_title":"EN COULISSES - Dakar Dem Dikk gare encore ses bus !","og_description":"NETTALI.COM - Encore une mauvaise nouvelle pour les usagers de Dakar Dem Dikk. la soci\u00e9t\u00e9 de transport en commun annonce que les \"r\u00e9seaux\u00a0 urbain et interurbain sont suspendus pour la journ\u00e9e du lundi 17 avril\". L'entreprise pr\u00e9sente \"ses excuses \u00e0 ses usagers pour cette suspension temporaire du r\u00e9seau et esp\u00e8re les retrouver bient\u00f4t\". Rappelons que [&hellip;]","og_url":"https:\/\/www.nettali.com\/2023\/04\/16\/proces-en-appel-sonko-mmn-ddd-gare-encore-ses-bus\/","og_site_name":"Nettali.com","article_publisher":"https:\/\/www.facebook.com\/nettalicom","article_published_time":"2023-04-16T20:04:32+00:00","article_modified_time":"2023-04-17T01:07:52+00:00","og_image":[{"width":2560,"height":1439,"url":"https:\/\/www.nettali.com\/wp-content\/uploads\/2023\/03\/bus-dakardemdikk-cetud-2-scaled.jpg","type":"image\/jpeg"}],"twitter_card":"summary_large_image","twitter_misc":{"\u00c9crit par":"Ibrahima","Dur\u00e9e de lecture estim\u00e9e":"1 minute"},"schema":{"@context":"https:\/\/schema.org","@graph":[{"@type":"WebSite","@id":"https:\/\/www.nettali.com\/#website","url":"https:\/\/www.nettali.com\/","name":"Nettali.com","description":"Le rendez-vous critique du Net","potentialAction":[{"@type":"SearchAction","target":{"@type":"EntryPoint","urlTemplate":"https:\/\/www.nettali.com\/?s={search_term_string}"},"query-input":"required name=search_term_string"}],"inLanguage":"fr-FR"},{"@type":"ImageObject","@id":"https:\/\/www.nettali.com\/2023\/04\/16\/proces-en-appel-sonko-mmn-ddd-gare-encore-ses-bus\/#primaryimage","inLanguage":"fr-FR","url":"https:\/\/www.nettali.com\/wp-content\/uploads\/2023\/03\/bus-dakardemdikk-cetud-2-scaled.jpg","contentUrl":"https:\/\/www.nettali.com\/wp-content\/uploads\/2023\/03\/bus-dakardemdikk-cetud-2-scaled.jpg","width":2560,"height":1439},{"@type":"WebPage","@id":"https:\/\/www.nettali.com\/2023\/04\/16\/proces-en-appel-sonko-mmn-ddd-gare-encore-ses-bus\/#webpage","url":"https:\/\/www.nettali.com\/2023\/04\/16\/proces-en-appel-sonko-mmn-ddd-gare-encore-ses-bus\/","name":"EN COULISSES - Dakar Dem Dikk gare encore ses bus ! | Nettali.com","isPartOf":{"@id":"https:\/\/www.nettali.com\/#website"},"primaryImageOfPage":{"@id":"https:\/\/www.nettali.com\/2023\/04\/16\/proces-en-appel-sonko-mmn-ddd-gare-encore-ses-bus\/#primaryimage"},"datePublished":"2023-04-16T20:04:32+00:00","dateModified":"2023-04-17T01:07:52+00:00","author":{"@id":"https:\/\/www.nettali.com\/#\/schema\/person\/bb147657c2986240405a608162b9bb23"},"breadcrumb":{"@id":"https:\/\/www.nettali.com\/2023\/04\/16\/proces-en-appel-sonko-mmn-ddd-gare-encore-ses-bus\/#breadcrumb"},"inLanguage":"fr-FR","potentialAction":[{"@type":"ReadAction","target":["https:\/\/www.nettali.com\/2023\/04\/16\/proces-en-appel-sonko-mmn-ddd-gare-encore-ses-bus\/"]}]},{"@type":"BreadcrumbList","@id":"https:\/\/www.nettali.com\/2023\/04\/16\/proces-en-appel-sonko-mmn-ddd-gare-encore-ses-bus\/#breadcrumb","itemListElement":[{"@type":"ListItem","position":1,"name":"Accueil","item":"https:\/\/www.nettali.com\/"},{"@type":"ListItem","position":2,"name":"EN COULISSES - Dakar Dem Dikk gare encore ses bus !"}]},{"@type":"Person","@id":"https:\/\/www.nettali.com\/#\/schema\/person\/bb147657c2986240405a608162b9bb23","name":"Ibrahima","image":{"@type":"ImageObject","@id":"https:\/\/www.nettali.com\/#personlogo","inLanguage":"fr-FR","url":"https:\/\/secure.gravatar.com\/avatar\/26a8a81f09f0dd7624c9d5c36c9ba3a2?s=96&d=mm&r=g","contentUrl":"https:\/\/secure.gravatar.com\/avatar\/26a8a81f09f0dd7624c9d5c36c9ba3a2?s=96&d=mm&r=g","caption":"Ibrahima"},"sameAs":["https:\/\/www.nettali.com"]}]}},"_links":{"self":[{"href":"https:\/\/www.nettali.com\/rest\/wp\/v2\/posts\/108179"}],"collection":[{"href":"https:\/\/www.nettali.com\/rest\/wp\/v2\/posts"}],"about":[{"href":"https:\/\/www.nettali.com\/rest\/wp\/v2\/types\/post"}],"author":[{"embeddable":true,"href":"https:\/\/www.nettali.com\/rest\/wp\/v2\/users\/5"}],"replies":[{"embeddable":true,"href":"https:\/\/www.nettali.com\/rest\/wp\/v2\/comments?post=108179"}],"version-history":[{"count":5,"href":"https:\/\/www.nettali.com\/rest\/wp\/v2\/posts\/108179\/revisions"}],"predecessor-version":[{"id":108196,"href":"https:\/\/www.nettali.com\/rest\/wp\/v2\/posts\/108179\/revisions\/108196"}],"wp:featuredmedia":[{"embeddable":true,"href":"https:\/\/www.nettali.com\/rest\/wp\/v2\/media\/107135"}],"wp:attachment":[{"href":"https:\/\/www.nettali.com\/rest\/wp\/v2\/media?parent=108179"}],"wp:term":[{"taxonomy":"category","embeddable":true,"href":"https:\/\/www.nettali.com\/rest\/wp\/v2\/categories?post=108179"},{"taxonomy":"post_tag","embeddable":true,"href":"https:\/\/www.nettali.com\/rest\/wp\/v2\/tags?post=108179"}],"curies":[{"name":"wp","href":"https:\/\/api.w.org\/{rel}","templated":true}]}}