{"id":108076,"date":"2023-04-14T16:58:32","date_gmt":"2023-04-14T16:58:32","guid":{"rendered":"https:\/\/www.nettali.com\/?p=108076"},"modified":"2023-04-16T18:35:24","modified_gmt":"2023-04-16T18:35:24","slug":"idrissa-seck-je-souhaite-que-sonko-soit-candidat-en-2024","status":"publish","type":"post","link":"https:\/\/www.nettali.com\/2023\/04\/14\/idrissa-seck-je-souhaite-que-sonko-soit-candidat-en-2024\/","title":{"rendered":"IDRISSA SECK - \"Je souhaite que Sonko soit candidat en 2024\""},"content":{"rendered":"<p><strong>NETTALI.COM - Idrissa Seck confirme avoir rendu visite \u00e0 Ousmane Sonko. Et m\u00eame s'il refuse de r\u00e9v\u00e9ler la teneur de ses discussions avec le leader de Pastef, le pr\u00e9sident du parti Rewmi soutient avoir jou\u00e9 les bons offices entre Macky Sall et son opposition.\u00a0<\/strong><\/p>\n<p>\"<em>Je soutiens la candidature d'Ousmane Sonko parce qu'il a le droit d'\u00eatre candidat<\/em>.\" Ces mots ont \u00e9t\u00e9 prononc\u00e9s ce vendredi \u00e0 Thi\u00e8s par Idrissa Seck. Le pr\u00e9sident du parti Rewmi confirme avoir rendu visite au leader de Pastef le 27 mars dernier. \"<em>Je suis all\u00e9 chez mon jeune fr\u00e8re ou neveu Ousmane Sonko. J'y suis all\u00e9 en moto et dissimul\u00e9<\/em>\", a laiss\u00e9 entendre le pr\u00e9sident du Conseil \u00e9conomique, social et environnemental (Cese). \"<em>Je souhaite que Ousmane Sonko soit candidat \u00e0 la pr\u00e9sidentielle de 2024 quelle que soit l'issue de son proc\u00e8s<\/em>\", a-t-il poursuivi.<\/p>\n<p>\"<em>Je veux que les jeunes de son parti<\/em> (Pastef, <strong>ndlr)<\/strong>\u00a0 <em>sachent que personne n'a peur de leur leader en tout cas pas moi qui ai failli \u00eatre son patron parce qu'il a voulu militer dans mon parti et il me l'a rappel\u00e9 quand je suis all\u00e9 le voir cher lui<\/em>\", soutient Idrissa Seck. Qui insinue ainsi qu'Ousmane Sonko a failli devenir militant de Rewmi.<\/p>\n<p>En outre, l'ancien maire de Thi\u00e8s rappelle que seules trois personnes n'ont pas le droit de d\u00e9poser leurs candidatures au Conseil constitutionnel. Il s'agit, selon lui, de celui n'a pas encore atteint l'\u00e2ge de se porter candidat, celui qui n'est exclusivement de nationalit\u00e9 s\u00e9n\u00e9galaise et celui qui a d\u00e9j\u00e0 exerc\u00e9 deux mandats cons\u00e9cutifs.<\/p>\n<div class='share-to-whatsapp-wrapper'><div class='share-on-whsp'>PARTAGER SUR : <\/div><a data-text='IDRISSA SECK - \"Je souhaite que Sonko soit candidat en 2024\"' data-link='https:\/\/www.nettali.com\/2023\/04\/14\/idrissa-seck-je-souhaite-que-sonko-soit-candidat-en-2024\/' class='whatsapp-button whatsapp-share'>WhatsApp<\/a><div class='clear '><\/div><\/div>","protected":false},"excerpt":{"rendered":"<p>NETTALI.COM - Idrissa Seck confirme avoir rendu visite \u00e0 Ousmane Sonko. Et m\u00eame s'il refuse de r\u00e9v\u00e9ler la teneur de ses discussions avec le leader de Pastef, le pr\u00e9sident du parti Rewmi soutient avoir jou\u00e9 les bons offices entre Macky Sall et son opposition.\u00a0 \"Je soutiens la candidature d'Ousmane Sonko parce qu'il a le droit [&hellip;]<\/p>\n","protected":false},"author":3,"featured_media":45157,"comment_status":"open","ping_status":"open","sticky":false,"template":"","format":"standard","meta":{"_et_pb_use_builder":"","_et_pb_old_content":""},"categories":[2],"tags":[],"yoast_head":"<!-- This site is optimized with the Yoast SEO Premium plugin v17.8 (Yoast SEO v17.8) - https:\/\/yoast.com\/wordpress\/plugins\/seo\/ -->\n<title>IDRISSA SECK - &quot;Je souhaite que Sonko soit candidat en 2024&quot; | Nettali.com<\/title>\n<meta name=\"robots\" content=\"index, follow, max-snippet:-1, max-image-preview:large, max-video-preview:-1\" \/>\n<link rel=\"canonical\" href=\"https:\/\/www.nettali.com\/2023\/04\/14\/idrissa-seck-je-souhaite-que-sonko-soit-candidat-en-2024\/\" \/>\n<meta property=\"og:locale\" content=\"fr_FR\" \/>\n<meta property=\"og:type\" content=\"article\" \/>\n<meta property=\"og:title\" content=\"IDRISSA SECK - &quot;Je souhaite que Sonko soit candidat en 2024&quot;\" \/>\n<meta property=\"og:description\" content=\"NETTALI.COM - Idrissa Seck confirme avoir rendu visite \u00e0 Ousmane Sonko. Et m\u00eame s&#039;il refuse de r\u00e9v\u00e9ler la teneur de ses discussions avec le leader de Pastef, le pr\u00e9sident du parti Rewmi soutient avoir jou\u00e9 les bons offices entre Macky Sall et son opposition.\u00a0 &quot;Je soutiens la candidature d&#039;Ousmane Sonko parce qu&#039;il a le droit [&hellip;]\" \/>\n<meta property=\"og:url\" content=\"https:\/\/www.nettali.com\/2023\/04\/14\/idrissa-seck-je-souhaite-que-sonko-soit-candidat-en-2024\/\" \/>\n<meta property=\"og:site_name\" content=\"Nettali.com\" \/>\n<meta property=\"article:publisher\" content=\"https:\/\/www.facebook.com\/nettalicom\" \/>\n<meta property=\"article:published_time\" content=\"2023-04-14T16:58:32+00:00\" \/>\n<meta property=\"article:modified_time\" content=\"2023-04-16T18:35:24+00:00\" \/>\n<meta property=\"og:image\" content=\"https:\/\/www.nettali.com\/wp-content\/uploads\/2020\/09\/idrissa_seck_sonreiendo_0_0.jpg\" \/>\n\t<meta property=\"og:image:width\" content=\"800\" \/>\n\t<meta property=\"og:image:height\" content=\"538\" \/>\n<meta name=\"twitter:card\" content=\"summary_large_image\" \/>\n<meta name=\"twitter:label1\" content=\"\u00c9crit par\" \/>\n\t<meta name=\"twitter:data1\" content=\"Moustapha\" \/>\n\t<meta name=\"twitter:label2\" content=\"Dur\u00e9e de lecture estim\u00e9e\" \/>\n\t<meta name=\"twitter:data2\" content=\"2 minutes\" \/>\n<script type=\"application\/ld+json\" class=\"yoast-schema-graph\">{\"@context\":\"https:\/\/schema.org\",\"@graph\":[{\"@type\":\"WebSite\",\"@id\":\"https:\/\/www.nettali.com\/#website\",\"url\":\"https:\/\/www.nettali.com\/\",\"name\":\"Nettali.com\",\"description\":\"Le rendez-vous critique du Net\",\"potentialAction\":[{\"@type\":\"SearchAction\",\"target\":{\"@type\":\"EntryPoint\",\"urlTemplate\":\"https:\/\/www.nettali.com\/?s={search_term_string}\"},\"query-input\":\"required name=search_term_string\"}],\"inLanguage\":\"fr-FR\"},{\"@type\":\"ImageObject\",\"@id\":\"https:\/\/www.nettali.com\/2023\/04\/14\/idrissa-seck-je-souhaite-que-sonko-soit-candidat-en-2024\/#primaryimage\",\"inLanguage\":\"fr-FR\",\"url\":\"https:\/\/www.nettali.com\/wp-content\/uploads\/2020\/09\/idrissa_seck_sonreiendo_0_0.jpg\",\"contentUrl\":\"https:\/\/www.nettali.com\/wp-content\/uploads\/2020\/09\/idrissa_seck_sonreiendo_0_0.jpg\",\"width\":800,\"height\":538},{\"@type\":\"WebPage\",\"@id\":\"https:\/\/www.nettali.com\/2023\/04\/14\/idrissa-seck-je-souhaite-que-sonko-soit-candidat-en-2024\/#webpage\",\"url\":\"https:\/\/www.nettali.com\/2023\/04\/14\/idrissa-seck-je-souhaite-que-sonko-soit-candidat-en-2024\/\",\"name\":\"IDRISSA SECK - \\\"Je souhaite que Sonko soit candidat en 2024\\\" | Nettali.com\",\"isPartOf\":{\"@id\":\"https:\/\/www.nettali.com\/#website\"},\"primaryImageOfPage\":{\"@id\":\"https:\/\/www.nettali.com\/2023\/04\/14\/idrissa-seck-je-souhaite-que-sonko-soit-candidat-en-2024\/#primaryimage\"},\"datePublished\":\"2023-04-14T16:58:32+00:00\",\"dateModified\":\"2023-04-16T18:35:24+00:00\",\"author\":{\"@id\":\"https:\/\/www.nettali.com\/#\/schema\/person\/7962a12a6e0267f88f0ffa544c36469a\"},\"breadcrumb\":{\"@id\":\"https:\/\/www.nettali.com\/2023\/04\/14\/idrissa-seck-je-souhaite-que-sonko-soit-candidat-en-2024\/#breadcrumb\"},\"inLanguage\":\"fr-FR\",\"potentialAction\":[{\"@type\":\"ReadAction\",\"target\":[\"https:\/\/www.nettali.com\/2023\/04\/14\/idrissa-seck-je-souhaite-que-sonko-soit-candidat-en-2024\/\"]}]},{\"@type\":\"BreadcrumbList\",\"@id\":\"https:\/\/www.nettali.com\/2023\/04\/14\/idrissa-seck-je-souhaite-que-sonko-soit-candidat-en-2024\/#breadcrumb\",\"itemListElement\":[{\"@type\":\"ListItem\",\"position\":1,\"name\":\"Accueil\",\"item\":\"https:\/\/www.nettali.com\/\"},{\"@type\":\"ListItem\",\"position\":2,\"name\":\"IDRISSA SECK - \\\"Je souhaite que Sonko soit candidat en 2024\\\"\"}]},{\"@type\":\"Person\",\"@id\":\"https:\/\/www.nettali.com\/#\/schema\/person\/7962a12a6e0267f88f0ffa544c36469a\",\"name\":\"Moustapha\",\"image\":{\"@type\":\"ImageObject\",\"@id\":\"https:\/\/www.nettali.com\/#personlogo\",\"inLanguage\":\"fr-FR\",\"url\":\"https:\/\/secure.gravatar.com\/avatar\/10fdf6a071cccdcf374e3dbe45159590?s=96&d=mm&r=g\",\"contentUrl\":\"https:\/\/secure.gravatar.com\/avatar\/10fdf6a071cccdcf374e3dbe45159590?s=96&d=mm&r=g\",\"caption\":\"Moustapha\"},\"sameAs\":[\"https:\/\/www.nettali.com\"]}]}<\/script>\n<!-- \/ Yoast SEO Premium plugin. -->","yoast_head_json":{"title":"IDRISSA SECK - \"Je souhaite que Sonko soit candidat en 2024\" | Nettali.com","robots":{"index":"index","follow":"follow","max-snippet":"max-snippet:-1","max-image-preview":"max-image-preview:large","max-video-preview":"max-video-preview:-1"},"canonical":"https:\/\/www.nettali.com\/2023\/04\/14\/idrissa-seck-je-souhaite-que-sonko-soit-candidat-en-2024\/","og_locale":"fr_FR","og_type":"article","og_title":"IDRISSA SECK - \"Je souhaite que Sonko soit candidat en 2024\"","og_description":"NETTALI.COM - Idrissa Seck confirme avoir rendu visite \u00e0 Ousmane Sonko. Et m\u00eame s'il refuse de r\u00e9v\u00e9ler la teneur de ses discussions avec le leader de Pastef, le pr\u00e9sident du parti Rewmi soutient avoir jou\u00e9 les bons offices entre Macky Sall et son opposition.\u00a0 \"Je soutiens la candidature d'Ousmane Sonko parce qu'il a le droit [&hellip;]","og_url":"https:\/\/www.nettali.com\/2023\/04\/14\/idrissa-seck-je-souhaite-que-sonko-soit-candidat-en-2024\/","og_site_name":"Nettali.com","article_publisher":"https:\/\/www.facebook.com\/nettalicom","article_published_time":"2023-04-14T16:58:32+00:00","article_modified_time":"2023-04-16T18:35:24+00:00","og_image":[{"width":800,"height":538,"url":"https:\/\/www.nettali.com\/wp-content\/uploads\/2020\/09\/idrissa_seck_sonreiendo_0_0.jpg","type":"image\/jpeg"}],"twitter_card":"summary_large_image","twitter_misc":{"\u00c9crit par":"Moustapha","Dur\u00e9e de lecture estim\u00e9e":"2 minutes"},"schema":{"@context":"https:\/\/schema.org","@graph":[{"@type":"WebSite","@id":"https:\/\/www.nettali.com\/#website","url":"https:\/\/www.nettali.com\/","name":"Nettali.com","description":"Le rendez-vous critique du Net","potentialAction":[{"@type":"SearchAction","target":{"@type":"EntryPoint","urlTemplate":"https:\/\/www.nettali.com\/?s={search_term_string}"},"query-input":"required name=search_term_string"}],"inLanguage":"fr-FR"},{"@type":"ImageObject","@id":"https:\/\/www.nettali.com\/2023\/04\/14\/idrissa-seck-je-souhaite-que-sonko-soit-candidat-en-2024\/#primaryimage","inLanguage":"fr-FR","url":"https:\/\/www.nettali.com\/wp-content\/uploads\/2020\/09\/idrissa_seck_sonreiendo_0_0.jpg","contentUrl":"https:\/\/www.nettali.com\/wp-content\/uploads\/2020\/09\/idrissa_seck_sonreiendo_0_0.jpg","width":800,"height":538},{"@type":"WebPage","@id":"https:\/\/www.nettali.com\/2023\/04\/14\/idrissa-seck-je-souhaite-que-sonko-soit-candidat-en-2024\/#webpage","url":"https:\/\/www.nettali.com\/2023\/04\/14\/idrissa-seck-je-souhaite-que-sonko-soit-candidat-en-2024\/","name":"IDRISSA SECK - \"Je souhaite que Sonko soit candidat en 2024\" | Nettali.com","isPartOf":{"@id":"https:\/\/www.nettali.com\/#website"},"primaryImageOfPage":{"@id":"https:\/\/www.nettali.com\/2023\/04\/14\/idrissa-seck-je-souhaite-que-sonko-soit-candidat-en-2024\/#primaryimage"},"datePublished":"2023-04-14T16:58:32+00:00","dateModified":"2023-04-16T18:35:24+00:00","author":{"@id":"https:\/\/www.nettali.com\/#\/schema\/person\/7962a12a6e0267f88f0ffa544c36469a"},"breadcrumb":{"@id":"https:\/\/www.nettali.com\/2023\/04\/14\/idrissa-seck-je-souhaite-que-sonko-soit-candidat-en-2024\/#breadcrumb"},"inLanguage":"fr-FR","potentialAction":[{"@type":"ReadAction","target":["https:\/\/www.nettali.com\/2023\/04\/14\/idrissa-seck-je-souhaite-que-sonko-soit-candidat-en-2024\/"]}]},{"@type":"BreadcrumbList","@id":"https:\/\/www.nettali.com\/2023\/04\/14\/idrissa-seck-je-souhaite-que-sonko-soit-candidat-en-2024\/#breadcrumb","itemListElement":[{"@type":"ListItem","position":1,"name":"Accueil","item":"https:\/\/www.nettali.com\/"},{"@type":"ListItem","position":2,"name":"IDRISSA SECK - \"Je souhaite que Sonko soit candidat en 2024\""}]},{"@type":"Person","@id":"https:\/\/www.nettali.com\/#\/schema\/person\/7962a12a6e0267f88f0ffa544c36469a","name":"Moustapha","image":{"@type":"ImageObject","@id":"https:\/\/www.nettali.com\/#personlogo","inLanguage":"fr-FR","url":"https:\/\/secure.gravatar.com\/avatar\/10fdf6a071cccdcf374e3dbe45159590?s=96&d=mm&r=g","contentUrl":"https:\/\/secure.gravatar.com\/avatar\/10fdf6a071cccdcf374e3dbe45159590?s=96&d=mm&r=g","caption":"Moustapha"},"sameAs":["https:\/\/www.nettali.com"]}]}},"_links":{"self":[{"href":"https:\/\/www.nettali.com\/rest\/wp\/v2\/posts\/108076"}],"collection":[{"href":"https:\/\/www.nettali.com\/rest\/wp\/v2\/posts"}],"about":[{"href":"https:\/\/www.nettali.com\/rest\/wp\/v2\/types\/post"}],"author":[{"embeddable":true,"href":"https:\/\/www.nettali.com\/rest\/wp\/v2\/users\/3"}],"replies":[{"embeddable":true,"href":"https:\/\/www.nettali.com\/rest\/wp\/v2\/comments?post=108076"}],"version-history":[{"count":2,"href":"https:\/\/www.nettali.com\/rest\/wp\/v2\/posts\/108076\/revisions"}],"predecessor-version":[{"id":108082,"href":"https:\/\/www.nettali.com\/rest\/wp\/v2\/posts\/108076\/revisions\/108082"}],"wp:featuredmedia":[{"embeddable":true,"href":"https:\/\/www.nettali.com\/rest\/wp\/v2\/media\/45157"}],"wp:attachment":[{"href":"https:\/\/www.nettali.com\/rest\/wp\/v2\/media?parent=108076"}],"wp:term":[{"taxonomy":"category","embeddable":true,"href":"https:\/\/www.nettali.com\/rest\/wp\/v2\/categories?post=108076"},{"taxonomy":"post_tag","embeddable":true,"href":"https:\/\/www.nettali.com\/rest\/wp\/v2\/tags?post=108076"}],"curies":[{"name":"wp","href":"https:\/\/api.w.org\/{rel}","templated":true}]}}