{"id":108074,"date":"2023-04-14T16:29:07","date_gmt":"2023-04-14T16:29:07","guid":{"rendered":"https:\/\/www.nettali.com\/?p=108074"},"modified":"2023-04-15T05:58:18","modified_gmt":"2023-04-15T05:58:18","slug":"7-mois-apres-leur-installation-les-deputes-de-yaw-denoncent-la-lethargie-de-lassemblee","status":"publish","type":"post","link":"https:\/\/www.nettali.com\/2023\/04\/14\/7-mois-apres-leur-installation-les-deputes-de-yaw-denoncent-la-lethargie-de-lassemblee\/","title":{"rendered":"EN COULISSES - Les d\u00e9put\u00e9s de Yaw et la l\u00e9thargie de l\u2019Assembl\u00e9e nationale"},"content":{"rendered":"<p><strong>NETTALI.COM -<\/strong>\u00a0Les d\u00e9put\u00e9s de la coalition Yewwi Askan Wi ont, ce vendredi 14 avril, fait face \u00e0 la presse. C'est pour faire un bilan, 7 mois apr\u00e8s leur installation \u00e0 l'h\u00e9micycle. Des parlementaires de l\u2019opposition, pas satisfaits du fonctionnement de l\u2019Assembl\u00e9e nationale et de la mani\u00e8re de faire de leur pr\u00e9sident, en l\u2019occurrence Amadou Mame Diop. Ils ont ainsi d\u00e9nonc\u00e9 la l\u00e9thargie not\u00e9e \u00e0 l\u2019Assembl\u00e9e nationale.<\/p>\n<p>D\u2019apr\u00e8s leur porte-parole, le parlementaire Ayib Daff\u00e9, depuis le mois de d\u00e9cembre, il n'y a pas eu de pl\u00e9ni\u00e8re, alors que mart\u00e8le-t-il\u00a0:\u00a0\u00ab<em>\u00a0le gouvernement doit venir toutes les deux semaines \u00e0 l'h\u00e9micycle pour r\u00e9pondre aux questions. Il y a une ambition de b\u00e2illonner le peuple, par le pr\u00e9sident Amadou Mame Diop\u00a0<\/em>\u00bb.\u00a0 Cependant, il semble dire que les d\u00e9put\u00e9s de leur coalition ont su jouer le r\u00f4le. \u00ab\u00a0<em>Nous avions promis d'apporter la rupture et nous avons fait de notre mieux pour respecter notre parole. Nous avions soulev\u00e9 les contradictions du budget pr\u00e9sent\u00e9 et aujourd'hui, on se rend compte que l'avenir nous a donn\u00e9 raison. D\u00e8s la fin de la session budg\u00e9taire, les prix des denr\u00e9es ont connu une hausse due au surendettement\u00a0<\/em>\u00bb, a d\u00e9clar\u00e9 Ayib Daff\u00e9.<\/p>\n<p>Poursuivant, il a laiss\u00e9 entendre que ses camarades n\u2019ont pas \u00e9t\u00e9 des figurants \u00e0 l\u2019Assembl\u00e9e. Car, justifie-t-il : \u00ab <em>105 questions au gouvernement dont 62 questions \u00e9crites ont \u00e9t\u00e9 pos\u00e9es. Parmi les 62, seules 18 r\u00e9ponses ont \u00e9t\u00e9 re\u00e7ues. 30 questions orales traitant de probl\u00e8mes en rapport avec plusieurs domaines comme la p\u00eache ont \u00e9t\u00e9 d\u00e9pos\u00e9es sur la table du gouvernement et qui restent jusque l\u00e0 sans r\u00e9ponse, comme les 13 questions d'actualit\u00e9<\/em> \u00bb, a-t-il soutenu pour le regretter.<\/p>\n<p>Mieux, il ajoute que \u00a0trois r\u00e9solutions pour l'ouverture de commissions d'enqu\u00eate parlementaires sur la poste, sur les 45 milliards d\u00e9pens\u00e9s pour l'achat d'armement pour les agents des eaux et for\u00eats\u00a0 et sur le contrat qui lie l'Etat du S\u00e9n\u00e9gal au courtier en armement Idan Perezt ont \u00e9t\u00e9 d\u00e9pos\u00e9es. \u00ab <em>Nous avons aussi demand\u00e9 l'ouverture d'enqu\u00eates parlementaires pour que les ministres cit\u00e9s dans le rapport de la Cour des comptes soient traduits devant la Haute cour de justice, mais aussi pour que les ministres de l'Int\u00e9rieur et de la D\u00e9fense soient aussi traduits pour les actes de r\u00e9pression not\u00e9s durant certaines manifestations causant m\u00eame la mort d'une vingtaine de personnes<\/em> \u00bb, a indiqu\u00e9 le parlementaire.<\/p>\n<div class='share-to-whatsapp-wrapper'><div class='share-on-whsp'>PARTAGER SUR : <\/div><a data-text='EN COULISSES - Les d\u00e9put\u00e9s de Yaw et la l\u00e9thargie de l\u2019Assembl\u00e9e nationale' data-link='https:\/\/www.nettali.com\/2023\/04\/14\/7-mois-apres-leur-installation-les-deputes-de-yaw-denoncent-la-lethargie-de-lassemblee\/' class='whatsapp-button whatsapp-share'>WhatsApp<\/a><div class='clear '><\/div><\/div>","protected":false},"excerpt":{"rendered":"<p>NETTALI.COM -\u00a0Les d\u00e9put\u00e9s de la coalition Yewwi Askan Wi ont, ce vendredi 14 avril, fait face \u00e0 la presse. C'est pour faire un bilan, 7 mois apr\u00e8s leur installation \u00e0 l'h\u00e9micycle. Des parlementaires de l\u2019opposition, pas satisfaits du fonctionnement de l\u2019Assembl\u00e9e nationale et de la mani\u00e8re de faire de leur pr\u00e9sident, en l\u2019occurrence Amadou Mame [&hellip;]<\/p>\n","protected":false},"author":6,"featured_media":108079,"comment_status":"open","ping_status":"open","sticky":false,"template":"","format":"standard","meta":{"_et_pb_use_builder":"","_et_pb_old_content":""},"categories":[34945],"tags":[],"yoast_head":"<!-- This site is optimized with the Yoast SEO Premium plugin v17.8 (Yoast SEO v17.8) - https:\/\/yoast.com\/wordpress\/plugins\/seo\/ -->\n<title>EN COULISSES - Les d\u00e9put\u00e9s de Yaw et la l\u00e9thargie de l\u2019Assembl\u00e9e nationale | Nettali.com<\/title>\n<meta name=\"robots\" content=\"index, follow, max-snippet:-1, max-image-preview:large, max-video-preview:-1\" \/>\n<link rel=\"canonical\" href=\"https:\/\/www.nettali.com\/2023\/04\/14\/7-mois-apres-leur-installation-les-deputes-de-yaw-denoncent-la-lethargie-de-lassemblee\/\" \/>\n<meta property=\"og:locale\" content=\"fr_FR\" \/>\n<meta property=\"og:type\" content=\"article\" \/>\n<meta property=\"og:title\" content=\"EN COULISSES - Les d\u00e9put\u00e9s de Yaw et la l\u00e9thargie de l\u2019Assembl\u00e9e nationale\" \/>\n<meta property=\"og:description\" content=\"NETTALI.COM -\u00a0Les d\u00e9put\u00e9s de la coalition Yewwi Askan Wi ont, ce vendredi 14 avril, fait face \u00e0 la presse. C&#039;est pour faire un bilan, 7 mois apr\u00e8s leur installation \u00e0 l&#039;h\u00e9micycle. Des parlementaires de l\u2019opposition, pas satisfaits du fonctionnement de l\u2019Assembl\u00e9e nationale et de la mani\u00e8re de faire de leur pr\u00e9sident, en l\u2019occurrence Amadou Mame [&hellip;]\" \/>\n<meta property=\"og:url\" content=\"https:\/\/www.nettali.com\/2023\/04\/14\/7-mois-apres-leur-installation-les-deputes-de-yaw-denoncent-la-lethargie-de-lassemblee\/\" \/>\n<meta property=\"og:site_name\" content=\"Nettali.com\" \/>\n<meta property=\"article:publisher\" content=\"https:\/\/www.facebook.com\/nettalicom\" \/>\n<meta property=\"article:published_time\" content=\"2023-04-14T16:29:07+00:00\" \/>\n<meta property=\"article:modified_time\" content=\"2023-04-15T05:58:18+00:00\" \/>\n<meta property=\"og:image\" content=\"https:\/\/www.nettali.com\/wp-content\/uploads\/2023\/04\/Deputes-yaw.jpeg\" \/>\n\t<meta property=\"og:image:width\" content=\"820\" \/>\n\t<meta property=\"og:image:height\" content=\"369\" \/>\n<meta name=\"twitter:card\" content=\"summary_large_image\" \/>\n<meta name=\"twitter:label1\" content=\"\u00c9crit par\" \/>\n\t<meta name=\"twitter:data1\" content=\"Fatou\" \/>\n\t<meta name=\"twitter:label2\" content=\"Dur\u00e9e de lecture estim\u00e9e\" \/>\n\t<meta name=\"twitter:data2\" content=\"2 minutes\" \/>\n<script type=\"application\/ld+json\" class=\"yoast-schema-graph\">{\"@context\":\"https:\/\/schema.org\",\"@graph\":[{\"@type\":\"WebSite\",\"@id\":\"https:\/\/www.nettali.com\/#website\",\"url\":\"https:\/\/www.nettali.com\/\",\"name\":\"Nettali.com\",\"description\":\"Le rendez-vous critique du Net\",\"potentialAction\":[{\"@type\":\"SearchAction\",\"target\":{\"@type\":\"EntryPoint\",\"urlTemplate\":\"https:\/\/www.nettali.com\/?s={search_term_string}\"},\"query-input\":\"required name=search_term_string\"}],\"inLanguage\":\"fr-FR\"},{\"@type\":\"ImageObject\",\"@id\":\"https:\/\/www.nettali.com\/2023\/04\/14\/7-mois-apres-leur-installation-les-deputes-de-yaw-denoncent-la-lethargie-de-lassemblee\/#primaryimage\",\"inLanguage\":\"fr-FR\",\"url\":\"https:\/\/www.nettali.com\/wp-content\/uploads\/2023\/04\/Deputes-yaw.jpeg\",\"contentUrl\":\"https:\/\/www.nettali.com\/wp-content\/uploads\/2023\/04\/Deputes-yaw.jpeg\",\"width\":820,\"height\":369},{\"@type\":\"WebPage\",\"@id\":\"https:\/\/www.nettali.com\/2023\/04\/14\/7-mois-apres-leur-installation-les-deputes-de-yaw-denoncent-la-lethargie-de-lassemblee\/#webpage\",\"url\":\"https:\/\/www.nettali.com\/2023\/04\/14\/7-mois-apres-leur-installation-les-deputes-de-yaw-denoncent-la-lethargie-de-lassemblee\/\",\"name\":\"EN COULISSES - Les d\\u00e9put\\u00e9s de Yaw et la l\\u00e9thargie de l\\u2019Assembl\\u00e9e nationale | Nettali.com\",\"isPartOf\":{\"@id\":\"https:\/\/www.nettali.com\/#website\"},\"primaryImageOfPage\":{\"@id\":\"https:\/\/www.nettali.com\/2023\/04\/14\/7-mois-apres-leur-installation-les-deputes-de-yaw-denoncent-la-lethargie-de-lassemblee\/#primaryimage\"},\"datePublished\":\"2023-04-14T16:29:07+00:00\",\"dateModified\":\"2023-04-15T05:58:18+00:00\",\"author\":{\"@id\":\"https:\/\/www.nettali.com\/#\/schema\/person\/418274a86bdf87caff7a3ef476bd0bbf\"},\"breadcrumb\":{\"@id\":\"https:\/\/www.nettali.com\/2023\/04\/14\/7-mois-apres-leur-installation-les-deputes-de-yaw-denoncent-la-lethargie-de-lassemblee\/#breadcrumb\"},\"inLanguage\":\"fr-FR\",\"potentialAction\":[{\"@type\":\"ReadAction\",\"target\":[\"https:\/\/www.nettali.com\/2023\/04\/14\/7-mois-apres-leur-installation-les-deputes-de-yaw-denoncent-la-lethargie-de-lassemblee\/\"]}]},{\"@type\":\"BreadcrumbList\",\"@id\":\"https:\/\/www.nettali.com\/2023\/04\/14\/7-mois-apres-leur-installation-les-deputes-de-yaw-denoncent-la-lethargie-de-lassemblee\/#breadcrumb\",\"itemListElement\":[{\"@type\":\"ListItem\",\"position\":1,\"name\":\"Accueil\",\"item\":\"https:\/\/www.nettali.com\/\"},{\"@type\":\"ListItem\",\"position\":2,\"name\":\"EN COULISSES - Les d\\u00e9put\\u00e9s de Yaw et la l\\u00e9thargie de l\\u2019Assembl\\u00e9e nationale\"}]},{\"@type\":\"Person\",\"@id\":\"https:\/\/www.nettali.com\/#\/schema\/person\/418274a86bdf87caff7a3ef476bd0bbf\",\"name\":\"Fatou\",\"image\":{\"@type\":\"ImageObject\",\"@id\":\"https:\/\/www.nettali.com\/#personlogo\",\"inLanguage\":\"fr-FR\",\"url\":\"https:\/\/secure.gravatar.com\/avatar\/5a9442a2bee7b4dcf167cab035858e9a?s=96&d=mm&r=g\",\"contentUrl\":\"https:\/\/secure.gravatar.com\/avatar\/5a9442a2bee7b4dcf167cab035858e9a?s=96&d=mm&r=g\",\"caption\":\"Fatou\"},\"sameAs\":[\"https:\/\/www.nettali.com\"]}]}<\/script>\n<!-- \/ Yoast SEO Premium plugin. -->","yoast_head_json":{"title":"EN COULISSES - Les d\u00e9put\u00e9s de Yaw et la l\u00e9thargie de l\u2019Assembl\u00e9e nationale | Nettali.com","robots":{"index":"index","follow":"follow","max-snippet":"max-snippet:-1","max-image-preview":"max-image-preview:large","max-video-preview":"max-video-preview:-1"},"canonical":"https:\/\/www.nettali.com\/2023\/04\/14\/7-mois-apres-leur-installation-les-deputes-de-yaw-denoncent-la-lethargie-de-lassemblee\/","og_locale":"fr_FR","og_type":"article","og_title":"EN COULISSES - Les d\u00e9put\u00e9s de Yaw et la l\u00e9thargie de l\u2019Assembl\u00e9e nationale","og_description":"NETTALI.COM -\u00a0Les d\u00e9put\u00e9s de la coalition Yewwi Askan Wi ont, ce vendredi 14 avril, fait face \u00e0 la presse. C'est pour faire un bilan, 7 mois apr\u00e8s leur installation \u00e0 l'h\u00e9micycle. Des parlementaires de l\u2019opposition, pas satisfaits du fonctionnement de l\u2019Assembl\u00e9e nationale et de la mani\u00e8re de faire de leur pr\u00e9sident, en l\u2019occurrence Amadou Mame [&hellip;]","og_url":"https:\/\/www.nettali.com\/2023\/04\/14\/7-mois-apres-leur-installation-les-deputes-de-yaw-denoncent-la-lethargie-de-lassemblee\/","og_site_name":"Nettali.com","article_publisher":"https:\/\/www.facebook.com\/nettalicom","article_published_time":"2023-04-14T16:29:07+00:00","article_modified_time":"2023-04-15T05:58:18+00:00","og_image":[{"width":820,"height":369,"url":"https:\/\/www.nettali.com\/wp-content\/uploads\/2023\/04\/Deputes-yaw.jpeg","type":"image\/jpeg"}],"twitter_card":"summary_large_image","twitter_misc":{"\u00c9crit par":"Fatou","Dur\u00e9e de lecture estim\u00e9e":"2 minutes"},"schema":{"@context":"https:\/\/schema.org","@graph":[{"@type":"WebSite","@id":"https:\/\/www.nettali.com\/#website","url":"https:\/\/www.nettali.com\/","name":"Nettali.com","description":"Le rendez-vous critique du Net","potentialAction":[{"@type":"SearchAction","target":{"@type":"EntryPoint","urlTemplate":"https:\/\/www.nettali.com\/?s={search_term_string}"},"query-input":"required name=search_term_string"}],"inLanguage":"fr-FR"},{"@type":"ImageObject","@id":"https:\/\/www.nettali.com\/2023\/04\/14\/7-mois-apres-leur-installation-les-deputes-de-yaw-denoncent-la-lethargie-de-lassemblee\/#primaryimage","inLanguage":"fr-FR","url":"https:\/\/www.nettali.com\/wp-content\/uploads\/2023\/04\/Deputes-yaw.jpeg","contentUrl":"https:\/\/www.nettali.com\/wp-content\/uploads\/2023\/04\/Deputes-yaw.jpeg","width":820,"height":369},{"@type":"WebPage","@id":"https:\/\/www.nettali.com\/2023\/04\/14\/7-mois-apres-leur-installation-les-deputes-de-yaw-denoncent-la-lethargie-de-lassemblee\/#webpage","url":"https:\/\/www.nettali.com\/2023\/04\/14\/7-mois-apres-leur-installation-les-deputes-de-yaw-denoncent-la-lethargie-de-lassemblee\/","name":"EN COULISSES - Les d\u00e9put\u00e9s de Yaw et la l\u00e9thargie de l\u2019Assembl\u00e9e nationale | Nettali.com","isPartOf":{"@id":"https:\/\/www.nettali.com\/#website"},"primaryImageOfPage":{"@id":"https:\/\/www.nettali.com\/2023\/04\/14\/7-mois-apres-leur-installation-les-deputes-de-yaw-denoncent-la-lethargie-de-lassemblee\/#primaryimage"},"datePublished":"2023-04-14T16:29:07+00:00","dateModified":"2023-04-15T05:58:18+00:00","author":{"@id":"https:\/\/www.nettali.com\/#\/schema\/person\/418274a86bdf87caff7a3ef476bd0bbf"},"breadcrumb":{"@id":"https:\/\/www.nettali.com\/2023\/04\/14\/7-mois-apres-leur-installation-les-deputes-de-yaw-denoncent-la-lethargie-de-lassemblee\/#breadcrumb"},"inLanguage":"fr-FR","potentialAction":[{"@type":"ReadAction","target":["https:\/\/www.nettali.com\/2023\/04\/14\/7-mois-apres-leur-installation-les-deputes-de-yaw-denoncent-la-lethargie-de-lassemblee\/"]}]},{"@type":"BreadcrumbList","@id":"https:\/\/www.nettali.com\/2023\/04\/14\/7-mois-apres-leur-installation-les-deputes-de-yaw-denoncent-la-lethargie-de-lassemblee\/#breadcrumb","itemListElement":[{"@type":"ListItem","position":1,"name":"Accueil","item":"https:\/\/www.nettali.com\/"},{"@type":"ListItem","position":2,"name":"EN COULISSES - Les d\u00e9put\u00e9s de Yaw et la l\u00e9thargie de l\u2019Assembl\u00e9e nationale"}]},{"@type":"Person","@id":"https:\/\/www.nettali.com\/#\/schema\/person\/418274a86bdf87caff7a3ef476bd0bbf","name":"Fatou","image":{"@type":"ImageObject","@id":"https:\/\/www.nettali.com\/#personlogo","inLanguage":"fr-FR","url":"https:\/\/secure.gravatar.com\/avatar\/5a9442a2bee7b4dcf167cab035858e9a?s=96&d=mm&r=g","contentUrl":"https:\/\/secure.gravatar.com\/avatar\/5a9442a2bee7b4dcf167cab035858e9a?s=96&d=mm&r=g","caption":"Fatou"},"sameAs":["https:\/\/www.nettali.com"]}]}},"_links":{"self":[{"href":"https:\/\/www.nettali.com\/rest\/wp\/v2\/posts\/108074"}],"collection":[{"href":"https:\/\/www.nettali.com\/rest\/wp\/v2\/posts"}],"about":[{"href":"https:\/\/www.nettali.com\/rest\/wp\/v2\/types\/post"}],"author":[{"embeddable":true,"href":"https:\/\/www.nettali.com\/rest\/wp\/v2\/users\/6"}],"replies":[{"embeddable":true,"href":"https:\/\/www.nettali.com\/rest\/wp\/v2\/comments?post=108074"}],"version-history":[{"count":5,"href":"https:\/\/www.nettali.com\/rest\/wp\/v2\/posts\/108074\/revisions"}],"predecessor-version":[{"id":108110,"href":"https:\/\/www.nettali.com\/rest\/wp\/v2\/posts\/108074\/revisions\/108110"}],"wp:featuredmedia":[{"embeddable":true,"href":"https:\/\/www.nettali.com\/rest\/wp\/v2\/media\/108079"}],"wp:attachment":[{"href":"https:\/\/www.nettali.com\/rest\/wp\/v2\/media?parent=108074"}],"wp:term":[{"taxonomy":"category","embeddable":true,"href":"https:\/\/www.nettali.com\/rest\/wp\/v2\/categories?post=108074"},{"taxonomy":"post_tag","embeddable":true,"href":"https:\/\/www.nettali.com\/rest\/wp\/v2\/tags?post=108074"}],"curies":[{"name":"wp","href":"https:\/\/api.w.org\/{rel}","templated":true}]}}