{"id":107964,"date":"2023-04-13T09:16:22","date_gmt":"2023-04-13T09:16:22","guid":{"rendered":"https:\/\/www.nettali.com\/?p=107964"},"modified":"2023-04-13T18:59:58","modified_gmt":"2023-04-13T18:59:58","slug":"tribunal-de-dakar-second-retour-de-parquet-pour-assane-diouf","status":"publish","type":"post","link":"https:\/\/www.nettali.com\/2023\/04\/13\/tribunal-de-dakar-second-retour-de-parquet-pour-assane-diouf\/","title":{"rendered":"TRIBUNAL DE DAKAR- 2e retour de parquet pour Assane Diouf"},"content":{"rendered":"<p><strong>NETTALI.COM -\u00a0 Dans les liens de la pr\u00e9vention depuis dimanche, Assane Diouf a fait l'objet d'un 2e retour de parquet ce mardi 12 avril 2023. Arr\u00eat\u00e9 \u00e0 cause d'une\u00a0 vid\u00e9o o\u00f9 on le voit prof\u00e9rer des injures contre le chef de l\u2019Etat, Macky Sall, et inciter les gens \u00e0 une insurrection, son dossier est confi\u00e9 au Doyen des juges d'instruction. <\/strong><\/p>\n<p>L\u2019activiste Assane Diouf, d\u00e9f\u00e9r\u00e9 ce lundi, \u00a0a fait l'objet d'un 2e retour de parquet ce mercredi 12 avril 2023. Il sera pr\u00e9sent\u00e9 au Doyen des juges d'instruction en charge de son dossier. Selon Me Khoure\u00eessi B\u00e2, l'activiste a \u00e9t\u00e9 d\u00e9j\u00e0 jug\u00e9 pour ces faits. En fait, Assane Diouf a \u00e9t\u00e9 arr\u00eat\u00e9 suite \u00e0 la diffusion d'une vid\u00e9o o\u00f9 on le voit prof\u00e9rer des injures contre le chef de l\u2019Etat, Macky Sall, et inciter les gens \u00e0 une insurrection, son dossier est confi\u00e9 au Doyen des juges d'instruction. D'ailleurs, lors de son audition, il l' a expliqu\u00e9 aux enqu\u00eateurs de la Division des investigations criminelles (Dic) que pour cette fois-ci, il a \u00e9t\u00e9 arr\u00eat\u00e9 pour des faits qu\u2019il n\u2019a pas commis, plut\u00f4t pour des faits anciens qui lui avaient d\u00e9j\u00e0 valu une incarc\u00e9ration.<\/p>\n<p>Selon lui, la\u00a0 vid\u00e9o qui circule sur le net et qui lui a valu une arrestation, date de 2020. D\u2019ailleurs, ajoute-t-il, \u00a0il avait \u00e9t\u00e9 d\u00e9j\u00e0 arr\u00eat\u00e9, inculp\u00e9 par feu le Doyen des Juges Samba Sall (paix \u00e0 son \u00e2me), avant d'\u00eatre jug\u00e9 et condamn\u00e9 pour les m\u00eames faits. D'ailleurs, l'affaire a \u00e9t\u00e9 \u00e9voqu\u00e9e par la deuxi\u00e8me chambre correctionnelle de la Cour d'appel de Dakar \u00e0 l'audience du mardi 11 avril 2023, a \u00e9t\u00e9 renvoy\u00e9e au 24 mai 2023.<\/p>\n<p>Assane Diouf a \u00e9t\u00e9 d\u00e9f\u00e9r\u00e9 pour appel \u00e0 l'insurrection et \u00e0 la violence, offense au chef de l'Etat, atteinte \u00e0 la s\u00fbret\u00e9 de l'Etat, actes et man\u0153uvres de nature \u00e0 compromettre la s\u00e9curit\u00e9 publique ou \u00e0 occasionner des troubles politiques graves, propagande de nature \u00e0 inciter les citoyens \u00e0 enfreindre les lois du pays, insultes par le biais d'un syst\u00e8me informatique, injures publiques...<\/p>\n<div class='share-to-whatsapp-wrapper'><div class='share-on-whsp'>PARTAGER SUR : <\/div><a data-text='TRIBUNAL DE DAKAR- 2e retour de parquet pour Assane Diouf' data-link='https:\/\/www.nettali.com\/2023\/04\/13\/tribunal-de-dakar-second-retour-de-parquet-pour-assane-diouf\/' class='whatsapp-button whatsapp-share'>WhatsApp<\/a><div class='clear '><\/div><\/div>","protected":false},"excerpt":{"rendered":"<p>NETTALI.COM -\u00a0 Dans les liens de la pr\u00e9vention depuis dimanche, Assane Diouf a fait l'objet d'un 2e retour de parquet ce mardi 12 avril 2023. Arr\u00eat\u00e9 \u00e0 cause d'une\u00a0 vid\u00e9o o\u00f9 on le voit prof\u00e9rer des injures contre le chef de l\u2019Etat, Macky Sall, et inciter les gens \u00e0 une insurrection, son dossier est confi\u00e9 [&hellip;]<\/p>\n","protected":false},"author":6,"featured_media":58159,"comment_status":"open","ping_status":"open","sticky":false,"template":"","format":"standard","meta":{"_et_pb_use_builder":"","_et_pb_old_content":""},"categories":[3],"tags":[],"yoast_head":"<!-- This site is optimized with the Yoast SEO Premium plugin v17.8 (Yoast SEO v17.8) - https:\/\/yoast.com\/wordpress\/plugins\/seo\/ -->\n<title>TRIBUNAL DE DAKAR- 2e retour de parquet pour Assane Diouf | Nettali.com<\/title>\n<meta name=\"robots\" content=\"index, follow, max-snippet:-1, max-image-preview:large, max-video-preview:-1\" \/>\n<link rel=\"canonical\" href=\"https:\/\/www.nettali.com\/2023\/04\/13\/tribunal-de-dakar-second-retour-de-parquet-pour-assane-diouf\/\" \/>\n<meta property=\"og:locale\" content=\"fr_FR\" \/>\n<meta property=\"og:type\" content=\"article\" \/>\n<meta property=\"og:title\" content=\"TRIBUNAL DE DAKAR- 2e retour de parquet pour Assane Diouf\" \/>\n<meta property=\"og:description\" content=\"NETTALI.COM -\u00a0 Dans les liens de la pr\u00e9vention depuis dimanche, Assane Diouf a fait l&#039;objet d&#039;un 2e retour de parquet ce mardi 12 avril 2023. Arr\u00eat\u00e9 \u00e0 cause d&#039;une\u00a0 vid\u00e9o o\u00f9 on le voit prof\u00e9rer des injures contre le chef de l\u2019Etat, Macky Sall, et inciter les gens \u00e0 une insurrection, son dossier est confi\u00e9 [&hellip;]\" \/>\n<meta property=\"og:url\" content=\"https:\/\/www.nettali.com\/2023\/04\/13\/tribunal-de-dakar-second-retour-de-parquet-pour-assane-diouf\/\" \/>\n<meta property=\"og:site_name\" content=\"Nettali.com\" \/>\n<meta property=\"article:publisher\" content=\"https:\/\/www.facebook.com\/nettalicom\" \/>\n<meta property=\"article:published_time\" content=\"2023-04-13T09:16:22+00:00\" \/>\n<meta property=\"article:modified_time\" content=\"2023-04-13T18:59:58+00:00\" \/>\n<meta property=\"og:image\" content=\"https:\/\/www.nettali.com\/wp-content\/uploads\/2021\/02\/Assane-DIOUF.jpg\" \/>\n\t<meta property=\"og:image:width\" content=\"620\" \/>\n\t<meta property=\"og:image:height\" content=\"400\" \/>\n<meta name=\"twitter:card\" content=\"summary_large_image\" \/>\n<meta name=\"twitter:label1\" content=\"\u00c9crit par\" \/>\n\t<meta name=\"twitter:data1\" content=\"Fatou\" \/>\n\t<meta name=\"twitter:label2\" content=\"Dur\u00e9e de lecture estim\u00e9e\" \/>\n\t<meta name=\"twitter:data2\" content=\"2 minutes\" \/>\n<script type=\"application\/ld+json\" class=\"yoast-schema-graph\">{\"@context\":\"https:\/\/schema.org\",\"@graph\":[{\"@type\":\"WebSite\",\"@id\":\"https:\/\/www.nettali.com\/#website\",\"url\":\"https:\/\/www.nettali.com\/\",\"name\":\"Nettali.com\",\"description\":\"Le rendez-vous critique du Net\",\"potentialAction\":[{\"@type\":\"SearchAction\",\"target\":{\"@type\":\"EntryPoint\",\"urlTemplate\":\"https:\/\/www.nettali.com\/?s={search_term_string}\"},\"query-input\":\"required name=search_term_string\"}],\"inLanguage\":\"fr-FR\"},{\"@type\":\"ImageObject\",\"@id\":\"https:\/\/www.nettali.com\/2023\/04\/13\/tribunal-de-dakar-second-retour-de-parquet-pour-assane-diouf\/#primaryimage\",\"inLanguage\":\"fr-FR\",\"url\":\"https:\/\/www.nettali.com\/wp-content\/uploads\/2021\/02\/Assane-DIOUF.jpg\",\"contentUrl\":\"https:\/\/www.nettali.com\/wp-content\/uploads\/2021\/02\/Assane-DIOUF.jpg\",\"width\":620,\"height\":400},{\"@type\":\"WebPage\",\"@id\":\"https:\/\/www.nettali.com\/2023\/04\/13\/tribunal-de-dakar-second-retour-de-parquet-pour-assane-diouf\/#webpage\",\"url\":\"https:\/\/www.nettali.com\/2023\/04\/13\/tribunal-de-dakar-second-retour-de-parquet-pour-assane-diouf\/\",\"name\":\"TRIBUNAL DE DAKAR- 2e retour de parquet pour Assane Diouf | Nettali.com\",\"isPartOf\":{\"@id\":\"https:\/\/www.nettali.com\/#website\"},\"primaryImageOfPage\":{\"@id\":\"https:\/\/www.nettali.com\/2023\/04\/13\/tribunal-de-dakar-second-retour-de-parquet-pour-assane-diouf\/#primaryimage\"},\"datePublished\":\"2023-04-13T09:16:22+00:00\",\"dateModified\":\"2023-04-13T18:59:58+00:00\",\"author\":{\"@id\":\"https:\/\/www.nettali.com\/#\/schema\/person\/418274a86bdf87caff7a3ef476bd0bbf\"},\"breadcrumb\":{\"@id\":\"https:\/\/www.nettali.com\/2023\/04\/13\/tribunal-de-dakar-second-retour-de-parquet-pour-assane-diouf\/#breadcrumb\"},\"inLanguage\":\"fr-FR\",\"potentialAction\":[{\"@type\":\"ReadAction\",\"target\":[\"https:\/\/www.nettali.com\/2023\/04\/13\/tribunal-de-dakar-second-retour-de-parquet-pour-assane-diouf\/\"]}]},{\"@type\":\"BreadcrumbList\",\"@id\":\"https:\/\/www.nettali.com\/2023\/04\/13\/tribunal-de-dakar-second-retour-de-parquet-pour-assane-diouf\/#breadcrumb\",\"itemListElement\":[{\"@type\":\"ListItem\",\"position\":1,\"name\":\"Accueil\",\"item\":\"https:\/\/www.nettali.com\/\"},{\"@type\":\"ListItem\",\"position\":2,\"name\":\"TRIBUNAL DE DAKAR- 2e retour de parquet pour Assane Diouf\"}]},{\"@type\":\"Person\",\"@id\":\"https:\/\/www.nettali.com\/#\/schema\/person\/418274a86bdf87caff7a3ef476bd0bbf\",\"name\":\"Fatou\",\"image\":{\"@type\":\"ImageObject\",\"@id\":\"https:\/\/www.nettali.com\/#personlogo\",\"inLanguage\":\"fr-FR\",\"url\":\"https:\/\/secure.gravatar.com\/avatar\/5a9442a2bee7b4dcf167cab035858e9a?s=96&d=mm&r=g\",\"contentUrl\":\"https:\/\/secure.gravatar.com\/avatar\/5a9442a2bee7b4dcf167cab035858e9a?s=96&d=mm&r=g\",\"caption\":\"Fatou\"},\"sameAs\":[\"https:\/\/www.nettali.com\"]}]}<\/script>\n<!-- \/ Yoast SEO Premium plugin. -->","yoast_head_json":{"title":"TRIBUNAL DE DAKAR- 2e retour de parquet pour Assane Diouf | Nettali.com","robots":{"index":"index","follow":"follow","max-snippet":"max-snippet:-1","max-image-preview":"max-image-preview:large","max-video-preview":"max-video-preview:-1"},"canonical":"https:\/\/www.nettali.com\/2023\/04\/13\/tribunal-de-dakar-second-retour-de-parquet-pour-assane-diouf\/","og_locale":"fr_FR","og_type":"article","og_title":"TRIBUNAL DE DAKAR- 2e retour de parquet pour Assane Diouf","og_description":"NETTALI.COM -\u00a0 Dans les liens de la pr\u00e9vention depuis dimanche, Assane Diouf a fait l'objet d'un 2e retour de parquet ce mardi 12 avril 2023. Arr\u00eat\u00e9 \u00e0 cause d'une\u00a0 vid\u00e9o o\u00f9 on le voit prof\u00e9rer des injures contre le chef de l\u2019Etat, Macky Sall, et inciter les gens \u00e0 une insurrection, son dossier est confi\u00e9 [&hellip;]","og_url":"https:\/\/www.nettali.com\/2023\/04\/13\/tribunal-de-dakar-second-retour-de-parquet-pour-assane-diouf\/","og_site_name":"Nettali.com","article_publisher":"https:\/\/www.facebook.com\/nettalicom","article_published_time":"2023-04-13T09:16:22+00:00","article_modified_time":"2023-04-13T18:59:58+00:00","og_image":[{"width":620,"height":400,"url":"https:\/\/www.nettali.com\/wp-content\/uploads\/2021\/02\/Assane-DIOUF.jpg","type":"image\/jpeg"}],"twitter_card":"summary_large_image","twitter_misc":{"\u00c9crit par":"Fatou","Dur\u00e9e de lecture estim\u00e9e":"2 minutes"},"schema":{"@context":"https:\/\/schema.org","@graph":[{"@type":"WebSite","@id":"https:\/\/www.nettali.com\/#website","url":"https:\/\/www.nettali.com\/","name":"Nettali.com","description":"Le rendez-vous critique du Net","potentialAction":[{"@type":"SearchAction","target":{"@type":"EntryPoint","urlTemplate":"https:\/\/www.nettali.com\/?s={search_term_string}"},"query-input":"required name=search_term_string"}],"inLanguage":"fr-FR"},{"@type":"ImageObject","@id":"https:\/\/www.nettali.com\/2023\/04\/13\/tribunal-de-dakar-second-retour-de-parquet-pour-assane-diouf\/#primaryimage","inLanguage":"fr-FR","url":"https:\/\/www.nettali.com\/wp-content\/uploads\/2021\/02\/Assane-DIOUF.jpg","contentUrl":"https:\/\/www.nettali.com\/wp-content\/uploads\/2021\/02\/Assane-DIOUF.jpg","width":620,"height":400},{"@type":"WebPage","@id":"https:\/\/www.nettali.com\/2023\/04\/13\/tribunal-de-dakar-second-retour-de-parquet-pour-assane-diouf\/#webpage","url":"https:\/\/www.nettali.com\/2023\/04\/13\/tribunal-de-dakar-second-retour-de-parquet-pour-assane-diouf\/","name":"TRIBUNAL DE DAKAR- 2e retour de parquet pour Assane Diouf | Nettali.com","isPartOf":{"@id":"https:\/\/www.nettali.com\/#website"},"primaryImageOfPage":{"@id":"https:\/\/www.nettali.com\/2023\/04\/13\/tribunal-de-dakar-second-retour-de-parquet-pour-assane-diouf\/#primaryimage"},"datePublished":"2023-04-13T09:16:22+00:00","dateModified":"2023-04-13T18:59:58+00:00","author":{"@id":"https:\/\/www.nettali.com\/#\/schema\/person\/418274a86bdf87caff7a3ef476bd0bbf"},"breadcrumb":{"@id":"https:\/\/www.nettali.com\/2023\/04\/13\/tribunal-de-dakar-second-retour-de-parquet-pour-assane-diouf\/#breadcrumb"},"inLanguage":"fr-FR","potentialAction":[{"@type":"ReadAction","target":["https:\/\/www.nettali.com\/2023\/04\/13\/tribunal-de-dakar-second-retour-de-parquet-pour-assane-diouf\/"]}]},{"@type":"BreadcrumbList","@id":"https:\/\/www.nettali.com\/2023\/04\/13\/tribunal-de-dakar-second-retour-de-parquet-pour-assane-diouf\/#breadcrumb","itemListElement":[{"@type":"ListItem","position":1,"name":"Accueil","item":"https:\/\/www.nettali.com\/"},{"@type":"ListItem","position":2,"name":"TRIBUNAL DE DAKAR- 2e retour de parquet pour Assane Diouf"}]},{"@type":"Person","@id":"https:\/\/www.nettali.com\/#\/schema\/person\/418274a86bdf87caff7a3ef476bd0bbf","name":"Fatou","image":{"@type":"ImageObject","@id":"https:\/\/www.nettali.com\/#personlogo","inLanguage":"fr-FR","url":"https:\/\/secure.gravatar.com\/avatar\/5a9442a2bee7b4dcf167cab035858e9a?s=96&d=mm&r=g","contentUrl":"https:\/\/secure.gravatar.com\/avatar\/5a9442a2bee7b4dcf167cab035858e9a?s=96&d=mm&r=g","caption":"Fatou"},"sameAs":["https:\/\/www.nettali.com"]}]}},"_links":{"self":[{"href":"https:\/\/www.nettali.com\/rest\/wp\/v2\/posts\/107964"}],"collection":[{"href":"https:\/\/www.nettali.com\/rest\/wp\/v2\/posts"}],"about":[{"href":"https:\/\/www.nettali.com\/rest\/wp\/v2\/types\/post"}],"author":[{"embeddable":true,"href":"https:\/\/www.nettali.com\/rest\/wp\/v2\/users\/6"}],"replies":[{"embeddable":true,"href":"https:\/\/www.nettali.com\/rest\/wp\/v2\/comments?post=107964"}],"version-history":[{"count":3,"href":"https:\/\/www.nettali.com\/rest\/wp\/v2\/posts\/107964\/revisions"}],"predecessor-version":[{"id":108031,"href":"https:\/\/www.nettali.com\/rest\/wp\/v2\/posts\/107964\/revisions\/108031"}],"wp:featuredmedia":[{"embeddable":true,"href":"https:\/\/www.nettali.com\/rest\/wp\/v2\/media\/58159"}],"wp:attachment":[{"href":"https:\/\/www.nettali.com\/rest\/wp\/v2\/media?parent=107964"}],"wp:term":[{"taxonomy":"category","embeddable":true,"href":"https:\/\/www.nettali.com\/rest\/wp\/v2\/categories?post=107964"},{"taxonomy":"post_tag","embeddable":true,"href":"https:\/\/www.nettali.com\/rest\/wp\/v2\/tags?post=107964"}],"curies":[{"name":"wp","href":"https:\/\/api.w.org\/{rel}","templated":true}]}}