{"id":107957,"date":"2023-04-12T20:04:40","date_gmt":"2023-04-12T20:04:40","guid":{"rendered":"https:\/\/www.nettali.com\/?p=107957"},"modified":"2023-04-12T20:07:11","modified_gmt":"2023-04-12T20:07:11","slug":"proces-en-appel-de-laffaire-prodac-la-partie-civile-dement-tout-dessous-politique-du-dossier","status":"publish","type":"post","link":"https:\/\/www.nettali.com\/2023\/04\/12\/proces-en-appel-de-laffaire-prodac-la-partie-civile-dement-tout-dessous-politique-du-dossier\/","title":{"rendered":"PROCES EN APPEL SONKO-MAME MBAYE NIANG - La partie civile d\u00e9ment tout dessous politique du dossier"},"content":{"rendered":"<div id=\"m#msg-f:1762975246629085797\" class=\"mail-message expanded\">\n<div class=\"mail-message-content collapsible zoom-normal mail-show-images \">\n<div class=\"clear\"><strong>NETTALI.COM- Avocat de Mame Mbaye Niang, ministre du Tourisme dans l\u2019affaire de diffamation qui l\u2019oppose au maire de Ziguinchor, Ousmane Sonko, Me Baboucar Ciss\u00e9, rejette l\u2019argumentaire selon lequel il y a des dessous politiques relatifs \u00e0 la rapidit\u00e9 de l\u2019enr\u00f4lement <\/strong><strong>du dossier\u00a0 en appel.<\/strong><\/div>\n<div><\/div>\n<div class=\"clear\">Me Baboucar Ciss\u00e9 explique la c\u00e9l\u00e9rit\u00e9 par le fait que le dossier est en \u00e9tat.\u00a0 \u00ab<em> C\u2019est un dossier qui est en \u00e9tat. Quand un dossier est en \u00e9tat d\u2019\u00eatre\u00a0 jug\u00e9 aussi bien en appel qu\u2019en <\/em><em>premi\u00e8re instance, on enr\u00f4le le dossier. Il faut savoir <\/em><em>ce que l\u2019on veut. Si on enr\u00f4le avec c\u00e9l\u00e9rit\u00e9 on dit qu\u2019on fait les <\/em><em>choses dans la pr\u00e9cipitation, si le dossier tra\u00eene, on d\u00e9nonce cela<\/em> \u00bb, a expliqu\u00e9 Me Ciss\u00e9.<\/div>\n<div class=\"clear\">Il soutient \u00ab<em> la partie civile a relev\u00e9 appel, le parquet a relev\u00e9 appel. Le dossier a \u00e9t\u00e9 transmis au parquet g\u00e9n\u00e9ral de la Cour d\u2019appel. Il appartient \u00e0 ce dernier d\u2019enr\u00f4ler le dossier et de convoquer les parties pour une nouvelle audience<\/em> \u00bb.<\/div>\n<div class=\"clear\">Poursuivant, il ajoute que ce sont les avocats de Ousmane Sonko qui, pour leur strat\u00e9gie, v\u00e9hiculent ces arguments. \u00ab <em>C\u2019est une question de strat\u00e9gie. C\u2019est un dossier qui est assez simple. Il n\u2019a pas besoin de tra\u00eener dans les couloirs ou dans les dossiers du parquet g\u00e9n\u00e9ral. C\u2019est un dossier qui est en \u00e9tat, il est tout a fait normal qu\u2019on <\/em><em>l\u2019enr\u00f4le et qu\u2019on l\u2019\u00e9vacue. La partie civile n\u2019a jamais fait d\u00e9faut, <\/em><em>elle a toujours comparu. Nous n\u2019avons jamais demand\u00e9 de renvoi<\/em> \u00bb, dit-il.<\/div>\n<\/div>\n<\/div>\n<div class='share-to-whatsapp-wrapper'><div class='share-on-whsp'>PARTAGER SUR : <\/div><a data-text='PROCES EN APPEL SONKO-MAME MBAYE NIANG - La partie civile d\u00e9ment tout dessous politique du dossier' data-link='https:\/\/www.nettali.com\/2023\/04\/12\/proces-en-appel-de-laffaire-prodac-la-partie-civile-dement-tout-dessous-politique-du-dossier\/' class='whatsapp-button whatsapp-share'>WhatsApp<\/a><div class='clear '><\/div><\/div>","protected":false},"excerpt":{"rendered":"<p>NETTALI.COM- Avocat de Mame Mbaye Niang, ministre du Tourisme dans l\u2019affaire de diffamation qui l\u2019oppose au maire de Ziguinchor, Ousmane Sonko, Me Baboucar Ciss\u00e9, rejette l\u2019argumentaire selon lequel il y a des dessous politiques relatifs \u00e0 la rapidit\u00e9 de l\u2019enr\u00f4lement du dossier\u00a0 en appel. Me Baboucar Ciss\u00e9 explique la c\u00e9l\u00e9rit\u00e9 par le fait que le [&hellip;]<\/p>\n","protected":false},"author":6,"featured_media":98957,"comment_status":"open","ping_status":"open","sticky":false,"template":"","format":"standard","meta":{"_et_pb_use_builder":"","_et_pb_old_content":""},"categories":[3],"tags":[],"yoast_head":"<!-- This site is optimized with the Yoast SEO Premium plugin v17.8 (Yoast SEO v17.8) - https:\/\/yoast.com\/wordpress\/plugins\/seo\/ -->\n<title>PROCES EN APPEL SONKO-MAME MBAYE NIANG - La partie civile d\u00e9ment tout dessous politique du dossier | Nettali.com<\/title>\n<meta name=\"robots\" content=\"index, follow, max-snippet:-1, max-image-preview:large, max-video-preview:-1\" \/>\n<link rel=\"canonical\" href=\"https:\/\/www.nettali.com\/2023\/04\/12\/proces-en-appel-de-laffaire-prodac-la-partie-civile-dement-tout-dessous-politique-du-dossier\/\" \/>\n<meta property=\"og:locale\" content=\"fr_FR\" \/>\n<meta property=\"og:type\" content=\"article\" \/>\n<meta property=\"og:title\" content=\"PROCES EN APPEL SONKO-MAME MBAYE NIANG - La partie civile d\u00e9ment tout dessous politique du dossier\" \/>\n<meta property=\"og:description\" content=\"NETTALI.COM- Avocat de Mame Mbaye Niang, ministre du Tourisme dans l\u2019affaire de diffamation qui l\u2019oppose au maire de Ziguinchor, Ousmane Sonko, Me Baboucar Ciss\u00e9, rejette l\u2019argumentaire selon lequel il y a des dessous politiques relatifs \u00e0 la rapidit\u00e9 de l\u2019enr\u00f4lement du dossier\u00a0 en appel. Me Baboucar Ciss\u00e9 explique la c\u00e9l\u00e9rit\u00e9 par le fait que le [&hellip;]\" \/>\n<meta property=\"og:url\" content=\"https:\/\/www.nettali.com\/2023\/04\/12\/proces-en-appel-de-laffaire-prodac-la-partie-civile-dement-tout-dessous-politique-du-dossier\/\" \/>\n<meta property=\"og:site_name\" content=\"Nettali.com\" \/>\n<meta property=\"article:publisher\" content=\"https:\/\/www.facebook.com\/nettalicom\" \/>\n<meta property=\"article:published_time\" content=\"2023-04-12T20:04:40+00:00\" \/>\n<meta property=\"article:modified_time\" content=\"2023-04-12T20:07:11+00:00\" \/>\n<meta property=\"og:image\" content=\"https:\/\/www.nettali.com\/wp-content\/uploads\/2022\/12\/Me-Baboucar-Cisse.jpeg\" \/>\n\t<meta property=\"og:image:width\" content=\"600\" \/>\n\t<meta property=\"og:image:height\" content=\"559\" \/>\n<meta name=\"twitter:card\" content=\"summary_large_image\" \/>\n<meta name=\"twitter:label1\" content=\"\u00c9crit par\" \/>\n\t<meta name=\"twitter:data1\" content=\"Fatou\" \/>\n\t<meta name=\"twitter:label2\" content=\"Dur\u00e9e de lecture estim\u00e9e\" \/>\n\t<meta name=\"twitter:data2\" content=\"2 minutes\" \/>\n<script type=\"application\/ld+json\" class=\"yoast-schema-graph\">{\"@context\":\"https:\/\/schema.org\",\"@graph\":[{\"@type\":\"WebSite\",\"@id\":\"https:\/\/www.nettali.com\/#website\",\"url\":\"https:\/\/www.nettali.com\/\",\"name\":\"Nettali.com\",\"description\":\"Le rendez-vous critique du Net\",\"potentialAction\":[{\"@type\":\"SearchAction\",\"target\":{\"@type\":\"EntryPoint\",\"urlTemplate\":\"https:\/\/www.nettali.com\/?s={search_term_string}\"},\"query-input\":\"required name=search_term_string\"}],\"inLanguage\":\"fr-FR\"},{\"@type\":\"ImageObject\",\"@id\":\"https:\/\/www.nettali.com\/2023\/04\/12\/proces-en-appel-de-laffaire-prodac-la-partie-civile-dement-tout-dessous-politique-du-dossier\/#primaryimage\",\"inLanguage\":\"fr-FR\",\"url\":\"https:\/\/www.nettali.com\/wp-content\/uploads\/2022\/12\/Me-Baboucar-Cisse.jpeg\",\"contentUrl\":\"https:\/\/www.nettali.com\/wp-content\/uploads\/2022\/12\/Me-Baboucar-Cisse.jpeg\",\"width\":600,\"height\":559},{\"@type\":\"WebPage\",\"@id\":\"https:\/\/www.nettali.com\/2023\/04\/12\/proces-en-appel-de-laffaire-prodac-la-partie-civile-dement-tout-dessous-politique-du-dossier\/#webpage\",\"url\":\"https:\/\/www.nettali.com\/2023\/04\/12\/proces-en-appel-de-laffaire-prodac-la-partie-civile-dement-tout-dessous-politique-du-dossier\/\",\"name\":\"PROCES EN APPEL SONKO-MAME MBAYE NIANG - La partie civile d\\u00e9ment tout dessous politique du dossier | Nettali.com\",\"isPartOf\":{\"@id\":\"https:\/\/www.nettali.com\/#website\"},\"primaryImageOfPage\":{\"@id\":\"https:\/\/www.nettali.com\/2023\/04\/12\/proces-en-appel-de-laffaire-prodac-la-partie-civile-dement-tout-dessous-politique-du-dossier\/#primaryimage\"},\"datePublished\":\"2023-04-12T20:04:40+00:00\",\"dateModified\":\"2023-04-12T20:07:11+00:00\",\"author\":{\"@id\":\"https:\/\/www.nettali.com\/#\/schema\/person\/418274a86bdf87caff7a3ef476bd0bbf\"},\"breadcrumb\":{\"@id\":\"https:\/\/www.nettali.com\/2023\/04\/12\/proces-en-appel-de-laffaire-prodac-la-partie-civile-dement-tout-dessous-politique-du-dossier\/#breadcrumb\"},\"inLanguage\":\"fr-FR\",\"potentialAction\":[{\"@type\":\"ReadAction\",\"target\":[\"https:\/\/www.nettali.com\/2023\/04\/12\/proces-en-appel-de-laffaire-prodac-la-partie-civile-dement-tout-dessous-politique-du-dossier\/\"]}]},{\"@type\":\"BreadcrumbList\",\"@id\":\"https:\/\/www.nettali.com\/2023\/04\/12\/proces-en-appel-de-laffaire-prodac-la-partie-civile-dement-tout-dessous-politique-du-dossier\/#breadcrumb\",\"itemListElement\":[{\"@type\":\"ListItem\",\"position\":1,\"name\":\"Accueil\",\"item\":\"https:\/\/www.nettali.com\/\"},{\"@type\":\"ListItem\",\"position\":2,\"name\":\"PROCES EN APPEL SONKO-MAME MBAYE NIANG - La partie civile d\\u00e9ment tout dessous politique du dossier\"}]},{\"@type\":\"Person\",\"@id\":\"https:\/\/www.nettali.com\/#\/schema\/person\/418274a86bdf87caff7a3ef476bd0bbf\",\"name\":\"Fatou\",\"image\":{\"@type\":\"ImageObject\",\"@id\":\"https:\/\/www.nettali.com\/#personlogo\",\"inLanguage\":\"fr-FR\",\"url\":\"https:\/\/secure.gravatar.com\/avatar\/5a9442a2bee7b4dcf167cab035858e9a?s=96&d=mm&r=g\",\"contentUrl\":\"https:\/\/secure.gravatar.com\/avatar\/5a9442a2bee7b4dcf167cab035858e9a?s=96&d=mm&r=g\",\"caption\":\"Fatou\"},\"sameAs\":[\"https:\/\/www.nettali.com\"]}]}<\/script>\n<!-- \/ Yoast SEO Premium plugin. -->","yoast_head_json":{"title":"PROCES EN APPEL SONKO-MAME MBAYE NIANG - La partie civile d\u00e9ment tout dessous politique du dossier | Nettali.com","robots":{"index":"index","follow":"follow","max-snippet":"max-snippet:-1","max-image-preview":"max-image-preview:large","max-video-preview":"max-video-preview:-1"},"canonical":"https:\/\/www.nettali.com\/2023\/04\/12\/proces-en-appel-de-laffaire-prodac-la-partie-civile-dement-tout-dessous-politique-du-dossier\/","og_locale":"fr_FR","og_type":"article","og_title":"PROCES EN APPEL SONKO-MAME MBAYE NIANG - La partie civile d\u00e9ment tout dessous politique du dossier","og_description":"NETTALI.COM- Avocat de Mame Mbaye Niang, ministre du Tourisme dans l\u2019affaire de diffamation qui l\u2019oppose au maire de Ziguinchor, Ousmane Sonko, Me Baboucar Ciss\u00e9, rejette l\u2019argumentaire selon lequel il y a des dessous politiques relatifs \u00e0 la rapidit\u00e9 de l\u2019enr\u00f4lement du dossier\u00a0 en appel. Me Baboucar Ciss\u00e9 explique la c\u00e9l\u00e9rit\u00e9 par le fait que le [&hellip;]","og_url":"https:\/\/www.nettali.com\/2023\/04\/12\/proces-en-appel-de-laffaire-prodac-la-partie-civile-dement-tout-dessous-politique-du-dossier\/","og_site_name":"Nettali.com","article_publisher":"https:\/\/www.facebook.com\/nettalicom","article_published_time":"2023-04-12T20:04:40+00:00","article_modified_time":"2023-04-12T20:07:11+00:00","og_image":[{"width":600,"height":559,"url":"https:\/\/www.nettali.com\/wp-content\/uploads\/2022\/12\/Me-Baboucar-Cisse.jpeg","type":"image\/jpeg"}],"twitter_card":"summary_large_image","twitter_misc":{"\u00c9crit par":"Fatou","Dur\u00e9e de lecture estim\u00e9e":"2 minutes"},"schema":{"@context":"https:\/\/schema.org","@graph":[{"@type":"WebSite","@id":"https:\/\/www.nettali.com\/#website","url":"https:\/\/www.nettali.com\/","name":"Nettali.com","description":"Le rendez-vous critique du Net","potentialAction":[{"@type":"SearchAction","target":{"@type":"EntryPoint","urlTemplate":"https:\/\/www.nettali.com\/?s={search_term_string}"},"query-input":"required name=search_term_string"}],"inLanguage":"fr-FR"},{"@type":"ImageObject","@id":"https:\/\/www.nettali.com\/2023\/04\/12\/proces-en-appel-de-laffaire-prodac-la-partie-civile-dement-tout-dessous-politique-du-dossier\/#primaryimage","inLanguage":"fr-FR","url":"https:\/\/www.nettali.com\/wp-content\/uploads\/2022\/12\/Me-Baboucar-Cisse.jpeg","contentUrl":"https:\/\/www.nettali.com\/wp-content\/uploads\/2022\/12\/Me-Baboucar-Cisse.jpeg","width":600,"height":559},{"@type":"WebPage","@id":"https:\/\/www.nettali.com\/2023\/04\/12\/proces-en-appel-de-laffaire-prodac-la-partie-civile-dement-tout-dessous-politique-du-dossier\/#webpage","url":"https:\/\/www.nettali.com\/2023\/04\/12\/proces-en-appel-de-laffaire-prodac-la-partie-civile-dement-tout-dessous-politique-du-dossier\/","name":"PROCES EN APPEL SONKO-MAME MBAYE NIANG - La partie civile d\u00e9ment tout dessous politique du dossier | Nettali.com","isPartOf":{"@id":"https:\/\/www.nettali.com\/#website"},"primaryImageOfPage":{"@id":"https:\/\/www.nettali.com\/2023\/04\/12\/proces-en-appel-de-laffaire-prodac-la-partie-civile-dement-tout-dessous-politique-du-dossier\/#primaryimage"},"datePublished":"2023-04-12T20:04:40+00:00","dateModified":"2023-04-12T20:07:11+00:00","author":{"@id":"https:\/\/www.nettali.com\/#\/schema\/person\/418274a86bdf87caff7a3ef476bd0bbf"},"breadcrumb":{"@id":"https:\/\/www.nettali.com\/2023\/04\/12\/proces-en-appel-de-laffaire-prodac-la-partie-civile-dement-tout-dessous-politique-du-dossier\/#breadcrumb"},"inLanguage":"fr-FR","potentialAction":[{"@type":"ReadAction","target":["https:\/\/www.nettali.com\/2023\/04\/12\/proces-en-appel-de-laffaire-prodac-la-partie-civile-dement-tout-dessous-politique-du-dossier\/"]}]},{"@type":"BreadcrumbList","@id":"https:\/\/www.nettali.com\/2023\/04\/12\/proces-en-appel-de-laffaire-prodac-la-partie-civile-dement-tout-dessous-politique-du-dossier\/#breadcrumb","itemListElement":[{"@type":"ListItem","position":1,"name":"Accueil","item":"https:\/\/www.nettali.com\/"},{"@type":"ListItem","position":2,"name":"PROCES EN APPEL SONKO-MAME MBAYE NIANG - La partie civile d\u00e9ment tout dessous politique du dossier"}]},{"@type":"Person","@id":"https:\/\/www.nettali.com\/#\/schema\/person\/418274a86bdf87caff7a3ef476bd0bbf","name":"Fatou","image":{"@type":"ImageObject","@id":"https:\/\/www.nettali.com\/#personlogo","inLanguage":"fr-FR","url":"https:\/\/secure.gravatar.com\/avatar\/5a9442a2bee7b4dcf167cab035858e9a?s=96&d=mm&r=g","contentUrl":"https:\/\/secure.gravatar.com\/avatar\/5a9442a2bee7b4dcf167cab035858e9a?s=96&d=mm&r=g","caption":"Fatou"},"sameAs":["https:\/\/www.nettali.com"]}]}},"_links":{"self":[{"href":"https:\/\/www.nettali.com\/rest\/wp\/v2\/posts\/107957"}],"collection":[{"href":"https:\/\/www.nettali.com\/rest\/wp\/v2\/posts"}],"about":[{"href":"https:\/\/www.nettali.com\/rest\/wp\/v2\/types\/post"}],"author":[{"embeddable":true,"href":"https:\/\/www.nettali.com\/rest\/wp\/v2\/users\/6"}],"replies":[{"embeddable":true,"href":"https:\/\/www.nettali.com\/rest\/wp\/v2\/comments?post=107957"}],"version-history":[{"count":4,"href":"https:\/\/www.nettali.com\/rest\/wp\/v2\/posts\/107957\/revisions"}],"predecessor-version":[{"id":107970,"href":"https:\/\/www.nettali.com\/rest\/wp\/v2\/posts\/107957\/revisions\/107970"}],"wp:featuredmedia":[{"embeddable":true,"href":"https:\/\/www.nettali.com\/rest\/wp\/v2\/media\/98957"}],"wp:attachment":[{"href":"https:\/\/www.nettali.com\/rest\/wp\/v2\/media?parent=107957"}],"wp:term":[{"taxonomy":"category","embeddable":true,"href":"https:\/\/www.nettali.com\/rest\/wp\/v2\/categories?post=107957"},{"taxonomy":"post_tag","embeddable":true,"href":"https:\/\/www.nettali.com\/rest\/wp\/v2\/tags?post=107957"}],"curies":[{"name":"wp","href":"https:\/\/api.w.org\/{rel}","templated":true}]}}