{"id":107925,"date":"2023-04-12T09:32:17","date_gmt":"2023-04-12T09:32:17","guid":{"rendered":"https:\/\/www.nettali.com\/?p=107925"},"modified":"2023-04-12T09:32:17","modified_gmt":"2023-04-12T09:32:17","slug":"en-coulisses-tuchel-desempare","status":"publish","type":"post","link":"https:\/\/www.nettali.com\/2023\/04\/12\/en-coulisses-tuchel-desempare\/","title":{"rendered":"EN COULISSES - Tuchel d\u00e9sempar\u00e9 !"},"content":{"rendered":"<p><strong>NETTALI.COM - C<\/strong>e mardi 11 avril, le Bayern Munich a pris une gifle contre Manchester City (0-3) \u00e0 l'occasion du quart de finale aller de la Ligue des Champions. Apr\u00e8s cette d\u00e9b\u00e2cle, l'entra\u00eeneur munichois Thomas Tuchel s'est montr\u00e9 un brin fataliste par rapport aux chances de son \u00e9quipe de renverser la<br \/>\nvapeur lors de la manche retour.<\/p>\n<p>\"<em>On y croyait (\u00e0 la qualification, ndlr) avant le match, et m\u00eame pendant. Mais avec un 0-3... je ne vais pas abandonner maintenant, mais ce sera tr\u00e8s difficile. C'est le foot, on va essayer<\/em>\", a souffl\u00e9 l'Allemand, assez pessimiste, devant les cam\u00e9ras de Canal +.<\/p>\n<p>Le Bayern aura effectivement tr\u00e8s fort \u00e0 faire le mercredi 19 avril \u00e0 l'Allianz Arena pour atteindre les demi-finales<br \/>\n!<\/p>\n<div class='share-to-whatsapp-wrapper'><div class='share-on-whsp'>PARTAGER SUR : <\/div><a data-text='EN COULISSES - Tuchel d\u00e9sempar\u00e9 !' data-link='https:\/\/www.nettali.com\/2023\/04\/12\/en-coulisses-tuchel-desempare\/' class='whatsapp-button whatsapp-share'>WhatsApp<\/a><div class='clear '><\/div><\/div>","protected":false},"excerpt":{"rendered":"<p>NETTALI.COM - Ce mardi 11 avril, le Bayern Munich a pris une gifle contre Manchester City (0-3) \u00e0 l'occasion du quart de finale aller de la Ligue des Champions. Apr\u00e8s cette d\u00e9b\u00e2cle, l'entra\u00eeneur munichois Thomas Tuchel s'est montr\u00e9 un brin fataliste par rapport aux chances de son \u00e9quipe de renverser la vapeur lors de la [&hellip;]<\/p>\n","protected":false},"author":2,"featured_media":107927,"comment_status":"open","ping_status":"open","sticky":false,"template":"","format":"standard","meta":{"_et_pb_use_builder":"","_et_pb_old_content":""},"categories":[34945],"tags":[],"yoast_head":"<!-- This site is optimized with the Yoast SEO Premium plugin v17.8 (Yoast SEO v17.8) - https:\/\/yoast.com\/wordpress\/plugins\/seo\/ -->\n<title>EN COULISSES - Tuchel d\u00e9sempar\u00e9 ! | Nettali.com<\/title>\n<meta name=\"robots\" content=\"index, follow, max-snippet:-1, max-image-preview:large, max-video-preview:-1\" \/>\n<link rel=\"canonical\" href=\"https:\/\/www.nettali.com\/2023\/04\/12\/en-coulisses-tuchel-desempare\/\" \/>\n<meta property=\"og:locale\" content=\"fr_FR\" \/>\n<meta property=\"og:type\" content=\"article\" \/>\n<meta property=\"og:title\" content=\"EN COULISSES - Tuchel d\u00e9sempar\u00e9 !\" \/>\n<meta property=\"og:description\" content=\"NETTALI.COM - Ce mardi 11 avril, le Bayern Munich a pris une gifle contre Manchester City (0-3) \u00e0 l&#039;occasion du quart de finale aller de la Ligue des Champions. Apr\u00e8s cette d\u00e9b\u00e2cle, l&#039;entra\u00eeneur munichois Thomas Tuchel s&#039;est montr\u00e9 un brin fataliste par rapport aux chances de son \u00e9quipe de renverser la vapeur lors de la [&hellip;]\" \/>\n<meta property=\"og:url\" content=\"https:\/\/www.nettali.com\/2023\/04\/12\/en-coulisses-tuchel-desempare\/\" \/>\n<meta property=\"og:site_name\" content=\"Nettali.com\" \/>\n<meta property=\"article:publisher\" content=\"https:\/\/www.facebook.com\/nettalicom\" \/>\n<meta property=\"article:published_time\" content=\"2023-04-12T09:32:17+00:00\" \/>\n<meta property=\"og:image\" content=\"https:\/\/www.nettali.com\/wp-content\/uploads\/2023\/04\/telechargement-2.jpg\" \/>\n\t<meta property=\"og:image:width\" content=\"291\" \/>\n\t<meta property=\"og:image:height\" content=\"173\" \/>\n<meta name=\"twitter:card\" content=\"summary_large_image\" \/>\n<meta name=\"twitter:label1\" content=\"\u00c9crit par\" \/>\n\t<meta name=\"twitter:data1\" content=\"CK\" \/>\n\t<meta name=\"twitter:label2\" content=\"Dur\u00e9e de lecture estim\u00e9e\" \/>\n\t<meta name=\"twitter:data2\" content=\"1 minute\" \/>\n<script type=\"application\/ld+json\" class=\"yoast-schema-graph\">{\"@context\":\"https:\/\/schema.org\",\"@graph\":[{\"@type\":\"WebSite\",\"@id\":\"https:\/\/www.nettali.com\/#website\",\"url\":\"https:\/\/www.nettali.com\/\",\"name\":\"Nettali.com\",\"description\":\"Le rendez-vous critique du Net\",\"potentialAction\":[{\"@type\":\"SearchAction\",\"target\":{\"@type\":\"EntryPoint\",\"urlTemplate\":\"https:\/\/www.nettali.com\/?s={search_term_string}\"},\"query-input\":\"required name=search_term_string\"}],\"inLanguage\":\"fr-FR\"},{\"@type\":\"ImageObject\",\"@id\":\"https:\/\/www.nettali.com\/2023\/04\/12\/en-coulisses-tuchel-desempare\/#primaryimage\",\"inLanguage\":\"fr-FR\",\"url\":\"https:\/\/www.nettali.com\/wp-content\/uploads\/2023\/04\/telechargement-2.jpg\",\"contentUrl\":\"https:\/\/www.nettali.com\/wp-content\/uploads\/2023\/04\/telechargement-2.jpg\",\"width\":291,\"height\":173},{\"@type\":\"WebPage\",\"@id\":\"https:\/\/www.nettali.com\/2023\/04\/12\/en-coulisses-tuchel-desempare\/#webpage\",\"url\":\"https:\/\/www.nettali.com\/2023\/04\/12\/en-coulisses-tuchel-desempare\/\",\"name\":\"EN COULISSES - Tuchel d\\u00e9sempar\\u00e9 ! | Nettali.com\",\"isPartOf\":{\"@id\":\"https:\/\/www.nettali.com\/#website\"},\"primaryImageOfPage\":{\"@id\":\"https:\/\/www.nettali.com\/2023\/04\/12\/en-coulisses-tuchel-desempare\/#primaryimage\"},\"datePublished\":\"2023-04-12T09:32:17+00:00\",\"dateModified\":\"2023-04-12T09:32:17+00:00\",\"author\":{\"@id\":\"https:\/\/www.nettali.com\/#\/schema\/person\/d8ac7b7e27ddad43f1c0d2ef090d7f71\"},\"breadcrumb\":{\"@id\":\"https:\/\/www.nettali.com\/2023\/04\/12\/en-coulisses-tuchel-desempare\/#breadcrumb\"},\"inLanguage\":\"fr-FR\",\"potentialAction\":[{\"@type\":\"ReadAction\",\"target\":[\"https:\/\/www.nettali.com\/2023\/04\/12\/en-coulisses-tuchel-desempare\/\"]}]},{\"@type\":\"BreadcrumbList\",\"@id\":\"https:\/\/www.nettali.com\/2023\/04\/12\/en-coulisses-tuchel-desempare\/#breadcrumb\",\"itemListElement\":[{\"@type\":\"ListItem\",\"position\":1,\"name\":\"Accueil\",\"item\":\"https:\/\/www.nettali.com\/\"},{\"@type\":\"ListItem\",\"position\":2,\"name\":\"EN COULISSES - Tuchel d\\u00e9sempar\\u00e9 !\"}]},{\"@type\":\"Person\",\"@id\":\"https:\/\/www.nettali.com\/#\/schema\/person\/d8ac7b7e27ddad43f1c0d2ef090d7f71\",\"name\":\"CK\",\"image\":{\"@type\":\"ImageObject\",\"@id\":\"https:\/\/www.nettali.com\/#personlogo\",\"inLanguage\":\"fr-FR\",\"url\":\"https:\/\/secure.gravatar.com\/avatar\/1d8d5118b9327d94da7cd4ce7f17fec2?s=96&d=mm&r=g\",\"contentUrl\":\"https:\/\/secure.gravatar.com\/avatar\/1d8d5118b9327d94da7cd4ce7f17fec2?s=96&d=mm&r=g\",\"caption\":\"CK\"},\"sameAs\":[\"https:\/\/www.nettali.com\"]}]}<\/script>\n<!-- \/ Yoast SEO Premium plugin. -->","yoast_head_json":{"title":"EN COULISSES - Tuchel d\u00e9sempar\u00e9 ! | Nettali.com","robots":{"index":"index","follow":"follow","max-snippet":"max-snippet:-1","max-image-preview":"max-image-preview:large","max-video-preview":"max-video-preview:-1"},"canonical":"https:\/\/www.nettali.com\/2023\/04\/12\/en-coulisses-tuchel-desempare\/","og_locale":"fr_FR","og_type":"article","og_title":"EN COULISSES - Tuchel d\u00e9sempar\u00e9 !","og_description":"NETTALI.COM - Ce mardi 11 avril, le Bayern Munich a pris une gifle contre Manchester City (0-3) \u00e0 l'occasion du quart de finale aller de la Ligue des Champions. Apr\u00e8s cette d\u00e9b\u00e2cle, l'entra\u00eeneur munichois Thomas Tuchel s'est montr\u00e9 un brin fataliste par rapport aux chances de son \u00e9quipe de renverser la vapeur lors de la [&hellip;]","og_url":"https:\/\/www.nettali.com\/2023\/04\/12\/en-coulisses-tuchel-desempare\/","og_site_name":"Nettali.com","article_publisher":"https:\/\/www.facebook.com\/nettalicom","article_published_time":"2023-04-12T09:32:17+00:00","og_image":[{"width":291,"height":173,"url":"https:\/\/www.nettali.com\/wp-content\/uploads\/2023\/04\/telechargement-2.jpg","type":"image\/jpeg"}],"twitter_card":"summary_large_image","twitter_misc":{"\u00c9crit par":"CK","Dur\u00e9e de lecture estim\u00e9e":"1 minute"},"schema":{"@context":"https:\/\/schema.org","@graph":[{"@type":"WebSite","@id":"https:\/\/www.nettali.com\/#website","url":"https:\/\/www.nettali.com\/","name":"Nettali.com","description":"Le rendez-vous critique du Net","potentialAction":[{"@type":"SearchAction","target":{"@type":"EntryPoint","urlTemplate":"https:\/\/www.nettali.com\/?s={search_term_string}"},"query-input":"required name=search_term_string"}],"inLanguage":"fr-FR"},{"@type":"ImageObject","@id":"https:\/\/www.nettali.com\/2023\/04\/12\/en-coulisses-tuchel-desempare\/#primaryimage","inLanguage":"fr-FR","url":"https:\/\/www.nettali.com\/wp-content\/uploads\/2023\/04\/telechargement-2.jpg","contentUrl":"https:\/\/www.nettali.com\/wp-content\/uploads\/2023\/04\/telechargement-2.jpg","width":291,"height":173},{"@type":"WebPage","@id":"https:\/\/www.nettali.com\/2023\/04\/12\/en-coulisses-tuchel-desempare\/#webpage","url":"https:\/\/www.nettali.com\/2023\/04\/12\/en-coulisses-tuchel-desempare\/","name":"EN COULISSES - Tuchel d\u00e9sempar\u00e9 ! | Nettali.com","isPartOf":{"@id":"https:\/\/www.nettali.com\/#website"},"primaryImageOfPage":{"@id":"https:\/\/www.nettali.com\/2023\/04\/12\/en-coulisses-tuchel-desempare\/#primaryimage"},"datePublished":"2023-04-12T09:32:17+00:00","dateModified":"2023-04-12T09:32:17+00:00","author":{"@id":"https:\/\/www.nettali.com\/#\/schema\/person\/d8ac7b7e27ddad43f1c0d2ef090d7f71"},"breadcrumb":{"@id":"https:\/\/www.nettali.com\/2023\/04\/12\/en-coulisses-tuchel-desempare\/#breadcrumb"},"inLanguage":"fr-FR","potentialAction":[{"@type":"ReadAction","target":["https:\/\/www.nettali.com\/2023\/04\/12\/en-coulisses-tuchel-desempare\/"]}]},{"@type":"BreadcrumbList","@id":"https:\/\/www.nettali.com\/2023\/04\/12\/en-coulisses-tuchel-desempare\/#breadcrumb","itemListElement":[{"@type":"ListItem","position":1,"name":"Accueil","item":"https:\/\/www.nettali.com\/"},{"@type":"ListItem","position":2,"name":"EN COULISSES - Tuchel d\u00e9sempar\u00e9 !"}]},{"@type":"Person","@id":"https:\/\/www.nettali.com\/#\/schema\/person\/d8ac7b7e27ddad43f1c0d2ef090d7f71","name":"CK","image":{"@type":"ImageObject","@id":"https:\/\/www.nettali.com\/#personlogo","inLanguage":"fr-FR","url":"https:\/\/secure.gravatar.com\/avatar\/1d8d5118b9327d94da7cd4ce7f17fec2?s=96&d=mm&r=g","contentUrl":"https:\/\/secure.gravatar.com\/avatar\/1d8d5118b9327d94da7cd4ce7f17fec2?s=96&d=mm&r=g","caption":"CK"},"sameAs":["https:\/\/www.nettali.com"]}]}},"_links":{"self":[{"href":"https:\/\/www.nettali.com\/rest\/wp\/v2\/posts\/107925"}],"collection":[{"href":"https:\/\/www.nettali.com\/rest\/wp\/v2\/posts"}],"about":[{"href":"https:\/\/www.nettali.com\/rest\/wp\/v2\/types\/post"}],"author":[{"embeddable":true,"href":"https:\/\/www.nettali.com\/rest\/wp\/v2\/users\/2"}],"replies":[{"embeddable":true,"href":"https:\/\/www.nettali.com\/rest\/wp\/v2\/comments?post=107925"}],"version-history":[{"count":1,"href":"https:\/\/www.nettali.com\/rest\/wp\/v2\/posts\/107925\/revisions"}],"predecessor-version":[{"id":107926,"href":"https:\/\/www.nettali.com\/rest\/wp\/v2\/posts\/107925\/revisions\/107926"}],"wp:featuredmedia":[{"embeddable":true,"href":"https:\/\/www.nettali.com\/rest\/wp\/v2\/media\/107927"}],"wp:attachment":[{"href":"https:\/\/www.nettali.com\/rest\/wp\/v2\/media?parent=107925"}],"wp:term":[{"taxonomy":"category","embeddable":true,"href":"https:\/\/www.nettali.com\/rest\/wp\/v2\/categories?post=107925"},{"taxonomy":"post_tag","embeddable":true,"href":"https:\/\/www.nettali.com\/rest\/wp\/v2\/tags?post=107925"}],"curies":[{"name":"wp","href":"https:\/\/api.w.org\/{rel}","templated":true}]}}