{"id":107873,"date":"2023-04-11T10:53:43","date_gmt":"2023-04-11T10:53:43","guid":{"rendered":"https:\/\/www.nettali.com\/?p=107873"},"modified":"2023-04-16T23:29:33","modified_gmt":"2023-04-16T23:29:33","slug":"coups-de-pilon-hypothetiques-candidatures","status":"publish","type":"post","link":"https:\/\/www.nettali.com\/2023\/04\/11\/coups-de-pilon-hypothetiques-candidatures\/","title":{"rendered":"COUPS DE PILON - Hypoth\u00e9tiques candidatures\u00a0!"},"content":{"rendered":"<p><strong>NETTALI.COM - En direction de la pr\u00e9sidentielle de 2024, la ligne de d\u00e9part de la course risque d\u2019\u00eatre bien encombr\u00e9e, au regard du nombre de candidatures d\u00e9clar\u00e9es. A moins peut \u00eatre que le parrainage et la justice n\u2019en d\u00e9cident autrement.\u00a0<\/strong><\/p>\n<p>Elle est d\u00e9cid\u00e9ment la source de tous les fantasmes et de toutes les pol\u00e9miques\u00a0? On parle \u00e9videmment de l\u2019hypoth\u00e9tique candidature de Macky Sall. En effet, lors de sa derni\u00e8re sortie, avec l\u2019hebdomadaire fran\u00e7ais l\u2019Express, le pr\u00e9sident Sall a encore et davantage embrouill\u00e9 les esprits, alors que beaucoup de S\u00e9n\u00e9galais, na\u00effs certainement, attendaient qu\u2019il f\u00eet une d\u00e9claration d\u00e9finitive sur la question par exemple dans son discours de veille de f\u00eate d\u2019ind\u00e9pendance. Mais aujourd\u2019hui, force est de constater que sa nouvelle posture est d\u2019informer qu\u2019il a d\u00e9sormais le droit avec lui, son mandat de 7 ans acquis en 2012, \u00e9tant hors de port\u00e9e de la r\u00e9forme, suivant une d\u00e9cision du Conseil constitutionnel en date de 2016.<\/p>\n<p>Une autre mani\u00e8re de faire comprendre que sa candidature ne d\u00e9pend finalement plus que de lui. Le constat est d\u00e8s lors que Macky Sall glisse et \u00e9volue subtilement dans sa position, comme pour mieux faire int\u00e9grer cette nouvelle donne. C\u2019est ce qui s\u2019appelle, tenter de faire passer la pilule en douceur\u00a0! En un mot et pour faire court, l\u2019affaire est d\u00e9sormais politique. Il faudrait sans doute ouvrir des n\u00e9gociations, \u00e0 un moment o\u00f9 il a d\u00e9clar\u00e9 \u00eatre ouvert au dialogue\u00a0!<\/p>\n<p>Et pourtant, beaucoup savent que lorsque le pr\u00e9sident Sall a consult\u00e9 le Conseil constitutionnel, ce n\u2019\u00e9tait point pour une question de nombre de mandats, mais bien et uniquement de r\u00e9f\u00e9rendum qui devait consacrer la r\u00e9duction de son mandat acquis en 2012 de 7 \u00e0 5 ans.<\/p>\n<p>Ce qui laisse malgr\u00e9 tout entendre que son quitus pour un 3<sup>\u00e8me<\/sup> mandat est loin d\u2019\u00eatre acquis. Une candidature tout aussi loin d\u2019\u00eatre une certitude, malgr\u00e9 le myst\u00e8re qu\u2019il cherche \u00e0 laisser planer depuis belle lurette. Et m\u00eame les signaux \u00e9mis par ses partisans, soutiens et t\u00e9nors du parti qui semblent vouloir forcer sa candidature avec des meetings de soutien organis\u00e9s \u00e7a et l\u00e0, ne suffisent pas pour consid\u00e9rer qu\u2019il se jettera dans la mare aux candidats.<\/p>\n<p>En v\u00e9rit\u00e9, tous ceux qui se prononcent sur le sujet, dans le sens de l\u2019accr\u00e9ditation de cette 3\u00e8me candidature, ne font finalement que dans la sp\u00e9culation. Ils ne savent rien de ce qu\u2019ils affirment. Une affaire de candidature qui semble en tout cas bien verrouill\u00e9e.<\/p>\n<p>Pour qui conna\u00eet les politiciens et leur capacit\u00e9 \u00e0 exceller dans le camouflage et la diversion, surtout Macky Sall qui sait bien cacher son jeu, il y a des affirmations sur lesquelles, il serait bien hasardeux de se lancer.<\/p>\n<p>Mais \u00e0 la v\u00e9rit\u00e9,\u00a0seul le d\u00e9p\u00f4t de la candidature qui est l\u2019acte juridique par excellence, est ce qui compte.<\/p>\n<p>Les S\u00e9n\u00e9galais devraient pourtant avoir normalement appris que les paroles, surtout d\u2019un homme politique, ne valent que pour ceux qui y croient\u00a0; que seule la v\u00e9rit\u00e9 juridique demeure en r\u00e9alit\u00e9 une v\u00e9rit\u00e9. Et d\u2019ailleurs, malgr\u00e9 les nombreux cris d\u2019orfraie, rien n\u2019impose \u00e0 Macky Sall de se prononcer sur sa candidature, si ce ne sont l\u2019\u00e9thique et la morale.<\/p>\n<p>Autres candidatures, celles de Karim Wade et Khalifa Sall. Ces deux-l\u00e0, figurez-vous, sont toujours dans l\u2019expectative, m\u00eame si le premier a toujours d\u00e9clar\u00e9 opter pour une r\u00e9vision de proc\u00e8s dont il ne devrait toutefois entrevoir la possibilit\u00e9 que dans ses r\u00eaves.\u00a0Sur le sujet, le ministre de la justice, Isma\u00efla Madior Fall a d\u2019ailleurs cherch\u00e9 \u00e0 parler de manifestation d\u2019int\u00e9r\u00eat comme si cela figurait dans les textes, et comme si l\u2019amnistie vise des hommes, alors qu\u2019elle ne vise en r\u00e9alit\u00e9 que des faits. Une posture qui rel\u00e8ve de la surench\u00e8re politique pour ne pas dire d\u2019un jeu de dupe. Toujours est-il que Karim Wade et Khalifa Sall ne sont toujours pas inscrits sur les listes \u00e9lectorales dont la cl\u00f4ture aura lieu le 6 mai prochain, sauf \u00e9videmment prolongation du d\u00e9lai. Ce qui veut dire qu\u2019ils pourraient ne pas \u00eatre \u00e9ligibles s\u2019ils ne sont pas \u00e9lecteurs. En effet, dans le dossier de candidature pour l\u2019\u00e9lection pr\u00e9sidentielle, figure, entre autres, le num\u00e9ro de la carte d\u2019\u00e9lecteur du candidat (article L 120 du Code \u00e9lectoral).<\/p>\n<p>Quid d\u2019Ousmane Sonko\u00a0? Sa candidature est pour l\u2019heure suspendue \u00e0 ses deux proc\u00e8s et l\u2019incertitude qui p\u00e8sent sur ses \u00e9paules. S\u2019il a \u00e9t\u00e9 sauv\u00e9 in extremis par une d\u00e9cision aussi exp\u00e9ditive qu\u2019inattendue dans le cadre d\u2019un proc\u00e8s pour diffamation au cours duquel, il a \u00e9cop\u00e9 de 2 mois avec sursis et 200 millions de dommages et int\u00e9r\u00eats, l\u2019appel du jugement dans cette affaire, nous ram\u00e8ne \u00e0 la case d\u00e9part, puisqu\u2019une grande partie de l\u2019opinion se pose toujours la question de son \u00e9ligibilit\u00e9 ou pas, li\u00e9e \u00e0 une d\u00e9cision d\u00e9finitive de son proc\u00e8s.<\/p>\n<p>Une autre candidature qui n\u2019a toutefois rien \u00e0 voir avec un quelconque lien juridique, c\u2019est celle d\u2019Idrissa Seck qui s\u2019est lanc\u00e9 dans un compagnonnage r\u00e9cent avec Macky Sall. Il donne d\u00e9cid\u00e9ment l\u2019impression de vouloir, \u00e0 chaque fois, annoncer sa candidature avant de renoncer ou se raviser \u00e0 la derni\u00e8re minute. Il avait par exemple renvoy\u00e9 sa derni\u00e8re conf\u00e9rence de presse, apr\u00e8s une entrevue avec Macky Sall. Habitu\u00e9 du clair-obscur, il a r\u00e9cemment us\u00e9\u00a0du langage sportif comme pour nous dire qu\u2019il nous m\u00e8nera en coupe du monde apr\u00e8s que Macky nous a fait gagner la coupe d\u2019Afrique\u00a0! Dernier \u00e9pisode en date, c\u2019est l\u2019\u00e9viction de la 2<sup>\u00e8me<\/sup> vice-pr\u00e9sidence de Rewmi, de Yankhoba Diattara, alors que celui-ci avait soutenu la candidature de Macky Sall. Idrissa Seck a sans doute voulu, \u00e0 travers cet acte lui faire comprendre que soutenir la candidature de Macky Sall en tant que 2<sup>\u00e8me<\/sup> vice-pr\u00e9sident du parti et ministre de surcro\u00eet issu du quota de son parti, pourrait \u00eatre vu comme une onction de Rewmi \u00e0 cette candidature, alors que son mentor de toujours n\u2019a pas \u00e9t\u00e9 au courant d'un tel soutien. Il faut dire que Yankhoba Diattara a souvent fait preuve de beaucoup de z\u00e8le et s'est souvent montr\u00e9 bien dithyrambique sur les qualit\u00e9s du pr\u00e9sident Sall.<\/p>\n<p>La suite est connue, le ministre des sports a tent\u00e9 de remettre sa d\u00e9mission \u00e0 son mentor, dans une d\u00e9marche pas si convaincante au fond qui relevait plut\u00f4t de la farce puisque manifestement Idrissa Seck n\u2019\u00e9tait pas le bon interlocuteur. Toujours est-il que les angles ont fini par \u00eatre arrondis entre les deux. Du moins provisoirement.<\/p>\n<p>Mais au train o\u00f9 vont les choses, \u00e0 moins que Macky Sall et Idrissa Seck ne soient dans une logique de nous divertir, l\u2019ancien maire de Thies semble d\u00e9termin\u00e9 \u00e0 \u00eatre candidat. Une candidature qui pourrait ne pas \u00eatre g\u00eanante m\u00eame dans le cas o\u00f9 Macky Sall venait \u00e0 \u00eatre candidat. A titre de comparaison, la coalition Yewwi Askan Wi va pr\u00e9senter de nombreuses candidatures avec \u00e0 la clef un soutien du candidat de Yaw le mieux plac\u00e9 en cas de second tour, pourquoi le m\u00eame cas de figure ne pourrait pas s\u2019appliquer \u00e0 Benno ? Une bonne question.<\/p>\n<p>Un jeu politique finalement si trouble que le parrainage, quoique imparfait et critiqu\u00e9, devrait r\u00e9guler. Trop de candidatures avec toutefois beaucoup d\u2019incertitudes\u00a0: Macky, Sonko, Khalifa, et Karim\u00a0! Du coup, certains partis ou coalitions, devraient songer \u00e0 des plans B pour parer \u00e0 toutes les \u00e9ventualit\u00e9s.<\/p>\n<div class='share-to-whatsapp-wrapper'><div class='share-on-whsp'>PARTAGER SUR : <\/div><a data-text='COUPS DE PILON - Hypoth\u00e9tiques candidatures\u00a0!' data-link='https:\/\/www.nettali.com\/2023\/04\/11\/coups-de-pilon-hypothetiques-candidatures\/' class='whatsapp-button whatsapp-share'>WhatsApp<\/a><div class='clear '><\/div><\/div>","protected":false},"excerpt":{"rendered":"<p>NETTALI.COM - En direction de la pr\u00e9sidentielle de 2024, la ligne de d\u00e9part de la course risque d\u2019\u00eatre bien encombr\u00e9e, au regard du nombre de candidatures d\u00e9clar\u00e9es. A moins peut \u00eatre que le parrainage et la justice n\u2019en d\u00e9cident autrement.\u00a0 Elle est d\u00e9cid\u00e9ment la source de tous les fantasmes et de toutes les pol\u00e9miques\u00a0? On [&hellip;]<\/p>\n","protected":false},"author":2,"featured_media":107851,"comment_status":"open","ping_status":"open","sticky":false,"template":"","format":"standard","meta":{"_et_pb_use_builder":"","_et_pb_old_content":""},"categories":[34932],"tags":[],"yoast_head":"<!-- This site is optimized with the Yoast SEO Premium plugin v17.8 (Yoast SEO v17.8) - https:\/\/yoast.com\/wordpress\/plugins\/seo\/ -->\n<title>COUPS DE PILON - Hypoth\u00e9tiques candidatures\u00a0! | Nettali.com<\/title>\n<meta name=\"robots\" content=\"index, follow, max-snippet:-1, max-image-preview:large, max-video-preview:-1\" \/>\n<link rel=\"canonical\" href=\"https:\/\/www.nettali.com\/2023\/04\/11\/coups-de-pilon-hypothetiques-candidatures\/\" \/>\n<meta property=\"og:locale\" content=\"fr_FR\" \/>\n<meta property=\"og:type\" content=\"article\" \/>\n<meta property=\"og:title\" content=\"COUPS DE PILON - Hypoth\u00e9tiques candidatures\u00a0!\" \/>\n<meta property=\"og:description\" content=\"NETTALI.COM - En direction de la pr\u00e9sidentielle de 2024, la ligne de d\u00e9part de la course risque d\u2019\u00eatre bien encombr\u00e9e, au regard du nombre de candidatures d\u00e9clar\u00e9es. A moins peut \u00eatre que le parrainage et la justice n\u2019en d\u00e9cident autrement.\u00a0 Elle est d\u00e9cid\u00e9ment la source de tous les fantasmes et de toutes les pol\u00e9miques\u00a0? On [&hellip;]\" \/>\n<meta property=\"og:url\" content=\"https:\/\/www.nettali.com\/2023\/04\/11\/coups-de-pilon-hypothetiques-candidatures\/\" \/>\n<meta property=\"og:site_name\" content=\"Nettali.com\" \/>\n<meta property=\"article:publisher\" content=\"https:\/\/www.facebook.com\/nettalicom\" \/>\n<meta property=\"article:published_time\" content=\"2023-04-11T10:53:43+00:00\" \/>\n<meta property=\"article:modified_time\" content=\"2023-04-16T23:29:33+00:00\" \/>\n<meta property=\"og:image\" content=\"https:\/\/www.nettali.com\/wp-content\/uploads\/2023\/04\/sonko-wade-sall-seck.jpg\" \/>\n\t<meta property=\"og:image:width\" content=\"1280\" \/>\n\t<meta property=\"og:image:height\" content=\"600\" \/>\n<meta name=\"twitter:card\" content=\"summary_large_image\" \/>\n<meta name=\"twitter:label1\" content=\"\u00c9crit par\" \/>\n\t<meta name=\"twitter:data1\" content=\"CK\" \/>\n\t<meta name=\"twitter:label2\" content=\"Dur\u00e9e de lecture estim\u00e9e\" \/>\n\t<meta name=\"twitter:data2\" content=\"7 minutes\" \/>\n<script type=\"application\/ld+json\" class=\"yoast-schema-graph\">{\"@context\":\"https:\/\/schema.org\",\"@graph\":[{\"@type\":\"WebSite\",\"@id\":\"https:\/\/www.nettali.com\/#website\",\"url\":\"https:\/\/www.nettali.com\/\",\"name\":\"Nettali.com\",\"description\":\"Le rendez-vous critique du Net\",\"potentialAction\":[{\"@type\":\"SearchAction\",\"target\":{\"@type\":\"EntryPoint\",\"urlTemplate\":\"https:\/\/www.nettali.com\/?s={search_term_string}\"},\"query-input\":\"required name=search_term_string\"}],\"inLanguage\":\"fr-FR\"},{\"@type\":\"ImageObject\",\"@id\":\"https:\/\/www.nettali.com\/2023\/04\/11\/coups-de-pilon-hypothetiques-candidatures\/#primaryimage\",\"inLanguage\":\"fr-FR\",\"url\":\"https:\/\/www.nettali.com\/wp-content\/uploads\/2023\/04\/sonko-wade-sall-seck.jpg\",\"contentUrl\":\"https:\/\/www.nettali.com\/wp-content\/uploads\/2023\/04\/sonko-wade-sall-seck.jpg\",\"width\":1280,\"height\":600},{\"@type\":\"WebPage\",\"@id\":\"https:\/\/www.nettali.com\/2023\/04\/11\/coups-de-pilon-hypothetiques-candidatures\/#webpage\",\"url\":\"https:\/\/www.nettali.com\/2023\/04\/11\/coups-de-pilon-hypothetiques-candidatures\/\",\"name\":\"COUPS DE PILON - Hypoth\\u00e9tiques candidatures\\u00a0! | Nettali.com\",\"isPartOf\":{\"@id\":\"https:\/\/www.nettali.com\/#website\"},\"primaryImageOfPage\":{\"@id\":\"https:\/\/www.nettali.com\/2023\/04\/11\/coups-de-pilon-hypothetiques-candidatures\/#primaryimage\"},\"datePublished\":\"2023-04-11T10:53:43+00:00\",\"dateModified\":\"2023-04-16T23:29:33+00:00\",\"author\":{\"@id\":\"https:\/\/www.nettali.com\/#\/schema\/person\/d8ac7b7e27ddad43f1c0d2ef090d7f71\"},\"breadcrumb\":{\"@id\":\"https:\/\/www.nettali.com\/2023\/04\/11\/coups-de-pilon-hypothetiques-candidatures\/#breadcrumb\"},\"inLanguage\":\"fr-FR\",\"potentialAction\":[{\"@type\":\"ReadAction\",\"target\":[\"https:\/\/www.nettali.com\/2023\/04\/11\/coups-de-pilon-hypothetiques-candidatures\/\"]}]},{\"@type\":\"BreadcrumbList\",\"@id\":\"https:\/\/www.nettali.com\/2023\/04\/11\/coups-de-pilon-hypothetiques-candidatures\/#breadcrumb\",\"itemListElement\":[{\"@type\":\"ListItem\",\"position\":1,\"name\":\"Accueil\",\"item\":\"https:\/\/www.nettali.com\/\"},{\"@type\":\"ListItem\",\"position\":2,\"name\":\"COUPS DE PILON - Hypoth\\u00e9tiques candidatures\\u00a0!\"}]},{\"@type\":\"Person\",\"@id\":\"https:\/\/www.nettali.com\/#\/schema\/person\/d8ac7b7e27ddad43f1c0d2ef090d7f71\",\"name\":\"CK\",\"image\":{\"@type\":\"ImageObject\",\"@id\":\"https:\/\/www.nettali.com\/#personlogo\",\"inLanguage\":\"fr-FR\",\"url\":\"https:\/\/secure.gravatar.com\/avatar\/1d8d5118b9327d94da7cd4ce7f17fec2?s=96&d=mm&r=g\",\"contentUrl\":\"https:\/\/secure.gravatar.com\/avatar\/1d8d5118b9327d94da7cd4ce7f17fec2?s=96&d=mm&r=g\",\"caption\":\"CK\"},\"sameAs\":[\"https:\/\/www.nettali.com\"]}]}<\/script>\n<!-- \/ Yoast SEO Premium plugin. -->","yoast_head_json":{"title":"COUPS DE PILON - Hypoth\u00e9tiques candidatures\u00a0! | Nettali.com","robots":{"index":"index","follow":"follow","max-snippet":"max-snippet:-1","max-image-preview":"max-image-preview:large","max-video-preview":"max-video-preview:-1"},"canonical":"https:\/\/www.nettali.com\/2023\/04\/11\/coups-de-pilon-hypothetiques-candidatures\/","og_locale":"fr_FR","og_type":"article","og_title":"COUPS DE PILON - Hypoth\u00e9tiques candidatures\u00a0!","og_description":"NETTALI.COM - En direction de la pr\u00e9sidentielle de 2024, la ligne de d\u00e9part de la course risque d\u2019\u00eatre bien encombr\u00e9e, au regard du nombre de candidatures d\u00e9clar\u00e9es. A moins peut \u00eatre que le parrainage et la justice n\u2019en d\u00e9cident autrement.\u00a0 Elle est d\u00e9cid\u00e9ment la source de tous les fantasmes et de toutes les pol\u00e9miques\u00a0? On [&hellip;]","og_url":"https:\/\/www.nettali.com\/2023\/04\/11\/coups-de-pilon-hypothetiques-candidatures\/","og_site_name":"Nettali.com","article_publisher":"https:\/\/www.facebook.com\/nettalicom","article_published_time":"2023-04-11T10:53:43+00:00","article_modified_time":"2023-04-16T23:29:33+00:00","og_image":[{"width":1280,"height":600,"url":"https:\/\/www.nettali.com\/wp-content\/uploads\/2023\/04\/sonko-wade-sall-seck.jpg","type":"image\/jpeg"}],"twitter_card":"summary_large_image","twitter_misc":{"\u00c9crit par":"CK","Dur\u00e9e de lecture estim\u00e9e":"7 minutes"},"schema":{"@context":"https:\/\/schema.org","@graph":[{"@type":"WebSite","@id":"https:\/\/www.nettali.com\/#website","url":"https:\/\/www.nettali.com\/","name":"Nettali.com","description":"Le rendez-vous critique du Net","potentialAction":[{"@type":"SearchAction","target":{"@type":"EntryPoint","urlTemplate":"https:\/\/www.nettali.com\/?s={search_term_string}"},"query-input":"required name=search_term_string"}],"inLanguage":"fr-FR"},{"@type":"ImageObject","@id":"https:\/\/www.nettali.com\/2023\/04\/11\/coups-de-pilon-hypothetiques-candidatures\/#primaryimage","inLanguage":"fr-FR","url":"https:\/\/www.nettali.com\/wp-content\/uploads\/2023\/04\/sonko-wade-sall-seck.jpg","contentUrl":"https:\/\/www.nettali.com\/wp-content\/uploads\/2023\/04\/sonko-wade-sall-seck.jpg","width":1280,"height":600},{"@type":"WebPage","@id":"https:\/\/www.nettali.com\/2023\/04\/11\/coups-de-pilon-hypothetiques-candidatures\/#webpage","url":"https:\/\/www.nettali.com\/2023\/04\/11\/coups-de-pilon-hypothetiques-candidatures\/","name":"COUPS DE PILON - Hypoth\u00e9tiques candidatures\u00a0! | Nettali.com","isPartOf":{"@id":"https:\/\/www.nettali.com\/#website"},"primaryImageOfPage":{"@id":"https:\/\/www.nettali.com\/2023\/04\/11\/coups-de-pilon-hypothetiques-candidatures\/#primaryimage"},"datePublished":"2023-04-11T10:53:43+00:00","dateModified":"2023-04-16T23:29:33+00:00","author":{"@id":"https:\/\/www.nettali.com\/#\/schema\/person\/d8ac7b7e27ddad43f1c0d2ef090d7f71"},"breadcrumb":{"@id":"https:\/\/www.nettali.com\/2023\/04\/11\/coups-de-pilon-hypothetiques-candidatures\/#breadcrumb"},"inLanguage":"fr-FR","potentialAction":[{"@type":"ReadAction","target":["https:\/\/www.nettali.com\/2023\/04\/11\/coups-de-pilon-hypothetiques-candidatures\/"]}]},{"@type":"BreadcrumbList","@id":"https:\/\/www.nettali.com\/2023\/04\/11\/coups-de-pilon-hypothetiques-candidatures\/#breadcrumb","itemListElement":[{"@type":"ListItem","position":1,"name":"Accueil","item":"https:\/\/www.nettali.com\/"},{"@type":"ListItem","position":2,"name":"COUPS DE PILON - Hypoth\u00e9tiques candidatures\u00a0!"}]},{"@type":"Person","@id":"https:\/\/www.nettali.com\/#\/schema\/person\/d8ac7b7e27ddad43f1c0d2ef090d7f71","name":"CK","image":{"@type":"ImageObject","@id":"https:\/\/www.nettali.com\/#personlogo","inLanguage":"fr-FR","url":"https:\/\/secure.gravatar.com\/avatar\/1d8d5118b9327d94da7cd4ce7f17fec2?s=96&d=mm&r=g","contentUrl":"https:\/\/secure.gravatar.com\/avatar\/1d8d5118b9327d94da7cd4ce7f17fec2?s=96&d=mm&r=g","caption":"CK"},"sameAs":["https:\/\/www.nettali.com"]}]}},"_links":{"self":[{"href":"https:\/\/www.nettali.com\/rest\/wp\/v2\/posts\/107873"}],"collection":[{"href":"https:\/\/www.nettali.com\/rest\/wp\/v2\/posts"}],"about":[{"href":"https:\/\/www.nettali.com\/rest\/wp\/v2\/types\/post"}],"author":[{"embeddable":true,"href":"https:\/\/www.nettali.com\/rest\/wp\/v2\/users\/2"}],"replies":[{"embeddable":true,"href":"https:\/\/www.nettali.com\/rest\/wp\/v2\/comments?post=107873"}],"version-history":[{"count":1,"href":"https:\/\/www.nettali.com\/rest\/wp\/v2\/posts\/107873\/revisions"}],"predecessor-version":[{"id":107874,"href":"https:\/\/www.nettali.com\/rest\/wp\/v2\/posts\/107873\/revisions\/107874"}],"wp:featuredmedia":[{"embeddable":true,"href":"https:\/\/www.nettali.com\/rest\/wp\/v2\/media\/107851"}],"wp:attachment":[{"href":"https:\/\/www.nettali.com\/rest\/wp\/v2\/media?parent=107873"}],"wp:term":[{"taxonomy":"category","embeddable":true,"href":"https:\/\/www.nettali.com\/rest\/wp\/v2\/categories?post=107873"},{"taxonomy":"post_tag","embeddable":true,"href":"https:\/\/www.nettali.com\/rest\/wp\/v2\/tags?post=107873"}],"curies":[{"name":"wp","href":"https:\/\/api.w.org\/{rel}","templated":true}]}}