{"id":107795,"date":"2023-04-09T18:33:13","date_gmt":"2023-04-09T18:33:13","guid":{"rendered":"https:\/\/www.nettali.com\/?p=107795"},"modified":"2023-04-09T18:33:13","modified_gmt":"2023-04-09T18:33:13","slug":"alioune-tine-sur-laffaire-prodac-nous-avons-besoin-davoir-une-clarification-sur-les-29-milliards-de-francs-cfa","status":"publish","type":"post","link":"https:\/\/www.nettali.com\/2023\/04\/09\/alioune-tine-sur-laffaire-prodac-nous-avons-besoin-davoir-une-clarification-sur-les-29-milliards-de-francs-cfa\/","title":{"rendered":"ALIOUNE TINE SUR L'AFFAIRE PRODAC - \u00ab Nous avons besoin d\u2019avoir une clarification sur les 29 milliards de francs CFA \u00bb"},"content":{"rendered":"<p><strong>NETTALI.COM- M\u00eame si la Justice a condamn\u00e9 Ousmane Sonko pour diffamation contre Mame Mbaye Niang, Alioune Tine, devant le Jury du dimanche, continue de demander des clarifications sur les 29 milliards de Prodac.<\/strong><\/p>\n<p>Malgr\u00e9 la condamnation de Ousmane Sonko \u00e0 2 mois de prison avec sursis et 200 millions de francs CFA \u00e0 payer \u00e0 la partie civile, l\u2019affaire Prodac est loin de conna\u00eetre son \u00e9pilogue. Pour Alioune Tine, la lanterne des S\u00e9n\u00e9galais doit \u00eatre \u00e9clair\u00e9e sur les 29 milliards CFA. \u00ab <em>Les 29 milliards, en 2018, on en a parl\u00e9, reparl\u00e9. Quand vous prenez les audios et vid\u00e9os de d\u00e9bats de t\u00e9l\u00e9vision, vous entendez des ministres parler du rapport. Cette question est la question la plus \u00e9minente. C\u2019est pour cela que je parle de gouvernance d\u2019all\u00e9geance. Selon que vous soyez dans ou contre le gouvernement, vous b\u00e9n\u00e9ficier de l\u2019impunit\u00e9. Cela veut dire que l\u2019\u00e9tat de droit ne s\u2019applique pas \u00e0 vous<\/em> \u00bb a d\u00e9plor\u00e9 Alioune Tine.<\/p>\n<p>Avant de souligner : \u00ab <em>Nous avons besoin en tant que citoyen s\u00e9n\u00e9galais d\u2019avoir une clarification sur les 29 milliards. Si le procureur de la R\u00e9publique est ind\u00e9pendant, il doit permettre aux S\u00e9n\u00e9galais de savoir la v\u00e9rit\u00e9 dans cette affaire<\/em> \u00bb.<\/p>\n<p>A en croire le fondateur d\u2019Africakom center, tant que cette question n\u2019est pas r\u00e9gl\u00e9e, on ne peut pas parler de diffamation. \u00ab <em>Cette question est celle \u00e0 laquelle d\u00e9pend la question de la diffamation<\/em> \u00bb, dit-il. Etayant ses propos, il ajoute : \u00ab <em>Cela veut dire que si vous l\u2019\u00e9clairez, \u00e0 partir de ce moment-l\u00e0, vous pouvez dire s\u2019il y a diffamation ou pas. D\u2019autant plus que le sp\u00e9cialiste sur ces questions, Birahim Seck, a \u00e9crit un livre, et il est pr\u00eat \u00e0 t\u00e9moigner<\/em>.\u00bb<\/p>\n<p>Il faut rappeler qu\u2019\u00e0 la suite de la d\u00e9cision rendue par la juridiction de premi\u00e8re instance, le ministre du tourisme, partie civile dans cette affaire et le minist\u00e8re public ont interjet\u00e9 appel.<\/p>\n<p>D\u2019ailleurs, les avocats de Ousmane Sonko a derni\u00e8rement fait face \u00e0 la presse pour dire leurs craintes sur ces appels qui, selon eux, ont pour objectif de rendre in\u00e9ligible Ousmane Sonko, pr\u00e9venu, \u00e0 la course pr\u00e9sidentielle de f\u00e9vrier 2024.<\/p>\n<div class='share-to-whatsapp-wrapper'><div class='share-on-whsp'>PARTAGER SUR : <\/div><a data-text='ALIOUNE TINE SUR L'AFFAIRE PRODAC - \u00ab Nous avons besoin d\u2019avoir une clarification sur les 29 milliards de francs CFA \u00bb' data-link='https:\/\/www.nettali.com\/2023\/04\/09\/alioune-tine-sur-laffaire-prodac-nous-avons-besoin-davoir-une-clarification-sur-les-29-milliards-de-francs-cfa\/' class='whatsapp-button whatsapp-share'>WhatsApp<\/a><div class='clear '><\/div><\/div>","protected":false},"excerpt":{"rendered":"<p>NETTALI.COM- M\u00eame si la Justice a condamn\u00e9 Ousmane Sonko pour diffamation contre Mame Mbaye Niang, Alioune Tine, devant le Jury du dimanche, continue de demander des clarifications sur les 29 milliards de Prodac. Malgr\u00e9 la condamnation de Ousmane Sonko \u00e0 2 mois de prison avec sursis et 200 millions de francs CFA \u00e0 payer \u00e0 [&hellip;]<\/p>\n","protected":false},"author":6,"featured_media":58817,"comment_status":"open","ping_status":"open","sticky":false,"template":"","format":"standard","meta":{"_et_pb_use_builder":"","_et_pb_old_content":""},"categories":[3],"tags":[],"yoast_head":"<!-- This site is optimized with the Yoast SEO Premium plugin v17.8 (Yoast SEO v17.8) - https:\/\/yoast.com\/wordpress\/plugins\/seo\/ -->\n<title>ALIOUNE TINE SUR L&#039;AFFAIRE PRODAC - \u00ab Nous avons besoin d\u2019avoir une clarification sur les 29 milliards de francs CFA \u00bb | Nettali.com<\/title>\n<meta name=\"robots\" content=\"index, follow, max-snippet:-1, max-image-preview:large, max-video-preview:-1\" \/>\n<link rel=\"canonical\" href=\"https:\/\/www.nettali.com\/2023\/04\/09\/alioune-tine-sur-laffaire-prodac-nous-avons-besoin-davoir-une-clarification-sur-les-29-milliards-de-francs-cfa\/\" \/>\n<meta property=\"og:locale\" content=\"fr_FR\" \/>\n<meta property=\"og:type\" content=\"article\" \/>\n<meta property=\"og:title\" content=\"ALIOUNE TINE SUR L&#039;AFFAIRE PRODAC - \u00ab Nous avons besoin d\u2019avoir une clarification sur les 29 milliards de francs CFA \u00bb\" \/>\n<meta property=\"og:description\" content=\"NETTALI.COM- M\u00eame si la Justice a condamn\u00e9 Ousmane Sonko pour diffamation contre Mame Mbaye Niang, Alioune Tine, devant le Jury du dimanche, continue de demander des clarifications sur les 29 milliards de Prodac. Malgr\u00e9 la condamnation de Ousmane Sonko \u00e0 2 mois de prison avec sursis et 200 millions de francs CFA \u00e0 payer \u00e0 [&hellip;]\" \/>\n<meta property=\"og:url\" content=\"https:\/\/www.nettali.com\/2023\/04\/09\/alioune-tine-sur-laffaire-prodac-nous-avons-besoin-davoir-une-clarification-sur-les-29-milliards-de-francs-cfa\/\" \/>\n<meta property=\"og:site_name\" content=\"Nettali.com\" \/>\n<meta property=\"article:publisher\" content=\"https:\/\/www.facebook.com\/nettalicom\" \/>\n<meta property=\"article:published_time\" content=\"2023-04-09T18:33:13+00:00\" \/>\n<meta property=\"og:image\" content=\"https:\/\/www.nettali.com\/wp-content\/uploads\/2021\/03\/alioune-tine.jpg\" \/>\n\t<meta property=\"og:image:width\" content=\"720\" \/>\n\t<meta property=\"og:image:height\" content=\"405\" \/>\n<meta name=\"twitter:card\" content=\"summary_large_image\" \/>\n<meta name=\"twitter:label1\" content=\"\u00c9crit par\" \/>\n\t<meta name=\"twitter:data1\" content=\"Fatou\" \/>\n\t<meta name=\"twitter:label2\" content=\"Dur\u00e9e de lecture estim\u00e9e\" \/>\n\t<meta name=\"twitter:data2\" content=\"2 minutes\" \/>\n<script type=\"application\/ld+json\" class=\"yoast-schema-graph\">{\"@context\":\"https:\/\/schema.org\",\"@graph\":[{\"@type\":\"WebSite\",\"@id\":\"https:\/\/www.nettali.com\/#website\",\"url\":\"https:\/\/www.nettali.com\/\",\"name\":\"Nettali.com\",\"description\":\"Le rendez-vous critique du Net\",\"potentialAction\":[{\"@type\":\"SearchAction\",\"target\":{\"@type\":\"EntryPoint\",\"urlTemplate\":\"https:\/\/www.nettali.com\/?s={search_term_string}\"},\"query-input\":\"required name=search_term_string\"}],\"inLanguage\":\"fr-FR\"},{\"@type\":\"ImageObject\",\"@id\":\"https:\/\/www.nettali.com\/2023\/04\/09\/alioune-tine-sur-laffaire-prodac-nous-avons-besoin-davoir-une-clarification-sur-les-29-milliards-de-francs-cfa\/#primaryimage\",\"inLanguage\":\"fr-FR\",\"url\":\"https:\/\/www.nettali.com\/wp-content\/uploads\/2021\/03\/alioune-tine.jpg\",\"contentUrl\":\"https:\/\/www.nettali.com\/wp-content\/uploads\/2021\/03\/alioune-tine.jpg\",\"width\":720,\"height\":405},{\"@type\":\"WebPage\",\"@id\":\"https:\/\/www.nettali.com\/2023\/04\/09\/alioune-tine-sur-laffaire-prodac-nous-avons-besoin-davoir-une-clarification-sur-les-29-milliards-de-francs-cfa\/#webpage\",\"url\":\"https:\/\/www.nettali.com\/2023\/04\/09\/alioune-tine-sur-laffaire-prodac-nous-avons-besoin-davoir-une-clarification-sur-les-29-milliards-de-francs-cfa\/\",\"name\":\"ALIOUNE TINE SUR L'AFFAIRE PRODAC - \\u00ab Nous avons besoin d\\u2019avoir une clarification sur les 29 milliards de francs CFA \\u00bb | Nettali.com\",\"isPartOf\":{\"@id\":\"https:\/\/www.nettali.com\/#website\"},\"primaryImageOfPage\":{\"@id\":\"https:\/\/www.nettali.com\/2023\/04\/09\/alioune-tine-sur-laffaire-prodac-nous-avons-besoin-davoir-une-clarification-sur-les-29-milliards-de-francs-cfa\/#primaryimage\"},\"datePublished\":\"2023-04-09T18:33:13+00:00\",\"dateModified\":\"2023-04-09T18:33:13+00:00\",\"author\":{\"@id\":\"https:\/\/www.nettali.com\/#\/schema\/person\/418274a86bdf87caff7a3ef476bd0bbf\"},\"breadcrumb\":{\"@id\":\"https:\/\/www.nettali.com\/2023\/04\/09\/alioune-tine-sur-laffaire-prodac-nous-avons-besoin-davoir-une-clarification-sur-les-29-milliards-de-francs-cfa\/#breadcrumb\"},\"inLanguage\":\"fr-FR\",\"potentialAction\":[{\"@type\":\"ReadAction\",\"target\":[\"https:\/\/www.nettali.com\/2023\/04\/09\/alioune-tine-sur-laffaire-prodac-nous-avons-besoin-davoir-une-clarification-sur-les-29-milliards-de-francs-cfa\/\"]}]},{\"@type\":\"BreadcrumbList\",\"@id\":\"https:\/\/www.nettali.com\/2023\/04\/09\/alioune-tine-sur-laffaire-prodac-nous-avons-besoin-davoir-une-clarification-sur-les-29-milliards-de-francs-cfa\/#breadcrumb\",\"itemListElement\":[{\"@type\":\"ListItem\",\"position\":1,\"name\":\"Accueil\",\"item\":\"https:\/\/www.nettali.com\/\"},{\"@type\":\"ListItem\",\"position\":2,\"name\":\"ALIOUNE TINE SUR L'AFFAIRE PRODAC - \\u00ab Nous avons besoin d\\u2019avoir une clarification sur les 29 milliards de francs CFA \\u00bb\"}]},{\"@type\":\"Person\",\"@id\":\"https:\/\/www.nettali.com\/#\/schema\/person\/418274a86bdf87caff7a3ef476bd0bbf\",\"name\":\"Fatou\",\"image\":{\"@type\":\"ImageObject\",\"@id\":\"https:\/\/www.nettali.com\/#personlogo\",\"inLanguage\":\"fr-FR\",\"url\":\"https:\/\/secure.gravatar.com\/avatar\/5a9442a2bee7b4dcf167cab035858e9a?s=96&d=mm&r=g\",\"contentUrl\":\"https:\/\/secure.gravatar.com\/avatar\/5a9442a2bee7b4dcf167cab035858e9a?s=96&d=mm&r=g\",\"caption\":\"Fatou\"},\"sameAs\":[\"https:\/\/www.nettali.com\"]}]}<\/script>\n<!-- \/ Yoast SEO Premium plugin. -->","yoast_head_json":{"title":"ALIOUNE TINE SUR L'AFFAIRE PRODAC - \u00ab Nous avons besoin d\u2019avoir une clarification sur les 29 milliards de francs CFA \u00bb | Nettali.com","robots":{"index":"index","follow":"follow","max-snippet":"max-snippet:-1","max-image-preview":"max-image-preview:large","max-video-preview":"max-video-preview:-1"},"canonical":"https:\/\/www.nettali.com\/2023\/04\/09\/alioune-tine-sur-laffaire-prodac-nous-avons-besoin-davoir-une-clarification-sur-les-29-milliards-de-francs-cfa\/","og_locale":"fr_FR","og_type":"article","og_title":"ALIOUNE TINE SUR L'AFFAIRE PRODAC - \u00ab Nous avons besoin d\u2019avoir une clarification sur les 29 milliards de francs CFA \u00bb","og_description":"NETTALI.COM- M\u00eame si la Justice a condamn\u00e9 Ousmane Sonko pour diffamation contre Mame Mbaye Niang, Alioune Tine, devant le Jury du dimanche, continue de demander des clarifications sur les 29 milliards de Prodac. Malgr\u00e9 la condamnation de Ousmane Sonko \u00e0 2 mois de prison avec sursis et 200 millions de francs CFA \u00e0 payer \u00e0 [&hellip;]","og_url":"https:\/\/www.nettali.com\/2023\/04\/09\/alioune-tine-sur-laffaire-prodac-nous-avons-besoin-davoir-une-clarification-sur-les-29-milliards-de-francs-cfa\/","og_site_name":"Nettali.com","article_publisher":"https:\/\/www.facebook.com\/nettalicom","article_published_time":"2023-04-09T18:33:13+00:00","og_image":[{"width":720,"height":405,"url":"https:\/\/www.nettali.com\/wp-content\/uploads\/2021\/03\/alioune-tine.jpg","type":"image\/jpeg"}],"twitter_card":"summary_large_image","twitter_misc":{"\u00c9crit par":"Fatou","Dur\u00e9e de lecture estim\u00e9e":"2 minutes"},"schema":{"@context":"https:\/\/schema.org","@graph":[{"@type":"WebSite","@id":"https:\/\/www.nettali.com\/#website","url":"https:\/\/www.nettali.com\/","name":"Nettali.com","description":"Le rendez-vous critique du Net","potentialAction":[{"@type":"SearchAction","target":{"@type":"EntryPoint","urlTemplate":"https:\/\/www.nettali.com\/?s={search_term_string}"},"query-input":"required name=search_term_string"}],"inLanguage":"fr-FR"},{"@type":"ImageObject","@id":"https:\/\/www.nettali.com\/2023\/04\/09\/alioune-tine-sur-laffaire-prodac-nous-avons-besoin-davoir-une-clarification-sur-les-29-milliards-de-francs-cfa\/#primaryimage","inLanguage":"fr-FR","url":"https:\/\/www.nettali.com\/wp-content\/uploads\/2021\/03\/alioune-tine.jpg","contentUrl":"https:\/\/www.nettali.com\/wp-content\/uploads\/2021\/03\/alioune-tine.jpg","width":720,"height":405},{"@type":"WebPage","@id":"https:\/\/www.nettali.com\/2023\/04\/09\/alioune-tine-sur-laffaire-prodac-nous-avons-besoin-davoir-une-clarification-sur-les-29-milliards-de-francs-cfa\/#webpage","url":"https:\/\/www.nettali.com\/2023\/04\/09\/alioune-tine-sur-laffaire-prodac-nous-avons-besoin-davoir-une-clarification-sur-les-29-milliards-de-francs-cfa\/","name":"ALIOUNE TINE SUR L'AFFAIRE PRODAC - \u00ab Nous avons besoin d\u2019avoir une clarification sur les 29 milliards de francs CFA \u00bb | Nettali.com","isPartOf":{"@id":"https:\/\/www.nettali.com\/#website"},"primaryImageOfPage":{"@id":"https:\/\/www.nettali.com\/2023\/04\/09\/alioune-tine-sur-laffaire-prodac-nous-avons-besoin-davoir-une-clarification-sur-les-29-milliards-de-francs-cfa\/#primaryimage"},"datePublished":"2023-04-09T18:33:13+00:00","dateModified":"2023-04-09T18:33:13+00:00","author":{"@id":"https:\/\/www.nettali.com\/#\/schema\/person\/418274a86bdf87caff7a3ef476bd0bbf"},"breadcrumb":{"@id":"https:\/\/www.nettali.com\/2023\/04\/09\/alioune-tine-sur-laffaire-prodac-nous-avons-besoin-davoir-une-clarification-sur-les-29-milliards-de-francs-cfa\/#breadcrumb"},"inLanguage":"fr-FR","potentialAction":[{"@type":"ReadAction","target":["https:\/\/www.nettali.com\/2023\/04\/09\/alioune-tine-sur-laffaire-prodac-nous-avons-besoin-davoir-une-clarification-sur-les-29-milliards-de-francs-cfa\/"]}]},{"@type":"BreadcrumbList","@id":"https:\/\/www.nettali.com\/2023\/04\/09\/alioune-tine-sur-laffaire-prodac-nous-avons-besoin-davoir-une-clarification-sur-les-29-milliards-de-francs-cfa\/#breadcrumb","itemListElement":[{"@type":"ListItem","position":1,"name":"Accueil","item":"https:\/\/www.nettali.com\/"},{"@type":"ListItem","position":2,"name":"ALIOUNE TINE SUR L'AFFAIRE PRODAC - \u00ab Nous avons besoin d\u2019avoir une clarification sur les 29 milliards de francs CFA \u00bb"}]},{"@type":"Person","@id":"https:\/\/www.nettali.com\/#\/schema\/person\/418274a86bdf87caff7a3ef476bd0bbf","name":"Fatou","image":{"@type":"ImageObject","@id":"https:\/\/www.nettali.com\/#personlogo","inLanguage":"fr-FR","url":"https:\/\/secure.gravatar.com\/avatar\/5a9442a2bee7b4dcf167cab035858e9a?s=96&d=mm&r=g","contentUrl":"https:\/\/secure.gravatar.com\/avatar\/5a9442a2bee7b4dcf167cab035858e9a?s=96&d=mm&r=g","caption":"Fatou"},"sameAs":["https:\/\/www.nettali.com"]}]}},"_links":{"self":[{"href":"https:\/\/www.nettali.com\/rest\/wp\/v2\/posts\/107795"}],"collection":[{"href":"https:\/\/www.nettali.com\/rest\/wp\/v2\/posts"}],"about":[{"href":"https:\/\/www.nettali.com\/rest\/wp\/v2\/types\/post"}],"author":[{"embeddable":true,"href":"https:\/\/www.nettali.com\/rest\/wp\/v2\/users\/6"}],"replies":[{"embeddable":true,"href":"https:\/\/www.nettali.com\/rest\/wp\/v2\/comments?post=107795"}],"version-history":[{"count":3,"href":"https:\/\/www.nettali.com\/rest\/wp\/v2\/posts\/107795\/revisions"}],"predecessor-version":[{"id":107807,"href":"https:\/\/www.nettali.com\/rest\/wp\/v2\/posts\/107795\/revisions\/107807"}],"wp:featuredmedia":[{"embeddable":true,"href":"https:\/\/www.nettali.com\/rest\/wp\/v2\/media\/58817"}],"wp:attachment":[{"href":"https:\/\/www.nettali.com\/rest\/wp\/v2\/media?parent=107795"}],"wp:term":[{"taxonomy":"category","embeddable":true,"href":"https:\/\/www.nettali.com\/rest\/wp\/v2\/categories?post=107795"},{"taxonomy":"post_tag","embeddable":true,"href":"https:\/\/www.nettali.com\/rest\/wp\/v2\/tags?post=107795"}],"curies":[{"name":"wp","href":"https:\/\/api.w.org\/{rel}","templated":true}]}}