{"id":107793,"date":"2023-04-09T18:36:47","date_gmt":"2023-04-09T18:36:47","guid":{"rendered":"https:\/\/www.nettali.com\/?p=107793"},"modified":"2023-04-09T18:36:47","modified_gmt":"2023-04-09T18:36:47","slug":"critiques-de-abdou-karim-fofana-sur-la-societe-civile-la-reponse-de-alioune-tine","status":"publish","type":"post","link":"https:\/\/www.nettali.com\/2023\/04\/09\/critiques-de-abdou-karim-fofana-sur-la-societe-civile-la-reponse-de-alioune-tine\/","title":{"rendered":"CRITIQUES DE ABDOU KARIM FOFANA SUR LA SOCI\u00c9T\u00c9 CIVILE - La r\u00e9ponse de Alioune Tine"},"content":{"rendered":"<p><strong>NETTALI.COM- Que le ministre Abdou Karim Fofana se le tienne pour dit. La soci\u00e9t\u00e9 civile est l\u00e0 pour d\u00e9fendre la v\u00e9rit\u00e9 et non pour faire all\u00e9geance \u00e0 qui que ce soit. C\u2019est du moins les pr\u00e9cisions faites par Alioune Tine pour recadrer le porte-parole du Gouvernement qui les a attaqu\u00e9s r\u00e9cemment.<\/strong><\/p>\n<p>Le leader de Africajom Centre, Alioune Tine, \u00e9tait l\u2019invit\u00e9 du Jury du dimanche. Celui-ci a profit\u00e9 de la tribune qui lui est offerte pour r\u00e9pondre au ministre, porte parole du Gouvernement, Abdou Karim Fofana qui, lors de son passage \u00e0 la m\u00eame \u00e9mission, avait demand\u00e9 \u00e0 la soci\u00e9t\u00e9 civile s\u00e9n\u00e9galaise d\u2019\u00eatre neutre. \u00ab <em>Je ne suis pas neutre. Je suis contre l\u2019injustice. S\u2019il y a de l\u2019injustice, je la d\u00e9nonce. Si je suis neutre par rapport \u00e0 l\u2019injustice, je me dis que c\u2019est de la fumisterie. C\u2019est mon Adn. Je viens, j\u2019en parle parce que cela peut \u00eatre entendu<\/em> \u00bb, a d\u00e9clar\u00e9 le d\u00e9fenseur des droits humains, rappelant avoir soutenu Macky Sall quand ce dernier \u00e9tait dans une position de faiblesse a l\u2019\u00e9poque. \u00ab <em>On est dans une situation de gouvernance d\u2019all\u00e9geance. Toutes les voix discordantes, on essaie, aujourd\u2019hui, de les diaboliser<\/em> \u00bb, regrette-t-il.<\/p>\n<p>Avant de marteler : \u00ab <em>Je ne ferai jamais all\u00e9geance \u00e0 qui que ce soit. Nous sommes l\u00e0 pour dire et rappeler \u00e0 l\u2019\u00c9tat ses obligations internationales en mati\u00e8re de droit de l\u2019homme. Nous sommes l\u00e0, quand la r\u00e9pression est l\u00e0, pour dire, il faut dialoguer. Nous travaillons pour que les gens s\u2019assoient et dialoguent. On l\u2019a toujours fait<\/em> \u00bb<\/p>\n<div class='share-to-whatsapp-wrapper'><div class='share-on-whsp'>PARTAGER SUR : <\/div><a data-text='CRITIQUES DE ABDOU KARIM FOFANA SUR LA SOCI\u00c9T\u00c9 CIVILE - La r\u00e9ponse de Alioune Tine' data-link='https:\/\/www.nettali.com\/2023\/04\/09\/critiques-de-abdou-karim-fofana-sur-la-societe-civile-la-reponse-de-alioune-tine\/' class='whatsapp-button whatsapp-share'>WhatsApp<\/a><div class='clear '><\/div><\/div>","protected":false},"excerpt":{"rendered":"<p>NETTALI.COM- Que le ministre Abdou Karim Fofana se le tienne pour dit. La soci\u00e9t\u00e9 civile est l\u00e0 pour d\u00e9fendre la v\u00e9rit\u00e9 et non pour faire all\u00e9geance \u00e0 qui que ce soit. C\u2019est du moins les pr\u00e9cisions faites par Alioune Tine pour recadrer le porte-parole du Gouvernement qui les a attaqu\u00e9s r\u00e9cemment. Le leader de Africajom [&hellip;]<\/p>\n","protected":false},"author":6,"featured_media":86732,"comment_status":"open","ping_status":"open","sticky":false,"template":"","format":"standard","meta":{"_et_pb_use_builder":"","_et_pb_old_content":""},"categories":[2],"tags":[],"yoast_head":"<!-- This site is optimized with the Yoast SEO Premium plugin v17.8 (Yoast SEO v17.8) - https:\/\/yoast.com\/wordpress\/plugins\/seo\/ -->\n<title>CRITIQUES DE ABDOU KARIM FOFANA SUR LA SOCI\u00c9T\u00c9 CIVILE - La r\u00e9ponse de Alioune Tine | Nettali.com<\/title>\n<meta name=\"robots\" content=\"index, follow, max-snippet:-1, max-image-preview:large, max-video-preview:-1\" \/>\n<link rel=\"canonical\" href=\"https:\/\/www.nettali.com\/2023\/04\/09\/critiques-de-abdou-karim-fofana-sur-la-societe-civile-la-reponse-de-alioune-tine\/\" \/>\n<meta property=\"og:locale\" content=\"fr_FR\" \/>\n<meta property=\"og:type\" content=\"article\" \/>\n<meta property=\"og:title\" content=\"CRITIQUES DE ABDOU KARIM FOFANA SUR LA SOCI\u00c9T\u00c9 CIVILE - La r\u00e9ponse de Alioune Tine\" \/>\n<meta property=\"og:description\" content=\"NETTALI.COM- Que le ministre Abdou Karim Fofana se le tienne pour dit. La soci\u00e9t\u00e9 civile est l\u00e0 pour d\u00e9fendre la v\u00e9rit\u00e9 et non pour faire all\u00e9geance \u00e0 qui que ce soit. C\u2019est du moins les pr\u00e9cisions faites par Alioune Tine pour recadrer le porte-parole du Gouvernement qui les a attaqu\u00e9s r\u00e9cemment. Le leader de Africajom [&hellip;]\" \/>\n<meta property=\"og:url\" content=\"https:\/\/www.nettali.com\/2023\/04\/09\/critiques-de-abdou-karim-fofana-sur-la-societe-civile-la-reponse-de-alioune-tine\/\" \/>\n<meta property=\"og:site_name\" content=\"Nettali.com\" \/>\n<meta property=\"article:publisher\" content=\"https:\/\/www.facebook.com\/nettalicom\" \/>\n<meta property=\"article:published_time\" content=\"2023-04-09T18:36:47+00:00\" \/>\n<meta property=\"og:image\" content=\"https:\/\/www.nettali.com\/wp-content\/uploads\/2022\/05\/Alioune-tine.jpg\" \/>\n\t<meta property=\"og:image:width\" content=\"650\" \/>\n\t<meta property=\"og:image:height\" content=\"432\" \/>\n<meta name=\"twitter:card\" content=\"summary_large_image\" \/>\n<meta name=\"twitter:label1\" content=\"\u00c9crit par\" \/>\n\t<meta name=\"twitter:data1\" content=\"Fatou\" \/>\n\t<meta name=\"twitter:label2\" content=\"Dur\u00e9e de lecture estim\u00e9e\" \/>\n\t<meta name=\"twitter:data2\" content=\"2 minutes\" \/>\n<script type=\"application\/ld+json\" class=\"yoast-schema-graph\">{\"@context\":\"https:\/\/schema.org\",\"@graph\":[{\"@type\":\"WebSite\",\"@id\":\"https:\/\/www.nettali.com\/#website\",\"url\":\"https:\/\/www.nettali.com\/\",\"name\":\"Nettali.com\",\"description\":\"Le rendez-vous critique du Net\",\"potentialAction\":[{\"@type\":\"SearchAction\",\"target\":{\"@type\":\"EntryPoint\",\"urlTemplate\":\"https:\/\/www.nettali.com\/?s={search_term_string}\"},\"query-input\":\"required name=search_term_string\"}],\"inLanguage\":\"fr-FR\"},{\"@type\":\"ImageObject\",\"@id\":\"https:\/\/www.nettali.com\/2023\/04\/09\/critiques-de-abdou-karim-fofana-sur-la-societe-civile-la-reponse-de-alioune-tine\/#primaryimage\",\"inLanguage\":\"fr-FR\",\"url\":\"https:\/\/www.nettali.com\/wp-content\/uploads\/2022\/05\/Alioune-tine.jpg\",\"contentUrl\":\"https:\/\/www.nettali.com\/wp-content\/uploads\/2022\/05\/Alioune-tine.jpg\",\"width\":650,\"height\":432},{\"@type\":\"WebPage\",\"@id\":\"https:\/\/www.nettali.com\/2023\/04\/09\/critiques-de-abdou-karim-fofana-sur-la-societe-civile-la-reponse-de-alioune-tine\/#webpage\",\"url\":\"https:\/\/www.nettali.com\/2023\/04\/09\/critiques-de-abdou-karim-fofana-sur-la-societe-civile-la-reponse-de-alioune-tine\/\",\"name\":\"CRITIQUES DE ABDOU KARIM FOFANA SUR LA SOCI\\u00c9T\\u00c9 CIVILE - La r\\u00e9ponse de Alioune Tine | Nettali.com\",\"isPartOf\":{\"@id\":\"https:\/\/www.nettali.com\/#website\"},\"primaryImageOfPage\":{\"@id\":\"https:\/\/www.nettali.com\/2023\/04\/09\/critiques-de-abdou-karim-fofana-sur-la-societe-civile-la-reponse-de-alioune-tine\/#primaryimage\"},\"datePublished\":\"2023-04-09T18:36:47+00:00\",\"dateModified\":\"2023-04-09T18:36:47+00:00\",\"author\":{\"@id\":\"https:\/\/www.nettali.com\/#\/schema\/person\/418274a86bdf87caff7a3ef476bd0bbf\"},\"breadcrumb\":{\"@id\":\"https:\/\/www.nettali.com\/2023\/04\/09\/critiques-de-abdou-karim-fofana-sur-la-societe-civile-la-reponse-de-alioune-tine\/#breadcrumb\"},\"inLanguage\":\"fr-FR\",\"potentialAction\":[{\"@type\":\"ReadAction\",\"target\":[\"https:\/\/www.nettali.com\/2023\/04\/09\/critiques-de-abdou-karim-fofana-sur-la-societe-civile-la-reponse-de-alioune-tine\/\"]}]},{\"@type\":\"BreadcrumbList\",\"@id\":\"https:\/\/www.nettali.com\/2023\/04\/09\/critiques-de-abdou-karim-fofana-sur-la-societe-civile-la-reponse-de-alioune-tine\/#breadcrumb\",\"itemListElement\":[{\"@type\":\"ListItem\",\"position\":1,\"name\":\"Accueil\",\"item\":\"https:\/\/www.nettali.com\/\"},{\"@type\":\"ListItem\",\"position\":2,\"name\":\"CRITIQUES DE ABDOU KARIM FOFANA SUR LA SOCI\\u00c9T\\u00c9 CIVILE - La r\\u00e9ponse de Alioune Tine\"}]},{\"@type\":\"Person\",\"@id\":\"https:\/\/www.nettali.com\/#\/schema\/person\/418274a86bdf87caff7a3ef476bd0bbf\",\"name\":\"Fatou\",\"image\":{\"@type\":\"ImageObject\",\"@id\":\"https:\/\/www.nettali.com\/#personlogo\",\"inLanguage\":\"fr-FR\",\"url\":\"https:\/\/secure.gravatar.com\/avatar\/5a9442a2bee7b4dcf167cab035858e9a?s=96&d=mm&r=g\",\"contentUrl\":\"https:\/\/secure.gravatar.com\/avatar\/5a9442a2bee7b4dcf167cab035858e9a?s=96&d=mm&r=g\",\"caption\":\"Fatou\"},\"sameAs\":[\"https:\/\/www.nettali.com\"]}]}<\/script>\n<!-- \/ Yoast SEO Premium plugin. -->","yoast_head_json":{"title":"CRITIQUES DE ABDOU KARIM FOFANA SUR LA SOCI\u00c9T\u00c9 CIVILE - La r\u00e9ponse de Alioune Tine | Nettali.com","robots":{"index":"index","follow":"follow","max-snippet":"max-snippet:-1","max-image-preview":"max-image-preview:large","max-video-preview":"max-video-preview:-1"},"canonical":"https:\/\/www.nettali.com\/2023\/04\/09\/critiques-de-abdou-karim-fofana-sur-la-societe-civile-la-reponse-de-alioune-tine\/","og_locale":"fr_FR","og_type":"article","og_title":"CRITIQUES DE ABDOU KARIM FOFANA SUR LA SOCI\u00c9T\u00c9 CIVILE - La r\u00e9ponse de Alioune Tine","og_description":"NETTALI.COM- Que le ministre Abdou Karim Fofana se le tienne pour dit. La soci\u00e9t\u00e9 civile est l\u00e0 pour d\u00e9fendre la v\u00e9rit\u00e9 et non pour faire all\u00e9geance \u00e0 qui que ce soit. C\u2019est du moins les pr\u00e9cisions faites par Alioune Tine pour recadrer le porte-parole du Gouvernement qui les a attaqu\u00e9s r\u00e9cemment. Le leader de Africajom [&hellip;]","og_url":"https:\/\/www.nettali.com\/2023\/04\/09\/critiques-de-abdou-karim-fofana-sur-la-societe-civile-la-reponse-de-alioune-tine\/","og_site_name":"Nettali.com","article_publisher":"https:\/\/www.facebook.com\/nettalicom","article_published_time":"2023-04-09T18:36:47+00:00","og_image":[{"width":650,"height":432,"url":"https:\/\/www.nettali.com\/wp-content\/uploads\/2022\/05\/Alioune-tine.jpg","type":"image\/jpeg"}],"twitter_card":"summary_large_image","twitter_misc":{"\u00c9crit par":"Fatou","Dur\u00e9e de lecture estim\u00e9e":"2 minutes"},"schema":{"@context":"https:\/\/schema.org","@graph":[{"@type":"WebSite","@id":"https:\/\/www.nettali.com\/#website","url":"https:\/\/www.nettali.com\/","name":"Nettali.com","description":"Le rendez-vous critique du Net","potentialAction":[{"@type":"SearchAction","target":{"@type":"EntryPoint","urlTemplate":"https:\/\/www.nettali.com\/?s={search_term_string}"},"query-input":"required name=search_term_string"}],"inLanguage":"fr-FR"},{"@type":"ImageObject","@id":"https:\/\/www.nettali.com\/2023\/04\/09\/critiques-de-abdou-karim-fofana-sur-la-societe-civile-la-reponse-de-alioune-tine\/#primaryimage","inLanguage":"fr-FR","url":"https:\/\/www.nettali.com\/wp-content\/uploads\/2022\/05\/Alioune-tine.jpg","contentUrl":"https:\/\/www.nettali.com\/wp-content\/uploads\/2022\/05\/Alioune-tine.jpg","width":650,"height":432},{"@type":"WebPage","@id":"https:\/\/www.nettali.com\/2023\/04\/09\/critiques-de-abdou-karim-fofana-sur-la-societe-civile-la-reponse-de-alioune-tine\/#webpage","url":"https:\/\/www.nettali.com\/2023\/04\/09\/critiques-de-abdou-karim-fofana-sur-la-societe-civile-la-reponse-de-alioune-tine\/","name":"CRITIQUES DE ABDOU KARIM FOFANA SUR LA SOCI\u00c9T\u00c9 CIVILE - La r\u00e9ponse de Alioune Tine | Nettali.com","isPartOf":{"@id":"https:\/\/www.nettali.com\/#website"},"primaryImageOfPage":{"@id":"https:\/\/www.nettali.com\/2023\/04\/09\/critiques-de-abdou-karim-fofana-sur-la-societe-civile-la-reponse-de-alioune-tine\/#primaryimage"},"datePublished":"2023-04-09T18:36:47+00:00","dateModified":"2023-04-09T18:36:47+00:00","author":{"@id":"https:\/\/www.nettali.com\/#\/schema\/person\/418274a86bdf87caff7a3ef476bd0bbf"},"breadcrumb":{"@id":"https:\/\/www.nettali.com\/2023\/04\/09\/critiques-de-abdou-karim-fofana-sur-la-societe-civile-la-reponse-de-alioune-tine\/#breadcrumb"},"inLanguage":"fr-FR","potentialAction":[{"@type":"ReadAction","target":["https:\/\/www.nettali.com\/2023\/04\/09\/critiques-de-abdou-karim-fofana-sur-la-societe-civile-la-reponse-de-alioune-tine\/"]}]},{"@type":"BreadcrumbList","@id":"https:\/\/www.nettali.com\/2023\/04\/09\/critiques-de-abdou-karim-fofana-sur-la-societe-civile-la-reponse-de-alioune-tine\/#breadcrumb","itemListElement":[{"@type":"ListItem","position":1,"name":"Accueil","item":"https:\/\/www.nettali.com\/"},{"@type":"ListItem","position":2,"name":"CRITIQUES DE ABDOU KARIM FOFANA SUR LA SOCI\u00c9T\u00c9 CIVILE - La r\u00e9ponse de Alioune Tine"}]},{"@type":"Person","@id":"https:\/\/www.nettali.com\/#\/schema\/person\/418274a86bdf87caff7a3ef476bd0bbf","name":"Fatou","image":{"@type":"ImageObject","@id":"https:\/\/www.nettali.com\/#personlogo","inLanguage":"fr-FR","url":"https:\/\/secure.gravatar.com\/avatar\/5a9442a2bee7b4dcf167cab035858e9a?s=96&d=mm&r=g","contentUrl":"https:\/\/secure.gravatar.com\/avatar\/5a9442a2bee7b4dcf167cab035858e9a?s=96&d=mm&r=g","caption":"Fatou"},"sameAs":["https:\/\/www.nettali.com"]}]}},"_links":{"self":[{"href":"https:\/\/www.nettali.com\/rest\/wp\/v2\/posts\/107793"}],"collection":[{"href":"https:\/\/www.nettali.com\/rest\/wp\/v2\/posts"}],"about":[{"href":"https:\/\/www.nettali.com\/rest\/wp\/v2\/types\/post"}],"author":[{"embeddable":true,"href":"https:\/\/www.nettali.com\/rest\/wp\/v2\/users\/6"}],"replies":[{"embeddable":true,"href":"https:\/\/www.nettali.com\/rest\/wp\/v2\/comments?post=107793"}],"version-history":[{"count":3,"href":"https:\/\/www.nettali.com\/rest\/wp\/v2\/posts\/107793\/revisions"}],"predecessor-version":[{"id":107811,"href":"https:\/\/www.nettali.com\/rest\/wp\/v2\/posts\/107793\/revisions\/107811"}],"wp:featuredmedia":[{"embeddable":true,"href":"https:\/\/www.nettali.com\/rest\/wp\/v2\/media\/86732"}],"wp:attachment":[{"href":"https:\/\/www.nettali.com\/rest\/wp\/v2\/media?parent=107793"}],"wp:term":[{"taxonomy":"category","embeddable":true,"href":"https:\/\/www.nettali.com\/rest\/wp\/v2\/categories?post=107793"},{"taxonomy":"post_tag","embeddable":true,"href":"https:\/\/www.nettali.com\/rest\/wp\/v2\/tags?post=107793"}],"curies":[{"name":"wp","href":"https:\/\/api.w.org\/{rel}","templated":true}]}}