{"id":107731,"date":"2023-04-08T03:21:33","date_gmt":"2023-04-08T03:21:33","guid":{"rendered":"https:\/\/www.nettali.com\/?p=107731"},"modified":"2023-04-08T03:21:33","modified_gmt":"2023-04-08T03:21:33","slug":"en-coulisses-robert-bourgi-sur-macky-sonko-et-macron","status":"publish","type":"post","link":"https:\/\/www.nettali.com\/2023\/04\/08\/en-coulisses-robert-bourgi-sur-macky-sonko-et-macron\/","title":{"rendered":"EN COULISSES - Robert Bourgi sur Macky, Sonko et Macron !"},"content":{"rendered":"<p><strong>NETTALI.COM -<\/strong> Selon l'avocat, Robert Bourgi, le Pr\u00e9sident Macky Sall a bel et bien le droit de se pr\u00e9senter \u00e0 la pr\u00e9sidentielle de 2024, s'il en exprime le besoin. Robert Bourgi, qui fait allusion \u00e0 la r\u00e9vision constitutionnelle de 2016, estime toutefois que la balle est dans le camp du Chef de l'Etat.<\/p>\n<p>Dans un entretien accord\u00e9 \u00e0 Dakaractu, l'avocat qui a \u00e9voqu\u00e9 la situation politique du pays, est d'avis que les forces de s\u00e9curit\u00e9 seront toujours l\u00e0 pour maintenir et r\u00e9tablir l'ordre au cas o\u00f9 certains tenteraient de d\u00e9stabiliser le pays.<\/p>\n<p>L\u2019avocat et conseiller politique fran\u00e7ais qui n'a pas dig\u00e9r\u00e9 l'ing\u00e9rence du Pr\u00e9sident Macron dans les affaires s\u00e9n\u00e9galaises, dit ne pas comprendre cet acte du pr\u00e9sident fran\u00e7ais envers un homme hostile \u00e0 la Fran\u00e7afrique dont il a attaqu\u00e9 les symboles.<\/p>\n<p>Le sp\u00e9cialiste des questions africaines pense que cet \u00e9missaire envoy\u00e9 par l'Elys\u00e9e chez Sonko n'a pas du tout plu \u00e0 Macky Sall.<\/p>\n<p>&nbsp;<\/p>\n<div class='share-to-whatsapp-wrapper'><div class='share-on-whsp'>PARTAGER SUR : <\/div><a data-text='EN COULISSES - Robert Bourgi sur Macky, Sonko et Macron !' data-link='https:\/\/www.nettali.com\/2023\/04\/08\/en-coulisses-robert-bourgi-sur-macky-sonko-et-macron\/' class='whatsapp-button whatsapp-share'>WhatsApp<\/a><div class='clear '><\/div><\/div>","protected":false},"excerpt":{"rendered":"<p>NETTALI.COM - Selon l'avocat, Robert Bourgi, le Pr\u00e9sident Macky Sall a bel et bien le droit de se pr\u00e9senter \u00e0 la pr\u00e9sidentielle de 2024, s'il en exprime le besoin. Robert Bourgi, qui fait allusion \u00e0 la r\u00e9vision constitutionnelle de 2016, estime toutefois que la balle est dans le camp du Chef de l'Etat. Dans un [&hellip;]<\/p>\n","protected":false},"author":2,"featured_media":107742,"comment_status":"open","ping_status":"open","sticky":false,"template":"","format":"standard","meta":{"_et_pb_use_builder":"","_et_pb_old_content":""},"categories":[34945],"tags":[],"yoast_head":"<!-- This site is optimized with the Yoast SEO Premium plugin v17.8 (Yoast SEO v17.8) - https:\/\/yoast.com\/wordpress\/plugins\/seo\/ -->\n<title>EN COULISSES - Robert Bourgi sur Macky, Sonko et Macron ! | Nettali.com<\/title>\n<meta name=\"robots\" content=\"index, follow, max-snippet:-1, max-image-preview:large, max-video-preview:-1\" \/>\n<link rel=\"canonical\" href=\"https:\/\/www.nettali.com\/2023\/04\/08\/en-coulisses-robert-bourgi-sur-macky-sonko-et-macron\/\" \/>\n<meta property=\"og:locale\" content=\"fr_FR\" \/>\n<meta property=\"og:type\" content=\"article\" \/>\n<meta property=\"og:title\" content=\"EN COULISSES - Robert Bourgi sur Macky, Sonko et Macron !\" \/>\n<meta property=\"og:description\" content=\"NETTALI.COM - Selon l&#039;avocat, Robert Bourgi, le Pr\u00e9sident Macky Sall a bel et bien le droit de se pr\u00e9senter \u00e0 la pr\u00e9sidentielle de 2024, s&#039;il en exprime le besoin. Robert Bourgi, qui fait allusion \u00e0 la r\u00e9vision constitutionnelle de 2016, estime toutefois que la balle est dans le camp du Chef de l&#039;Etat. Dans un [&hellip;]\" \/>\n<meta property=\"og:url\" content=\"https:\/\/www.nettali.com\/2023\/04\/08\/en-coulisses-robert-bourgi-sur-macky-sonko-et-macron\/\" \/>\n<meta property=\"og:site_name\" content=\"Nettali.com\" \/>\n<meta property=\"article:publisher\" content=\"https:\/\/www.facebook.com\/nettalicom\" \/>\n<meta property=\"article:published_time\" content=\"2023-04-08T03:21:33+00:00\" \/>\n<meta property=\"og:image\" content=\"https:\/\/www.nettali.com\/wp-content\/uploads\/2023\/04\/robert-bourgi_772132.jpg\" \/>\n\t<meta property=\"og:image:width\" content=\"480\" \/>\n\t<meta property=\"og:image:height\" content=\"270\" \/>\n<meta name=\"twitter:card\" content=\"summary_large_image\" \/>\n<meta name=\"twitter:label1\" content=\"\u00c9crit par\" \/>\n\t<meta name=\"twitter:data1\" content=\"CK\" \/>\n\t<meta name=\"twitter:label2\" content=\"Dur\u00e9e de lecture estim\u00e9e\" \/>\n\t<meta name=\"twitter:data2\" content=\"1 minute\" \/>\n<script type=\"application\/ld+json\" class=\"yoast-schema-graph\">{\"@context\":\"https:\/\/schema.org\",\"@graph\":[{\"@type\":\"WebSite\",\"@id\":\"https:\/\/www.nettali.com\/#website\",\"url\":\"https:\/\/www.nettali.com\/\",\"name\":\"Nettali.com\",\"description\":\"Le rendez-vous critique du Net\",\"potentialAction\":[{\"@type\":\"SearchAction\",\"target\":{\"@type\":\"EntryPoint\",\"urlTemplate\":\"https:\/\/www.nettali.com\/?s={search_term_string}\"},\"query-input\":\"required name=search_term_string\"}],\"inLanguage\":\"fr-FR\"},{\"@type\":\"ImageObject\",\"@id\":\"https:\/\/www.nettali.com\/2023\/04\/08\/en-coulisses-robert-bourgi-sur-macky-sonko-et-macron\/#primaryimage\",\"inLanguage\":\"fr-FR\",\"url\":\"https:\/\/www.nettali.com\/wp-content\/uploads\/2023\/04\/robert-bourgi_772132.jpg\",\"contentUrl\":\"https:\/\/www.nettali.com\/wp-content\/uploads\/2023\/04\/robert-bourgi_772132.jpg\",\"width\":480,\"height\":270},{\"@type\":\"WebPage\",\"@id\":\"https:\/\/www.nettali.com\/2023\/04\/08\/en-coulisses-robert-bourgi-sur-macky-sonko-et-macron\/#webpage\",\"url\":\"https:\/\/www.nettali.com\/2023\/04\/08\/en-coulisses-robert-bourgi-sur-macky-sonko-et-macron\/\",\"name\":\"EN COULISSES - Robert Bourgi sur Macky, Sonko et Macron ! | Nettali.com\",\"isPartOf\":{\"@id\":\"https:\/\/www.nettali.com\/#website\"},\"primaryImageOfPage\":{\"@id\":\"https:\/\/www.nettali.com\/2023\/04\/08\/en-coulisses-robert-bourgi-sur-macky-sonko-et-macron\/#primaryimage\"},\"datePublished\":\"2023-04-08T03:21:33+00:00\",\"dateModified\":\"2023-04-08T03:21:33+00:00\",\"author\":{\"@id\":\"https:\/\/www.nettali.com\/#\/schema\/person\/d8ac7b7e27ddad43f1c0d2ef090d7f71\"},\"breadcrumb\":{\"@id\":\"https:\/\/www.nettali.com\/2023\/04\/08\/en-coulisses-robert-bourgi-sur-macky-sonko-et-macron\/#breadcrumb\"},\"inLanguage\":\"fr-FR\",\"potentialAction\":[{\"@type\":\"ReadAction\",\"target\":[\"https:\/\/www.nettali.com\/2023\/04\/08\/en-coulisses-robert-bourgi-sur-macky-sonko-et-macron\/\"]}]},{\"@type\":\"BreadcrumbList\",\"@id\":\"https:\/\/www.nettali.com\/2023\/04\/08\/en-coulisses-robert-bourgi-sur-macky-sonko-et-macron\/#breadcrumb\",\"itemListElement\":[{\"@type\":\"ListItem\",\"position\":1,\"name\":\"Accueil\",\"item\":\"https:\/\/www.nettali.com\/\"},{\"@type\":\"ListItem\",\"position\":2,\"name\":\"EN COULISSES - Robert Bourgi sur Macky, Sonko et Macron !\"}]},{\"@type\":\"Person\",\"@id\":\"https:\/\/www.nettali.com\/#\/schema\/person\/d8ac7b7e27ddad43f1c0d2ef090d7f71\",\"name\":\"CK\",\"image\":{\"@type\":\"ImageObject\",\"@id\":\"https:\/\/www.nettali.com\/#personlogo\",\"inLanguage\":\"fr-FR\",\"url\":\"https:\/\/secure.gravatar.com\/avatar\/1d8d5118b9327d94da7cd4ce7f17fec2?s=96&d=mm&r=g\",\"contentUrl\":\"https:\/\/secure.gravatar.com\/avatar\/1d8d5118b9327d94da7cd4ce7f17fec2?s=96&d=mm&r=g\",\"caption\":\"CK\"},\"sameAs\":[\"https:\/\/www.nettali.com\"]}]}<\/script>\n<!-- \/ Yoast SEO Premium plugin. -->","yoast_head_json":{"title":"EN COULISSES - Robert Bourgi sur Macky, Sonko et Macron ! | Nettali.com","robots":{"index":"index","follow":"follow","max-snippet":"max-snippet:-1","max-image-preview":"max-image-preview:large","max-video-preview":"max-video-preview:-1"},"canonical":"https:\/\/www.nettali.com\/2023\/04\/08\/en-coulisses-robert-bourgi-sur-macky-sonko-et-macron\/","og_locale":"fr_FR","og_type":"article","og_title":"EN COULISSES - Robert Bourgi sur Macky, Sonko et Macron !","og_description":"NETTALI.COM - Selon l'avocat, Robert Bourgi, le Pr\u00e9sident Macky Sall a bel et bien le droit de se pr\u00e9senter \u00e0 la pr\u00e9sidentielle de 2024, s'il en exprime le besoin. Robert Bourgi, qui fait allusion \u00e0 la r\u00e9vision constitutionnelle de 2016, estime toutefois que la balle est dans le camp du Chef de l'Etat. Dans un [&hellip;]","og_url":"https:\/\/www.nettali.com\/2023\/04\/08\/en-coulisses-robert-bourgi-sur-macky-sonko-et-macron\/","og_site_name":"Nettali.com","article_publisher":"https:\/\/www.facebook.com\/nettalicom","article_published_time":"2023-04-08T03:21:33+00:00","og_image":[{"width":480,"height":270,"url":"https:\/\/www.nettali.com\/wp-content\/uploads\/2023\/04\/robert-bourgi_772132.jpg","type":"image\/jpeg"}],"twitter_card":"summary_large_image","twitter_misc":{"\u00c9crit par":"CK","Dur\u00e9e de lecture estim\u00e9e":"1 minute"},"schema":{"@context":"https:\/\/schema.org","@graph":[{"@type":"WebSite","@id":"https:\/\/www.nettali.com\/#website","url":"https:\/\/www.nettali.com\/","name":"Nettali.com","description":"Le rendez-vous critique du Net","potentialAction":[{"@type":"SearchAction","target":{"@type":"EntryPoint","urlTemplate":"https:\/\/www.nettali.com\/?s={search_term_string}"},"query-input":"required name=search_term_string"}],"inLanguage":"fr-FR"},{"@type":"ImageObject","@id":"https:\/\/www.nettali.com\/2023\/04\/08\/en-coulisses-robert-bourgi-sur-macky-sonko-et-macron\/#primaryimage","inLanguage":"fr-FR","url":"https:\/\/www.nettali.com\/wp-content\/uploads\/2023\/04\/robert-bourgi_772132.jpg","contentUrl":"https:\/\/www.nettali.com\/wp-content\/uploads\/2023\/04\/robert-bourgi_772132.jpg","width":480,"height":270},{"@type":"WebPage","@id":"https:\/\/www.nettali.com\/2023\/04\/08\/en-coulisses-robert-bourgi-sur-macky-sonko-et-macron\/#webpage","url":"https:\/\/www.nettali.com\/2023\/04\/08\/en-coulisses-robert-bourgi-sur-macky-sonko-et-macron\/","name":"EN COULISSES - Robert Bourgi sur Macky, Sonko et Macron ! | Nettali.com","isPartOf":{"@id":"https:\/\/www.nettali.com\/#website"},"primaryImageOfPage":{"@id":"https:\/\/www.nettali.com\/2023\/04\/08\/en-coulisses-robert-bourgi-sur-macky-sonko-et-macron\/#primaryimage"},"datePublished":"2023-04-08T03:21:33+00:00","dateModified":"2023-04-08T03:21:33+00:00","author":{"@id":"https:\/\/www.nettali.com\/#\/schema\/person\/d8ac7b7e27ddad43f1c0d2ef090d7f71"},"breadcrumb":{"@id":"https:\/\/www.nettali.com\/2023\/04\/08\/en-coulisses-robert-bourgi-sur-macky-sonko-et-macron\/#breadcrumb"},"inLanguage":"fr-FR","potentialAction":[{"@type":"ReadAction","target":["https:\/\/www.nettali.com\/2023\/04\/08\/en-coulisses-robert-bourgi-sur-macky-sonko-et-macron\/"]}]},{"@type":"BreadcrumbList","@id":"https:\/\/www.nettali.com\/2023\/04\/08\/en-coulisses-robert-bourgi-sur-macky-sonko-et-macron\/#breadcrumb","itemListElement":[{"@type":"ListItem","position":1,"name":"Accueil","item":"https:\/\/www.nettali.com\/"},{"@type":"ListItem","position":2,"name":"EN COULISSES - Robert Bourgi sur Macky, Sonko et Macron !"}]},{"@type":"Person","@id":"https:\/\/www.nettali.com\/#\/schema\/person\/d8ac7b7e27ddad43f1c0d2ef090d7f71","name":"CK","image":{"@type":"ImageObject","@id":"https:\/\/www.nettali.com\/#personlogo","inLanguage":"fr-FR","url":"https:\/\/secure.gravatar.com\/avatar\/1d8d5118b9327d94da7cd4ce7f17fec2?s=96&d=mm&r=g","contentUrl":"https:\/\/secure.gravatar.com\/avatar\/1d8d5118b9327d94da7cd4ce7f17fec2?s=96&d=mm&r=g","caption":"CK"},"sameAs":["https:\/\/www.nettali.com"]}]}},"_links":{"self":[{"href":"https:\/\/www.nettali.com\/rest\/wp\/v2\/posts\/107731"}],"collection":[{"href":"https:\/\/www.nettali.com\/rest\/wp\/v2\/posts"}],"about":[{"href":"https:\/\/www.nettali.com\/rest\/wp\/v2\/types\/post"}],"author":[{"embeddable":true,"href":"https:\/\/www.nettali.com\/rest\/wp\/v2\/users\/2"}],"replies":[{"embeddable":true,"href":"https:\/\/www.nettali.com\/rest\/wp\/v2\/comments?post=107731"}],"version-history":[{"count":1,"href":"https:\/\/www.nettali.com\/rest\/wp\/v2\/posts\/107731\/revisions"}],"predecessor-version":[{"id":107732,"href":"https:\/\/www.nettali.com\/rest\/wp\/v2\/posts\/107731\/revisions\/107732"}],"wp:featuredmedia":[{"embeddable":true,"href":"https:\/\/www.nettali.com\/rest\/wp\/v2\/media\/107742"}],"wp:attachment":[{"href":"https:\/\/www.nettali.com\/rest\/wp\/v2\/media?parent=107731"}],"wp:term":[{"taxonomy":"category","embeddable":true,"href":"https:\/\/www.nettali.com\/rest\/wp\/v2\/categories?post=107731"},{"taxonomy":"post_tag","embeddable":true,"href":"https:\/\/www.nettali.com\/rest\/wp\/v2\/tags?post=107731"}],"curies":[{"name":"wp","href":"https:\/\/api.w.org\/{rel}","templated":true}]}}