{"id":107729,"date":"2023-04-08T03:25:14","date_gmt":"2023-04-08T03:25:14","guid":{"rendered":"https:\/\/www.nettali.com\/?p=107729"},"modified":"2023-04-08T03:25:14","modified_gmt":"2023-04-08T03:25:14","slug":"en-coulisses-macky-sall-recoit-les-femmes-de-rewmi","status":"publish","type":"post","link":"https:\/\/www.nettali.com\/2023\/04\/08\/en-coulisses-macky-sall-recoit-les-femmes-de-rewmi\/","title":{"rendered":"EN COULISSES - Macky Sall re\u00e7oit les femmes de Rewmi !"},"content":{"rendered":"<p><strong>NETTALI.COM -<\/strong> Pour une rencontre, l'on se demande bien ce qui a bien pu la motiver. Toujours est-il que pr\u00e9sident de la R\u00e9publique a re\u00e7u les femmes du parti Rewmi dont la\u00a0 d\u00e9l\u00e9gation \u00e9tait dirig\u00e9e par Adja Soda Mback\u00e9, d\u00e9l\u00e9gu\u00e9e par la premi\u00e8re vice-pr\u00e9sidente, Adja Nd\u00e8ye Maguette Gu\u00e8ye, ce vendredi 7 avril \u00e0 16 H.<\/p>\n<p>Ce qui prouve le compagnonnage entre Macky Sall et Idrissa, est loin d'\u00eatre termin\u00e9e, malgr\u00e9 les quelques soubresauts constat\u00e9s \u00e7\u00e0 et l\u00e0. Comme l'\u00e9viction de Yankhoba Diattara du poste de 2\u00e8me vice-pr\u00e9sident avant que celui-ci ne se rende au domicile du Point E de son mentor, jeudi 6 avril pour selon ses dires, remettre un \"soukerou kor\". Au m\u00eame moment, des informations fusaient de partout selon lesquelles, le ministre des sports voulait remettre sa d\u00e9mission du gouvernement \u00e0 Idrissa Seck, tout en lui demandant de choisir quelqu'un d'autre \u00e0 sa place. Les angles ont \u00e9t\u00e9 finalement arrondis au sortir de l'entrevue des deux.<\/p>\n<p>Mais ce qui est clair est que des n\u00e9gociations sont entam\u00e9es en vue de la prochaine pr\u00e9sidentielle. D\u2019ailleurs, apr\u00e8s l\u2019annulation de la conf\u00e9rence de presse du leader de Rewmi, il y a quelques jours, Idrissa Seck\u00a0 avait rencontr\u00e9 le pr\u00e9sident Macky Sall, 24 heures avant le face-\u00e0-face pr\u00e9vu avec les journalistes.<\/p>\n<p>L\u2019on ne savait toutefois pas ce que les \u00e9changes avaient donn\u00e9, mais l\u2019ancien maire de Thi\u00e8s qui devait annoncer sa candidature \u00e0 la pr\u00e9sidentielle de 2024, avait annul\u00e9 la rencontre au dernier moment.<\/p>\n<p>Depuis, les discussions semblent se poursuivre entre les deux partis. Il reste\u00a0 tout de m\u00eame clair que toutes ces entrevues n\u2019ont pour autre but que la pr\u00e9paration des joutes \u00e9lectorales de 2024<\/p>\n<p>Par ailleurs, aujourd\u2019hui le leader de Rewmi, a r\u00e9uni autour d\u2019une rencontre \u201cndogou\u201d, les jeunes de son parti.<\/p>\n<div class='share-to-whatsapp-wrapper'><div class='share-on-whsp'>PARTAGER SUR : <\/div><a data-text='EN COULISSES - Macky Sall re\u00e7oit les femmes de Rewmi !' data-link='https:\/\/www.nettali.com\/2023\/04\/08\/en-coulisses-macky-sall-recoit-les-femmes-de-rewmi\/' class='whatsapp-button whatsapp-share'>WhatsApp<\/a><div class='clear '><\/div><\/div>","protected":false},"excerpt":{"rendered":"<p>NETTALI.COM - Pour une rencontre, l'on se demande bien ce qui a bien pu la motiver. Toujours est-il que pr\u00e9sident de la R\u00e9publique a re\u00e7u les femmes du parti Rewmi dont la\u00a0 d\u00e9l\u00e9gation \u00e9tait dirig\u00e9e par Adja Soda Mback\u00e9, d\u00e9l\u00e9gu\u00e9e par la premi\u00e8re vice-pr\u00e9sidente, Adja Nd\u00e8ye Maguette Gu\u00e8ye, ce vendredi 7 avril \u00e0 16 H. [&hellip;]<\/p>\n","protected":false},"author":2,"featured_media":107743,"comment_status":"open","ping_status":"open","sticky":false,"template":"","format":"standard","meta":{"_et_pb_use_builder":"","_et_pb_old_content":""},"categories":[34945],"tags":[],"yoast_head":"<!-- This site is optimized with the Yoast SEO Premium plugin v17.8 (Yoast SEO v17.8) - https:\/\/yoast.com\/wordpress\/plugins\/seo\/ -->\n<title>EN COULISSES - Macky Sall re\u00e7oit les femmes de Rewmi ! | Nettali.com<\/title>\n<meta name=\"robots\" content=\"index, follow, max-snippet:-1, max-image-preview:large, max-video-preview:-1\" \/>\n<link rel=\"canonical\" href=\"https:\/\/www.nettali.com\/2023\/04\/08\/en-coulisses-macky-sall-recoit-les-femmes-de-rewmi\/\" \/>\n<meta property=\"og:locale\" content=\"fr_FR\" \/>\n<meta property=\"og:type\" content=\"article\" \/>\n<meta property=\"og:title\" content=\"EN COULISSES - Macky Sall re\u00e7oit les femmes de Rewmi !\" \/>\n<meta property=\"og:description\" content=\"NETTALI.COM - Pour une rencontre, l&#039;on se demande bien ce qui a bien pu la motiver. Toujours est-il que pr\u00e9sident de la R\u00e9publique a re\u00e7u les femmes du parti Rewmi dont la\u00a0 d\u00e9l\u00e9gation \u00e9tait dirig\u00e9e par Adja Soda Mback\u00e9, d\u00e9l\u00e9gu\u00e9e par la premi\u00e8re vice-pr\u00e9sidente, Adja Nd\u00e8ye Maguette Gu\u00e8ye, ce vendredi 7 avril \u00e0 16 H. [&hellip;]\" \/>\n<meta property=\"og:url\" content=\"https:\/\/www.nettali.com\/2023\/04\/08\/en-coulisses-macky-sall-recoit-les-femmes-de-rewmi\/\" \/>\n<meta property=\"og:site_name\" content=\"Nettali.com\" \/>\n<meta property=\"article:publisher\" content=\"https:\/\/www.facebook.com\/nettalicom\" \/>\n<meta property=\"article:published_time\" content=\"2023-04-08T03:25:14+00:00\" \/>\n<meta property=\"og:image\" content=\"https:\/\/www.nettali.com\/wp-content\/uploads\/2023\/04\/837a4879e736965a4cab77e5e9f6a4cb56ceb73c.jpg\" \/>\n\t<meta property=\"og:image:width\" content=\"612\" \/>\n\t<meta property=\"og:image:height\" content=\"298\" \/>\n<meta name=\"twitter:card\" content=\"summary_large_image\" \/>\n<meta name=\"twitter:label1\" content=\"\u00c9crit par\" \/>\n\t<meta name=\"twitter:data1\" content=\"CK\" \/>\n\t<meta name=\"twitter:label2\" content=\"Dur\u00e9e de lecture estim\u00e9e\" \/>\n\t<meta name=\"twitter:data2\" content=\"2 minutes\" \/>\n<script type=\"application\/ld+json\" class=\"yoast-schema-graph\">{\"@context\":\"https:\/\/schema.org\",\"@graph\":[{\"@type\":\"WebSite\",\"@id\":\"https:\/\/www.nettali.com\/#website\",\"url\":\"https:\/\/www.nettali.com\/\",\"name\":\"Nettali.com\",\"description\":\"Le rendez-vous critique du Net\",\"potentialAction\":[{\"@type\":\"SearchAction\",\"target\":{\"@type\":\"EntryPoint\",\"urlTemplate\":\"https:\/\/www.nettali.com\/?s={search_term_string}\"},\"query-input\":\"required name=search_term_string\"}],\"inLanguage\":\"fr-FR\"},{\"@type\":\"ImageObject\",\"@id\":\"https:\/\/www.nettali.com\/2023\/04\/08\/en-coulisses-macky-sall-recoit-les-femmes-de-rewmi\/#primaryimage\",\"inLanguage\":\"fr-FR\",\"url\":\"https:\/\/www.nettali.com\/wp-content\/uploads\/2023\/04\/837a4879e736965a4cab77e5e9f6a4cb56ceb73c.jpg\",\"contentUrl\":\"https:\/\/www.nettali.com\/wp-content\/uploads\/2023\/04\/837a4879e736965a4cab77e5e9f6a4cb56ceb73c.jpg\",\"width\":612,\"height\":298},{\"@type\":\"WebPage\",\"@id\":\"https:\/\/www.nettali.com\/2023\/04\/08\/en-coulisses-macky-sall-recoit-les-femmes-de-rewmi\/#webpage\",\"url\":\"https:\/\/www.nettali.com\/2023\/04\/08\/en-coulisses-macky-sall-recoit-les-femmes-de-rewmi\/\",\"name\":\"EN COULISSES - Macky Sall re\\u00e7oit les femmes de Rewmi ! | Nettali.com\",\"isPartOf\":{\"@id\":\"https:\/\/www.nettali.com\/#website\"},\"primaryImageOfPage\":{\"@id\":\"https:\/\/www.nettali.com\/2023\/04\/08\/en-coulisses-macky-sall-recoit-les-femmes-de-rewmi\/#primaryimage\"},\"datePublished\":\"2023-04-08T03:25:14+00:00\",\"dateModified\":\"2023-04-08T03:25:14+00:00\",\"author\":{\"@id\":\"https:\/\/www.nettali.com\/#\/schema\/person\/d8ac7b7e27ddad43f1c0d2ef090d7f71\"},\"breadcrumb\":{\"@id\":\"https:\/\/www.nettali.com\/2023\/04\/08\/en-coulisses-macky-sall-recoit-les-femmes-de-rewmi\/#breadcrumb\"},\"inLanguage\":\"fr-FR\",\"potentialAction\":[{\"@type\":\"ReadAction\",\"target\":[\"https:\/\/www.nettali.com\/2023\/04\/08\/en-coulisses-macky-sall-recoit-les-femmes-de-rewmi\/\"]}]},{\"@type\":\"BreadcrumbList\",\"@id\":\"https:\/\/www.nettali.com\/2023\/04\/08\/en-coulisses-macky-sall-recoit-les-femmes-de-rewmi\/#breadcrumb\",\"itemListElement\":[{\"@type\":\"ListItem\",\"position\":1,\"name\":\"Accueil\",\"item\":\"https:\/\/www.nettali.com\/\"},{\"@type\":\"ListItem\",\"position\":2,\"name\":\"EN COULISSES - Macky Sall re\\u00e7oit les femmes de Rewmi !\"}]},{\"@type\":\"Person\",\"@id\":\"https:\/\/www.nettali.com\/#\/schema\/person\/d8ac7b7e27ddad43f1c0d2ef090d7f71\",\"name\":\"CK\",\"image\":{\"@type\":\"ImageObject\",\"@id\":\"https:\/\/www.nettali.com\/#personlogo\",\"inLanguage\":\"fr-FR\",\"url\":\"https:\/\/secure.gravatar.com\/avatar\/1d8d5118b9327d94da7cd4ce7f17fec2?s=96&d=mm&r=g\",\"contentUrl\":\"https:\/\/secure.gravatar.com\/avatar\/1d8d5118b9327d94da7cd4ce7f17fec2?s=96&d=mm&r=g\",\"caption\":\"CK\"},\"sameAs\":[\"https:\/\/www.nettali.com\"]}]}<\/script>\n<!-- \/ Yoast SEO Premium plugin. -->","yoast_head_json":{"title":"EN COULISSES - Macky Sall re\u00e7oit les femmes de Rewmi ! | Nettali.com","robots":{"index":"index","follow":"follow","max-snippet":"max-snippet:-1","max-image-preview":"max-image-preview:large","max-video-preview":"max-video-preview:-1"},"canonical":"https:\/\/www.nettali.com\/2023\/04\/08\/en-coulisses-macky-sall-recoit-les-femmes-de-rewmi\/","og_locale":"fr_FR","og_type":"article","og_title":"EN COULISSES - Macky Sall re\u00e7oit les femmes de Rewmi !","og_description":"NETTALI.COM - Pour une rencontre, l'on se demande bien ce qui a bien pu la motiver. Toujours est-il que pr\u00e9sident de la R\u00e9publique a re\u00e7u les femmes du parti Rewmi dont la\u00a0 d\u00e9l\u00e9gation \u00e9tait dirig\u00e9e par Adja Soda Mback\u00e9, d\u00e9l\u00e9gu\u00e9e par la premi\u00e8re vice-pr\u00e9sidente, Adja Nd\u00e8ye Maguette Gu\u00e8ye, ce vendredi 7 avril \u00e0 16 H. [&hellip;]","og_url":"https:\/\/www.nettali.com\/2023\/04\/08\/en-coulisses-macky-sall-recoit-les-femmes-de-rewmi\/","og_site_name":"Nettali.com","article_publisher":"https:\/\/www.facebook.com\/nettalicom","article_published_time":"2023-04-08T03:25:14+00:00","og_image":[{"width":612,"height":298,"url":"https:\/\/www.nettali.com\/wp-content\/uploads\/2023\/04\/837a4879e736965a4cab77e5e9f6a4cb56ceb73c.jpg","type":"image\/jpeg"}],"twitter_card":"summary_large_image","twitter_misc":{"\u00c9crit par":"CK","Dur\u00e9e de lecture estim\u00e9e":"2 minutes"},"schema":{"@context":"https:\/\/schema.org","@graph":[{"@type":"WebSite","@id":"https:\/\/www.nettali.com\/#website","url":"https:\/\/www.nettali.com\/","name":"Nettali.com","description":"Le rendez-vous critique du Net","potentialAction":[{"@type":"SearchAction","target":{"@type":"EntryPoint","urlTemplate":"https:\/\/www.nettali.com\/?s={search_term_string}"},"query-input":"required name=search_term_string"}],"inLanguage":"fr-FR"},{"@type":"ImageObject","@id":"https:\/\/www.nettali.com\/2023\/04\/08\/en-coulisses-macky-sall-recoit-les-femmes-de-rewmi\/#primaryimage","inLanguage":"fr-FR","url":"https:\/\/www.nettali.com\/wp-content\/uploads\/2023\/04\/837a4879e736965a4cab77e5e9f6a4cb56ceb73c.jpg","contentUrl":"https:\/\/www.nettali.com\/wp-content\/uploads\/2023\/04\/837a4879e736965a4cab77e5e9f6a4cb56ceb73c.jpg","width":612,"height":298},{"@type":"WebPage","@id":"https:\/\/www.nettali.com\/2023\/04\/08\/en-coulisses-macky-sall-recoit-les-femmes-de-rewmi\/#webpage","url":"https:\/\/www.nettali.com\/2023\/04\/08\/en-coulisses-macky-sall-recoit-les-femmes-de-rewmi\/","name":"EN COULISSES - Macky Sall re\u00e7oit les femmes de Rewmi ! | Nettali.com","isPartOf":{"@id":"https:\/\/www.nettali.com\/#website"},"primaryImageOfPage":{"@id":"https:\/\/www.nettali.com\/2023\/04\/08\/en-coulisses-macky-sall-recoit-les-femmes-de-rewmi\/#primaryimage"},"datePublished":"2023-04-08T03:25:14+00:00","dateModified":"2023-04-08T03:25:14+00:00","author":{"@id":"https:\/\/www.nettali.com\/#\/schema\/person\/d8ac7b7e27ddad43f1c0d2ef090d7f71"},"breadcrumb":{"@id":"https:\/\/www.nettali.com\/2023\/04\/08\/en-coulisses-macky-sall-recoit-les-femmes-de-rewmi\/#breadcrumb"},"inLanguage":"fr-FR","potentialAction":[{"@type":"ReadAction","target":["https:\/\/www.nettali.com\/2023\/04\/08\/en-coulisses-macky-sall-recoit-les-femmes-de-rewmi\/"]}]},{"@type":"BreadcrumbList","@id":"https:\/\/www.nettali.com\/2023\/04\/08\/en-coulisses-macky-sall-recoit-les-femmes-de-rewmi\/#breadcrumb","itemListElement":[{"@type":"ListItem","position":1,"name":"Accueil","item":"https:\/\/www.nettali.com\/"},{"@type":"ListItem","position":2,"name":"EN COULISSES - Macky Sall re\u00e7oit les femmes de Rewmi !"}]},{"@type":"Person","@id":"https:\/\/www.nettali.com\/#\/schema\/person\/d8ac7b7e27ddad43f1c0d2ef090d7f71","name":"CK","image":{"@type":"ImageObject","@id":"https:\/\/www.nettali.com\/#personlogo","inLanguage":"fr-FR","url":"https:\/\/secure.gravatar.com\/avatar\/1d8d5118b9327d94da7cd4ce7f17fec2?s=96&d=mm&r=g","contentUrl":"https:\/\/secure.gravatar.com\/avatar\/1d8d5118b9327d94da7cd4ce7f17fec2?s=96&d=mm&r=g","caption":"CK"},"sameAs":["https:\/\/www.nettali.com"]}]}},"_links":{"self":[{"href":"https:\/\/www.nettali.com\/rest\/wp\/v2\/posts\/107729"}],"collection":[{"href":"https:\/\/www.nettali.com\/rest\/wp\/v2\/posts"}],"about":[{"href":"https:\/\/www.nettali.com\/rest\/wp\/v2\/types\/post"}],"author":[{"embeddable":true,"href":"https:\/\/www.nettali.com\/rest\/wp\/v2\/users\/2"}],"replies":[{"embeddable":true,"href":"https:\/\/www.nettali.com\/rest\/wp\/v2\/comments?post=107729"}],"version-history":[{"count":1,"href":"https:\/\/www.nettali.com\/rest\/wp\/v2\/posts\/107729\/revisions"}],"predecessor-version":[{"id":107730,"href":"https:\/\/www.nettali.com\/rest\/wp\/v2\/posts\/107729\/revisions\/107730"}],"wp:featuredmedia":[{"embeddable":true,"href":"https:\/\/www.nettali.com\/rest\/wp\/v2\/media\/107743"}],"wp:attachment":[{"href":"https:\/\/www.nettali.com\/rest\/wp\/v2\/media?parent=107729"}],"wp:term":[{"taxonomy":"category","embeddable":true,"href":"https:\/\/www.nettali.com\/rest\/wp\/v2\/categories?post=107729"},{"taxonomy":"post_tag","embeddable":true,"href":"https:\/\/www.nettali.com\/rest\/wp\/v2\/tags?post=107729"}],"curies":[{"name":"wp","href":"https:\/\/api.w.org\/{rel}","templated":true}]}}