{"id":107683,"date":"2023-04-07T06:04:45","date_gmt":"2023-04-07T06:04:45","guid":{"rendered":"https:\/\/www.nettali.com\/?p=107683"},"modified":"2023-04-07T06:10:16","modified_gmt":"2023-04-07T06:10:16","slug":"en-coulisses-idy-et-diattara-arrondissent-les-angles","status":"publish","type":"post","link":"https:\/\/www.nettali.com\/2023\/04\/07\/en-coulisses-idy-et-diattara-arrondissent-les-angles\/","title":{"rendered":"EN COULISSES - Idy et Diattara arrondissent les angles"},"content":{"rendered":"<p><strong>NETTALI.COM -<\/strong> Que ceux qui pensent que le torchon br\u00fble entre Idrissa Seck et Yankhoba Diattara, y a quelques jours, suite \u00e0 son limogeage du poste de deuxi\u00e8me vice-pr\u00e9sident du parti. n'ont qu'\u00e0 se d\u00e9tromper. C'est du moins ce qu'a laiss\u00e9 entendre ce dernier, \u00e0 l'issue de son entrevue avec son mentor. Il \u00e9tait tout simplement ce jeudi 6 avril chez son \"<em>p\u00e8re<\/em>\" Idrissa Seck pour lui remettre son \"<em>sukeru koor<\/em>\" (cadeau de Ramadan).<\/p>\n<p>\"<em>Il n'y a pas de brouille entre le pr\u00e9sident Idrissa Seck et moi. Je suis son fils. Il a estim\u00e9 que j'ai commis une faute pour laquelle il m'a sanctionn\u00e9 et je l'ai accept\u00e9. Ce qui me pla\u00eet le plus dans le Rewmi et aux c\u00f4t\u00e9s du pr\u00e9sident Idrissa Seck, c'est d'\u00eatre son militant. Les positions de pouvoir n'ont jamais \u00e9t\u00e9 une pr\u00e9occupation pour moi. C'est en 1998 que j'ai d\u00e9cid\u00e9 de m'engager \u00e0 ses c\u00f4t\u00e9s, et depuis lors, c'est la m\u00eame ferveur et le m\u00eame degr\u00e9 d'engagement. Je lui<\/em><br \/>\n<em>renouvelle toute ma loyaut\u00e9, toute ma fid\u00e9lit\u00e9 et mon ancrage dans le Rewmi<\/em>\", a dit Yankhoba Diatara.<\/p>\n<p>\"<em>Qui conna\u00eet mes relations avec le pr\u00e9sident Idrissa Seck, sait que c'est une relation filiale ; elle d\u00e9passe la politique.<\/em>\u201d, a ajout\u00e9 Diattara qui a par cons\u00e9quent estim\u00e9 que rien ne peut les s\u00e9parer.<\/p>\n<p>Ce n\u2019est donc pas son remplacement par le Dr Ndoye qui va briser leur compagnonnage. \"<em>En 2005, lorsque le Dr Abdoulaye Ndoye avait \u00e9crit une lettre pour<\/em><br \/>\n<em>s'engager aux c\u00f4t\u00e9s du pr\u00e9sident Idrissa Seck, c'est \u00e0 moi qu'il avait transmis le courrier et m'avait demand\u00e9 de contacter le Dr Ndoye. Et depuis lors, on est<\/em><br \/>\n<em>ensemble aux c\u00f4t\u00e9s du pr\u00e9sident Idrissa Seck pour l'accompagner. Je renouvelle mon soutien et prie pour le succ\u00e8s de cette mission du Dr Ndoye. Pr\u00e9sident Idrissa Seck \u2018loumou ma def nekhnama, bark\u00e9 laay taataane ci moom\u2019. Je resterai \u00e9ternellement son fils. Je n'ai jamais \u00e9t\u00e9 int\u00e9ress\u00e9 par un poste politique, car je suis un ouvrier \u00e0 la disposition et au service du parti\"<\/em>, a dit M. Diatara.<\/p>\n<p>Pour assurer fid\u00e9lit\u00e9 \u00e0 son \"<em>p\u00e8re<\/em>\", l\u2019ancien deuxi\u00e8me vice-pr\u00e9sident de Rewmi \u00e9tait pr\u00eat \u00e0 d\u00e9missionner de son poste de ministre des Sports. \"<em>Dans nos discussions, nous sommes revenus sur une d\u00e9cision que j'ai prise en coh\u00e9rence avec la d\u00e9cision politique de me d\u00e9charger de mon poste de vice-pr\u00e9sident. Il<\/em><br \/>\n<em>s'agit de ma d\u00e9mission du gouvernement, notamment de mon poste de ministre des Sports. Je lui ai demand\u00e9 de le reprendre et de le confier \u00e0 un autre fr\u00e8re du parti. Il a bien re\u00e7u le message. Mais il a rejet\u00e9 ma d\u00e9mission<\/em>\", a fait savoir le ministre des sports.<\/p>\n<p>Pour le troisi\u00e8me mandat, Yankhoba Diatara dit ainsi s\u2019aligner derri\u00e8re la position d\u2019Idrissa Seck<\/p>\n<div class='share-to-whatsapp-wrapper'><div class='share-on-whsp'>PARTAGER SUR : <\/div><a data-text='EN COULISSES - Idy et Diattara arrondissent les angles' data-link='https:\/\/www.nettali.com\/2023\/04\/07\/en-coulisses-idy-et-diattara-arrondissent-les-angles\/' class='whatsapp-button whatsapp-share'>WhatsApp<\/a><div class='clear '><\/div><\/div>","protected":false},"excerpt":{"rendered":"<p>NETTALI.COM - Que ceux qui pensent que le torchon br\u00fble entre Idrissa Seck et Yankhoba Diattara, y a quelques jours, suite \u00e0 son limogeage du poste de deuxi\u00e8me vice-pr\u00e9sident du parti. n'ont qu'\u00e0 se d\u00e9tromper. C'est du moins ce qu'a laiss\u00e9 entendre ce dernier, \u00e0 l'issue de son entrevue avec son mentor. Il \u00e9tait tout [&hellip;]<\/p>\n","protected":false},"author":2,"featured_media":107503,"comment_status":"open","ping_status":"open","sticky":false,"template":"","format":"standard","meta":{"_et_pb_use_builder":"","_et_pb_old_content":""},"categories":[34945],"tags":[],"yoast_head":"<!-- This site is optimized with the Yoast SEO Premium plugin v17.8 (Yoast SEO v17.8) - https:\/\/yoast.com\/wordpress\/plugins\/seo\/ -->\n<title>EN COULISSES - Idy et Diattara arrondissent les angles | Nettali.com<\/title>\n<meta name=\"robots\" content=\"index, follow, max-snippet:-1, max-image-preview:large, max-video-preview:-1\" \/>\n<link rel=\"canonical\" href=\"https:\/\/www.nettali.com\/2023\/04\/07\/en-coulisses-idy-et-diattara-arrondissent-les-angles\/\" \/>\n<meta property=\"og:locale\" content=\"fr_FR\" \/>\n<meta property=\"og:type\" content=\"article\" \/>\n<meta property=\"og:title\" content=\"EN COULISSES - Idy et Diattara arrondissent les angles\" \/>\n<meta property=\"og:description\" content=\"NETTALI.COM - Que ceux qui pensent que le torchon br\u00fble entre Idrissa Seck et Yankhoba Diattara, y a quelques jours, suite \u00e0 son limogeage du poste de deuxi\u00e8me vice-pr\u00e9sident du parti. n&#039;ont qu&#039;\u00e0 se d\u00e9tromper. C&#039;est du moins ce qu&#039;a laiss\u00e9 entendre ce dernier, \u00e0 l&#039;issue de son entrevue avec son mentor. Il \u00e9tait tout [&hellip;]\" \/>\n<meta property=\"og:url\" content=\"https:\/\/www.nettali.com\/2023\/04\/07\/en-coulisses-idy-et-diattara-arrondissent-les-angles\/\" \/>\n<meta property=\"og:site_name\" content=\"Nettali.com\" \/>\n<meta property=\"article:publisher\" content=\"https:\/\/www.facebook.com\/nettalicom\" \/>\n<meta property=\"article:published_time\" content=\"2023-04-07T06:04:45+00:00\" \/>\n<meta property=\"article:modified_time\" content=\"2023-04-07T06:10:16+00:00\" \/>\n<meta property=\"og:image\" content=\"https:\/\/www.nettali.com\/wp-content\/uploads\/2023\/04\/68732112-48285068.jpg\" \/>\n\t<meta property=\"og:image:width\" content=\"614\" \/>\n\t<meta property=\"og:image:height\" content=\"461\" \/>\n<meta name=\"twitter:card\" content=\"summary_large_image\" \/>\n<meta name=\"twitter:label1\" content=\"\u00c9crit par\" \/>\n\t<meta name=\"twitter:data1\" content=\"CK\" \/>\n\t<meta name=\"twitter:label2\" content=\"Dur\u00e9e de lecture estim\u00e9e\" \/>\n\t<meta name=\"twitter:data2\" content=\"3 minutes\" \/>\n<script type=\"application\/ld+json\" class=\"yoast-schema-graph\">{\"@context\":\"https:\/\/schema.org\",\"@graph\":[{\"@type\":\"WebSite\",\"@id\":\"https:\/\/www.nettali.com\/#website\",\"url\":\"https:\/\/www.nettali.com\/\",\"name\":\"Nettali.com\",\"description\":\"Le rendez-vous critique du Net\",\"potentialAction\":[{\"@type\":\"SearchAction\",\"target\":{\"@type\":\"EntryPoint\",\"urlTemplate\":\"https:\/\/www.nettali.com\/?s={search_term_string}\"},\"query-input\":\"required name=search_term_string\"}],\"inLanguage\":\"fr-FR\"},{\"@type\":\"ImageObject\",\"@id\":\"https:\/\/www.nettali.com\/2023\/04\/07\/en-coulisses-idy-et-diattara-arrondissent-les-angles\/#primaryimage\",\"inLanguage\":\"fr-FR\",\"url\":\"https:\/\/www.nettali.com\/wp-content\/uploads\/2023\/04\/68732112-48285068.jpg\",\"contentUrl\":\"https:\/\/www.nettali.com\/wp-content\/uploads\/2023\/04\/68732112-48285068.jpg\",\"width\":614,\"height\":461},{\"@type\":\"WebPage\",\"@id\":\"https:\/\/www.nettali.com\/2023\/04\/07\/en-coulisses-idy-et-diattara-arrondissent-les-angles\/#webpage\",\"url\":\"https:\/\/www.nettali.com\/2023\/04\/07\/en-coulisses-idy-et-diattara-arrondissent-les-angles\/\",\"name\":\"EN COULISSES - Idy et Diattara arrondissent les angles | Nettali.com\",\"isPartOf\":{\"@id\":\"https:\/\/www.nettali.com\/#website\"},\"primaryImageOfPage\":{\"@id\":\"https:\/\/www.nettali.com\/2023\/04\/07\/en-coulisses-idy-et-diattara-arrondissent-les-angles\/#primaryimage\"},\"datePublished\":\"2023-04-07T06:04:45+00:00\",\"dateModified\":\"2023-04-07T06:10:16+00:00\",\"author\":{\"@id\":\"https:\/\/www.nettali.com\/#\/schema\/person\/d8ac7b7e27ddad43f1c0d2ef090d7f71\"},\"breadcrumb\":{\"@id\":\"https:\/\/www.nettali.com\/2023\/04\/07\/en-coulisses-idy-et-diattara-arrondissent-les-angles\/#breadcrumb\"},\"inLanguage\":\"fr-FR\",\"potentialAction\":[{\"@type\":\"ReadAction\",\"target\":[\"https:\/\/www.nettali.com\/2023\/04\/07\/en-coulisses-idy-et-diattara-arrondissent-les-angles\/\"]}]},{\"@type\":\"BreadcrumbList\",\"@id\":\"https:\/\/www.nettali.com\/2023\/04\/07\/en-coulisses-idy-et-diattara-arrondissent-les-angles\/#breadcrumb\",\"itemListElement\":[{\"@type\":\"ListItem\",\"position\":1,\"name\":\"Accueil\",\"item\":\"https:\/\/www.nettali.com\/\"},{\"@type\":\"ListItem\",\"position\":2,\"name\":\"EN COULISSES - Idy et Diattara arrondissent les angles\"}]},{\"@type\":\"Person\",\"@id\":\"https:\/\/www.nettali.com\/#\/schema\/person\/d8ac7b7e27ddad43f1c0d2ef090d7f71\",\"name\":\"CK\",\"image\":{\"@type\":\"ImageObject\",\"@id\":\"https:\/\/www.nettali.com\/#personlogo\",\"inLanguage\":\"fr-FR\",\"url\":\"https:\/\/secure.gravatar.com\/avatar\/1d8d5118b9327d94da7cd4ce7f17fec2?s=96&d=mm&r=g\",\"contentUrl\":\"https:\/\/secure.gravatar.com\/avatar\/1d8d5118b9327d94da7cd4ce7f17fec2?s=96&d=mm&r=g\",\"caption\":\"CK\"},\"sameAs\":[\"https:\/\/www.nettali.com\"]}]}<\/script>\n<!-- \/ Yoast SEO Premium plugin. -->","yoast_head_json":{"title":"EN COULISSES - Idy et Diattara arrondissent les angles | Nettali.com","robots":{"index":"index","follow":"follow","max-snippet":"max-snippet:-1","max-image-preview":"max-image-preview:large","max-video-preview":"max-video-preview:-1"},"canonical":"https:\/\/www.nettali.com\/2023\/04\/07\/en-coulisses-idy-et-diattara-arrondissent-les-angles\/","og_locale":"fr_FR","og_type":"article","og_title":"EN COULISSES - Idy et Diattara arrondissent les angles","og_description":"NETTALI.COM - Que ceux qui pensent que le torchon br\u00fble entre Idrissa Seck et Yankhoba Diattara, y a quelques jours, suite \u00e0 son limogeage du poste de deuxi\u00e8me vice-pr\u00e9sident du parti. n'ont qu'\u00e0 se d\u00e9tromper. C'est du moins ce qu'a laiss\u00e9 entendre ce dernier, \u00e0 l'issue de son entrevue avec son mentor. Il \u00e9tait tout [&hellip;]","og_url":"https:\/\/www.nettali.com\/2023\/04\/07\/en-coulisses-idy-et-diattara-arrondissent-les-angles\/","og_site_name":"Nettali.com","article_publisher":"https:\/\/www.facebook.com\/nettalicom","article_published_time":"2023-04-07T06:04:45+00:00","article_modified_time":"2023-04-07T06:10:16+00:00","og_image":[{"width":614,"height":461,"url":"https:\/\/www.nettali.com\/wp-content\/uploads\/2023\/04\/68732112-48285068.jpg","type":"image\/jpeg"}],"twitter_card":"summary_large_image","twitter_misc":{"\u00c9crit par":"CK","Dur\u00e9e de lecture estim\u00e9e":"3 minutes"},"schema":{"@context":"https:\/\/schema.org","@graph":[{"@type":"WebSite","@id":"https:\/\/www.nettali.com\/#website","url":"https:\/\/www.nettali.com\/","name":"Nettali.com","description":"Le rendez-vous critique du Net","potentialAction":[{"@type":"SearchAction","target":{"@type":"EntryPoint","urlTemplate":"https:\/\/www.nettali.com\/?s={search_term_string}"},"query-input":"required name=search_term_string"}],"inLanguage":"fr-FR"},{"@type":"ImageObject","@id":"https:\/\/www.nettali.com\/2023\/04\/07\/en-coulisses-idy-et-diattara-arrondissent-les-angles\/#primaryimage","inLanguage":"fr-FR","url":"https:\/\/www.nettali.com\/wp-content\/uploads\/2023\/04\/68732112-48285068.jpg","contentUrl":"https:\/\/www.nettali.com\/wp-content\/uploads\/2023\/04\/68732112-48285068.jpg","width":614,"height":461},{"@type":"WebPage","@id":"https:\/\/www.nettali.com\/2023\/04\/07\/en-coulisses-idy-et-diattara-arrondissent-les-angles\/#webpage","url":"https:\/\/www.nettali.com\/2023\/04\/07\/en-coulisses-idy-et-diattara-arrondissent-les-angles\/","name":"EN COULISSES - Idy et Diattara arrondissent les angles | Nettali.com","isPartOf":{"@id":"https:\/\/www.nettali.com\/#website"},"primaryImageOfPage":{"@id":"https:\/\/www.nettali.com\/2023\/04\/07\/en-coulisses-idy-et-diattara-arrondissent-les-angles\/#primaryimage"},"datePublished":"2023-04-07T06:04:45+00:00","dateModified":"2023-04-07T06:10:16+00:00","author":{"@id":"https:\/\/www.nettali.com\/#\/schema\/person\/d8ac7b7e27ddad43f1c0d2ef090d7f71"},"breadcrumb":{"@id":"https:\/\/www.nettali.com\/2023\/04\/07\/en-coulisses-idy-et-diattara-arrondissent-les-angles\/#breadcrumb"},"inLanguage":"fr-FR","potentialAction":[{"@type":"ReadAction","target":["https:\/\/www.nettali.com\/2023\/04\/07\/en-coulisses-idy-et-diattara-arrondissent-les-angles\/"]}]},{"@type":"BreadcrumbList","@id":"https:\/\/www.nettali.com\/2023\/04\/07\/en-coulisses-idy-et-diattara-arrondissent-les-angles\/#breadcrumb","itemListElement":[{"@type":"ListItem","position":1,"name":"Accueil","item":"https:\/\/www.nettali.com\/"},{"@type":"ListItem","position":2,"name":"EN COULISSES - Idy et Diattara arrondissent les angles"}]},{"@type":"Person","@id":"https:\/\/www.nettali.com\/#\/schema\/person\/d8ac7b7e27ddad43f1c0d2ef090d7f71","name":"CK","image":{"@type":"ImageObject","@id":"https:\/\/www.nettali.com\/#personlogo","inLanguage":"fr-FR","url":"https:\/\/secure.gravatar.com\/avatar\/1d8d5118b9327d94da7cd4ce7f17fec2?s=96&d=mm&r=g","contentUrl":"https:\/\/secure.gravatar.com\/avatar\/1d8d5118b9327d94da7cd4ce7f17fec2?s=96&d=mm&r=g","caption":"CK"},"sameAs":["https:\/\/www.nettali.com"]}]}},"_links":{"self":[{"href":"https:\/\/www.nettali.com\/rest\/wp\/v2\/posts\/107683"}],"collection":[{"href":"https:\/\/www.nettali.com\/rest\/wp\/v2\/posts"}],"about":[{"href":"https:\/\/www.nettali.com\/rest\/wp\/v2\/types\/post"}],"author":[{"embeddable":true,"href":"https:\/\/www.nettali.com\/rest\/wp\/v2\/users\/2"}],"replies":[{"embeddable":true,"href":"https:\/\/www.nettali.com\/rest\/wp\/v2\/comments?post=107683"}],"version-history":[{"count":3,"href":"https:\/\/www.nettali.com\/rest\/wp\/v2\/posts\/107683\/revisions"}],"predecessor-version":[{"id":107688,"href":"https:\/\/www.nettali.com\/rest\/wp\/v2\/posts\/107683\/revisions\/107688"}],"wp:featuredmedia":[{"embeddable":true,"href":"https:\/\/www.nettali.com\/rest\/wp\/v2\/media\/107503"}],"wp:attachment":[{"href":"https:\/\/www.nettali.com\/rest\/wp\/v2\/media?parent=107683"}],"wp:term":[{"taxonomy":"category","embeddable":true,"href":"https:\/\/www.nettali.com\/rest\/wp\/v2\/categories?post=107683"},{"taxonomy":"post_tag","embeddable":true,"href":"https:\/\/www.nettali.com\/rest\/wp\/v2\/tags?post=107683"}],"curies":[{"name":"wp","href":"https:\/\/api.w.org\/{rel}","templated":true}]}}