{"id":107662,"date":"2023-04-06T19:24:55","date_gmt":"2023-04-06T19:24:55","guid":{"rendered":"https:\/\/www.nettali.com\/?p=107662"},"modified":"2023-04-06T19:24:55","modified_gmt":"2023-04-06T19:24:55","slug":"proces-en-appel-dousmane-sonko-les-craintes-des-avocats","status":"publish","type":"post","link":"https:\/\/www.nettali.com\/2023\/04\/06\/proces-en-appel-dousmane-sonko-les-craintes-des-avocats\/","title":{"rendered":"PROC\u00c8S EN APPEL D\u2019OUSMANE SONKO \u2013 Les craintes des avocats"},"content":{"rendered":"<p><strong>NETTALI.COM - Le pool d\u2019avocats d\u2019Ousmane Sonko a organis\u00e9 une conf\u00e9rence de presse ce jeudi pour se prononcer sur le d\u00e9roulement du proc\u00e8s de leur client avec Mame Mbaye Niang et le verdict du tribunal correctionnel de Dakar. Rappelons qu\u2019Ousmane Sonko a \u00e9t\u00e9 condamn\u00e9 \u00e0 2 mois assortis du sursis et \u00e0 200 millions de dommages et int\u00e9r\u00eats.<\/strong><\/p>\n<p>Les avocats d\u2019Ousmane Sonko \u00a0sont unanimes\u00a0: la mani\u00e8re dont le proc\u00e8s s\u2019est d\u00e9roul\u00e9 ne r\u00e9pond pas aux normes. Selon eux, leur client a \u00e9t\u00e9 violent\u00e9, gaz\u00e9 et ses droits ont \u00e9t\u00e9 bafou\u00e9s.<\/p>\n<p>Ma\u00eetre Bamba Ciss\u00e9, un des avocats du maire Ziguinchor, est all\u00e9 plus loin. Il redoute le syndrome Khalifa Sall. L'ancien maire de Dakar <em>\"a \u00e9t\u00e9 condamn\u00e9 le 30 mars 2018, \u00e0 cinq ans de prison. En juillet 2018, sa peine a \u00e9t\u00e9 confirm\u00e9e en appel et en d\u00e9cembre, la cassation est intervenue pour confirmer l'arr\u00eat. En janvier, sa candidature a \u00e9t\u00e9 d\u00e9clar\u00e9e irrecevable\"<\/em>, a-t-il rappel\u00e9.<\/p>\n<p><em>\"Nous avons tr\u00e8s vite compris que la position de principe du parquet, qui rel\u00e8ve appel d'une d\u00e9cision qui oppose deux priv\u00e9s, c'\u00e9tait simplement pour essayer d'\u00e9carter quelqu'un de la course (\u00e0 la Pr\u00e9sidentielle) parce que l'appel de la partie civile, Mame Mbaye Niang, ne peut porter que sur ses int\u00e9r\u00eats civils. Seul l'appel du parquet peut remettre en cause les dispositions p\u00e9nales du jugement. Cela r\u00e9sulte des dispositions de l'article 503 du Code de proc\u00e9dure p\u00e9nale\",<\/em> ajoute-t-il\u00a0;<\/p>\n<p>Selon Me Bamba Ciss\u00e9, l'appel interjet\u00e9 par le procureur para\u00eet donc dangereux pour le principal opposant de Macky Sall, selon Ma\u00eetre Bamba Ciss\u00e9. <em>\"Seul cet appel peut permettre de corser la peine. On passera donc de deux \u00e0 trois mois et si on est \u00e0 trois mois, Ousmane Sonko ne sera pas candidat. S'il est condamn\u00e9 \u00e0 une amende sup\u00e9rieure ou \u00e9gale \u00e0 200 mille francs, il ne sera plus candidat, si la cassation confirme la position de principe du parquet. Donc on est dans une pente dangereuse\". E<\/em>t, pense-t-il, <em>\"il y a fort \u00e0 craindre que dans les meilleurs d\u00e9lais, l'appel soit enr\u00f4l\u00e9, que la peine soit aggrav\u00e9e et que la cassation confirme cela pour qu'en d\u00e9finitive, le pr\u00e9sident Ousmane Sonko ne soit pas candidat \u00e0 la comp\u00e9tition majeure de 2024\"<\/em>.<\/p>\n<p>L'avocat du leader du Pastef regrette l'utilisation de la justice dans des r\u00e8glements de comptes politiques. \"<em>Il ne faudrait pas qu'on utilise la justice pour rendre in\u00e9ligible un adversaire politique. Il faudrait \u00e9galement que l'on respecte le calendrier judiciaire. Nous nous sommes amus\u00e9s \u00e0 revisiter l'agenda des audiences de la Cour d'appel et nous nous sommes rendu compte, ce matin, que les affaires \u00e9voqu\u00e9es \u00e0 l'audience dataient d'un ou deux ans. Rares sont les affaires qui sont \u00e9voqu\u00e9es cette ann\u00e9e. Si elles sont enr\u00f4l\u00e9es, c'est qu'elles \u00e9taient \u00e9voqu\u00e9es en janvier et donc elles ont \u00e9t\u00e9 enr\u00f4l\u00e9es quatre ou cinq mois plus tard. Or, si on respecte cela, ne serait-ce que par principe de l'enr\u00f4lement normal des dossiers, personne ne peut avoir le temps d'invalider une candidature. Donc, g\u00e9rons les dossiers normalement\", <\/em>note l\u2019avocat qui plaide pour que <em>\"justice soit rendue dans les r\u00e8gles de l'art\".\u00a0<\/em><\/p>\n<p>Le leader de Pastef, Ousmane Sonko, a \u00e9t\u00e9 condamn\u00e9 le 30 mars dernier \u00e0 2 mois assortis du sursis et \u00e0 200 millions de dommages et int\u00e9r\u00eats dans l\u2019affaire en diffamation qui l\u2019oppose au ministre du tourisme. Le procureur de la r\u00e9publique et Mame Mbaye Niang ont interjet\u00e9 appel.<\/p>\n<p><em>\u00a0<\/em><\/p>\n<p>&nbsp;<\/p>\n<p>&nbsp;<\/p>\n<p>&nbsp;<\/p>\n<p>&nbsp;<\/p>\n<div class='share-to-whatsapp-wrapper'><div class='share-on-whsp'>PARTAGER SUR : <\/div><a data-text='PROC\u00c8S EN APPEL D\u2019OUSMANE SONKO \u2013 Les craintes des avocats' data-link='https:\/\/www.nettali.com\/2023\/04\/06\/proces-en-appel-dousmane-sonko-les-craintes-des-avocats\/' class='whatsapp-button whatsapp-share'>WhatsApp<\/a><div class='clear '><\/div><\/div>","protected":false},"excerpt":{"rendered":"<p>NETTALI.COM - Le pool d\u2019avocats d\u2019Ousmane Sonko a organis\u00e9 une conf\u00e9rence de presse ce jeudi pour se prononcer sur le d\u00e9roulement du proc\u00e8s de leur client avec Mame Mbaye Niang et le verdict du tribunal correctionnel de Dakar. Rappelons qu\u2019Ousmane Sonko a \u00e9t\u00e9 condamn\u00e9 \u00e0 2 mois assortis du sursis et \u00e0 200 millions de [&hellip;]<\/p>\n","protected":false},"author":4,"featured_media":84390,"comment_status":"open","ping_status":"open","sticky":false,"template":"","format":"standard","meta":{"_et_pb_use_builder":"","_et_pb_old_content":""},"categories":[3],"tags":[],"yoast_head":"<!-- This site is optimized with the Yoast SEO Premium plugin v17.8 (Yoast SEO v17.8) - https:\/\/yoast.com\/wordpress\/plugins\/seo\/ -->\n<title>PROC\u00c8S EN APPEL D\u2019OUSMANE SONKO \u2013 Les craintes des avocats | Nettali.com<\/title>\n<meta name=\"robots\" content=\"index, follow, max-snippet:-1, max-image-preview:large, max-video-preview:-1\" \/>\n<link rel=\"canonical\" href=\"https:\/\/www.nettali.com\/2023\/04\/06\/proces-en-appel-dousmane-sonko-les-craintes-des-avocats\/\" \/>\n<meta property=\"og:locale\" content=\"fr_FR\" \/>\n<meta property=\"og:type\" content=\"article\" \/>\n<meta property=\"og:title\" content=\"PROC\u00c8S EN APPEL D\u2019OUSMANE SONKO \u2013 Les craintes des avocats\" \/>\n<meta property=\"og:description\" content=\"NETTALI.COM - Le pool d\u2019avocats d\u2019Ousmane Sonko a organis\u00e9 une conf\u00e9rence de presse ce jeudi pour se prononcer sur le d\u00e9roulement du proc\u00e8s de leur client avec Mame Mbaye Niang et le verdict du tribunal correctionnel de Dakar. Rappelons qu\u2019Ousmane Sonko a \u00e9t\u00e9 condamn\u00e9 \u00e0 2 mois assortis du sursis et \u00e0 200 millions de [&hellip;]\" \/>\n<meta property=\"og:url\" content=\"https:\/\/www.nettali.com\/2023\/04\/06\/proces-en-appel-dousmane-sonko-les-craintes-des-avocats\/\" \/>\n<meta property=\"og:site_name\" content=\"Nettali.com\" \/>\n<meta property=\"article:publisher\" content=\"https:\/\/www.facebook.com\/nettalicom\" \/>\n<meta property=\"article:published_time\" content=\"2023-04-06T19:24:55+00:00\" \/>\n<meta property=\"og:image\" content=\"https:\/\/www.nettali.com\/wp-content\/uploads\/2022\/04\/Sonko-avocats.jpeg\" \/>\n\t<meta property=\"og:image:width\" content=\"755\" \/>\n\t<meta property=\"og:image:height\" content=\"445\" \/>\n<meta name=\"twitter:card\" content=\"summary_large_image\" \/>\n<meta name=\"twitter:label1\" content=\"\u00c9crit par\" \/>\n\t<meta name=\"twitter:data1\" content=\"Daouda\" \/>\n\t<meta name=\"twitter:label2\" content=\"Dur\u00e9e de lecture estim\u00e9e\" \/>\n\t<meta name=\"twitter:data2\" content=\"3 minutes\" \/>\n<script type=\"application\/ld+json\" class=\"yoast-schema-graph\">{\"@context\":\"https:\/\/schema.org\",\"@graph\":[{\"@type\":\"WebSite\",\"@id\":\"https:\/\/www.nettali.com\/#website\",\"url\":\"https:\/\/www.nettali.com\/\",\"name\":\"Nettali.com\",\"description\":\"Le rendez-vous critique du Net\",\"potentialAction\":[{\"@type\":\"SearchAction\",\"target\":{\"@type\":\"EntryPoint\",\"urlTemplate\":\"https:\/\/www.nettali.com\/?s={search_term_string}\"},\"query-input\":\"required name=search_term_string\"}],\"inLanguage\":\"fr-FR\"},{\"@type\":\"ImageObject\",\"@id\":\"https:\/\/www.nettali.com\/2023\/04\/06\/proces-en-appel-dousmane-sonko-les-craintes-des-avocats\/#primaryimage\",\"inLanguage\":\"fr-FR\",\"url\":\"https:\/\/www.nettali.com\/wp-content\/uploads\/2022\/04\/Sonko-avocats.jpeg\",\"contentUrl\":\"https:\/\/www.nettali.com\/wp-content\/uploads\/2022\/04\/Sonko-avocats.jpeg\",\"width\":755,\"height\":445},{\"@type\":\"WebPage\",\"@id\":\"https:\/\/www.nettali.com\/2023\/04\/06\/proces-en-appel-dousmane-sonko-les-craintes-des-avocats\/#webpage\",\"url\":\"https:\/\/www.nettali.com\/2023\/04\/06\/proces-en-appel-dousmane-sonko-les-craintes-des-avocats\/\",\"name\":\"PROC\\u00c8S EN APPEL D\\u2019OUSMANE SONKO \\u2013 Les craintes des avocats | Nettali.com\",\"isPartOf\":{\"@id\":\"https:\/\/www.nettali.com\/#website\"},\"primaryImageOfPage\":{\"@id\":\"https:\/\/www.nettali.com\/2023\/04\/06\/proces-en-appel-dousmane-sonko-les-craintes-des-avocats\/#primaryimage\"},\"datePublished\":\"2023-04-06T19:24:55+00:00\",\"dateModified\":\"2023-04-06T19:24:55+00:00\",\"author\":{\"@id\":\"https:\/\/www.nettali.com\/#\/schema\/person\/3317e0bb3aa1da309fbf7b2780901bf4\"},\"breadcrumb\":{\"@id\":\"https:\/\/www.nettali.com\/2023\/04\/06\/proces-en-appel-dousmane-sonko-les-craintes-des-avocats\/#breadcrumb\"},\"inLanguage\":\"fr-FR\",\"potentialAction\":[{\"@type\":\"ReadAction\",\"target\":[\"https:\/\/www.nettali.com\/2023\/04\/06\/proces-en-appel-dousmane-sonko-les-craintes-des-avocats\/\"]}]},{\"@type\":\"BreadcrumbList\",\"@id\":\"https:\/\/www.nettali.com\/2023\/04\/06\/proces-en-appel-dousmane-sonko-les-craintes-des-avocats\/#breadcrumb\",\"itemListElement\":[{\"@type\":\"ListItem\",\"position\":1,\"name\":\"Accueil\",\"item\":\"https:\/\/www.nettali.com\/\"},{\"@type\":\"ListItem\",\"position\":2,\"name\":\"PROC\\u00c8S EN APPEL D\\u2019OUSMANE SONKO \\u2013 Les craintes des avocats\"}]},{\"@type\":\"Person\",\"@id\":\"https:\/\/www.nettali.com\/#\/schema\/person\/3317e0bb3aa1da309fbf7b2780901bf4\",\"name\":\"Daouda\",\"image\":{\"@type\":\"ImageObject\",\"@id\":\"https:\/\/www.nettali.com\/#personlogo\",\"inLanguage\":\"fr-FR\",\"url\":\"https:\/\/secure.gravatar.com\/avatar\/8d143b5a49345098ddcfee1c49c2f47c?s=96&d=mm&r=g\",\"contentUrl\":\"https:\/\/secure.gravatar.com\/avatar\/8d143b5a49345098ddcfee1c49c2f47c?s=96&d=mm&r=g\",\"caption\":\"Daouda\"},\"sameAs\":[\"https:\/\/www.nettali.com\"]}]}<\/script>\n<!-- \/ Yoast SEO Premium plugin. -->","yoast_head_json":{"title":"PROC\u00c8S EN APPEL D\u2019OUSMANE SONKO \u2013 Les craintes des avocats | Nettali.com","robots":{"index":"index","follow":"follow","max-snippet":"max-snippet:-1","max-image-preview":"max-image-preview:large","max-video-preview":"max-video-preview:-1"},"canonical":"https:\/\/www.nettali.com\/2023\/04\/06\/proces-en-appel-dousmane-sonko-les-craintes-des-avocats\/","og_locale":"fr_FR","og_type":"article","og_title":"PROC\u00c8S EN APPEL D\u2019OUSMANE SONKO \u2013 Les craintes des avocats","og_description":"NETTALI.COM - Le pool d\u2019avocats d\u2019Ousmane Sonko a organis\u00e9 une conf\u00e9rence de presse ce jeudi pour se prononcer sur le d\u00e9roulement du proc\u00e8s de leur client avec Mame Mbaye Niang et le verdict du tribunal correctionnel de Dakar. Rappelons qu\u2019Ousmane Sonko a \u00e9t\u00e9 condamn\u00e9 \u00e0 2 mois assortis du sursis et \u00e0 200 millions de [&hellip;]","og_url":"https:\/\/www.nettali.com\/2023\/04\/06\/proces-en-appel-dousmane-sonko-les-craintes-des-avocats\/","og_site_name":"Nettali.com","article_publisher":"https:\/\/www.facebook.com\/nettalicom","article_published_time":"2023-04-06T19:24:55+00:00","og_image":[{"width":755,"height":445,"url":"https:\/\/www.nettali.com\/wp-content\/uploads\/2022\/04\/Sonko-avocats.jpeg","type":"image\/jpeg"}],"twitter_card":"summary_large_image","twitter_misc":{"\u00c9crit par":"Daouda","Dur\u00e9e de lecture estim\u00e9e":"3 minutes"},"schema":{"@context":"https:\/\/schema.org","@graph":[{"@type":"WebSite","@id":"https:\/\/www.nettali.com\/#website","url":"https:\/\/www.nettali.com\/","name":"Nettali.com","description":"Le rendez-vous critique du Net","potentialAction":[{"@type":"SearchAction","target":{"@type":"EntryPoint","urlTemplate":"https:\/\/www.nettali.com\/?s={search_term_string}"},"query-input":"required name=search_term_string"}],"inLanguage":"fr-FR"},{"@type":"ImageObject","@id":"https:\/\/www.nettali.com\/2023\/04\/06\/proces-en-appel-dousmane-sonko-les-craintes-des-avocats\/#primaryimage","inLanguage":"fr-FR","url":"https:\/\/www.nettali.com\/wp-content\/uploads\/2022\/04\/Sonko-avocats.jpeg","contentUrl":"https:\/\/www.nettali.com\/wp-content\/uploads\/2022\/04\/Sonko-avocats.jpeg","width":755,"height":445},{"@type":"WebPage","@id":"https:\/\/www.nettali.com\/2023\/04\/06\/proces-en-appel-dousmane-sonko-les-craintes-des-avocats\/#webpage","url":"https:\/\/www.nettali.com\/2023\/04\/06\/proces-en-appel-dousmane-sonko-les-craintes-des-avocats\/","name":"PROC\u00c8S EN APPEL D\u2019OUSMANE SONKO \u2013 Les craintes des avocats | Nettali.com","isPartOf":{"@id":"https:\/\/www.nettali.com\/#website"},"primaryImageOfPage":{"@id":"https:\/\/www.nettali.com\/2023\/04\/06\/proces-en-appel-dousmane-sonko-les-craintes-des-avocats\/#primaryimage"},"datePublished":"2023-04-06T19:24:55+00:00","dateModified":"2023-04-06T19:24:55+00:00","author":{"@id":"https:\/\/www.nettali.com\/#\/schema\/person\/3317e0bb3aa1da309fbf7b2780901bf4"},"breadcrumb":{"@id":"https:\/\/www.nettali.com\/2023\/04\/06\/proces-en-appel-dousmane-sonko-les-craintes-des-avocats\/#breadcrumb"},"inLanguage":"fr-FR","potentialAction":[{"@type":"ReadAction","target":["https:\/\/www.nettali.com\/2023\/04\/06\/proces-en-appel-dousmane-sonko-les-craintes-des-avocats\/"]}]},{"@type":"BreadcrumbList","@id":"https:\/\/www.nettali.com\/2023\/04\/06\/proces-en-appel-dousmane-sonko-les-craintes-des-avocats\/#breadcrumb","itemListElement":[{"@type":"ListItem","position":1,"name":"Accueil","item":"https:\/\/www.nettali.com\/"},{"@type":"ListItem","position":2,"name":"PROC\u00c8S EN APPEL D\u2019OUSMANE SONKO \u2013 Les craintes des avocats"}]},{"@type":"Person","@id":"https:\/\/www.nettali.com\/#\/schema\/person\/3317e0bb3aa1da309fbf7b2780901bf4","name":"Daouda","image":{"@type":"ImageObject","@id":"https:\/\/www.nettali.com\/#personlogo","inLanguage":"fr-FR","url":"https:\/\/secure.gravatar.com\/avatar\/8d143b5a49345098ddcfee1c49c2f47c?s=96&d=mm&r=g","contentUrl":"https:\/\/secure.gravatar.com\/avatar\/8d143b5a49345098ddcfee1c49c2f47c?s=96&d=mm&r=g","caption":"Daouda"},"sameAs":["https:\/\/www.nettali.com"]}]}},"_links":{"self":[{"href":"https:\/\/www.nettali.com\/rest\/wp\/v2\/posts\/107662"}],"collection":[{"href":"https:\/\/www.nettali.com\/rest\/wp\/v2\/posts"}],"about":[{"href":"https:\/\/www.nettali.com\/rest\/wp\/v2\/types\/post"}],"author":[{"embeddable":true,"href":"https:\/\/www.nettali.com\/rest\/wp\/v2\/users\/4"}],"replies":[{"embeddable":true,"href":"https:\/\/www.nettali.com\/rest\/wp\/v2\/comments?post=107662"}],"version-history":[{"count":1,"href":"https:\/\/www.nettali.com\/rest\/wp\/v2\/posts\/107662\/revisions"}],"predecessor-version":[{"id":107663,"href":"https:\/\/www.nettali.com\/rest\/wp\/v2\/posts\/107662\/revisions\/107663"}],"wp:featuredmedia":[{"embeddable":true,"href":"https:\/\/www.nettali.com\/rest\/wp\/v2\/media\/84390"}],"wp:attachment":[{"href":"https:\/\/www.nettali.com\/rest\/wp\/v2\/media?parent=107662"}],"wp:term":[{"taxonomy":"category","embeddable":true,"href":"https:\/\/www.nettali.com\/rest\/wp\/v2\/categories?post=107662"},{"taxonomy":"post_tag","embeddable":true,"href":"https:\/\/www.nettali.com\/rest\/wp\/v2\/tags?post=107662"}],"curies":[{"name":"wp","href":"https:\/\/api.w.org\/{rel}","templated":true}]}}