{"id":107658,"date":"2023-04-06T18:34:10","date_gmt":"2023-04-06T18:34:10","guid":{"rendered":"https:\/\/www.nettali.com\/?p=107658"},"modified":"2023-04-07T06:12:18","modified_gmt":"2023-04-07T06:12:18","slug":"armee-le-general-mbaye-cisse-nouveau-cemga","status":"publish","type":"post","link":"https:\/\/www.nettali.com\/2023\/04\/06\/armee-le-general-mbaye-cisse-nouveau-cemga\/","title":{"rendered":"EN COULISSES - Le G\u00e9n\u00e9ral Mbaye Ciss\u00e9, nouveau CEMGA"},"content":{"rendered":"<p><strong>NETTALI.COM - <\/strong>L'arm\u00e9e a un nouveau patron. Le d\u00e9sormais ancien chef d'Etat-major g\u00e9n\u00e9ral des arm\u00e9es (Cemga), Cheikh Wade, a \u00e9t\u00e9 remplac\u00e9 par son coll\u00e8gue, le G\u00e9n\u00e9ral de Division Mbaye Ciss\u00e9. Ce dernier \u00e9tait jusqu'ici Chef de l\u2019Etat Major Particulier du Pr\u00e9sident de la R\u00e9publique. Voici le contenu du communiqu\u00e9 de la Pr\u00e9sidence de la R\u00e9publique.<\/p>\n<p><em><strong><u>COMMUNIQUE<\/u><\/strong><\/em><\/p>\n<p><em><strong>A compter du 10 avril 2023,<\/strong><\/em><\/p>\n<p><em><strong>1<\/strong>. Le G\u00e9n\u00e9ral de Corps d\u2019Arm\u00e9e Cheikh WADE, est \u00e9lev\u00e9 aux rang et appellation de G\u00e9n\u00e9ral d\u2019Arm\u00e9e\u00a0;<\/em><\/p>\n<p><em><strong>2<\/strong>. Le G\u00e9n\u00e9ral de Division Mbaye CISSE, est \u00e9lev\u00e9 aux rang et appellation de G\u00e9n\u00e9ral de Corps d\u2019Arm\u00e9e\u00a0;<\/em><\/p>\n<p><em><strong>3.<\/strong>\u00a0Le G\u00e9n\u00e9ral de Corps d\u2019Arm\u00e9e Mbaye CISSE, pr\u00e9c\u00e9demment Chef de l\u2019Etat Major Particulier du Pr\u00e9sident de la R\u00e9publique, est nomm\u00e9 Chef d\u2019Etat Major G\u00e9n\u00e9ral des Arm\u00e9es, en remplacement du G\u00e9n\u00e9ral d\u2019Arm\u00e9e Cheikh WADE, appel\u00e9 \u00e0 d\u2019autres fonctions\u00a0;<\/em><\/p>\n<p><em><strong>4<\/strong>. Le Contre-Amiral Oumar WADE, pr\u00e9c\u00e9demment Chef d\u2019Etat-major de la Marine nationale, promu au Grade de Vice-Amiral, est nomm\u00e9 Chef de l\u2019Etat-major Particulier du Pr\u00e9sident de la R\u00e9publique\u00a0;<\/em><\/p>\n<p><em><strong>5.<\/strong>\u00a0 Le Contre-Amiral Abdou SENE, pr\u00e9c\u00e9demment Conseiller D\u00e9fense du Premier Ministre, est nomm\u00e9 Chef d\u2019Etat-major de la Marine nationale, en remplacement du Vice-Amiral Oumar WADE, appel\u00e9 \u00e0 d\u2019autres fonctions.<\/em><\/p>\n<p><strong> Fait \u00e0 Dakar, le 06 avril 2023<\/strong><\/p>\n<p><strong>Le Ministre, Secr\u00e9taire G\u00e9n\u00e9ral de la Pr\u00e9sidence de la R\u00e9publique<\/strong><\/p>\n<p><strong>Oumar Samba BA\u00a0\u00a0\u00a0\u00a0\u00a0\u00a0\u00a0\u00a0\u00a0<\/strong><\/p>\n<p>&nbsp;<\/p>\n<p>&nbsp;<\/p>\n<div class='share-to-whatsapp-wrapper'><div class='share-on-whsp'>PARTAGER SUR : <\/div><a data-text='EN COULISSES - Le G\u00e9n\u00e9ral Mbaye Ciss\u00e9, nouveau CEMGA' data-link='https:\/\/www.nettali.com\/2023\/04\/06\/armee-le-general-mbaye-cisse-nouveau-cemga\/' class='whatsapp-button whatsapp-share'>WhatsApp<\/a><div class='clear '><\/div><\/div>","protected":false},"excerpt":{"rendered":"<p>NETTALI.COM - L'arm\u00e9e a un nouveau patron. Le d\u00e9sormais ancien chef d'Etat-major g\u00e9n\u00e9ral des arm\u00e9es (Cemga), Cheikh Wade, a \u00e9t\u00e9 remplac\u00e9 par son coll\u00e8gue, le G\u00e9n\u00e9ral de Division Mbaye Ciss\u00e9. Ce dernier \u00e9tait jusqu'ici Chef de l\u2019Etat Major Particulier du Pr\u00e9sident de la R\u00e9publique. Voici le contenu du communiqu\u00e9 de la Pr\u00e9sidence de la R\u00e9publique. [&hellip;]<\/p>\n","protected":false},"author":4,"featured_media":107660,"comment_status":"open","ping_status":"open","sticky":false,"template":"","format":"standard","meta":{"_et_pb_use_builder":"","_et_pb_old_content":""},"categories":[34945],"tags":[],"yoast_head":"<!-- This site is optimized with the Yoast SEO Premium plugin v17.8 (Yoast SEO v17.8) - https:\/\/yoast.com\/wordpress\/plugins\/seo\/ -->\n<title>EN COULISSES - Le G\u00e9n\u00e9ral Mbaye Ciss\u00e9, nouveau CEMGA | Nettali.com<\/title>\n<meta name=\"robots\" content=\"index, follow, max-snippet:-1, max-image-preview:large, max-video-preview:-1\" \/>\n<link rel=\"canonical\" href=\"https:\/\/www.nettali.com\/2023\/04\/06\/armee-le-general-mbaye-cisse-nouveau-cemga\/\" \/>\n<meta property=\"og:locale\" content=\"fr_FR\" \/>\n<meta property=\"og:type\" content=\"article\" \/>\n<meta property=\"og:title\" content=\"EN COULISSES - Le G\u00e9n\u00e9ral Mbaye Ciss\u00e9, nouveau CEMGA\" \/>\n<meta property=\"og:description\" content=\"NETTALI.COM - L&#039;arm\u00e9e a un nouveau patron. Le d\u00e9sormais ancien chef d&#039;Etat-major g\u00e9n\u00e9ral des arm\u00e9es (Cemga), Cheikh Wade, a \u00e9t\u00e9 remplac\u00e9 par son coll\u00e8gue, le G\u00e9n\u00e9ral de Division Mbaye Ciss\u00e9. Ce dernier \u00e9tait jusqu&#039;ici Chef de l\u2019Etat Major Particulier du Pr\u00e9sident de la R\u00e9publique. Voici le contenu du communiqu\u00e9 de la Pr\u00e9sidence de la R\u00e9publique. [&hellip;]\" \/>\n<meta property=\"og:url\" content=\"https:\/\/www.nettali.com\/2023\/04\/06\/armee-le-general-mbaye-cisse-nouveau-cemga\/\" \/>\n<meta property=\"og:site_name\" content=\"Nettali.com\" \/>\n<meta property=\"article:publisher\" content=\"https:\/\/www.facebook.com\/nettalicom\" \/>\n<meta property=\"article:published_time\" content=\"2023-04-06T18:34:10+00:00\" \/>\n<meta property=\"article:modified_time\" content=\"2023-04-07T06:12:18+00:00\" \/>\n<meta property=\"og:image\" content=\"https:\/\/www.nettali.com\/wp-content\/uploads\/2023\/04\/Cemga-ge\u0301ne\u0301ral-Mbaye-Cisse.jpeg\" \/>\n\t<meta property=\"og:image:width\" content=\"2048\" \/>\n\t<meta property=\"og:image:height\" content=\"1364\" \/>\n<meta name=\"twitter:card\" content=\"summary_large_image\" \/>\n<meta name=\"twitter:label1\" content=\"\u00c9crit par\" \/>\n\t<meta name=\"twitter:data1\" content=\"Daouda\" \/>\n\t<meta name=\"twitter:label2\" content=\"Dur\u00e9e de lecture estim\u00e9e\" \/>\n\t<meta name=\"twitter:data2\" content=\"2 minutes\" \/>\n<script type=\"application\/ld+json\" class=\"yoast-schema-graph\">{\"@context\":\"https:\/\/schema.org\",\"@graph\":[{\"@type\":\"WebSite\",\"@id\":\"https:\/\/www.nettali.com\/#website\",\"url\":\"https:\/\/www.nettali.com\/\",\"name\":\"Nettali.com\",\"description\":\"Le rendez-vous critique du Net\",\"potentialAction\":[{\"@type\":\"SearchAction\",\"target\":{\"@type\":\"EntryPoint\",\"urlTemplate\":\"https:\/\/www.nettali.com\/?s={search_term_string}\"},\"query-input\":\"required name=search_term_string\"}],\"inLanguage\":\"fr-FR\"},{\"@type\":\"ImageObject\",\"@id\":\"https:\/\/www.nettali.com\/2023\/04\/06\/armee-le-general-mbaye-cisse-nouveau-cemga\/#primaryimage\",\"inLanguage\":\"fr-FR\",\"url\":\"https:\/\/www.nettali.com\/wp-content\/uploads\/2023\/04\/Cemga-ge\\u0301ne\\u0301ral-Mbaye-Cisse.jpeg\",\"contentUrl\":\"https:\/\/www.nettali.com\/wp-content\/uploads\/2023\/04\/Cemga-ge\\u0301ne\\u0301ral-Mbaye-Cisse.jpeg\",\"width\":2048,\"height\":1364},{\"@type\":\"WebPage\",\"@id\":\"https:\/\/www.nettali.com\/2023\/04\/06\/armee-le-general-mbaye-cisse-nouveau-cemga\/#webpage\",\"url\":\"https:\/\/www.nettali.com\/2023\/04\/06\/armee-le-general-mbaye-cisse-nouveau-cemga\/\",\"name\":\"EN COULISSES - Le G\\u00e9n\\u00e9ral Mbaye Ciss\\u00e9, nouveau CEMGA | Nettali.com\",\"isPartOf\":{\"@id\":\"https:\/\/www.nettali.com\/#website\"},\"primaryImageOfPage\":{\"@id\":\"https:\/\/www.nettali.com\/2023\/04\/06\/armee-le-general-mbaye-cisse-nouveau-cemga\/#primaryimage\"},\"datePublished\":\"2023-04-06T18:34:10+00:00\",\"dateModified\":\"2023-04-07T06:12:18+00:00\",\"author\":{\"@id\":\"https:\/\/www.nettali.com\/#\/schema\/person\/3317e0bb3aa1da309fbf7b2780901bf4\"},\"breadcrumb\":{\"@id\":\"https:\/\/www.nettali.com\/2023\/04\/06\/armee-le-general-mbaye-cisse-nouveau-cemga\/#breadcrumb\"},\"inLanguage\":\"fr-FR\",\"potentialAction\":[{\"@type\":\"ReadAction\",\"target\":[\"https:\/\/www.nettali.com\/2023\/04\/06\/armee-le-general-mbaye-cisse-nouveau-cemga\/\"]}]},{\"@type\":\"BreadcrumbList\",\"@id\":\"https:\/\/www.nettali.com\/2023\/04\/06\/armee-le-general-mbaye-cisse-nouveau-cemga\/#breadcrumb\",\"itemListElement\":[{\"@type\":\"ListItem\",\"position\":1,\"name\":\"Accueil\",\"item\":\"https:\/\/www.nettali.com\/\"},{\"@type\":\"ListItem\",\"position\":2,\"name\":\"EN COULISSES - Le G\\u00e9n\\u00e9ral Mbaye Ciss\\u00e9, nouveau CEMGA\"}]},{\"@type\":\"Person\",\"@id\":\"https:\/\/www.nettali.com\/#\/schema\/person\/3317e0bb3aa1da309fbf7b2780901bf4\",\"name\":\"Daouda\",\"image\":{\"@type\":\"ImageObject\",\"@id\":\"https:\/\/www.nettali.com\/#personlogo\",\"inLanguage\":\"fr-FR\",\"url\":\"https:\/\/secure.gravatar.com\/avatar\/8d143b5a49345098ddcfee1c49c2f47c?s=96&d=mm&r=g\",\"contentUrl\":\"https:\/\/secure.gravatar.com\/avatar\/8d143b5a49345098ddcfee1c49c2f47c?s=96&d=mm&r=g\",\"caption\":\"Daouda\"},\"sameAs\":[\"https:\/\/www.nettali.com\"]}]}<\/script>\n<!-- \/ Yoast SEO Premium plugin. -->","yoast_head_json":{"title":"EN COULISSES - Le G\u00e9n\u00e9ral Mbaye Ciss\u00e9, nouveau CEMGA | Nettali.com","robots":{"index":"index","follow":"follow","max-snippet":"max-snippet:-1","max-image-preview":"max-image-preview:large","max-video-preview":"max-video-preview:-1"},"canonical":"https:\/\/www.nettali.com\/2023\/04\/06\/armee-le-general-mbaye-cisse-nouveau-cemga\/","og_locale":"fr_FR","og_type":"article","og_title":"EN COULISSES - Le G\u00e9n\u00e9ral Mbaye Ciss\u00e9, nouveau CEMGA","og_description":"NETTALI.COM - L'arm\u00e9e a un nouveau patron. Le d\u00e9sormais ancien chef d'Etat-major g\u00e9n\u00e9ral des arm\u00e9es (Cemga), Cheikh Wade, a \u00e9t\u00e9 remplac\u00e9 par son coll\u00e8gue, le G\u00e9n\u00e9ral de Division Mbaye Ciss\u00e9. Ce dernier \u00e9tait jusqu'ici Chef de l\u2019Etat Major Particulier du Pr\u00e9sident de la R\u00e9publique. Voici le contenu du communiqu\u00e9 de la Pr\u00e9sidence de la R\u00e9publique. [&hellip;]","og_url":"https:\/\/www.nettali.com\/2023\/04\/06\/armee-le-general-mbaye-cisse-nouveau-cemga\/","og_site_name":"Nettali.com","article_publisher":"https:\/\/www.facebook.com\/nettalicom","article_published_time":"2023-04-06T18:34:10+00:00","article_modified_time":"2023-04-07T06:12:18+00:00","og_image":[{"width":2048,"height":1364,"url":"https:\/\/www.nettali.com\/wp-content\/uploads\/2023\/04\/Cemga-ge\u0301ne\u0301ral-Mbaye-Cisse.jpeg","type":"image\/jpeg"}],"twitter_card":"summary_large_image","twitter_misc":{"\u00c9crit par":"Daouda","Dur\u00e9e de lecture estim\u00e9e":"2 minutes"},"schema":{"@context":"https:\/\/schema.org","@graph":[{"@type":"WebSite","@id":"https:\/\/www.nettali.com\/#website","url":"https:\/\/www.nettali.com\/","name":"Nettali.com","description":"Le rendez-vous critique du Net","potentialAction":[{"@type":"SearchAction","target":{"@type":"EntryPoint","urlTemplate":"https:\/\/www.nettali.com\/?s={search_term_string}"},"query-input":"required name=search_term_string"}],"inLanguage":"fr-FR"},{"@type":"ImageObject","@id":"https:\/\/www.nettali.com\/2023\/04\/06\/armee-le-general-mbaye-cisse-nouveau-cemga\/#primaryimage","inLanguage":"fr-FR","url":"https:\/\/www.nettali.com\/wp-content\/uploads\/2023\/04\/Cemga-ge\u0301ne\u0301ral-Mbaye-Cisse.jpeg","contentUrl":"https:\/\/www.nettali.com\/wp-content\/uploads\/2023\/04\/Cemga-ge\u0301ne\u0301ral-Mbaye-Cisse.jpeg","width":2048,"height":1364},{"@type":"WebPage","@id":"https:\/\/www.nettali.com\/2023\/04\/06\/armee-le-general-mbaye-cisse-nouveau-cemga\/#webpage","url":"https:\/\/www.nettali.com\/2023\/04\/06\/armee-le-general-mbaye-cisse-nouveau-cemga\/","name":"EN COULISSES - Le G\u00e9n\u00e9ral Mbaye Ciss\u00e9, nouveau CEMGA | Nettali.com","isPartOf":{"@id":"https:\/\/www.nettali.com\/#website"},"primaryImageOfPage":{"@id":"https:\/\/www.nettali.com\/2023\/04\/06\/armee-le-general-mbaye-cisse-nouveau-cemga\/#primaryimage"},"datePublished":"2023-04-06T18:34:10+00:00","dateModified":"2023-04-07T06:12:18+00:00","author":{"@id":"https:\/\/www.nettali.com\/#\/schema\/person\/3317e0bb3aa1da309fbf7b2780901bf4"},"breadcrumb":{"@id":"https:\/\/www.nettali.com\/2023\/04\/06\/armee-le-general-mbaye-cisse-nouveau-cemga\/#breadcrumb"},"inLanguage":"fr-FR","potentialAction":[{"@type":"ReadAction","target":["https:\/\/www.nettali.com\/2023\/04\/06\/armee-le-general-mbaye-cisse-nouveau-cemga\/"]}]},{"@type":"BreadcrumbList","@id":"https:\/\/www.nettali.com\/2023\/04\/06\/armee-le-general-mbaye-cisse-nouveau-cemga\/#breadcrumb","itemListElement":[{"@type":"ListItem","position":1,"name":"Accueil","item":"https:\/\/www.nettali.com\/"},{"@type":"ListItem","position":2,"name":"EN COULISSES - Le G\u00e9n\u00e9ral Mbaye Ciss\u00e9, nouveau CEMGA"}]},{"@type":"Person","@id":"https:\/\/www.nettali.com\/#\/schema\/person\/3317e0bb3aa1da309fbf7b2780901bf4","name":"Daouda","image":{"@type":"ImageObject","@id":"https:\/\/www.nettali.com\/#personlogo","inLanguage":"fr-FR","url":"https:\/\/secure.gravatar.com\/avatar\/8d143b5a49345098ddcfee1c49c2f47c?s=96&d=mm&r=g","contentUrl":"https:\/\/secure.gravatar.com\/avatar\/8d143b5a49345098ddcfee1c49c2f47c?s=96&d=mm&r=g","caption":"Daouda"},"sameAs":["https:\/\/www.nettali.com"]}]}},"_links":{"self":[{"href":"https:\/\/www.nettali.com\/rest\/wp\/v2\/posts\/107658"}],"collection":[{"href":"https:\/\/www.nettali.com\/rest\/wp\/v2\/posts"}],"about":[{"href":"https:\/\/www.nettali.com\/rest\/wp\/v2\/types\/post"}],"author":[{"embeddable":true,"href":"https:\/\/www.nettali.com\/rest\/wp\/v2\/users\/4"}],"replies":[{"embeddable":true,"href":"https:\/\/www.nettali.com\/rest\/wp\/v2\/comments?post=107658"}],"version-history":[{"count":2,"href":"https:\/\/www.nettali.com\/rest\/wp\/v2\/posts\/107658\/revisions"}],"predecessor-version":[{"id":107682,"href":"https:\/\/www.nettali.com\/rest\/wp\/v2\/posts\/107658\/revisions\/107682"}],"wp:featuredmedia":[{"embeddable":true,"href":"https:\/\/www.nettali.com\/rest\/wp\/v2\/media\/107660"}],"wp:attachment":[{"href":"https:\/\/www.nettali.com\/rest\/wp\/v2\/media?parent=107658"}],"wp:term":[{"taxonomy":"category","embeddable":true,"href":"https:\/\/www.nettali.com\/rest\/wp\/v2\/categories?post=107658"},{"taxonomy":"post_tag","embeddable":true,"href":"https:\/\/www.nettali.com\/rest\/wp\/v2\/tags?post=107658"}],"curies":[{"name":"wp","href":"https:\/\/api.w.org\/{rel}","templated":true}]}}