{"id":107653,"date":"2023-04-06T14:35:43","date_gmt":"2023-04-06T14:35:43","guid":{"rendered":"https:\/\/www.nettali.com\/?p=107653"},"modified":"2023-04-07T06:08:30","modified_gmt":"2023-04-07T06:08:30","slug":"rencontre-diattara-propose-a-idy-sa-demission-du-gouvernement","status":"publish","type":"post","link":"https:\/\/www.nettali.com\/2023\/04\/06\/rencontre-diattara-propose-a-idy-sa-demission-du-gouvernement\/","title":{"rendered":"EN COULISSES - Diattara propose \u00e0 Idy sa d\u00e9mission du gouvernement"},"content":{"rendered":"<p><strong>NETTALI.COM - <\/strong>Apr\u00e8s avoir \u00e9t\u00e9 d\u00e9mis de ses fonctions de vice-pr\u00e9sident de Rewmi, Yankhoba Diattara est parti rencontrer son mentor \u00e0 son domicile, ce jeudi 6 avril. A sa sortie d'audience, il a soutenu avoir propos\u00e9 \u00e0 son leader, sa d\u00e9mission du gouvernement puisqu'il y a \u00e9t\u00e9 choisi sous la banni\u00e8re de Rewmi.<\/p>\n<div class=\"x11i5rnm xat24cr x1mh8g0r x1vvkbs xdj266r x126k92a\">\n<div dir=\"auto\"><em>\u00abOn a partag\u00e9, et on est revenus sur une d\u00e9cision que j\u2019ai prise. C\u2019est de d\u00e9missionner de mon poste de ministre des Sports. C\u2019est pour \u00eatre en coh\u00e9rence avec la d\u00e9cision politique\u00bb<\/em>, a annonc\u00e9 Yankhoba Diattara \u00e0 sa sortie du domicile de Idrissa seck.<\/div>\n<\/div>\n<div class=\"x11i5rnm xat24cr x1mh8g0r x1vvkbs xtlvy1s x126k92a\">\n<div dir=\"auto\"><\/div>\n<\/div>\n<div class=\"x11i5rnm xat24cr x1mh8g0r x1vvkbs xtlvy1s x126k92a\">\n<div dir=\"auto\">Une d\u00e9cision qu\u2019il a prise suite \u00e0 son limogeage du poste de Vice-pr\u00e9sident de Rewmi, dit-il. <em>\u00abDonc je lui ai dit s\u2019il pouvait d\u00e9signer un autre responsable de Rewmi pour me remplacer au gouvernement. Il a bien re\u00e7u le message et il donnera suite \u00e0 cela\u00bb<\/em>, a-t-il indiqu\u00e9.<\/div>\n<\/div>\n<div class='share-to-whatsapp-wrapper'><div class='share-on-whsp'>PARTAGER SUR : <\/div><a data-text='EN COULISSES - Diattara propose \u00e0 Idy sa d\u00e9mission du gouvernement' data-link='https:\/\/www.nettali.com\/2023\/04\/06\/rencontre-diattara-propose-a-idy-sa-demission-du-gouvernement\/' class='whatsapp-button whatsapp-share'>WhatsApp<\/a><div class='clear '><\/div><\/div>","protected":false},"excerpt":{"rendered":"<p>NETTALI.COM - Apr\u00e8s avoir \u00e9t\u00e9 d\u00e9mis de ses fonctions de vice-pr\u00e9sident de Rewmi, Yankhoba Diattara est parti rencontrer son mentor \u00e0 son domicile, ce jeudi 6 avril. A sa sortie d'audience, il a soutenu avoir propos\u00e9 \u00e0 son leader, sa d\u00e9mission du gouvernement puisqu'il y a \u00e9t\u00e9 choisi sous la banni\u00e8re de Rewmi. \u00abOn a [&hellip;]<\/p>\n","protected":false},"author":4,"featured_media":107641,"comment_status":"open","ping_status":"open","sticky":false,"template":"","format":"standard","meta":{"_et_pb_use_builder":"","_et_pb_old_content":""},"categories":[34945],"tags":[],"yoast_head":"<!-- This site is optimized with the Yoast SEO Premium plugin v17.8 (Yoast SEO v17.8) - https:\/\/yoast.com\/wordpress\/plugins\/seo\/ -->\n<title>EN COULISSES - Diattara propose \u00e0 Idy sa d\u00e9mission du gouvernement | Nettali.com<\/title>\n<meta name=\"robots\" content=\"index, follow, max-snippet:-1, max-image-preview:large, max-video-preview:-1\" \/>\n<link rel=\"canonical\" href=\"https:\/\/www.nettali.com\/2023\/04\/06\/rencontre-diattara-propose-a-idy-sa-demission-du-gouvernement\/\" \/>\n<meta property=\"og:locale\" content=\"fr_FR\" \/>\n<meta property=\"og:type\" content=\"article\" \/>\n<meta property=\"og:title\" content=\"EN COULISSES - Diattara propose \u00e0 Idy sa d\u00e9mission du gouvernement\" \/>\n<meta property=\"og:description\" content=\"NETTALI.COM - Apr\u00e8s avoir \u00e9t\u00e9 d\u00e9mis de ses fonctions de vice-pr\u00e9sident de Rewmi, Yankhoba Diattara est parti rencontrer son mentor \u00e0 son domicile, ce jeudi 6 avril. A sa sortie d&#039;audience, il a soutenu avoir propos\u00e9 \u00e0 son leader, sa d\u00e9mission du gouvernement puisqu&#039;il y a \u00e9t\u00e9 choisi sous la banni\u00e8re de Rewmi. \u00abOn a [&hellip;]\" \/>\n<meta property=\"og:url\" content=\"https:\/\/www.nettali.com\/2023\/04\/06\/rencontre-diattara-propose-a-idy-sa-demission-du-gouvernement\/\" \/>\n<meta property=\"og:site_name\" content=\"Nettali.com\" \/>\n<meta property=\"article:publisher\" content=\"https:\/\/www.facebook.com\/nettalicom\" \/>\n<meta property=\"article:published_time\" content=\"2023-04-06T14:35:43+00:00\" \/>\n<meta property=\"article:modified_time\" content=\"2023-04-07T06:08:30+00:00\" \/>\n<meta property=\"og:image\" content=\"https:\/\/www.nettali.com\/wp-content\/uploads\/2023\/04\/arton30341.jpg\" \/>\n\t<meta property=\"og:image:width\" content=\"2016\" \/>\n\t<meta property=\"og:image:height\" content=\"1512\" \/>\n<meta name=\"twitter:card\" content=\"summary_large_image\" \/>\n<meta name=\"twitter:label1\" content=\"\u00c9crit par\" \/>\n\t<meta name=\"twitter:data1\" content=\"Daouda\" \/>\n\t<meta name=\"twitter:label2\" content=\"Dur\u00e9e de lecture estim\u00e9e\" \/>\n\t<meta name=\"twitter:data2\" content=\"1 minute\" \/>\n<script type=\"application\/ld+json\" class=\"yoast-schema-graph\">{\"@context\":\"https:\/\/schema.org\",\"@graph\":[{\"@type\":\"WebSite\",\"@id\":\"https:\/\/www.nettali.com\/#website\",\"url\":\"https:\/\/www.nettali.com\/\",\"name\":\"Nettali.com\",\"description\":\"Le rendez-vous critique du Net\",\"potentialAction\":[{\"@type\":\"SearchAction\",\"target\":{\"@type\":\"EntryPoint\",\"urlTemplate\":\"https:\/\/www.nettali.com\/?s={search_term_string}\"},\"query-input\":\"required name=search_term_string\"}],\"inLanguage\":\"fr-FR\"},{\"@type\":\"ImageObject\",\"@id\":\"https:\/\/www.nettali.com\/2023\/04\/06\/rencontre-diattara-propose-a-idy-sa-demission-du-gouvernement\/#primaryimage\",\"inLanguage\":\"fr-FR\",\"url\":\"https:\/\/www.nettali.com\/wp-content\/uploads\/2023\/04\/arton30341.jpg\",\"contentUrl\":\"https:\/\/www.nettali.com\/wp-content\/uploads\/2023\/04\/arton30341.jpg\",\"width\":2016,\"height\":1512},{\"@type\":\"WebPage\",\"@id\":\"https:\/\/www.nettali.com\/2023\/04\/06\/rencontre-diattara-propose-a-idy-sa-demission-du-gouvernement\/#webpage\",\"url\":\"https:\/\/www.nettali.com\/2023\/04\/06\/rencontre-diattara-propose-a-idy-sa-demission-du-gouvernement\/\",\"name\":\"EN COULISSES - Diattara propose \\u00e0 Idy sa d\\u00e9mission du gouvernement | Nettali.com\",\"isPartOf\":{\"@id\":\"https:\/\/www.nettali.com\/#website\"},\"primaryImageOfPage\":{\"@id\":\"https:\/\/www.nettali.com\/2023\/04\/06\/rencontre-diattara-propose-a-idy-sa-demission-du-gouvernement\/#primaryimage\"},\"datePublished\":\"2023-04-06T14:35:43+00:00\",\"dateModified\":\"2023-04-07T06:08:30+00:00\",\"author\":{\"@id\":\"https:\/\/www.nettali.com\/#\/schema\/person\/3317e0bb3aa1da309fbf7b2780901bf4\"},\"breadcrumb\":{\"@id\":\"https:\/\/www.nettali.com\/2023\/04\/06\/rencontre-diattara-propose-a-idy-sa-demission-du-gouvernement\/#breadcrumb\"},\"inLanguage\":\"fr-FR\",\"potentialAction\":[{\"@type\":\"ReadAction\",\"target\":[\"https:\/\/www.nettali.com\/2023\/04\/06\/rencontre-diattara-propose-a-idy-sa-demission-du-gouvernement\/\"]}]},{\"@type\":\"BreadcrumbList\",\"@id\":\"https:\/\/www.nettali.com\/2023\/04\/06\/rencontre-diattara-propose-a-idy-sa-demission-du-gouvernement\/#breadcrumb\",\"itemListElement\":[{\"@type\":\"ListItem\",\"position\":1,\"name\":\"Accueil\",\"item\":\"https:\/\/www.nettali.com\/\"},{\"@type\":\"ListItem\",\"position\":2,\"name\":\"EN COULISSES - Diattara propose \\u00e0 Idy sa d\\u00e9mission du gouvernement\"}]},{\"@type\":\"Person\",\"@id\":\"https:\/\/www.nettali.com\/#\/schema\/person\/3317e0bb3aa1da309fbf7b2780901bf4\",\"name\":\"Daouda\",\"image\":{\"@type\":\"ImageObject\",\"@id\":\"https:\/\/www.nettali.com\/#personlogo\",\"inLanguage\":\"fr-FR\",\"url\":\"https:\/\/secure.gravatar.com\/avatar\/8d143b5a49345098ddcfee1c49c2f47c?s=96&d=mm&r=g\",\"contentUrl\":\"https:\/\/secure.gravatar.com\/avatar\/8d143b5a49345098ddcfee1c49c2f47c?s=96&d=mm&r=g\",\"caption\":\"Daouda\"},\"sameAs\":[\"https:\/\/www.nettali.com\"]}]}<\/script>\n<!-- \/ Yoast SEO Premium plugin. -->","yoast_head_json":{"title":"EN COULISSES - Diattara propose \u00e0 Idy sa d\u00e9mission du gouvernement | Nettali.com","robots":{"index":"index","follow":"follow","max-snippet":"max-snippet:-1","max-image-preview":"max-image-preview:large","max-video-preview":"max-video-preview:-1"},"canonical":"https:\/\/www.nettali.com\/2023\/04\/06\/rencontre-diattara-propose-a-idy-sa-demission-du-gouvernement\/","og_locale":"fr_FR","og_type":"article","og_title":"EN COULISSES - Diattara propose \u00e0 Idy sa d\u00e9mission du gouvernement","og_description":"NETTALI.COM - Apr\u00e8s avoir \u00e9t\u00e9 d\u00e9mis de ses fonctions de vice-pr\u00e9sident de Rewmi, Yankhoba Diattara est parti rencontrer son mentor \u00e0 son domicile, ce jeudi 6 avril. A sa sortie d'audience, il a soutenu avoir propos\u00e9 \u00e0 son leader, sa d\u00e9mission du gouvernement puisqu'il y a \u00e9t\u00e9 choisi sous la banni\u00e8re de Rewmi. \u00abOn a [&hellip;]","og_url":"https:\/\/www.nettali.com\/2023\/04\/06\/rencontre-diattara-propose-a-idy-sa-demission-du-gouvernement\/","og_site_name":"Nettali.com","article_publisher":"https:\/\/www.facebook.com\/nettalicom","article_published_time":"2023-04-06T14:35:43+00:00","article_modified_time":"2023-04-07T06:08:30+00:00","og_image":[{"width":2016,"height":1512,"url":"https:\/\/www.nettali.com\/wp-content\/uploads\/2023\/04\/arton30341.jpg","type":"image\/jpeg"}],"twitter_card":"summary_large_image","twitter_misc":{"\u00c9crit par":"Daouda","Dur\u00e9e de lecture estim\u00e9e":"1 minute"},"schema":{"@context":"https:\/\/schema.org","@graph":[{"@type":"WebSite","@id":"https:\/\/www.nettali.com\/#website","url":"https:\/\/www.nettali.com\/","name":"Nettali.com","description":"Le rendez-vous critique du Net","potentialAction":[{"@type":"SearchAction","target":{"@type":"EntryPoint","urlTemplate":"https:\/\/www.nettali.com\/?s={search_term_string}"},"query-input":"required name=search_term_string"}],"inLanguage":"fr-FR"},{"@type":"ImageObject","@id":"https:\/\/www.nettali.com\/2023\/04\/06\/rencontre-diattara-propose-a-idy-sa-demission-du-gouvernement\/#primaryimage","inLanguage":"fr-FR","url":"https:\/\/www.nettali.com\/wp-content\/uploads\/2023\/04\/arton30341.jpg","contentUrl":"https:\/\/www.nettali.com\/wp-content\/uploads\/2023\/04\/arton30341.jpg","width":2016,"height":1512},{"@type":"WebPage","@id":"https:\/\/www.nettali.com\/2023\/04\/06\/rencontre-diattara-propose-a-idy-sa-demission-du-gouvernement\/#webpage","url":"https:\/\/www.nettali.com\/2023\/04\/06\/rencontre-diattara-propose-a-idy-sa-demission-du-gouvernement\/","name":"EN COULISSES - Diattara propose \u00e0 Idy sa d\u00e9mission du gouvernement | Nettali.com","isPartOf":{"@id":"https:\/\/www.nettali.com\/#website"},"primaryImageOfPage":{"@id":"https:\/\/www.nettali.com\/2023\/04\/06\/rencontre-diattara-propose-a-idy-sa-demission-du-gouvernement\/#primaryimage"},"datePublished":"2023-04-06T14:35:43+00:00","dateModified":"2023-04-07T06:08:30+00:00","author":{"@id":"https:\/\/www.nettali.com\/#\/schema\/person\/3317e0bb3aa1da309fbf7b2780901bf4"},"breadcrumb":{"@id":"https:\/\/www.nettali.com\/2023\/04\/06\/rencontre-diattara-propose-a-idy-sa-demission-du-gouvernement\/#breadcrumb"},"inLanguage":"fr-FR","potentialAction":[{"@type":"ReadAction","target":["https:\/\/www.nettali.com\/2023\/04\/06\/rencontre-diattara-propose-a-idy-sa-demission-du-gouvernement\/"]}]},{"@type":"BreadcrumbList","@id":"https:\/\/www.nettali.com\/2023\/04\/06\/rencontre-diattara-propose-a-idy-sa-demission-du-gouvernement\/#breadcrumb","itemListElement":[{"@type":"ListItem","position":1,"name":"Accueil","item":"https:\/\/www.nettali.com\/"},{"@type":"ListItem","position":2,"name":"EN COULISSES - Diattara propose \u00e0 Idy sa d\u00e9mission du gouvernement"}]},{"@type":"Person","@id":"https:\/\/www.nettali.com\/#\/schema\/person\/3317e0bb3aa1da309fbf7b2780901bf4","name":"Daouda","image":{"@type":"ImageObject","@id":"https:\/\/www.nettali.com\/#personlogo","inLanguage":"fr-FR","url":"https:\/\/secure.gravatar.com\/avatar\/8d143b5a49345098ddcfee1c49c2f47c?s=96&d=mm&r=g","contentUrl":"https:\/\/secure.gravatar.com\/avatar\/8d143b5a49345098ddcfee1c49c2f47c?s=96&d=mm&r=g","caption":"Daouda"},"sameAs":["https:\/\/www.nettali.com"]}]}},"_links":{"self":[{"href":"https:\/\/www.nettali.com\/rest\/wp\/v2\/posts\/107653"}],"collection":[{"href":"https:\/\/www.nettali.com\/rest\/wp\/v2\/posts"}],"about":[{"href":"https:\/\/www.nettali.com\/rest\/wp\/v2\/types\/post"}],"author":[{"embeddable":true,"href":"https:\/\/www.nettali.com\/rest\/wp\/v2\/users\/4"}],"replies":[{"embeddable":true,"href":"https:\/\/www.nettali.com\/rest\/wp\/v2\/comments?post=107653"}],"version-history":[{"count":5,"href":"https:\/\/www.nettali.com\/rest\/wp\/v2\/posts\/107653\/revisions"}],"predecessor-version":[{"id":107687,"href":"https:\/\/www.nettali.com\/rest\/wp\/v2\/posts\/107653\/revisions\/107687"}],"wp:featuredmedia":[{"embeddable":true,"href":"https:\/\/www.nettali.com\/rest\/wp\/v2\/media\/107641"}],"wp:attachment":[{"href":"https:\/\/www.nettali.com\/rest\/wp\/v2\/media?parent=107653"}],"wp:term":[{"taxonomy":"category","embeddable":true,"href":"https:\/\/www.nettali.com\/rest\/wp\/v2\/categories?post=107653"},{"taxonomy":"post_tag","embeddable":true,"href":"https:\/\/www.nettali.com\/rest\/wp\/v2\/tags?post=107653"}],"curies":[{"name":"wp","href":"https:\/\/api.w.org\/{rel}","templated":true}]}}