{"id":107463,"date":"2023-04-03T15:29:11","date_gmt":"2023-04-03T15:29:11","guid":{"rendered":"https:\/\/www.nettali.com\/?p=107463"},"modified":"2023-04-03T15:31:06","modified_gmt":"2023-04-03T15:31:06","slug":"107463","status":"publish","type":"post","link":"https:\/\/www.nettali.com\/2023\/04\/03\/107463\/","title":{"rendered":"FC NANTES - La col\u00e8re de Demba Ba apr\u00e8s l'expulsion d'un joueur \u00e0 cause du Ramadan"},"content":{"rendered":"<p><strong>NETTALI.COM - Ce dimanche 2 avril, Antoine Kombouar\u00e9, l\u2019entra\u00eeneur du FC Nantes, a fait parler de lui en raison de sa d\u00e9cision d\u2019exclure l\u2019un de ses joueurs. Ce dernier avait exprim\u00e9 le souhait de continuer \u00e0 je\u00fbner le jour du match. Depuis cette annonce, de nombreuses r\u00e9actions ont \u00e9merg\u00e9. Demba Ba, un fervent d\u00e9fenseur de la religion musulmane, a \u00e9galement r\u00e9agi en postant un commentaire sur son compte Twitter.<\/strong><\/p>\n<p>\"<em>Encore penser que le je\u00fbne du mois de ramadan est comportemental me sid\u00e8re. Pour ceux qui se posent encore la question, on parle bien du c\u00f4t\u00e9 identitaire d\u2019une personne. Est-ce une bonne chose de demander \u00e0 quelqu\u2019un de mettre de c\u00f4t\u00e9 ce qui fait son identit\u00e9<\/em> ?\", s\u2019est interrog\u00e9 Demba Ba ce lundi.<\/p>\n<p>Pour l\u2019ancien attaquant des Lions du S\u00e9n\u00e9gal, il faut mettre mettre les joueurs dans les meilleurs conditions pour les permettre de performer.<\/p>\n<p>\"<em>A l\u2019image d\u2019un Klopp, un management adapt\u00e9 serait selon moi de mettre les joueurs dans les meilleures conditions pour qu\u2019ils puissent performer. Et s\u2019ils ne performent pas, alors qu\u2019ils soient justement \u00e9cart\u00e9s, pour des raisons sportives et non identitaires. Mais invoquer les raisons de sant\u00e9 n\u2019est qu\u2019une couverture, encore une fois avec tout le respect, car c\u2019est nier les centaines de je\u00fbneurs performant toute les ann\u00e9es \u00e0 la m\u00eame p\u00e9riode<\/em>\", dit-il.<\/p>\n<div class='share-to-whatsapp-wrapper'><div class='share-on-whsp'>PARTAGER SUR : <\/div><a data-text='FC NANTES - La col\u00e8re de Demba Ba apr\u00e8s l'expulsion d'un joueur \u00e0 cause du Ramadan' data-link='https:\/\/www.nettali.com\/2023\/04\/03\/107463\/' class='whatsapp-button whatsapp-share'>WhatsApp<\/a><div class='clear '><\/div><\/div>","protected":false},"excerpt":{"rendered":"<p>NETTALI.COM - Ce dimanche 2 avril, Antoine Kombouar\u00e9, l\u2019entra\u00eeneur du FC Nantes, a fait parler de lui en raison de sa d\u00e9cision d\u2019exclure l\u2019un de ses joueurs. Ce dernier avait exprim\u00e9 le souhait de continuer \u00e0 je\u00fbner le jour du match. Depuis cette annonce, de nombreuses r\u00e9actions ont \u00e9merg\u00e9. Demba Ba, un fervent d\u00e9fenseur de [&hellip;]<\/p>\n","protected":false},"author":5,"featured_media":107464,"comment_status":"open","ping_status":"open","sticky":false,"template":"","format":"standard","meta":{"_et_pb_use_builder":"","_et_pb_old_content":""},"categories":[6],"tags":[],"yoast_head":"<!-- This site is optimized with the Yoast SEO Premium plugin v17.8 (Yoast SEO v17.8) - https:\/\/yoast.com\/wordpress\/plugins\/seo\/ -->\n<title>FC NANTES - La col\u00e8re de Demba Ba apr\u00e8s l&#039;expulsion d&#039;un joueur \u00e0 cause du Ramadan | Nettali.com<\/title>\n<meta name=\"robots\" content=\"index, follow, max-snippet:-1, max-image-preview:large, max-video-preview:-1\" \/>\n<link rel=\"canonical\" href=\"https:\/\/www.nettali.com\/2023\/04\/03\/107463\/\" \/>\n<meta property=\"og:locale\" content=\"fr_FR\" \/>\n<meta property=\"og:type\" content=\"article\" \/>\n<meta property=\"og:title\" content=\"FC NANTES - La col\u00e8re de Demba Ba apr\u00e8s l&#039;expulsion d&#039;un joueur \u00e0 cause du Ramadan\" \/>\n<meta property=\"og:description\" content=\"NETTALI.COM - Ce dimanche 2 avril, Antoine Kombouar\u00e9, l\u2019entra\u00eeneur du FC Nantes, a fait parler de lui en raison de sa d\u00e9cision d\u2019exclure l\u2019un de ses joueurs. Ce dernier avait exprim\u00e9 le souhait de continuer \u00e0 je\u00fbner le jour du match. Depuis cette annonce, de nombreuses r\u00e9actions ont \u00e9merg\u00e9. Demba Ba, un fervent d\u00e9fenseur de [&hellip;]\" \/>\n<meta property=\"og:url\" content=\"https:\/\/www.nettali.com\/2023\/04\/03\/107463\/\" \/>\n<meta property=\"og:site_name\" content=\"Nettali.com\" \/>\n<meta property=\"article:publisher\" content=\"https:\/\/www.facebook.com\/nettalicom\" \/>\n<meta property=\"article:published_time\" content=\"2023-04-03T15:29:11+00:00\" \/>\n<meta property=\"article:modified_time\" content=\"2023-04-03T15:31:06+00:00\" \/>\n<meta property=\"og:image\" content=\"https:\/\/www.nettali.com\/wp-content\/uploads\/2023\/04\/Demba-Ba-1.jpg\" \/>\n\t<meta property=\"og:image:width\" content=\"864\" \/>\n\t<meta property=\"og:image:height\" content=\"486\" \/>\n<meta name=\"twitter:card\" content=\"summary_large_image\" \/>\n<meta name=\"twitter:label1\" content=\"\u00c9crit par\" \/>\n\t<meta name=\"twitter:data1\" content=\"Ibrahima\" \/>\n\t<meta name=\"twitter:label2\" content=\"Dur\u00e9e de lecture estim\u00e9e\" \/>\n\t<meta name=\"twitter:data2\" content=\"2 minutes\" \/>\n<script type=\"application\/ld+json\" class=\"yoast-schema-graph\">{\"@context\":\"https:\/\/schema.org\",\"@graph\":[{\"@type\":\"WebSite\",\"@id\":\"https:\/\/www.nettali.com\/#website\",\"url\":\"https:\/\/www.nettali.com\/\",\"name\":\"Nettali.com\",\"description\":\"Le rendez-vous critique du Net\",\"potentialAction\":[{\"@type\":\"SearchAction\",\"target\":{\"@type\":\"EntryPoint\",\"urlTemplate\":\"https:\/\/www.nettali.com\/?s={search_term_string}\"},\"query-input\":\"required name=search_term_string\"}],\"inLanguage\":\"fr-FR\"},{\"@type\":\"ImageObject\",\"@id\":\"https:\/\/www.nettali.com\/2023\/04\/03\/107463\/#primaryimage\",\"inLanguage\":\"fr-FR\",\"url\":\"https:\/\/www.nettali.com\/wp-content\/uploads\/2023\/04\/Demba-Ba-1.jpg\",\"contentUrl\":\"https:\/\/www.nettali.com\/wp-content\/uploads\/2023\/04\/Demba-Ba-1.jpg\",\"width\":864,\"height\":486},{\"@type\":\"WebPage\",\"@id\":\"https:\/\/www.nettali.com\/2023\/04\/03\/107463\/#webpage\",\"url\":\"https:\/\/www.nettali.com\/2023\/04\/03\/107463\/\",\"name\":\"FC NANTES - La col\\u00e8re de Demba Ba apr\\u00e8s l'expulsion d'un joueur \\u00e0 cause du Ramadan | Nettali.com\",\"isPartOf\":{\"@id\":\"https:\/\/www.nettali.com\/#website\"},\"primaryImageOfPage\":{\"@id\":\"https:\/\/www.nettali.com\/2023\/04\/03\/107463\/#primaryimage\"},\"datePublished\":\"2023-04-03T15:29:11+00:00\",\"dateModified\":\"2023-04-03T15:31:06+00:00\",\"author\":{\"@id\":\"https:\/\/www.nettali.com\/#\/schema\/person\/bb147657c2986240405a608162b9bb23\"},\"breadcrumb\":{\"@id\":\"https:\/\/www.nettali.com\/2023\/04\/03\/107463\/#breadcrumb\"},\"inLanguage\":\"fr-FR\",\"potentialAction\":[{\"@type\":\"ReadAction\",\"target\":[\"https:\/\/www.nettali.com\/2023\/04\/03\/107463\/\"]}]},{\"@type\":\"BreadcrumbList\",\"@id\":\"https:\/\/www.nettali.com\/2023\/04\/03\/107463\/#breadcrumb\",\"itemListElement\":[{\"@type\":\"ListItem\",\"position\":1,\"name\":\"Accueil\",\"item\":\"https:\/\/www.nettali.com\/\"},{\"@type\":\"ListItem\",\"position\":2,\"name\":\"FC NANTES - La col\\u00e8re de Demba Ba apr\\u00e8s l'expulsion d'un joueur \\u00e0 cause du Ramadan\"}]},{\"@type\":\"Person\",\"@id\":\"https:\/\/www.nettali.com\/#\/schema\/person\/bb147657c2986240405a608162b9bb23\",\"name\":\"Ibrahima\",\"image\":{\"@type\":\"ImageObject\",\"@id\":\"https:\/\/www.nettali.com\/#personlogo\",\"inLanguage\":\"fr-FR\",\"url\":\"https:\/\/secure.gravatar.com\/avatar\/26a8a81f09f0dd7624c9d5c36c9ba3a2?s=96&d=mm&r=g\",\"contentUrl\":\"https:\/\/secure.gravatar.com\/avatar\/26a8a81f09f0dd7624c9d5c36c9ba3a2?s=96&d=mm&r=g\",\"caption\":\"Ibrahima\"},\"sameAs\":[\"https:\/\/www.nettali.com\"]}]}<\/script>\n<!-- \/ Yoast SEO Premium plugin. -->","yoast_head_json":{"title":"FC NANTES - La col\u00e8re de Demba Ba apr\u00e8s l'expulsion d'un joueur \u00e0 cause du Ramadan | Nettali.com","robots":{"index":"index","follow":"follow","max-snippet":"max-snippet:-1","max-image-preview":"max-image-preview:large","max-video-preview":"max-video-preview:-1"},"canonical":"https:\/\/www.nettali.com\/2023\/04\/03\/107463\/","og_locale":"fr_FR","og_type":"article","og_title":"FC NANTES - La col\u00e8re de Demba Ba apr\u00e8s l'expulsion d'un joueur \u00e0 cause du Ramadan","og_description":"NETTALI.COM - Ce dimanche 2 avril, Antoine Kombouar\u00e9, l\u2019entra\u00eeneur du FC Nantes, a fait parler de lui en raison de sa d\u00e9cision d\u2019exclure l\u2019un de ses joueurs. Ce dernier avait exprim\u00e9 le souhait de continuer \u00e0 je\u00fbner le jour du match. Depuis cette annonce, de nombreuses r\u00e9actions ont \u00e9merg\u00e9. Demba Ba, un fervent d\u00e9fenseur de [&hellip;]","og_url":"https:\/\/www.nettali.com\/2023\/04\/03\/107463\/","og_site_name":"Nettali.com","article_publisher":"https:\/\/www.facebook.com\/nettalicom","article_published_time":"2023-04-03T15:29:11+00:00","article_modified_time":"2023-04-03T15:31:06+00:00","og_image":[{"width":864,"height":486,"url":"https:\/\/www.nettali.com\/wp-content\/uploads\/2023\/04\/Demba-Ba-1.jpg","type":"image\/jpeg"}],"twitter_card":"summary_large_image","twitter_misc":{"\u00c9crit par":"Ibrahima","Dur\u00e9e de lecture estim\u00e9e":"2 minutes"},"schema":{"@context":"https:\/\/schema.org","@graph":[{"@type":"WebSite","@id":"https:\/\/www.nettali.com\/#website","url":"https:\/\/www.nettali.com\/","name":"Nettali.com","description":"Le rendez-vous critique du Net","potentialAction":[{"@type":"SearchAction","target":{"@type":"EntryPoint","urlTemplate":"https:\/\/www.nettali.com\/?s={search_term_string}"},"query-input":"required name=search_term_string"}],"inLanguage":"fr-FR"},{"@type":"ImageObject","@id":"https:\/\/www.nettali.com\/2023\/04\/03\/107463\/#primaryimage","inLanguage":"fr-FR","url":"https:\/\/www.nettali.com\/wp-content\/uploads\/2023\/04\/Demba-Ba-1.jpg","contentUrl":"https:\/\/www.nettali.com\/wp-content\/uploads\/2023\/04\/Demba-Ba-1.jpg","width":864,"height":486},{"@type":"WebPage","@id":"https:\/\/www.nettali.com\/2023\/04\/03\/107463\/#webpage","url":"https:\/\/www.nettali.com\/2023\/04\/03\/107463\/","name":"FC NANTES - La col\u00e8re de Demba Ba apr\u00e8s l'expulsion d'un joueur \u00e0 cause du Ramadan | Nettali.com","isPartOf":{"@id":"https:\/\/www.nettali.com\/#website"},"primaryImageOfPage":{"@id":"https:\/\/www.nettali.com\/2023\/04\/03\/107463\/#primaryimage"},"datePublished":"2023-04-03T15:29:11+00:00","dateModified":"2023-04-03T15:31:06+00:00","author":{"@id":"https:\/\/www.nettali.com\/#\/schema\/person\/bb147657c2986240405a608162b9bb23"},"breadcrumb":{"@id":"https:\/\/www.nettali.com\/2023\/04\/03\/107463\/#breadcrumb"},"inLanguage":"fr-FR","potentialAction":[{"@type":"ReadAction","target":["https:\/\/www.nettali.com\/2023\/04\/03\/107463\/"]}]},{"@type":"BreadcrumbList","@id":"https:\/\/www.nettali.com\/2023\/04\/03\/107463\/#breadcrumb","itemListElement":[{"@type":"ListItem","position":1,"name":"Accueil","item":"https:\/\/www.nettali.com\/"},{"@type":"ListItem","position":2,"name":"FC NANTES - La col\u00e8re de Demba Ba apr\u00e8s l'expulsion d'un joueur \u00e0 cause du Ramadan"}]},{"@type":"Person","@id":"https:\/\/www.nettali.com\/#\/schema\/person\/bb147657c2986240405a608162b9bb23","name":"Ibrahima","image":{"@type":"ImageObject","@id":"https:\/\/www.nettali.com\/#personlogo","inLanguage":"fr-FR","url":"https:\/\/secure.gravatar.com\/avatar\/26a8a81f09f0dd7624c9d5c36c9ba3a2?s=96&d=mm&r=g","contentUrl":"https:\/\/secure.gravatar.com\/avatar\/26a8a81f09f0dd7624c9d5c36c9ba3a2?s=96&d=mm&r=g","caption":"Ibrahima"},"sameAs":["https:\/\/www.nettali.com"]}]}},"_links":{"self":[{"href":"https:\/\/www.nettali.com\/rest\/wp\/v2\/posts\/107463"}],"collection":[{"href":"https:\/\/www.nettali.com\/rest\/wp\/v2\/posts"}],"about":[{"href":"https:\/\/www.nettali.com\/rest\/wp\/v2\/types\/post"}],"author":[{"embeddable":true,"href":"https:\/\/www.nettali.com\/rest\/wp\/v2\/users\/5"}],"replies":[{"embeddable":true,"href":"https:\/\/www.nettali.com\/rest\/wp\/v2\/comments?post=107463"}],"version-history":[{"count":2,"href":"https:\/\/www.nettali.com\/rest\/wp\/v2\/posts\/107463\/revisions"}],"predecessor-version":[{"id":107466,"href":"https:\/\/www.nettali.com\/rest\/wp\/v2\/posts\/107463\/revisions\/107466"}],"wp:featuredmedia":[{"embeddable":true,"href":"https:\/\/www.nettali.com\/rest\/wp\/v2\/media\/107464"}],"wp:attachment":[{"href":"https:\/\/www.nettali.com\/rest\/wp\/v2\/media?parent=107463"}],"wp:term":[{"taxonomy":"category","embeddable":true,"href":"https:\/\/www.nettali.com\/rest\/wp\/v2\/categories?post=107463"},{"taxonomy":"post_tag","embeddable":true,"href":"https:\/\/www.nettali.com\/rest\/wp\/v2\/tags?post=107463"}],"curies":[{"name":"wp","href":"https:\/\/api.w.org\/{rel}","templated":true}]}}