{"id":107457,"date":"2023-04-03T13:11:26","date_gmt":"2023-04-03T13:11:26","guid":{"rendered":"https:\/\/www.nettali.com\/?p=107457"},"modified":"2023-04-03T13:11:26","modified_gmt":"2023-04-03T13:11:26","slug":"france-dijon-se-separe-de-son-entraineur-omar-daff","status":"publish","type":"post","link":"https:\/\/www.nettali.com\/2023\/04\/03\/france-dijon-se-separe-de-son-entraineur-omar-daff\/","title":{"rendered":"FRANCE - Dijon se s\u00e9pare de son entra\u00eeneur Omar Daff"},"content":{"rendered":"<p><strong>NETTALI.COM - Dijon a d\u00e9cid\u00e9 de se s\u00e9parer de son entra\u00eeneur Omar Daf suite aux mauvais r\u00e9sultats des Bourguignons, actuellement 19es de Ligue 2. Le club a annonc\u00e9 que le S\u00e9n\u00e9galais a d\u2019ailleurs \u00abmis \u00e0 pied \u00e0 titre conservatoire \u00bb.<\/strong><\/p>\n<p>Dijon va se s\u00e9parer de son entra\u00eeneur Omar Daf (46 ans) suite aux mauvais r\u00e9sultats des Bourguignons. En effet, le club bourguignon est en difficult\u00e9 en Ligue 2. Il occupe actuellement la 19e place apr\u00e8s 29 journ\u00e9es. Avec 26 points, il est \u00e9galement \u00e0 sept longueurs du premier non-rel\u00e9gable en National (Pau FC, 16 e avec 33 unit\u00e9s).<\/p>\n<p>Pascal Dupraz (60 ans), ancien entra\u00eeneur de Toulouse, de Caen ou de Saint-\u00c9tienne, va donc remplacer l'ancien international s\u00e9n\u00e9galais sur le banc du club pour la fin de la saison.<\/p>\n<blockquote class=\"twitter-tweet\">\n<p lang=\"fr\" dir=\"ltr\">OFFICIEL : Omar Daf mis \u00e0 pied \u00e0 titre conservatoire<\/p>\n<p>\u27a1\ufe0f <a href=\"https:\/\/t.co\/RGMszKHasc\">https:\/\/t.co\/RGMszKHasc<\/a> <a href=\"https:\/\/t.co\/Q3p3RBZCWR\">pic.twitter.com\/Q3p3RBZCWR<\/a><\/p>\n<p>&mdash; Dijon FCO (@DFCO_Officiel) <a href=\"https:\/\/twitter.com\/DFCO_Officiel\/status\/1642866868493926405?ref_src=twsrc%5Etfw\">April 3, 2023<\/a><\/p><\/blockquote>\n<p> <script async src=\"https:\/\/platform.twitter.com\/widgets.js\" charset=\"utf-8\"><\/script><\/p>\n<div class='share-to-whatsapp-wrapper'><div class='share-on-whsp'>PARTAGER SUR : <\/div><a data-text='FRANCE - Dijon se s\u00e9pare de son entra\u00eeneur Omar Daff' data-link='https:\/\/www.nettali.com\/2023\/04\/03\/france-dijon-se-separe-de-son-entraineur-omar-daff\/' class='whatsapp-button whatsapp-share'>WhatsApp<\/a><div class='clear '><\/div><\/div>","protected":false},"excerpt":{"rendered":"<p>NETTALI.COM - Dijon a d\u00e9cid\u00e9 de se s\u00e9parer de son entra\u00eeneur Omar Daf suite aux mauvais r\u00e9sultats des Bourguignons, actuellement 19es de Ligue 2. Le club a annonc\u00e9 que le S\u00e9n\u00e9galais a d\u2019ailleurs \u00abmis \u00e0 pied \u00e0 titre conservatoire \u00bb. Dijon va se s\u00e9parer de son entra\u00eeneur Omar Daf (46 ans) suite aux mauvais r\u00e9sultats [&hellip;]<\/p>\n","protected":false},"author":4,"featured_media":107458,"comment_status":"open","ping_status":"open","sticky":false,"template":"","format":"standard","meta":{"_et_pb_use_builder":"","_et_pb_old_content":""},"categories":[6],"tags":[],"yoast_head":"<!-- This site is optimized with the Yoast SEO Premium plugin v17.8 (Yoast SEO v17.8) - https:\/\/yoast.com\/wordpress\/plugins\/seo\/ -->\n<title>FRANCE - Dijon se s\u00e9pare de son entra\u00eeneur Omar Daff | Nettali.com<\/title>\n<meta name=\"robots\" content=\"index, follow, max-snippet:-1, max-image-preview:large, max-video-preview:-1\" \/>\n<link rel=\"canonical\" href=\"https:\/\/www.nettali.com\/2023\/04\/03\/france-dijon-se-separe-de-son-entraineur-omar-daff\/\" \/>\n<meta property=\"og:locale\" content=\"fr_FR\" \/>\n<meta property=\"og:type\" content=\"article\" \/>\n<meta property=\"og:title\" content=\"FRANCE - Dijon se s\u00e9pare de son entra\u00eeneur Omar Daff\" \/>\n<meta property=\"og:description\" content=\"NETTALI.COM - Dijon a d\u00e9cid\u00e9 de se s\u00e9parer de son entra\u00eeneur Omar Daf suite aux mauvais r\u00e9sultats des Bourguignons, actuellement 19es de Ligue 2. Le club a annonc\u00e9 que le S\u00e9n\u00e9galais a d\u2019ailleurs \u00abmis \u00e0 pied \u00e0 titre conservatoire \u00bb. Dijon va se s\u00e9parer de son entra\u00eeneur Omar Daf (46 ans) suite aux mauvais r\u00e9sultats [&hellip;]\" \/>\n<meta property=\"og:url\" content=\"https:\/\/www.nettali.com\/2023\/04\/03\/france-dijon-se-separe-de-son-entraineur-omar-daff\/\" \/>\n<meta property=\"og:site_name\" content=\"Nettali.com\" \/>\n<meta property=\"article:publisher\" content=\"https:\/\/www.facebook.com\/nettalicom\" \/>\n<meta property=\"article:published_time\" content=\"2023-04-03T13:11:26+00:00\" \/>\n<meta property=\"og:image\" content=\"https:\/\/www.nettali.com\/wp-content\/uploads\/2023\/04\/omar-daf-entraineur-du-dijon-fco-photo-lbp-emma-buoncristiani-1679170144.jpeg\" \/>\n\t<meta property=\"og:image:width\" content=\"1600\" \/>\n\t<meta property=\"og:image:height\" content=\"1067\" \/>\n<meta name=\"twitter:card\" content=\"summary_large_image\" \/>\n<meta name=\"twitter:label1\" content=\"\u00c9crit par\" \/>\n\t<meta name=\"twitter:data1\" content=\"Daouda\" \/>\n\t<meta name=\"twitter:label2\" content=\"Dur\u00e9e de lecture estim\u00e9e\" \/>\n\t<meta name=\"twitter:data2\" content=\"1 minute\" \/>\n<script type=\"application\/ld+json\" class=\"yoast-schema-graph\">{\"@context\":\"https:\/\/schema.org\",\"@graph\":[{\"@type\":\"WebSite\",\"@id\":\"https:\/\/www.nettali.com\/#website\",\"url\":\"https:\/\/www.nettali.com\/\",\"name\":\"Nettali.com\",\"description\":\"Le rendez-vous critique du Net\",\"potentialAction\":[{\"@type\":\"SearchAction\",\"target\":{\"@type\":\"EntryPoint\",\"urlTemplate\":\"https:\/\/www.nettali.com\/?s={search_term_string}\"},\"query-input\":\"required name=search_term_string\"}],\"inLanguage\":\"fr-FR\"},{\"@type\":\"ImageObject\",\"@id\":\"https:\/\/www.nettali.com\/2023\/04\/03\/france-dijon-se-separe-de-son-entraineur-omar-daff\/#primaryimage\",\"inLanguage\":\"fr-FR\",\"url\":\"https:\/\/www.nettali.com\/wp-content\/uploads\/2023\/04\/omar-daf-entraineur-du-dijon-fco-photo-lbp-emma-buoncristiani-1679170144.jpeg\",\"contentUrl\":\"https:\/\/www.nettali.com\/wp-content\/uploads\/2023\/04\/omar-daf-entraineur-du-dijon-fco-photo-lbp-emma-buoncristiani-1679170144.jpeg\",\"width\":1600,\"height\":1067},{\"@type\":\"WebPage\",\"@id\":\"https:\/\/www.nettali.com\/2023\/04\/03\/france-dijon-se-separe-de-son-entraineur-omar-daff\/#webpage\",\"url\":\"https:\/\/www.nettali.com\/2023\/04\/03\/france-dijon-se-separe-de-son-entraineur-omar-daff\/\",\"name\":\"FRANCE - Dijon se s\\u00e9pare de son entra\\u00eeneur Omar Daff | Nettali.com\",\"isPartOf\":{\"@id\":\"https:\/\/www.nettali.com\/#website\"},\"primaryImageOfPage\":{\"@id\":\"https:\/\/www.nettali.com\/2023\/04\/03\/france-dijon-se-separe-de-son-entraineur-omar-daff\/#primaryimage\"},\"datePublished\":\"2023-04-03T13:11:26+00:00\",\"dateModified\":\"2023-04-03T13:11:26+00:00\",\"author\":{\"@id\":\"https:\/\/www.nettali.com\/#\/schema\/person\/3317e0bb3aa1da309fbf7b2780901bf4\"},\"breadcrumb\":{\"@id\":\"https:\/\/www.nettali.com\/2023\/04\/03\/france-dijon-se-separe-de-son-entraineur-omar-daff\/#breadcrumb\"},\"inLanguage\":\"fr-FR\",\"potentialAction\":[{\"@type\":\"ReadAction\",\"target\":[\"https:\/\/www.nettali.com\/2023\/04\/03\/france-dijon-se-separe-de-son-entraineur-omar-daff\/\"]}]},{\"@type\":\"BreadcrumbList\",\"@id\":\"https:\/\/www.nettali.com\/2023\/04\/03\/france-dijon-se-separe-de-son-entraineur-omar-daff\/#breadcrumb\",\"itemListElement\":[{\"@type\":\"ListItem\",\"position\":1,\"name\":\"Accueil\",\"item\":\"https:\/\/www.nettali.com\/\"},{\"@type\":\"ListItem\",\"position\":2,\"name\":\"FRANCE - Dijon se s\\u00e9pare de son entra\\u00eeneur Omar Daff\"}]},{\"@type\":\"Person\",\"@id\":\"https:\/\/www.nettali.com\/#\/schema\/person\/3317e0bb3aa1da309fbf7b2780901bf4\",\"name\":\"Daouda\",\"image\":{\"@type\":\"ImageObject\",\"@id\":\"https:\/\/www.nettali.com\/#personlogo\",\"inLanguage\":\"fr-FR\",\"url\":\"https:\/\/secure.gravatar.com\/avatar\/8d143b5a49345098ddcfee1c49c2f47c?s=96&d=mm&r=g\",\"contentUrl\":\"https:\/\/secure.gravatar.com\/avatar\/8d143b5a49345098ddcfee1c49c2f47c?s=96&d=mm&r=g\",\"caption\":\"Daouda\"},\"sameAs\":[\"https:\/\/www.nettali.com\"]}]}<\/script>\n<!-- \/ Yoast SEO Premium plugin. -->","yoast_head_json":{"title":"FRANCE - Dijon se s\u00e9pare de son entra\u00eeneur Omar Daff | Nettali.com","robots":{"index":"index","follow":"follow","max-snippet":"max-snippet:-1","max-image-preview":"max-image-preview:large","max-video-preview":"max-video-preview:-1"},"canonical":"https:\/\/www.nettali.com\/2023\/04\/03\/france-dijon-se-separe-de-son-entraineur-omar-daff\/","og_locale":"fr_FR","og_type":"article","og_title":"FRANCE - Dijon se s\u00e9pare de son entra\u00eeneur Omar Daff","og_description":"NETTALI.COM - Dijon a d\u00e9cid\u00e9 de se s\u00e9parer de son entra\u00eeneur Omar Daf suite aux mauvais r\u00e9sultats des Bourguignons, actuellement 19es de Ligue 2. Le club a annonc\u00e9 que le S\u00e9n\u00e9galais a d\u2019ailleurs \u00abmis \u00e0 pied \u00e0 titre conservatoire \u00bb. Dijon va se s\u00e9parer de son entra\u00eeneur Omar Daf (46 ans) suite aux mauvais r\u00e9sultats [&hellip;]","og_url":"https:\/\/www.nettali.com\/2023\/04\/03\/france-dijon-se-separe-de-son-entraineur-omar-daff\/","og_site_name":"Nettali.com","article_publisher":"https:\/\/www.facebook.com\/nettalicom","article_published_time":"2023-04-03T13:11:26+00:00","og_image":[{"width":1600,"height":1067,"url":"https:\/\/www.nettali.com\/wp-content\/uploads\/2023\/04\/omar-daf-entraineur-du-dijon-fco-photo-lbp-emma-buoncristiani-1679170144.jpeg","type":"image\/jpeg"}],"twitter_card":"summary_large_image","twitter_misc":{"\u00c9crit par":"Daouda","Dur\u00e9e de lecture estim\u00e9e":"1 minute"},"schema":{"@context":"https:\/\/schema.org","@graph":[{"@type":"WebSite","@id":"https:\/\/www.nettali.com\/#website","url":"https:\/\/www.nettali.com\/","name":"Nettali.com","description":"Le rendez-vous critique du Net","potentialAction":[{"@type":"SearchAction","target":{"@type":"EntryPoint","urlTemplate":"https:\/\/www.nettali.com\/?s={search_term_string}"},"query-input":"required name=search_term_string"}],"inLanguage":"fr-FR"},{"@type":"ImageObject","@id":"https:\/\/www.nettali.com\/2023\/04\/03\/france-dijon-se-separe-de-son-entraineur-omar-daff\/#primaryimage","inLanguage":"fr-FR","url":"https:\/\/www.nettali.com\/wp-content\/uploads\/2023\/04\/omar-daf-entraineur-du-dijon-fco-photo-lbp-emma-buoncristiani-1679170144.jpeg","contentUrl":"https:\/\/www.nettali.com\/wp-content\/uploads\/2023\/04\/omar-daf-entraineur-du-dijon-fco-photo-lbp-emma-buoncristiani-1679170144.jpeg","width":1600,"height":1067},{"@type":"WebPage","@id":"https:\/\/www.nettali.com\/2023\/04\/03\/france-dijon-se-separe-de-son-entraineur-omar-daff\/#webpage","url":"https:\/\/www.nettali.com\/2023\/04\/03\/france-dijon-se-separe-de-son-entraineur-omar-daff\/","name":"FRANCE - Dijon se s\u00e9pare de son entra\u00eeneur Omar Daff | Nettali.com","isPartOf":{"@id":"https:\/\/www.nettali.com\/#website"},"primaryImageOfPage":{"@id":"https:\/\/www.nettali.com\/2023\/04\/03\/france-dijon-se-separe-de-son-entraineur-omar-daff\/#primaryimage"},"datePublished":"2023-04-03T13:11:26+00:00","dateModified":"2023-04-03T13:11:26+00:00","author":{"@id":"https:\/\/www.nettali.com\/#\/schema\/person\/3317e0bb3aa1da309fbf7b2780901bf4"},"breadcrumb":{"@id":"https:\/\/www.nettali.com\/2023\/04\/03\/france-dijon-se-separe-de-son-entraineur-omar-daff\/#breadcrumb"},"inLanguage":"fr-FR","potentialAction":[{"@type":"ReadAction","target":["https:\/\/www.nettali.com\/2023\/04\/03\/france-dijon-se-separe-de-son-entraineur-omar-daff\/"]}]},{"@type":"BreadcrumbList","@id":"https:\/\/www.nettali.com\/2023\/04\/03\/france-dijon-se-separe-de-son-entraineur-omar-daff\/#breadcrumb","itemListElement":[{"@type":"ListItem","position":1,"name":"Accueil","item":"https:\/\/www.nettali.com\/"},{"@type":"ListItem","position":2,"name":"FRANCE - Dijon se s\u00e9pare de son entra\u00eeneur Omar Daff"}]},{"@type":"Person","@id":"https:\/\/www.nettali.com\/#\/schema\/person\/3317e0bb3aa1da309fbf7b2780901bf4","name":"Daouda","image":{"@type":"ImageObject","@id":"https:\/\/www.nettali.com\/#personlogo","inLanguage":"fr-FR","url":"https:\/\/secure.gravatar.com\/avatar\/8d143b5a49345098ddcfee1c49c2f47c?s=96&d=mm&r=g","contentUrl":"https:\/\/secure.gravatar.com\/avatar\/8d143b5a49345098ddcfee1c49c2f47c?s=96&d=mm&r=g","caption":"Daouda"},"sameAs":["https:\/\/www.nettali.com"]}]}},"_links":{"self":[{"href":"https:\/\/www.nettali.com\/rest\/wp\/v2\/posts\/107457"}],"collection":[{"href":"https:\/\/www.nettali.com\/rest\/wp\/v2\/posts"}],"about":[{"href":"https:\/\/www.nettali.com\/rest\/wp\/v2\/types\/post"}],"author":[{"embeddable":true,"href":"https:\/\/www.nettali.com\/rest\/wp\/v2\/users\/4"}],"replies":[{"embeddable":true,"href":"https:\/\/www.nettali.com\/rest\/wp\/v2\/comments?post=107457"}],"version-history":[{"count":1,"href":"https:\/\/www.nettali.com\/rest\/wp\/v2\/posts\/107457\/revisions"}],"predecessor-version":[{"id":107459,"href":"https:\/\/www.nettali.com\/rest\/wp\/v2\/posts\/107457\/revisions\/107459"}],"wp:featuredmedia":[{"embeddable":true,"href":"https:\/\/www.nettali.com\/rest\/wp\/v2\/media\/107458"}],"wp:attachment":[{"href":"https:\/\/www.nettali.com\/rest\/wp\/v2\/media?parent=107457"}],"wp:term":[{"taxonomy":"category","embeddable":true,"href":"https:\/\/www.nettali.com\/rest\/wp\/v2\/categories?post=107457"},{"taxonomy":"post_tag","embeddable":true,"href":"https:\/\/www.nettali.com\/rest\/wp\/v2\/tags?post=107457"}],"curies":[{"name":"wp","href":"https:\/\/api.w.org\/{rel}","templated":true}]}}