{"id":107455,"date":"2023-04-03T12:28:37","date_gmt":"2023-04-03T12:28:37","guid":{"rendered":"https:\/\/www.nettali.com\/?p=107455"},"modified":"2023-04-03T12:28:37","modified_gmt":"2023-04-03T12:28:37","slug":"robert-bourgi-pourquoi-macky-sall-devrait-briguer-le-pouvoir-en-2024","status":"publish","type":"post","link":"https:\/\/www.nettali.com\/2023\/04\/03\/robert-bourgi-pourquoi-macky-sall-devrait-briguer-le-pouvoir-en-2024\/","title":{"rendered":"ROBERT BOURGI \u2013 \u00ab\u00a0Pourquoi Macky Sall devrait briguer le pouvoir en 2024 !\u00a0\u00bb"},"content":{"rendered":"<p style=\"text-align: left;\"><strong>NETTALI.COM - L\u2019avocat Robert Bourgi fait partie de ceux qui pensent que Macky Sall devrait se pr\u00e9senter \u00e0 nouveau en 2024 pour le bien du S\u00e9n\u00e9gal. Selon lui, qu\u2019on le veuille ou non, le patron de l\u2019Alliance pour la R\u00e9publique a le droit de solliciter encore le suffrage des S\u00e9n\u00e9galais. Et qu\u2019il reviendra au Conseil constitutionnel de statuer.<\/strong><\/p>\n<p style=\"text-align: left;\"><em>\u00a0\u2018\u2019Arr\u00eatez de faire peur. S\u2019il y a des troubles, ce serait une atteinte grave au fonctionnement de l\u2019Etat et des institutions. Personne, je dis bien personne, n\u2019a int\u00e9r\u00eat \u00e0 ce que le d\u00e9sordre s\u2019installe et que les violences surgissent. Personne n\u2019y gagnerait\",<\/em> a dit d'embl\u00e9e l'avocat et conseiller politique fran\u00e7ais dans un entretien avec \u00abL\u2019Observateur\u00bb<strong><\/p>\n<p><\/strong><em>\"La r\u00e9vision constitutionnelle de 2016 qui a r\u00e9duit le mandat \u00e0 cinq ans et l\u2019impossibilit\u00e9 pour lui de faire plus de deux mandats, il est \u00e9vident que le Pr\u00e9sident a inaugur\u00e9 en 2019 son premier mandat, et il est l\u00e9gitimement et constitutionnellement habilit\u00e9 \u00e0 briguer en 2024 un deuxi\u00e8me mandat. De gr\u00e2ce, qu\u2019on arr\u00eate d\u2019ergoter, de vaticiner et de philosopher. Macky Sall, s\u2019il en prend la d\u00e9cision, a tout \u00e0 fait le droit de se pr\u00e9senter en 2024\u00a0\u00bb,<\/em> ajoute-t-il.<\/p>\n<p>Selon lui, les temps ont chang\u00e9 et le destin du monde aussi. <em>\u00abLe monde d\u2019aujourd\u2019hui en perp\u00e9tuelle mutation requiert que les dirigeants des Etats soient des hommes d\u2019exp\u00e9rience, aptes \u00e0 faire face aux nouveaux d\u00e9fis. C\u2019est la raison pour laquelle le S\u00e9n\u00e9gal a besoin de cet homme exp\u00e9riment\u00e9 et jouissant d\u2019une audience internationale\u00bb,<\/em> fait-il savoir.<\/p>\n<p>Selon lui, cette d\u00e9cision appartient \u00e0 Macky Sall et \u00e0 lui seul. <em>\u00abElle rel\u00e8ve de sa conscience. N\u2019oublions pas que le Pr\u00e9sident est un taiseux, au sens le plus fort du terme. Il voit, entend et lit tout ce qui se dit \u00e0 ce propos. Le moment venu, et quand il le d\u00e9cidera, il annoncera au peuple souverain s\u2019il est candidat ou pas. Et la parole reviendra alors au Conseil Constitutionnel<\/em>\", conclut-il<\/p>\n<div class='share-to-whatsapp-wrapper'><div class='share-on-whsp'>PARTAGER SUR : <\/div><a data-text='ROBERT BOURGI \u2013 \u00ab\u00a0Pourquoi Macky Sall devrait briguer le pouvoir en 2024 !\u00a0\u00bb' data-link='https:\/\/www.nettali.com\/2023\/04\/03\/robert-bourgi-pourquoi-macky-sall-devrait-briguer-le-pouvoir-en-2024\/' class='whatsapp-button whatsapp-share'>WhatsApp<\/a><div class='clear '><\/div><\/div>","protected":false},"excerpt":{"rendered":"<p>NETTALI.COM - L\u2019avocat Robert Bourgi fait partie de ceux qui pensent que Macky Sall devrait se pr\u00e9senter \u00e0 nouveau en 2024 pour le bien du S\u00e9n\u00e9gal. Selon lui, qu\u2019on le veuille ou non, le patron de l\u2019Alliance pour la R\u00e9publique a le droit de solliciter encore le suffrage des S\u00e9n\u00e9galais. Et qu\u2019il reviendra au Conseil [&hellip;]<\/p>\n","protected":false},"author":4,"featured_media":1121,"comment_status":"open","ping_status":"open","sticky":false,"template":"","format":"standard","meta":{"_et_pb_use_builder":"","_et_pb_old_content":""},"categories":[2],"tags":[],"yoast_head":"<!-- This site is optimized with the Yoast SEO Premium plugin v17.8 (Yoast SEO v17.8) - https:\/\/yoast.com\/wordpress\/plugins\/seo\/ -->\n<title>ROBERT BOURGI \u2013 \u00ab\u00a0Pourquoi Macky Sall devrait briguer le pouvoir en 2024 !\u00a0\u00bb | Nettali.com<\/title>\n<meta name=\"robots\" content=\"index, follow, max-snippet:-1, max-image-preview:large, max-video-preview:-1\" \/>\n<link rel=\"canonical\" href=\"https:\/\/www.nettali.com\/2023\/04\/03\/robert-bourgi-pourquoi-macky-sall-devrait-briguer-le-pouvoir-en-2024\/\" \/>\n<meta property=\"og:locale\" content=\"fr_FR\" \/>\n<meta property=\"og:type\" content=\"article\" \/>\n<meta property=\"og:title\" content=\"ROBERT BOURGI \u2013 \u00ab\u00a0Pourquoi Macky Sall devrait briguer le pouvoir en 2024 !\u00a0\u00bb\" \/>\n<meta property=\"og:description\" content=\"NETTALI.COM - L\u2019avocat Robert Bourgi fait partie de ceux qui pensent que Macky Sall devrait se pr\u00e9senter \u00e0 nouveau en 2024 pour le bien du S\u00e9n\u00e9gal. Selon lui, qu\u2019on le veuille ou non, le patron de l\u2019Alliance pour la R\u00e9publique a le droit de solliciter encore le suffrage des S\u00e9n\u00e9galais. Et qu\u2019il reviendra au Conseil [&hellip;]\" \/>\n<meta property=\"og:url\" content=\"https:\/\/www.nettali.com\/2023\/04\/03\/robert-bourgi-pourquoi-macky-sall-devrait-briguer-le-pouvoir-en-2024\/\" \/>\n<meta property=\"og:site_name\" content=\"Nettali.com\" \/>\n<meta property=\"article:publisher\" content=\"https:\/\/www.facebook.com\/nettalicom\" \/>\n<meta property=\"article:published_time\" content=\"2023-04-03T12:28:37+00:00\" \/>\n<meta property=\"og:image\" content=\"https:\/\/www.nettali.com\/wp-content\/uploads\/2019\/03\/robert-bourgi_772132.jpg\" \/>\n\t<meta property=\"og:image:width\" content=\"480\" \/>\n\t<meta property=\"og:image:height\" content=\"270\" \/>\n<meta name=\"twitter:card\" content=\"summary_large_image\" \/>\n<meta name=\"twitter:label1\" content=\"\u00c9crit par\" \/>\n\t<meta name=\"twitter:data1\" content=\"Daouda\" \/>\n\t<meta name=\"twitter:label2\" content=\"Dur\u00e9e de lecture estim\u00e9e\" \/>\n\t<meta name=\"twitter:data2\" content=\"2 minutes\" \/>\n<script type=\"application\/ld+json\" class=\"yoast-schema-graph\">{\"@context\":\"https:\/\/schema.org\",\"@graph\":[{\"@type\":\"WebSite\",\"@id\":\"https:\/\/www.nettali.com\/#website\",\"url\":\"https:\/\/www.nettali.com\/\",\"name\":\"Nettali.com\",\"description\":\"Le rendez-vous critique du Net\",\"potentialAction\":[{\"@type\":\"SearchAction\",\"target\":{\"@type\":\"EntryPoint\",\"urlTemplate\":\"https:\/\/www.nettali.com\/?s={search_term_string}\"},\"query-input\":\"required name=search_term_string\"}],\"inLanguage\":\"fr-FR\"},{\"@type\":\"ImageObject\",\"@id\":\"https:\/\/www.nettali.com\/2023\/04\/03\/robert-bourgi-pourquoi-macky-sall-devrait-briguer-le-pouvoir-en-2024\/#primaryimage\",\"inLanguage\":\"fr-FR\",\"url\":\"https:\/\/www.nettali.com\/wp-content\/uploads\/2019\/03\/robert-bourgi_772132.jpg\",\"contentUrl\":\"https:\/\/www.nettali.com\/wp-content\/uploads\/2019\/03\/robert-bourgi_772132.jpg\",\"width\":480,\"height\":270},{\"@type\":\"WebPage\",\"@id\":\"https:\/\/www.nettali.com\/2023\/04\/03\/robert-bourgi-pourquoi-macky-sall-devrait-briguer-le-pouvoir-en-2024\/#webpage\",\"url\":\"https:\/\/www.nettali.com\/2023\/04\/03\/robert-bourgi-pourquoi-macky-sall-devrait-briguer-le-pouvoir-en-2024\/\",\"name\":\"ROBERT BOURGI \\u2013 \\u00ab\\u00a0Pourquoi Macky Sall devrait briguer le pouvoir en 2024 !\\u00a0\\u00bb | Nettali.com\",\"isPartOf\":{\"@id\":\"https:\/\/www.nettali.com\/#website\"},\"primaryImageOfPage\":{\"@id\":\"https:\/\/www.nettali.com\/2023\/04\/03\/robert-bourgi-pourquoi-macky-sall-devrait-briguer-le-pouvoir-en-2024\/#primaryimage\"},\"datePublished\":\"2023-04-03T12:28:37+00:00\",\"dateModified\":\"2023-04-03T12:28:37+00:00\",\"author\":{\"@id\":\"https:\/\/www.nettali.com\/#\/schema\/person\/3317e0bb3aa1da309fbf7b2780901bf4\"},\"breadcrumb\":{\"@id\":\"https:\/\/www.nettali.com\/2023\/04\/03\/robert-bourgi-pourquoi-macky-sall-devrait-briguer-le-pouvoir-en-2024\/#breadcrumb\"},\"inLanguage\":\"fr-FR\",\"potentialAction\":[{\"@type\":\"ReadAction\",\"target\":[\"https:\/\/www.nettali.com\/2023\/04\/03\/robert-bourgi-pourquoi-macky-sall-devrait-briguer-le-pouvoir-en-2024\/\"]}]},{\"@type\":\"BreadcrumbList\",\"@id\":\"https:\/\/www.nettali.com\/2023\/04\/03\/robert-bourgi-pourquoi-macky-sall-devrait-briguer-le-pouvoir-en-2024\/#breadcrumb\",\"itemListElement\":[{\"@type\":\"ListItem\",\"position\":1,\"name\":\"Accueil\",\"item\":\"https:\/\/www.nettali.com\/\"},{\"@type\":\"ListItem\",\"position\":2,\"name\":\"ROBERT BOURGI \\u2013 \\u00ab\\u00a0Pourquoi Macky Sall devrait briguer le pouvoir en 2024 !\\u00a0\\u00bb\"}]},{\"@type\":\"Person\",\"@id\":\"https:\/\/www.nettali.com\/#\/schema\/person\/3317e0bb3aa1da309fbf7b2780901bf4\",\"name\":\"Daouda\",\"image\":{\"@type\":\"ImageObject\",\"@id\":\"https:\/\/www.nettali.com\/#personlogo\",\"inLanguage\":\"fr-FR\",\"url\":\"https:\/\/secure.gravatar.com\/avatar\/8d143b5a49345098ddcfee1c49c2f47c?s=96&d=mm&r=g\",\"contentUrl\":\"https:\/\/secure.gravatar.com\/avatar\/8d143b5a49345098ddcfee1c49c2f47c?s=96&d=mm&r=g\",\"caption\":\"Daouda\"},\"sameAs\":[\"https:\/\/www.nettali.com\"]}]}<\/script>\n<!-- \/ Yoast SEO Premium plugin. -->","yoast_head_json":{"title":"ROBERT BOURGI \u2013 \u00ab\u00a0Pourquoi Macky Sall devrait briguer le pouvoir en 2024 !\u00a0\u00bb | Nettali.com","robots":{"index":"index","follow":"follow","max-snippet":"max-snippet:-1","max-image-preview":"max-image-preview:large","max-video-preview":"max-video-preview:-1"},"canonical":"https:\/\/www.nettali.com\/2023\/04\/03\/robert-bourgi-pourquoi-macky-sall-devrait-briguer-le-pouvoir-en-2024\/","og_locale":"fr_FR","og_type":"article","og_title":"ROBERT BOURGI \u2013 \u00ab\u00a0Pourquoi Macky Sall devrait briguer le pouvoir en 2024 !\u00a0\u00bb","og_description":"NETTALI.COM - L\u2019avocat Robert Bourgi fait partie de ceux qui pensent que Macky Sall devrait se pr\u00e9senter \u00e0 nouveau en 2024 pour le bien du S\u00e9n\u00e9gal. Selon lui, qu\u2019on le veuille ou non, le patron de l\u2019Alliance pour la R\u00e9publique a le droit de solliciter encore le suffrage des S\u00e9n\u00e9galais. Et qu\u2019il reviendra au Conseil [&hellip;]","og_url":"https:\/\/www.nettali.com\/2023\/04\/03\/robert-bourgi-pourquoi-macky-sall-devrait-briguer-le-pouvoir-en-2024\/","og_site_name":"Nettali.com","article_publisher":"https:\/\/www.facebook.com\/nettalicom","article_published_time":"2023-04-03T12:28:37+00:00","og_image":[{"width":480,"height":270,"url":"https:\/\/www.nettali.com\/wp-content\/uploads\/2019\/03\/robert-bourgi_772132.jpg","type":"image\/jpeg"}],"twitter_card":"summary_large_image","twitter_misc":{"\u00c9crit par":"Daouda","Dur\u00e9e de lecture estim\u00e9e":"2 minutes"},"schema":{"@context":"https:\/\/schema.org","@graph":[{"@type":"WebSite","@id":"https:\/\/www.nettali.com\/#website","url":"https:\/\/www.nettali.com\/","name":"Nettali.com","description":"Le rendez-vous critique du Net","potentialAction":[{"@type":"SearchAction","target":{"@type":"EntryPoint","urlTemplate":"https:\/\/www.nettali.com\/?s={search_term_string}"},"query-input":"required name=search_term_string"}],"inLanguage":"fr-FR"},{"@type":"ImageObject","@id":"https:\/\/www.nettali.com\/2023\/04\/03\/robert-bourgi-pourquoi-macky-sall-devrait-briguer-le-pouvoir-en-2024\/#primaryimage","inLanguage":"fr-FR","url":"https:\/\/www.nettali.com\/wp-content\/uploads\/2019\/03\/robert-bourgi_772132.jpg","contentUrl":"https:\/\/www.nettali.com\/wp-content\/uploads\/2019\/03\/robert-bourgi_772132.jpg","width":480,"height":270},{"@type":"WebPage","@id":"https:\/\/www.nettali.com\/2023\/04\/03\/robert-bourgi-pourquoi-macky-sall-devrait-briguer-le-pouvoir-en-2024\/#webpage","url":"https:\/\/www.nettali.com\/2023\/04\/03\/robert-bourgi-pourquoi-macky-sall-devrait-briguer-le-pouvoir-en-2024\/","name":"ROBERT BOURGI \u2013 \u00ab\u00a0Pourquoi Macky Sall devrait briguer le pouvoir en 2024 !\u00a0\u00bb | Nettali.com","isPartOf":{"@id":"https:\/\/www.nettali.com\/#website"},"primaryImageOfPage":{"@id":"https:\/\/www.nettali.com\/2023\/04\/03\/robert-bourgi-pourquoi-macky-sall-devrait-briguer-le-pouvoir-en-2024\/#primaryimage"},"datePublished":"2023-04-03T12:28:37+00:00","dateModified":"2023-04-03T12:28:37+00:00","author":{"@id":"https:\/\/www.nettali.com\/#\/schema\/person\/3317e0bb3aa1da309fbf7b2780901bf4"},"breadcrumb":{"@id":"https:\/\/www.nettali.com\/2023\/04\/03\/robert-bourgi-pourquoi-macky-sall-devrait-briguer-le-pouvoir-en-2024\/#breadcrumb"},"inLanguage":"fr-FR","potentialAction":[{"@type":"ReadAction","target":["https:\/\/www.nettali.com\/2023\/04\/03\/robert-bourgi-pourquoi-macky-sall-devrait-briguer-le-pouvoir-en-2024\/"]}]},{"@type":"BreadcrumbList","@id":"https:\/\/www.nettali.com\/2023\/04\/03\/robert-bourgi-pourquoi-macky-sall-devrait-briguer-le-pouvoir-en-2024\/#breadcrumb","itemListElement":[{"@type":"ListItem","position":1,"name":"Accueil","item":"https:\/\/www.nettali.com\/"},{"@type":"ListItem","position":2,"name":"ROBERT BOURGI \u2013 \u00ab\u00a0Pourquoi Macky Sall devrait briguer le pouvoir en 2024 !\u00a0\u00bb"}]},{"@type":"Person","@id":"https:\/\/www.nettali.com\/#\/schema\/person\/3317e0bb3aa1da309fbf7b2780901bf4","name":"Daouda","image":{"@type":"ImageObject","@id":"https:\/\/www.nettali.com\/#personlogo","inLanguage":"fr-FR","url":"https:\/\/secure.gravatar.com\/avatar\/8d143b5a49345098ddcfee1c49c2f47c?s=96&d=mm&r=g","contentUrl":"https:\/\/secure.gravatar.com\/avatar\/8d143b5a49345098ddcfee1c49c2f47c?s=96&d=mm&r=g","caption":"Daouda"},"sameAs":["https:\/\/www.nettali.com"]}]}},"_links":{"self":[{"href":"https:\/\/www.nettali.com\/rest\/wp\/v2\/posts\/107455"}],"collection":[{"href":"https:\/\/www.nettali.com\/rest\/wp\/v2\/posts"}],"about":[{"href":"https:\/\/www.nettali.com\/rest\/wp\/v2\/types\/post"}],"author":[{"embeddable":true,"href":"https:\/\/www.nettali.com\/rest\/wp\/v2\/users\/4"}],"replies":[{"embeddable":true,"href":"https:\/\/www.nettali.com\/rest\/wp\/v2\/comments?post=107455"}],"version-history":[{"count":1,"href":"https:\/\/www.nettali.com\/rest\/wp\/v2\/posts\/107455\/revisions"}],"predecessor-version":[{"id":107456,"href":"https:\/\/www.nettali.com\/rest\/wp\/v2\/posts\/107455\/revisions\/107456"}],"wp:featuredmedia":[{"embeddable":true,"href":"https:\/\/www.nettali.com\/rest\/wp\/v2\/media\/1121"}],"wp:attachment":[{"href":"https:\/\/www.nettali.com\/rest\/wp\/v2\/media?parent=107455"}],"wp:term":[{"taxonomy":"category","embeddable":true,"href":"https:\/\/www.nettali.com\/rest\/wp\/v2\/categories?post=107455"},{"taxonomy":"post_tag","embeddable":true,"href":"https:\/\/www.nettali.com\/rest\/wp\/v2\/tags?post=107455"}],"curies":[{"name":"wp","href":"https:\/\/api.w.org\/{rel}","templated":true}]}}