{"id":107415,"date":"2023-04-02T20:35:43","date_gmt":"2023-04-02T20:35:43","guid":{"rendered":"https:\/\/www.nettali.com\/?p=107415"},"modified":"2023-04-03T06:50:37","modified_gmt":"2023-04-03T06:50:37","slug":"fete-du-4-avril-mimi-toure-decline-linvitation-de-macky-sall","status":"publish","type":"post","link":"https:\/\/www.nettali.com\/2023\/04\/02\/fete-du-4-avril-mimi-toure-decline-linvitation-de-macky-sall\/","title":{"rendered":"EN COULISSES - Mimi Tour\u00e9 d\u00e9cline l'invitation de Macky Sall"},"content":{"rendered":"<p><strong>NETTALI.COM\u00a0 - <\/strong>Comme Yewwi askan wi, Aminata Tour\u00e9 n'assistera pas au d\u00e9fil\u00e9 du 4 avril. L'ancienne pr\u00e9sidente du CESE pr\u00e9f\u00e8re d\u00e9cliner l'invitation du chef de l\u2019Etat.<\/p>\n<p>\"<em>Je d\u00e9cline poliment l\u2019invitation.<\/em>\" Ces mots sont d'Aminata Tour\u00e9. L'ancienne chef du gouvernement r\u00e9agit ainsi au carton d'invitation que lui a envoy\u00e9 le pr\u00e9sident de la R\u00e9publique via son ministre de l'Int\u00e9rieur. Comme il l'a fait avec d'autres personnalit\u00e9s ou organisations politiques comme Yewwi askan wi, Macky Sall souhaitait avoir la classe politique autour de lui pour c\u00e9l\u00e9brer la f\u00eate de l'ind\u00e9pendance, notamment le d\u00e9fil\u00e9 du 4 avril. Et Aminata Tour\u00e9 ne manque pas d'arguments pour expliquer son refus.<\/p>\n<p>\"<em>Par contre, \u00e0 titre personnel, je r\u00e9clame la restitution de mon mandat de d\u00e9put\u00e9 ill\u00e9galement confisqu\u00e9 par le Pr\u00e9sident Macky Sall et \u00e0 titre collectif les d\u00e9mocrates rappellent l\u2019impossibilit\u00e9 de la candidature du Pr\u00e9sident Macky Sall \u00e0 la prochaine \u00e9lection pr\u00e9sidentielle et exigent la participation inclusive de tous les autres candidats<\/em>\", a post\u00e9 sur les r\u00e9seaux sociaux l'ancienne pr\u00e9sidente du Conseil \u00e9conomique, social et environnemental\u00a0 (CESE).<\/p>\n<div class='share-to-whatsapp-wrapper'><div class='share-on-whsp'>PARTAGER SUR : <\/div><a data-text='EN COULISSES - Mimi Tour\u00e9 d\u00e9cline l'invitation de Macky Sall' data-link='https:\/\/www.nettali.com\/2023\/04\/02\/fete-du-4-avril-mimi-toure-decline-linvitation-de-macky-sall\/' class='whatsapp-button whatsapp-share'>WhatsApp<\/a><div class='clear '><\/div><\/div>","protected":false},"excerpt":{"rendered":"<p>NETTALI.COM\u00a0 - Comme Yewwi askan wi, Aminata Tour\u00e9 n'assistera pas au d\u00e9fil\u00e9 du 4 avril. L'ancienne pr\u00e9sidente du CESE pr\u00e9f\u00e8re d\u00e9cliner l'invitation du chef de l\u2019Etat. \"Je d\u00e9cline poliment l\u2019invitation.\" Ces mots sont d'Aminata Tour\u00e9. L'ancienne chef du gouvernement r\u00e9agit ainsi au carton d'invitation que lui a envoy\u00e9 le pr\u00e9sident de la R\u00e9publique via son [&hellip;]<\/p>\n","protected":false},"author":3,"featured_media":86665,"comment_status":"open","ping_status":"open","sticky":false,"template":"","format":"standard","meta":{"_et_pb_use_builder":"","_et_pb_old_content":""},"categories":[34945],"tags":[],"yoast_head":"<!-- This site is optimized with the Yoast SEO Premium plugin v17.8 (Yoast SEO v17.8) - https:\/\/yoast.com\/wordpress\/plugins\/seo\/ -->\n<title>EN COULISSES - Mimi Tour\u00e9 d\u00e9cline l&#039;invitation de Macky Sall | Nettali.com<\/title>\n<meta name=\"robots\" content=\"index, follow, max-snippet:-1, max-image-preview:large, max-video-preview:-1\" \/>\n<link rel=\"canonical\" href=\"https:\/\/www.nettali.com\/2023\/04\/02\/fete-du-4-avril-mimi-toure-decline-linvitation-de-macky-sall\/\" \/>\n<meta property=\"og:locale\" content=\"fr_FR\" \/>\n<meta property=\"og:type\" content=\"article\" \/>\n<meta property=\"og:title\" content=\"EN COULISSES - Mimi Tour\u00e9 d\u00e9cline l&#039;invitation de Macky Sall\" \/>\n<meta property=\"og:description\" content=\"NETTALI.COM\u00a0 - Comme Yewwi askan wi, Aminata Tour\u00e9 n&#039;assistera pas au d\u00e9fil\u00e9 du 4 avril. L&#039;ancienne pr\u00e9sidente du CESE pr\u00e9f\u00e8re d\u00e9cliner l&#039;invitation du chef de l\u2019Etat. &quot;Je d\u00e9cline poliment l\u2019invitation.&quot; Ces mots sont d&#039;Aminata Tour\u00e9. L&#039;ancienne chef du gouvernement r\u00e9agit ainsi au carton d&#039;invitation que lui a envoy\u00e9 le pr\u00e9sident de la R\u00e9publique via son [&hellip;]\" \/>\n<meta property=\"og:url\" content=\"https:\/\/www.nettali.com\/2023\/04\/02\/fete-du-4-avril-mimi-toure-decline-linvitation-de-macky-sall\/\" \/>\n<meta property=\"og:site_name\" content=\"Nettali.com\" \/>\n<meta property=\"article:publisher\" content=\"https:\/\/www.facebook.com\/nettalicom\" \/>\n<meta property=\"article:published_time\" content=\"2023-04-02T20:35:43+00:00\" \/>\n<meta property=\"article:modified_time\" content=\"2023-04-03T06:50:37+00:00\" \/>\n<meta property=\"og:image\" content=\"https:\/\/www.nettali.com\/wp-content\/uploads\/2022\/05\/aminatatoure_3_0.jpg\" \/>\n\t<meta property=\"og:image:width\" content=\"700\" \/>\n\t<meta property=\"og:image:height\" content=\"418\" \/>\n<meta name=\"twitter:card\" content=\"summary_large_image\" \/>\n<meta name=\"twitter:label1\" content=\"\u00c9crit par\" \/>\n\t<meta name=\"twitter:data1\" content=\"Moustapha\" \/>\n\t<meta name=\"twitter:label2\" content=\"Dur\u00e9e de lecture estim\u00e9e\" \/>\n\t<meta name=\"twitter:data2\" content=\"1 minute\" \/>\n<script type=\"application\/ld+json\" class=\"yoast-schema-graph\">{\"@context\":\"https:\/\/schema.org\",\"@graph\":[{\"@type\":\"WebSite\",\"@id\":\"https:\/\/www.nettali.com\/#website\",\"url\":\"https:\/\/www.nettali.com\/\",\"name\":\"Nettali.com\",\"description\":\"Le rendez-vous critique du Net\",\"potentialAction\":[{\"@type\":\"SearchAction\",\"target\":{\"@type\":\"EntryPoint\",\"urlTemplate\":\"https:\/\/www.nettali.com\/?s={search_term_string}\"},\"query-input\":\"required name=search_term_string\"}],\"inLanguage\":\"fr-FR\"},{\"@type\":\"ImageObject\",\"@id\":\"https:\/\/www.nettali.com\/2023\/04\/02\/fete-du-4-avril-mimi-toure-decline-linvitation-de-macky-sall\/#primaryimage\",\"inLanguage\":\"fr-FR\",\"url\":\"https:\/\/www.nettali.com\/wp-content\/uploads\/2022\/05\/aminatatoure_3_0.jpg\",\"contentUrl\":\"https:\/\/www.nettali.com\/wp-content\/uploads\/2022\/05\/aminatatoure_3_0.jpg\",\"width\":700,\"height\":418},{\"@type\":\"WebPage\",\"@id\":\"https:\/\/www.nettali.com\/2023\/04\/02\/fete-du-4-avril-mimi-toure-decline-linvitation-de-macky-sall\/#webpage\",\"url\":\"https:\/\/www.nettali.com\/2023\/04\/02\/fete-du-4-avril-mimi-toure-decline-linvitation-de-macky-sall\/\",\"name\":\"EN COULISSES - Mimi Tour\\u00e9 d\\u00e9cline l'invitation de Macky Sall | Nettali.com\",\"isPartOf\":{\"@id\":\"https:\/\/www.nettali.com\/#website\"},\"primaryImageOfPage\":{\"@id\":\"https:\/\/www.nettali.com\/2023\/04\/02\/fete-du-4-avril-mimi-toure-decline-linvitation-de-macky-sall\/#primaryimage\"},\"datePublished\":\"2023-04-02T20:35:43+00:00\",\"dateModified\":\"2023-04-03T06:50:37+00:00\",\"author\":{\"@id\":\"https:\/\/www.nettali.com\/#\/schema\/person\/7962a12a6e0267f88f0ffa544c36469a\"},\"breadcrumb\":{\"@id\":\"https:\/\/www.nettali.com\/2023\/04\/02\/fete-du-4-avril-mimi-toure-decline-linvitation-de-macky-sall\/#breadcrumb\"},\"inLanguage\":\"fr-FR\",\"potentialAction\":[{\"@type\":\"ReadAction\",\"target\":[\"https:\/\/www.nettali.com\/2023\/04\/02\/fete-du-4-avril-mimi-toure-decline-linvitation-de-macky-sall\/\"]}]},{\"@type\":\"BreadcrumbList\",\"@id\":\"https:\/\/www.nettali.com\/2023\/04\/02\/fete-du-4-avril-mimi-toure-decline-linvitation-de-macky-sall\/#breadcrumb\",\"itemListElement\":[{\"@type\":\"ListItem\",\"position\":1,\"name\":\"Accueil\",\"item\":\"https:\/\/www.nettali.com\/\"},{\"@type\":\"ListItem\",\"position\":2,\"name\":\"EN COULISSES - Mimi Tour\\u00e9 d\\u00e9cline l'invitation de Macky Sall\"}]},{\"@type\":\"Person\",\"@id\":\"https:\/\/www.nettali.com\/#\/schema\/person\/7962a12a6e0267f88f0ffa544c36469a\",\"name\":\"Moustapha\",\"image\":{\"@type\":\"ImageObject\",\"@id\":\"https:\/\/www.nettali.com\/#personlogo\",\"inLanguage\":\"fr-FR\",\"url\":\"https:\/\/secure.gravatar.com\/avatar\/10fdf6a071cccdcf374e3dbe45159590?s=96&d=mm&r=g\",\"contentUrl\":\"https:\/\/secure.gravatar.com\/avatar\/10fdf6a071cccdcf374e3dbe45159590?s=96&d=mm&r=g\",\"caption\":\"Moustapha\"},\"sameAs\":[\"https:\/\/www.nettali.com\"]}]}<\/script>\n<!-- \/ Yoast SEO Premium plugin. -->","yoast_head_json":{"title":"EN COULISSES - Mimi Tour\u00e9 d\u00e9cline l'invitation de Macky Sall | Nettali.com","robots":{"index":"index","follow":"follow","max-snippet":"max-snippet:-1","max-image-preview":"max-image-preview:large","max-video-preview":"max-video-preview:-1"},"canonical":"https:\/\/www.nettali.com\/2023\/04\/02\/fete-du-4-avril-mimi-toure-decline-linvitation-de-macky-sall\/","og_locale":"fr_FR","og_type":"article","og_title":"EN COULISSES - Mimi Tour\u00e9 d\u00e9cline l'invitation de Macky Sall","og_description":"NETTALI.COM\u00a0 - Comme Yewwi askan wi, Aminata Tour\u00e9 n'assistera pas au d\u00e9fil\u00e9 du 4 avril. L'ancienne pr\u00e9sidente du CESE pr\u00e9f\u00e8re d\u00e9cliner l'invitation du chef de l\u2019Etat. \"Je d\u00e9cline poliment l\u2019invitation.\" Ces mots sont d'Aminata Tour\u00e9. L'ancienne chef du gouvernement r\u00e9agit ainsi au carton d'invitation que lui a envoy\u00e9 le pr\u00e9sident de la R\u00e9publique via son [&hellip;]","og_url":"https:\/\/www.nettali.com\/2023\/04\/02\/fete-du-4-avril-mimi-toure-decline-linvitation-de-macky-sall\/","og_site_name":"Nettali.com","article_publisher":"https:\/\/www.facebook.com\/nettalicom","article_published_time":"2023-04-02T20:35:43+00:00","article_modified_time":"2023-04-03T06:50:37+00:00","og_image":[{"width":700,"height":418,"url":"https:\/\/www.nettali.com\/wp-content\/uploads\/2022\/05\/aminatatoure_3_0.jpg","type":"image\/jpeg"}],"twitter_card":"summary_large_image","twitter_misc":{"\u00c9crit par":"Moustapha","Dur\u00e9e de lecture estim\u00e9e":"1 minute"},"schema":{"@context":"https:\/\/schema.org","@graph":[{"@type":"WebSite","@id":"https:\/\/www.nettali.com\/#website","url":"https:\/\/www.nettali.com\/","name":"Nettali.com","description":"Le rendez-vous critique du Net","potentialAction":[{"@type":"SearchAction","target":{"@type":"EntryPoint","urlTemplate":"https:\/\/www.nettali.com\/?s={search_term_string}"},"query-input":"required name=search_term_string"}],"inLanguage":"fr-FR"},{"@type":"ImageObject","@id":"https:\/\/www.nettali.com\/2023\/04\/02\/fete-du-4-avril-mimi-toure-decline-linvitation-de-macky-sall\/#primaryimage","inLanguage":"fr-FR","url":"https:\/\/www.nettali.com\/wp-content\/uploads\/2022\/05\/aminatatoure_3_0.jpg","contentUrl":"https:\/\/www.nettali.com\/wp-content\/uploads\/2022\/05\/aminatatoure_3_0.jpg","width":700,"height":418},{"@type":"WebPage","@id":"https:\/\/www.nettali.com\/2023\/04\/02\/fete-du-4-avril-mimi-toure-decline-linvitation-de-macky-sall\/#webpage","url":"https:\/\/www.nettali.com\/2023\/04\/02\/fete-du-4-avril-mimi-toure-decline-linvitation-de-macky-sall\/","name":"EN COULISSES - Mimi Tour\u00e9 d\u00e9cline l'invitation de Macky Sall | Nettali.com","isPartOf":{"@id":"https:\/\/www.nettali.com\/#website"},"primaryImageOfPage":{"@id":"https:\/\/www.nettali.com\/2023\/04\/02\/fete-du-4-avril-mimi-toure-decline-linvitation-de-macky-sall\/#primaryimage"},"datePublished":"2023-04-02T20:35:43+00:00","dateModified":"2023-04-03T06:50:37+00:00","author":{"@id":"https:\/\/www.nettali.com\/#\/schema\/person\/7962a12a6e0267f88f0ffa544c36469a"},"breadcrumb":{"@id":"https:\/\/www.nettali.com\/2023\/04\/02\/fete-du-4-avril-mimi-toure-decline-linvitation-de-macky-sall\/#breadcrumb"},"inLanguage":"fr-FR","potentialAction":[{"@type":"ReadAction","target":["https:\/\/www.nettali.com\/2023\/04\/02\/fete-du-4-avril-mimi-toure-decline-linvitation-de-macky-sall\/"]}]},{"@type":"BreadcrumbList","@id":"https:\/\/www.nettali.com\/2023\/04\/02\/fete-du-4-avril-mimi-toure-decline-linvitation-de-macky-sall\/#breadcrumb","itemListElement":[{"@type":"ListItem","position":1,"name":"Accueil","item":"https:\/\/www.nettali.com\/"},{"@type":"ListItem","position":2,"name":"EN COULISSES - Mimi Tour\u00e9 d\u00e9cline l'invitation de Macky Sall"}]},{"@type":"Person","@id":"https:\/\/www.nettali.com\/#\/schema\/person\/7962a12a6e0267f88f0ffa544c36469a","name":"Moustapha","image":{"@type":"ImageObject","@id":"https:\/\/www.nettali.com\/#personlogo","inLanguage":"fr-FR","url":"https:\/\/secure.gravatar.com\/avatar\/10fdf6a071cccdcf374e3dbe45159590?s=96&d=mm&r=g","contentUrl":"https:\/\/secure.gravatar.com\/avatar\/10fdf6a071cccdcf374e3dbe45159590?s=96&d=mm&r=g","caption":"Moustapha"},"sameAs":["https:\/\/www.nettali.com"]}]}},"_links":{"self":[{"href":"https:\/\/www.nettali.com\/rest\/wp\/v2\/posts\/107415"}],"collection":[{"href":"https:\/\/www.nettali.com\/rest\/wp\/v2\/posts"}],"about":[{"href":"https:\/\/www.nettali.com\/rest\/wp\/v2\/types\/post"}],"author":[{"embeddable":true,"href":"https:\/\/www.nettali.com\/rest\/wp\/v2\/users\/3"}],"replies":[{"embeddable":true,"href":"https:\/\/www.nettali.com\/rest\/wp\/v2\/comments?post=107415"}],"version-history":[{"count":3,"href":"https:\/\/www.nettali.com\/rest\/wp\/v2\/posts\/107415\/revisions"}],"predecessor-version":[{"id":107427,"href":"https:\/\/www.nettali.com\/rest\/wp\/v2\/posts\/107415\/revisions\/107427"}],"wp:featuredmedia":[{"embeddable":true,"href":"https:\/\/www.nettali.com\/rest\/wp\/v2\/media\/86665"}],"wp:attachment":[{"href":"https:\/\/www.nettali.com\/rest\/wp\/v2\/media?parent=107415"}],"wp:term":[{"taxonomy":"category","embeddable":true,"href":"https:\/\/www.nettali.com\/rest\/wp\/v2\/categories?post=107415"},{"taxonomy":"post_tag","embeddable":true,"href":"https:\/\/www.nettali.com\/rest\/wp\/v2\/tags?post=107415"}],"curies":[{"name":"wp","href":"https:\/\/api.w.org\/{rel}","templated":true}]}}