{"id":107345,"date":"2023-04-01T11:36:04","date_gmt":"2023-04-01T11:36:04","guid":{"rendered":"https:\/\/www.nettali.com\/?p=107345"},"modified":"2023-04-01T11:36:04","modified_gmt":"2023-04-01T11:36:04","slug":"casa-sports-stephane-badji-is-black","status":"publish","type":"post","link":"https:\/\/www.nettali.com\/2023\/04\/01\/casa-sports-stephane-badji-is-black\/","title":{"rendered":"CASA SPORTS - St\u00e9phane Badji is black !"},"content":{"rendered":"<p><strong>NETTAI.COM - Onze ans apr\u00e8s, St\u00e9phane Badji signe son retour au Casa Sports. Le club fanion de Ziguinchor a annonc\u00e9 le come-back de l'international s\u00e9n\u00e9galais ce vendredi 31 mars.<\/strong><\/p>\n<p>Sans club depuis un certain temps, St\u00e9phane Badji \"<em>Diego<\/em>\" a retrouv\u00e9 un point de chute et pas n\u2019importe lequel. En effet l\u2019ancien international s\u00e9n\u00e9galais fait son come-back l\u00e0 o\u00f9 tout \u00e0 commenc\u00e9, le Casa Sports o\u00f9 il a \u00e9volu\u00e9 durant 3 saisons (2009-2012) avant de signer \u00e0 Sogndal en Norv\u00e8ge.<\/p>\n<p>Connu pour son professionnalisme, sa rigueur et sa g\u00e9n\u00e9rosit\u00e9 sur le terrain, St\u00e9phane Badji a pas mal voyag\u00e9 en Europe o\u00f9 il a jou\u00e9 avec huits clubs diff\u00e9rents que sont entre autres Anderlecht, Kayserispor, Ludogorets, Ey\u00fcpspor ou encore le Basaksehir.<br \/>\n\u00c0 32 ans , l'international milieu de terrain s\u00e9n\u00e9galais signe ainsi son retour au Casa Sports. Avec les \"<em>Verts<\/em>\", il portera le num\u00e9ro 14.<\/p>\n<div class='share-to-whatsapp-wrapper'><div class='share-on-whsp'>PARTAGER SUR : <\/div><a data-text='CASA SPORTS - St\u00e9phane Badji is black !' data-link='https:\/\/www.nettali.com\/2023\/04\/01\/casa-sports-stephane-badji-is-black\/' class='whatsapp-button whatsapp-share'>WhatsApp<\/a><div class='clear '><\/div><\/div>","protected":false},"excerpt":{"rendered":"<p>NETTAI.COM - Onze ans apr\u00e8s, St\u00e9phane Badji signe son retour au Casa Sports. Le club fanion de Ziguinchor a annonc\u00e9 le come-back de l'international s\u00e9n\u00e9galais ce vendredi 31 mars. Sans club depuis un certain temps, St\u00e9phane Badji \"Diego\" a retrouv\u00e9 un point de chute et pas n\u2019importe lequel. En effet l\u2019ancien international s\u00e9n\u00e9galais fait son [&hellip;]<\/p>\n","protected":false},"author":5,"featured_media":107346,"comment_status":"open","ping_status":"open","sticky":false,"template":"","format":"standard","meta":{"_et_pb_use_builder":"","_et_pb_old_content":""},"categories":[6],"tags":[],"yoast_head":"<!-- This site is optimized with the Yoast SEO Premium plugin v17.8 (Yoast SEO v17.8) - https:\/\/yoast.com\/wordpress\/plugins\/seo\/ -->\n<title>CASA SPORTS - St\u00e9phane Badji is black ! | Nettali.com<\/title>\n<meta name=\"robots\" content=\"index, follow, max-snippet:-1, max-image-preview:large, max-video-preview:-1\" \/>\n<link rel=\"canonical\" href=\"https:\/\/www.nettali.com\/2023\/04\/01\/casa-sports-stephane-badji-is-black\/\" \/>\n<meta property=\"og:locale\" content=\"fr_FR\" \/>\n<meta property=\"og:type\" content=\"article\" \/>\n<meta property=\"og:title\" content=\"CASA SPORTS - St\u00e9phane Badji is black !\" \/>\n<meta property=\"og:description\" content=\"NETTAI.COM - Onze ans apr\u00e8s, St\u00e9phane Badji signe son retour au Casa Sports. Le club fanion de Ziguinchor a annonc\u00e9 le come-back de l&#039;international s\u00e9n\u00e9galais ce vendredi 31 mars. Sans club depuis un certain temps, St\u00e9phane Badji &quot;Diego&quot; a retrouv\u00e9 un point de chute et pas n\u2019importe lequel. En effet l\u2019ancien international s\u00e9n\u00e9galais fait son [&hellip;]\" \/>\n<meta property=\"og:url\" content=\"https:\/\/www.nettali.com\/2023\/04\/01\/casa-sports-stephane-badji-is-black\/\" \/>\n<meta property=\"og:site_name\" content=\"Nettali.com\" \/>\n<meta property=\"article:publisher\" content=\"https:\/\/www.facebook.com\/nettalicom\" \/>\n<meta property=\"article:published_time\" content=\"2023-04-01T11:36:04+00:00\" \/>\n<meta property=\"og:image\" content=\"https:\/\/www.nettali.com\/wp-content\/uploads\/2023\/04\/STEPHANE-BADJI-905x613-1.png\" \/>\n\t<meta property=\"og:image:width\" content=\"905\" \/>\n\t<meta property=\"og:image:height\" content=\"613\" \/>\n<meta name=\"twitter:card\" content=\"summary_large_image\" \/>\n<meta name=\"twitter:label1\" content=\"\u00c9crit par\" \/>\n\t<meta name=\"twitter:data1\" content=\"Ibrahima\" \/>\n\t<meta name=\"twitter:label2\" content=\"Dur\u00e9e de lecture estim\u00e9e\" \/>\n\t<meta name=\"twitter:data2\" content=\"1 minute\" \/>\n<script type=\"application\/ld+json\" class=\"yoast-schema-graph\">{\"@context\":\"https:\/\/schema.org\",\"@graph\":[{\"@type\":\"WebSite\",\"@id\":\"https:\/\/www.nettali.com\/#website\",\"url\":\"https:\/\/www.nettali.com\/\",\"name\":\"Nettali.com\",\"description\":\"Le rendez-vous critique du Net\",\"potentialAction\":[{\"@type\":\"SearchAction\",\"target\":{\"@type\":\"EntryPoint\",\"urlTemplate\":\"https:\/\/www.nettali.com\/?s={search_term_string}\"},\"query-input\":\"required name=search_term_string\"}],\"inLanguage\":\"fr-FR\"},{\"@type\":\"ImageObject\",\"@id\":\"https:\/\/www.nettali.com\/2023\/04\/01\/casa-sports-stephane-badji-is-black\/#primaryimage\",\"inLanguage\":\"fr-FR\",\"url\":\"https:\/\/www.nettali.com\/wp-content\/uploads\/2023\/04\/STEPHANE-BADJI-905x613-1.png\",\"contentUrl\":\"https:\/\/www.nettali.com\/wp-content\/uploads\/2023\/04\/STEPHANE-BADJI-905x613-1.png\",\"width\":905,\"height\":613},{\"@type\":\"WebPage\",\"@id\":\"https:\/\/www.nettali.com\/2023\/04\/01\/casa-sports-stephane-badji-is-black\/#webpage\",\"url\":\"https:\/\/www.nettali.com\/2023\/04\/01\/casa-sports-stephane-badji-is-black\/\",\"name\":\"CASA SPORTS - St\\u00e9phane Badji is black ! | Nettali.com\",\"isPartOf\":{\"@id\":\"https:\/\/www.nettali.com\/#website\"},\"primaryImageOfPage\":{\"@id\":\"https:\/\/www.nettali.com\/2023\/04\/01\/casa-sports-stephane-badji-is-black\/#primaryimage\"},\"datePublished\":\"2023-04-01T11:36:04+00:00\",\"dateModified\":\"2023-04-01T11:36:04+00:00\",\"author\":{\"@id\":\"https:\/\/www.nettali.com\/#\/schema\/person\/bb147657c2986240405a608162b9bb23\"},\"breadcrumb\":{\"@id\":\"https:\/\/www.nettali.com\/2023\/04\/01\/casa-sports-stephane-badji-is-black\/#breadcrumb\"},\"inLanguage\":\"fr-FR\",\"potentialAction\":[{\"@type\":\"ReadAction\",\"target\":[\"https:\/\/www.nettali.com\/2023\/04\/01\/casa-sports-stephane-badji-is-black\/\"]}]},{\"@type\":\"BreadcrumbList\",\"@id\":\"https:\/\/www.nettali.com\/2023\/04\/01\/casa-sports-stephane-badji-is-black\/#breadcrumb\",\"itemListElement\":[{\"@type\":\"ListItem\",\"position\":1,\"name\":\"Accueil\",\"item\":\"https:\/\/www.nettali.com\/\"},{\"@type\":\"ListItem\",\"position\":2,\"name\":\"CASA SPORTS - St\\u00e9phane Badji is black !\"}]},{\"@type\":\"Person\",\"@id\":\"https:\/\/www.nettali.com\/#\/schema\/person\/bb147657c2986240405a608162b9bb23\",\"name\":\"Ibrahima\",\"image\":{\"@type\":\"ImageObject\",\"@id\":\"https:\/\/www.nettali.com\/#personlogo\",\"inLanguage\":\"fr-FR\",\"url\":\"https:\/\/secure.gravatar.com\/avatar\/26a8a81f09f0dd7624c9d5c36c9ba3a2?s=96&d=mm&r=g\",\"contentUrl\":\"https:\/\/secure.gravatar.com\/avatar\/26a8a81f09f0dd7624c9d5c36c9ba3a2?s=96&d=mm&r=g\",\"caption\":\"Ibrahima\"},\"sameAs\":[\"https:\/\/www.nettali.com\"]}]}<\/script>\n<!-- \/ Yoast SEO Premium plugin. -->","yoast_head_json":{"title":"CASA SPORTS - St\u00e9phane Badji is black ! | Nettali.com","robots":{"index":"index","follow":"follow","max-snippet":"max-snippet:-1","max-image-preview":"max-image-preview:large","max-video-preview":"max-video-preview:-1"},"canonical":"https:\/\/www.nettali.com\/2023\/04\/01\/casa-sports-stephane-badji-is-black\/","og_locale":"fr_FR","og_type":"article","og_title":"CASA SPORTS - St\u00e9phane Badji is black !","og_description":"NETTAI.COM - Onze ans apr\u00e8s, St\u00e9phane Badji signe son retour au Casa Sports. Le club fanion de Ziguinchor a annonc\u00e9 le come-back de l'international s\u00e9n\u00e9galais ce vendredi 31 mars. Sans club depuis un certain temps, St\u00e9phane Badji \"Diego\" a retrouv\u00e9 un point de chute et pas n\u2019importe lequel. En effet l\u2019ancien international s\u00e9n\u00e9galais fait son [&hellip;]","og_url":"https:\/\/www.nettali.com\/2023\/04\/01\/casa-sports-stephane-badji-is-black\/","og_site_name":"Nettali.com","article_publisher":"https:\/\/www.facebook.com\/nettalicom","article_published_time":"2023-04-01T11:36:04+00:00","og_image":[{"width":905,"height":613,"url":"https:\/\/www.nettali.com\/wp-content\/uploads\/2023\/04\/STEPHANE-BADJI-905x613-1.png","type":"image\/png"}],"twitter_card":"summary_large_image","twitter_misc":{"\u00c9crit par":"Ibrahima","Dur\u00e9e de lecture estim\u00e9e":"1 minute"},"schema":{"@context":"https:\/\/schema.org","@graph":[{"@type":"WebSite","@id":"https:\/\/www.nettali.com\/#website","url":"https:\/\/www.nettali.com\/","name":"Nettali.com","description":"Le rendez-vous critique du Net","potentialAction":[{"@type":"SearchAction","target":{"@type":"EntryPoint","urlTemplate":"https:\/\/www.nettali.com\/?s={search_term_string}"},"query-input":"required name=search_term_string"}],"inLanguage":"fr-FR"},{"@type":"ImageObject","@id":"https:\/\/www.nettali.com\/2023\/04\/01\/casa-sports-stephane-badji-is-black\/#primaryimage","inLanguage":"fr-FR","url":"https:\/\/www.nettali.com\/wp-content\/uploads\/2023\/04\/STEPHANE-BADJI-905x613-1.png","contentUrl":"https:\/\/www.nettali.com\/wp-content\/uploads\/2023\/04\/STEPHANE-BADJI-905x613-1.png","width":905,"height":613},{"@type":"WebPage","@id":"https:\/\/www.nettali.com\/2023\/04\/01\/casa-sports-stephane-badji-is-black\/#webpage","url":"https:\/\/www.nettali.com\/2023\/04\/01\/casa-sports-stephane-badji-is-black\/","name":"CASA SPORTS - St\u00e9phane Badji is black ! | Nettali.com","isPartOf":{"@id":"https:\/\/www.nettali.com\/#website"},"primaryImageOfPage":{"@id":"https:\/\/www.nettali.com\/2023\/04\/01\/casa-sports-stephane-badji-is-black\/#primaryimage"},"datePublished":"2023-04-01T11:36:04+00:00","dateModified":"2023-04-01T11:36:04+00:00","author":{"@id":"https:\/\/www.nettali.com\/#\/schema\/person\/bb147657c2986240405a608162b9bb23"},"breadcrumb":{"@id":"https:\/\/www.nettali.com\/2023\/04\/01\/casa-sports-stephane-badji-is-black\/#breadcrumb"},"inLanguage":"fr-FR","potentialAction":[{"@type":"ReadAction","target":["https:\/\/www.nettali.com\/2023\/04\/01\/casa-sports-stephane-badji-is-black\/"]}]},{"@type":"BreadcrumbList","@id":"https:\/\/www.nettali.com\/2023\/04\/01\/casa-sports-stephane-badji-is-black\/#breadcrumb","itemListElement":[{"@type":"ListItem","position":1,"name":"Accueil","item":"https:\/\/www.nettali.com\/"},{"@type":"ListItem","position":2,"name":"CASA SPORTS - St\u00e9phane Badji is black !"}]},{"@type":"Person","@id":"https:\/\/www.nettali.com\/#\/schema\/person\/bb147657c2986240405a608162b9bb23","name":"Ibrahima","image":{"@type":"ImageObject","@id":"https:\/\/www.nettali.com\/#personlogo","inLanguage":"fr-FR","url":"https:\/\/secure.gravatar.com\/avatar\/26a8a81f09f0dd7624c9d5c36c9ba3a2?s=96&d=mm&r=g","contentUrl":"https:\/\/secure.gravatar.com\/avatar\/26a8a81f09f0dd7624c9d5c36c9ba3a2?s=96&d=mm&r=g","caption":"Ibrahima"},"sameAs":["https:\/\/www.nettali.com"]}]}},"_links":{"self":[{"href":"https:\/\/www.nettali.com\/rest\/wp\/v2\/posts\/107345"}],"collection":[{"href":"https:\/\/www.nettali.com\/rest\/wp\/v2\/posts"}],"about":[{"href":"https:\/\/www.nettali.com\/rest\/wp\/v2\/types\/post"}],"author":[{"embeddable":true,"href":"https:\/\/www.nettali.com\/rest\/wp\/v2\/users\/5"}],"replies":[{"embeddable":true,"href":"https:\/\/www.nettali.com\/rest\/wp\/v2\/comments?post=107345"}],"version-history":[{"count":1,"href":"https:\/\/www.nettali.com\/rest\/wp\/v2\/posts\/107345\/revisions"}],"predecessor-version":[{"id":107347,"href":"https:\/\/www.nettali.com\/rest\/wp\/v2\/posts\/107345\/revisions\/107347"}],"wp:featuredmedia":[{"embeddable":true,"href":"https:\/\/www.nettali.com\/rest\/wp\/v2\/media\/107346"}],"wp:attachment":[{"href":"https:\/\/www.nettali.com\/rest\/wp\/v2\/media?parent=107345"}],"wp:term":[{"taxonomy":"category","embeddable":true,"href":"https:\/\/www.nettali.com\/rest\/wp\/v2\/categories?post=107345"},{"taxonomy":"post_tag","embeddable":true,"href":"https:\/\/www.nettali.com\/rest\/wp\/v2\/tags?post=107345"}],"curies":[{"name":"wp","href":"https:\/\/api.w.org\/{rel}","templated":true}]}}