{"id":107339,"date":"2023-04-01T10:59:03","date_gmt":"2023-04-01T10:59:03","guid":{"rendered":"https:\/\/www.nettali.com\/?p=107339"},"modified":"2023-04-01T10:59:03","modified_gmt":"2023-04-01T10:59:03","slug":"en-coulisses-ismaela-madior-fall-aissata-tall-sall-et-cie-theorisent-la-3eme-candidature","status":"publish","type":"post","link":"https:\/\/www.nettali.com\/2023\/04\/01\/en-coulisses-ismaela-madior-fall-aissata-tall-sall-et-cie-theorisent-la-3eme-candidature\/","title":{"rendered":"EN COULISSES - Ismaela Madior Fall, Aissata Tall Sall et Cie th\u00e9orisent la 3\u00e8me candidature"},"content":{"rendered":"<p><strong>NETTALI.COM -<\/strong> La th\u00e9matique de l\u2019opportunit\u00e9 d\u2019une candidature du pr\u00e9sident Macky Sall a r\u00e9uni, ce vendredi 31 mars, les membres de la Task Force r\u00e9publicaine (TFR) et les militants de l\u2019APR. \u00c0 cette occasion, des membres du gouvernement, dont Isma\u00efla Madior Fall et Aissata Tall Sall, ont soutenu la \"l\u00e9galit\u00e9\" de la candidature de Macky \u00e0 la prochaine \u00e9lection pr\u00e9sidentielle.<\/p>\n<p>Un premier point, portant sur la recevabilit\u00e9 de la candidature du pr\u00e9sident Macky Sall \u00e0 l\u2019\u00e9lection pr\u00e9sidentielle de f\u00e9vrier 2024, a \u00e9t\u00e9 argument\u00e9 par le professeur Isma\u00efla Madior Fall. Le ministre de la Justice explique qu\u2019il s\u2019agit l\u00e0 d'\"<em>une question juridiquement r\u00e9gl\u00e9e<\/em>\", au regard de la d\u00e9cision du Conseil constitutionnel du 12 f\u00e9vrier 2016, saisi par le pr\u00e9sident de la R\u00e9publique suivant la lettre n\u00b00077 PR\/CAB\/MC.JUR du 14 janvier 2016.<\/p>\n<p>\"<em>Cette d\u00e9cision est claire et \u00e9carte du champ d\u2019application de la Constitution le mandat de 7 ans, allant de 2012 \u00e0 2019. Pour nous, Task Force r\u00e9publicaine, nous avons la certitude de la recevabilit\u00e9 de la candidature du pr\u00e9sident Macky Sall et nous encourageons fortement notre leader \u00e0 en faire acte, le moment venu\"<\/em>, a d\u00e9clar\u00e9 le coordonnateur Birame Faye.<\/p>\n<p>\u00c0 noter que la Task Force R\u00e9publicaine s\u2019engage, dans un programme de promotion de la candidature du pr\u00e9sident Macky Sall, au moyen d\u2019actions de vulgarisation de ses qualit\u00e9s d\u2019homme d\u2019\u00c9tat, de son offre politique et de son bilan comme pr\u00e9sident de la R\u00e9publique.<\/p>\n<p>Aussi, a-t-elle con\u00e7u un plan d\u2019action articul\u00e9 autour de nombreuses initiatives qui seront d\u00e9roul\u00e9es sur la p\u00e9riode de mars 2023 \u00e0 janvier 2024, sous forme de rencontres diverses avec toutes les composantes et forces vives de la Nation, des interviews et des contributions scientifiques dans la presse, etc. Il s\u2019agira de r\u00e9aliser un vaste programme d\u2019animation politique sur l\u2019ensemble du territoire national, avec pour r\u00e9sultat attendu le portage populaire de la candidature du pr\u00e9sident Macky Sall.<\/p>\n<p>&nbsp;<\/p>\n<div class='share-to-whatsapp-wrapper'><div class='share-on-whsp'>PARTAGER SUR : <\/div><a data-text='EN COULISSES - Ismaela Madior Fall, Aissata Tall Sall et Cie th\u00e9orisent la 3\u00e8me candidature' data-link='https:\/\/www.nettali.com\/2023\/04\/01\/en-coulisses-ismaela-madior-fall-aissata-tall-sall-et-cie-theorisent-la-3eme-candidature\/' class='whatsapp-button whatsapp-share'>WhatsApp<\/a><div class='clear '><\/div><\/div>","protected":false},"excerpt":{"rendered":"<p>NETTALI.COM - La th\u00e9matique de l\u2019opportunit\u00e9 d\u2019une candidature du pr\u00e9sident Macky Sall a r\u00e9uni, ce vendredi 31 mars, les membres de la Task Force r\u00e9publicaine (TFR) et les militants de l\u2019APR. \u00c0 cette occasion, des membres du gouvernement, dont Isma\u00efla Madior Fall et Aissata Tall Sall, ont soutenu la \"l\u00e9galit\u00e9\" de la candidature de Macky [&hellip;]<\/p>\n","protected":false},"author":2,"featured_media":107148,"comment_status":"open","ping_status":"open","sticky":false,"template":"","format":"standard","meta":{"_et_pb_use_builder":"","_et_pb_old_content":""},"categories":[34945],"tags":[],"yoast_head":"<!-- This site is optimized with the Yoast SEO Premium plugin v17.8 (Yoast SEO v17.8) - https:\/\/yoast.com\/wordpress\/plugins\/seo\/ -->\n<title>EN COULISSES - Ismaela Madior Fall, Aissata Tall Sall et Cie th\u00e9orisent la 3\u00e8me candidature | Nettali.com<\/title>\n<meta name=\"robots\" content=\"index, follow, max-snippet:-1, max-image-preview:large, max-video-preview:-1\" \/>\n<link rel=\"canonical\" href=\"https:\/\/www.nettali.com\/2023\/04\/01\/en-coulisses-ismaela-madior-fall-aissata-tall-sall-et-cie-theorisent-la-3eme-candidature\/\" \/>\n<meta property=\"og:locale\" content=\"fr_FR\" \/>\n<meta property=\"og:type\" content=\"article\" \/>\n<meta property=\"og:title\" content=\"EN COULISSES - Ismaela Madior Fall, Aissata Tall Sall et Cie th\u00e9orisent la 3\u00e8me candidature\" \/>\n<meta property=\"og:description\" content=\"NETTALI.COM - La th\u00e9matique de l\u2019opportunit\u00e9 d\u2019une candidature du pr\u00e9sident Macky Sall a r\u00e9uni, ce vendredi 31 mars, les membres de la Task Force r\u00e9publicaine (TFR) et les militants de l\u2019APR. \u00c0 cette occasion, des membres du gouvernement, dont Isma\u00efla Madior Fall et Aissata Tall Sall, ont soutenu la &quot;l\u00e9galit\u00e9&quot; de la candidature de Macky [&hellip;]\" \/>\n<meta property=\"og:url\" content=\"https:\/\/www.nettali.com\/2023\/04\/01\/en-coulisses-ismaela-madior-fall-aissata-tall-sall-et-cie-theorisent-la-3eme-candidature\/\" \/>\n<meta property=\"og:site_name\" content=\"Nettali.com\" \/>\n<meta property=\"article:publisher\" content=\"https:\/\/www.facebook.com\/nettalicom\" \/>\n<meta property=\"article:published_time\" content=\"2023-04-01T10:59:03+00:00\" \/>\n<meta property=\"og:image\" content=\"https:\/\/www.nettali.com\/wp-content\/uploads\/2023\/03\/Screenshot_20230329-163420_1.jpg\" \/>\n\t<meta property=\"og:image:width\" content=\"1080\" \/>\n\t<meta property=\"og:image:height\" content=\"635\" \/>\n<meta name=\"twitter:card\" content=\"summary_large_image\" \/>\n<meta name=\"twitter:label1\" content=\"\u00c9crit par\" \/>\n\t<meta name=\"twitter:data1\" content=\"CK\" \/>\n\t<meta name=\"twitter:label2\" content=\"Dur\u00e9e de lecture estim\u00e9e\" \/>\n\t<meta name=\"twitter:data2\" content=\"2 minutes\" \/>\n<script type=\"application\/ld+json\" class=\"yoast-schema-graph\">{\"@context\":\"https:\/\/schema.org\",\"@graph\":[{\"@type\":\"WebSite\",\"@id\":\"https:\/\/www.nettali.com\/#website\",\"url\":\"https:\/\/www.nettali.com\/\",\"name\":\"Nettali.com\",\"description\":\"Le rendez-vous critique du Net\",\"potentialAction\":[{\"@type\":\"SearchAction\",\"target\":{\"@type\":\"EntryPoint\",\"urlTemplate\":\"https:\/\/www.nettali.com\/?s={search_term_string}\"},\"query-input\":\"required name=search_term_string\"}],\"inLanguage\":\"fr-FR\"},{\"@type\":\"ImageObject\",\"@id\":\"https:\/\/www.nettali.com\/2023\/04\/01\/en-coulisses-ismaela-madior-fall-aissata-tall-sall-et-cie-theorisent-la-3eme-candidature\/#primaryimage\",\"inLanguage\":\"fr-FR\",\"url\":\"https:\/\/www.nettali.com\/wp-content\/uploads\/2023\/03\/Screenshot_20230329-163420_1.jpg\",\"contentUrl\":\"https:\/\/www.nettali.com\/wp-content\/uploads\/2023\/03\/Screenshot_20230329-163420_1.jpg\",\"width\":1080,\"height\":635},{\"@type\":\"WebPage\",\"@id\":\"https:\/\/www.nettali.com\/2023\/04\/01\/en-coulisses-ismaela-madior-fall-aissata-tall-sall-et-cie-theorisent-la-3eme-candidature\/#webpage\",\"url\":\"https:\/\/www.nettali.com\/2023\/04\/01\/en-coulisses-ismaela-madior-fall-aissata-tall-sall-et-cie-theorisent-la-3eme-candidature\/\",\"name\":\"EN COULISSES - Ismaela Madior Fall, Aissata Tall Sall et Cie th\\u00e9orisent la 3\\u00e8me candidature | Nettali.com\",\"isPartOf\":{\"@id\":\"https:\/\/www.nettali.com\/#website\"},\"primaryImageOfPage\":{\"@id\":\"https:\/\/www.nettali.com\/2023\/04\/01\/en-coulisses-ismaela-madior-fall-aissata-tall-sall-et-cie-theorisent-la-3eme-candidature\/#primaryimage\"},\"datePublished\":\"2023-04-01T10:59:03+00:00\",\"dateModified\":\"2023-04-01T10:59:03+00:00\",\"author\":{\"@id\":\"https:\/\/www.nettali.com\/#\/schema\/person\/d8ac7b7e27ddad43f1c0d2ef090d7f71\"},\"breadcrumb\":{\"@id\":\"https:\/\/www.nettali.com\/2023\/04\/01\/en-coulisses-ismaela-madior-fall-aissata-tall-sall-et-cie-theorisent-la-3eme-candidature\/#breadcrumb\"},\"inLanguage\":\"fr-FR\",\"potentialAction\":[{\"@type\":\"ReadAction\",\"target\":[\"https:\/\/www.nettali.com\/2023\/04\/01\/en-coulisses-ismaela-madior-fall-aissata-tall-sall-et-cie-theorisent-la-3eme-candidature\/\"]}]},{\"@type\":\"BreadcrumbList\",\"@id\":\"https:\/\/www.nettali.com\/2023\/04\/01\/en-coulisses-ismaela-madior-fall-aissata-tall-sall-et-cie-theorisent-la-3eme-candidature\/#breadcrumb\",\"itemListElement\":[{\"@type\":\"ListItem\",\"position\":1,\"name\":\"Accueil\",\"item\":\"https:\/\/www.nettali.com\/\"},{\"@type\":\"ListItem\",\"position\":2,\"name\":\"EN COULISSES - Ismaela Madior Fall, Aissata Tall Sall et Cie th\\u00e9orisent la 3\\u00e8me candidature\"}]},{\"@type\":\"Person\",\"@id\":\"https:\/\/www.nettali.com\/#\/schema\/person\/d8ac7b7e27ddad43f1c0d2ef090d7f71\",\"name\":\"CK\",\"image\":{\"@type\":\"ImageObject\",\"@id\":\"https:\/\/www.nettali.com\/#personlogo\",\"inLanguage\":\"fr-FR\",\"url\":\"https:\/\/secure.gravatar.com\/avatar\/1d8d5118b9327d94da7cd4ce7f17fec2?s=96&d=mm&r=g\",\"contentUrl\":\"https:\/\/secure.gravatar.com\/avatar\/1d8d5118b9327d94da7cd4ce7f17fec2?s=96&d=mm&r=g\",\"caption\":\"CK\"},\"sameAs\":[\"https:\/\/www.nettali.com\"]}]}<\/script>\n<!-- \/ Yoast SEO Premium plugin. -->","yoast_head_json":{"title":"EN COULISSES - Ismaela Madior Fall, Aissata Tall Sall et Cie th\u00e9orisent la 3\u00e8me candidature | Nettali.com","robots":{"index":"index","follow":"follow","max-snippet":"max-snippet:-1","max-image-preview":"max-image-preview:large","max-video-preview":"max-video-preview:-1"},"canonical":"https:\/\/www.nettali.com\/2023\/04\/01\/en-coulisses-ismaela-madior-fall-aissata-tall-sall-et-cie-theorisent-la-3eme-candidature\/","og_locale":"fr_FR","og_type":"article","og_title":"EN COULISSES - Ismaela Madior Fall, Aissata Tall Sall et Cie th\u00e9orisent la 3\u00e8me candidature","og_description":"NETTALI.COM - La th\u00e9matique de l\u2019opportunit\u00e9 d\u2019une candidature du pr\u00e9sident Macky Sall a r\u00e9uni, ce vendredi 31 mars, les membres de la Task Force r\u00e9publicaine (TFR) et les militants de l\u2019APR. \u00c0 cette occasion, des membres du gouvernement, dont Isma\u00efla Madior Fall et Aissata Tall Sall, ont soutenu la \"l\u00e9galit\u00e9\" de la candidature de Macky [&hellip;]","og_url":"https:\/\/www.nettali.com\/2023\/04\/01\/en-coulisses-ismaela-madior-fall-aissata-tall-sall-et-cie-theorisent-la-3eme-candidature\/","og_site_name":"Nettali.com","article_publisher":"https:\/\/www.facebook.com\/nettalicom","article_published_time":"2023-04-01T10:59:03+00:00","og_image":[{"width":1080,"height":635,"url":"https:\/\/www.nettali.com\/wp-content\/uploads\/2023\/03\/Screenshot_20230329-163420_1.jpg","type":"image\/jpeg"}],"twitter_card":"summary_large_image","twitter_misc":{"\u00c9crit par":"CK","Dur\u00e9e de lecture estim\u00e9e":"2 minutes"},"schema":{"@context":"https:\/\/schema.org","@graph":[{"@type":"WebSite","@id":"https:\/\/www.nettali.com\/#website","url":"https:\/\/www.nettali.com\/","name":"Nettali.com","description":"Le rendez-vous critique du Net","potentialAction":[{"@type":"SearchAction","target":{"@type":"EntryPoint","urlTemplate":"https:\/\/www.nettali.com\/?s={search_term_string}"},"query-input":"required name=search_term_string"}],"inLanguage":"fr-FR"},{"@type":"ImageObject","@id":"https:\/\/www.nettali.com\/2023\/04\/01\/en-coulisses-ismaela-madior-fall-aissata-tall-sall-et-cie-theorisent-la-3eme-candidature\/#primaryimage","inLanguage":"fr-FR","url":"https:\/\/www.nettali.com\/wp-content\/uploads\/2023\/03\/Screenshot_20230329-163420_1.jpg","contentUrl":"https:\/\/www.nettali.com\/wp-content\/uploads\/2023\/03\/Screenshot_20230329-163420_1.jpg","width":1080,"height":635},{"@type":"WebPage","@id":"https:\/\/www.nettali.com\/2023\/04\/01\/en-coulisses-ismaela-madior-fall-aissata-tall-sall-et-cie-theorisent-la-3eme-candidature\/#webpage","url":"https:\/\/www.nettali.com\/2023\/04\/01\/en-coulisses-ismaela-madior-fall-aissata-tall-sall-et-cie-theorisent-la-3eme-candidature\/","name":"EN COULISSES - Ismaela Madior Fall, Aissata Tall Sall et Cie th\u00e9orisent la 3\u00e8me candidature | Nettali.com","isPartOf":{"@id":"https:\/\/www.nettali.com\/#website"},"primaryImageOfPage":{"@id":"https:\/\/www.nettali.com\/2023\/04\/01\/en-coulisses-ismaela-madior-fall-aissata-tall-sall-et-cie-theorisent-la-3eme-candidature\/#primaryimage"},"datePublished":"2023-04-01T10:59:03+00:00","dateModified":"2023-04-01T10:59:03+00:00","author":{"@id":"https:\/\/www.nettali.com\/#\/schema\/person\/d8ac7b7e27ddad43f1c0d2ef090d7f71"},"breadcrumb":{"@id":"https:\/\/www.nettali.com\/2023\/04\/01\/en-coulisses-ismaela-madior-fall-aissata-tall-sall-et-cie-theorisent-la-3eme-candidature\/#breadcrumb"},"inLanguage":"fr-FR","potentialAction":[{"@type":"ReadAction","target":["https:\/\/www.nettali.com\/2023\/04\/01\/en-coulisses-ismaela-madior-fall-aissata-tall-sall-et-cie-theorisent-la-3eme-candidature\/"]}]},{"@type":"BreadcrumbList","@id":"https:\/\/www.nettali.com\/2023\/04\/01\/en-coulisses-ismaela-madior-fall-aissata-tall-sall-et-cie-theorisent-la-3eme-candidature\/#breadcrumb","itemListElement":[{"@type":"ListItem","position":1,"name":"Accueil","item":"https:\/\/www.nettali.com\/"},{"@type":"ListItem","position":2,"name":"EN COULISSES - Ismaela Madior Fall, Aissata Tall Sall et Cie th\u00e9orisent la 3\u00e8me candidature"}]},{"@type":"Person","@id":"https:\/\/www.nettali.com\/#\/schema\/person\/d8ac7b7e27ddad43f1c0d2ef090d7f71","name":"CK","image":{"@type":"ImageObject","@id":"https:\/\/www.nettali.com\/#personlogo","inLanguage":"fr-FR","url":"https:\/\/secure.gravatar.com\/avatar\/1d8d5118b9327d94da7cd4ce7f17fec2?s=96&d=mm&r=g","contentUrl":"https:\/\/secure.gravatar.com\/avatar\/1d8d5118b9327d94da7cd4ce7f17fec2?s=96&d=mm&r=g","caption":"CK"},"sameAs":["https:\/\/www.nettali.com"]}]}},"_links":{"self":[{"href":"https:\/\/www.nettali.com\/rest\/wp\/v2\/posts\/107339"}],"collection":[{"href":"https:\/\/www.nettali.com\/rest\/wp\/v2\/posts"}],"about":[{"href":"https:\/\/www.nettali.com\/rest\/wp\/v2\/types\/post"}],"author":[{"embeddable":true,"href":"https:\/\/www.nettali.com\/rest\/wp\/v2\/users\/2"}],"replies":[{"embeddable":true,"href":"https:\/\/www.nettali.com\/rest\/wp\/v2\/comments?post=107339"}],"version-history":[{"count":2,"href":"https:\/\/www.nettali.com\/rest\/wp\/v2\/posts\/107339\/revisions"}],"predecessor-version":[{"id":107341,"href":"https:\/\/www.nettali.com\/rest\/wp\/v2\/posts\/107339\/revisions\/107341"}],"wp:featuredmedia":[{"embeddable":true,"href":"https:\/\/www.nettali.com\/rest\/wp\/v2\/media\/107148"}],"wp:attachment":[{"href":"https:\/\/www.nettali.com\/rest\/wp\/v2\/media?parent=107339"}],"wp:term":[{"taxonomy":"category","embeddable":true,"href":"https:\/\/www.nettali.com\/rest\/wp\/v2\/categories?post=107339"},{"taxonomy":"post_tag","embeddable":true,"href":"https:\/\/www.nettali.com\/rest\/wp\/v2\/tags?post=107339"}],"curies":[{"name":"wp","href":"https:\/\/api.w.org\/{rel}","templated":true}]}}