{"id":107318,"date":"2023-04-01T07:53:23","date_gmt":"2023-04-01T07:53:23","guid":{"rendered":"https:\/\/www.nettali.com\/?p=107318"},"modified":"2023-04-01T09:43:09","modified_gmt":"2023-04-01T09:43:09","slug":"coulisses-larmee-nationale-recadre-yewwi","status":"publish","type":"post","link":"https:\/\/www.nettali.com\/2023\/04\/01\/coulisses-larmee-nationale-recadre-yewwi\/","title":{"rendered":"COULISSES - L'arm\u00e9e nationale recadre Yewwi"},"content":{"rendered":"<p><strong>NETTALI.COM - <\/strong>La coalition Yewwi Askan Wi a inform\u00e9 ce vendredi 31 mars de sa d\u00e9cision de surseoir \u00e0 sa marche du 3 avril apr\u00e8s avoir \u00e9chang\u00e9 avec des hauts grad\u00e9s des forces de d\u00e9fense et de s\u00e9curit\u00e9. Mais quelques heures plus tard, l'arm\u00e9e nationale, \u00e0 travers un communiqu\u00e9, a apport\u00e9 des pr\u00e9cisions.<\/p>\n<p>L\u2019Arm\u00e9e nationale n'a pas en effet perdu de temps pour d\u00e9mentir la conf\u00e9rence des leaders de YAW. Mieux, la grande muette demande aux hommes et partis politiques de tous bords de les tenir hors de leurs d\u00e9bats \"<em>pour l\u2019int\u00e9r\u00eat de la Nation<\/em>\"<\/p>\n<p>\"<em>Dans un\u00a0Communiqu\u00e9\u00a0publi\u00e9 ce vendredi 31 mars 2023, il est fait mention de concertations entre acteurs politiques et grad\u00e9s des Forces de D\u00e9fense et de s\u00e9curit\u00e9. L'Etat-major g\u00e9n\u00e9ral des Arm\u00e9es invite les acteurs politiques de tous bords et la soci\u00e9t\u00e9 civile \u00e0 tenir l'Arm\u00e9e nationale hors du d\u00e9bat politique pour l'int\u00e9r\u00eat de la Nation<\/em>\", a pr\u00e9cis\u00e9 la grande muette dans un communiqu\u00e9 de presse sign\u00e9 par le colonel Moussa Koulibaly, Directeur de l'Information et des Relations publiques des Arm\u00e9es (Dirpa).<\/p>\n<p>\"<em>L\u2019arm\u00e9e nationale entend garder sa posture r\u00e9publicaine et se consacrer \u00e0 ses missions r\u00e9galiennes<\/em>\", conclut le document.<\/p>\n<p>A noter que dans son dernier communiqu\u00e9 de presse publie ce vendredi, la coalition Yewwi Askan Wi a annonc\u00e9 qu'elle va sursoir \u00e0 sa marche pr\u00e9vue le 3 avril.<\/p>\n<p>\"<em>La coalition Yewwi Askan Wi, tenant compte des \u00e9changes avec de Hauts grad\u00e9s des forces de d\u00e9fense et de s\u00e9curit\u00e9 de notre pays et aussi des r\u00e9sultats de larges concertations, a d\u00e9cid\u00e9 de reporter \u00e0 une date ult\u00e9rieure sa manifestation du 03 Avril 2023<\/em>\", a indiqu\u00e9 la coalition YAW.<\/p>\n<div class='share-to-whatsapp-wrapper'><div class='share-on-whsp'>PARTAGER SUR : <\/div><a data-text='COULISSES - L'arm\u00e9e nationale recadre Yewwi' data-link='https:\/\/www.nettali.com\/2023\/04\/01\/coulisses-larmee-nationale-recadre-yewwi\/' class='whatsapp-button whatsapp-share'>WhatsApp<\/a><div class='clear '><\/div><\/div>","protected":false},"excerpt":{"rendered":"<p>NETTALI.COM - La coalition Yewwi Askan Wi a inform\u00e9 ce vendredi 31 mars de sa d\u00e9cision de surseoir \u00e0 sa marche du 3 avril apr\u00e8s avoir \u00e9chang\u00e9 avec des hauts grad\u00e9s des forces de d\u00e9fense et de s\u00e9curit\u00e9. Mais quelques heures plus tard, l'arm\u00e9e nationale, \u00e0 travers un communiqu\u00e9, a apport\u00e9 des pr\u00e9cisions. L\u2019Arm\u00e9e nationale [&hellip;]<\/p>\n","protected":false},"author":5,"featured_media":107319,"comment_status":"open","ping_status":"open","sticky":false,"template":"","format":"standard","meta":{"_et_pb_use_builder":"","_et_pb_old_content":""},"categories":[34945],"tags":[],"yoast_head":"<!-- This site is optimized with the Yoast SEO Premium plugin v17.8 (Yoast SEO v17.8) - https:\/\/yoast.com\/wordpress\/plugins\/seo\/ -->\n<title>COULISSES - L&#039;arm\u00e9e nationale recadre Yewwi | Nettali.com<\/title>\n<meta name=\"robots\" content=\"index, follow, max-snippet:-1, max-image-preview:large, max-video-preview:-1\" \/>\n<link rel=\"canonical\" href=\"https:\/\/www.nettali.com\/2023\/04\/01\/coulisses-larmee-nationale-recadre-yewwi\/\" \/>\n<meta property=\"og:locale\" content=\"fr_FR\" \/>\n<meta property=\"og:type\" content=\"article\" \/>\n<meta property=\"og:title\" content=\"COULISSES - L&#039;arm\u00e9e nationale recadre Yewwi\" \/>\n<meta property=\"og:description\" content=\"NETTALI.COM - La coalition Yewwi Askan Wi a inform\u00e9 ce vendredi 31 mars de sa d\u00e9cision de surseoir \u00e0 sa marche du 3 avril apr\u00e8s avoir \u00e9chang\u00e9 avec des hauts grad\u00e9s des forces de d\u00e9fense et de s\u00e9curit\u00e9. Mais quelques heures plus tard, l&#039;arm\u00e9e nationale, \u00e0 travers un communiqu\u00e9, a apport\u00e9 des pr\u00e9cisions. L\u2019Arm\u00e9e nationale [&hellip;]\" \/>\n<meta property=\"og:url\" content=\"https:\/\/www.nettali.com\/2023\/04\/01\/coulisses-larmee-nationale-recadre-yewwi\/\" \/>\n<meta property=\"og:site_name\" content=\"Nettali.com\" \/>\n<meta property=\"article:publisher\" content=\"https:\/\/www.facebook.com\/nettalicom\" \/>\n<meta property=\"article:published_time\" content=\"2023-04-01T07:53:23+00:00\" \/>\n<meta property=\"article:modified_time\" content=\"2023-04-01T09:43:09+00:00\" \/>\n<meta property=\"og:image\" content=\"https:\/\/www.nettali.com\/wp-content\/uploads\/2023\/04\/armee-2.jpg\" \/>\n\t<meta property=\"og:image:width\" content=\"600\" \/>\n\t<meta property=\"og:image:height\" content=\"399\" \/>\n<meta name=\"twitter:card\" content=\"summary_large_image\" \/>\n<meta name=\"twitter:label1\" content=\"\u00c9crit par\" \/>\n\t<meta name=\"twitter:data1\" content=\"Ibrahima\" \/>\n\t<meta name=\"twitter:label2\" content=\"Dur\u00e9e de lecture estim\u00e9e\" \/>\n\t<meta name=\"twitter:data2\" content=\"2 minutes\" \/>\n<script type=\"application\/ld+json\" class=\"yoast-schema-graph\">{\"@context\":\"https:\/\/schema.org\",\"@graph\":[{\"@type\":\"WebSite\",\"@id\":\"https:\/\/www.nettali.com\/#website\",\"url\":\"https:\/\/www.nettali.com\/\",\"name\":\"Nettali.com\",\"description\":\"Le rendez-vous critique du Net\",\"potentialAction\":[{\"@type\":\"SearchAction\",\"target\":{\"@type\":\"EntryPoint\",\"urlTemplate\":\"https:\/\/www.nettali.com\/?s={search_term_string}\"},\"query-input\":\"required name=search_term_string\"}],\"inLanguage\":\"fr-FR\"},{\"@type\":\"ImageObject\",\"@id\":\"https:\/\/www.nettali.com\/2023\/04\/01\/coulisses-larmee-nationale-recadre-yewwi\/#primaryimage\",\"inLanguage\":\"fr-FR\",\"url\":\"https:\/\/www.nettali.com\/wp-content\/uploads\/2023\/04\/armee-2.jpg\",\"contentUrl\":\"https:\/\/www.nettali.com\/wp-content\/uploads\/2023\/04\/armee-2.jpg\",\"width\":600,\"height\":399},{\"@type\":\"WebPage\",\"@id\":\"https:\/\/www.nettali.com\/2023\/04\/01\/coulisses-larmee-nationale-recadre-yewwi\/#webpage\",\"url\":\"https:\/\/www.nettali.com\/2023\/04\/01\/coulisses-larmee-nationale-recadre-yewwi\/\",\"name\":\"COULISSES - L'arm\\u00e9e nationale recadre Yewwi | Nettali.com\",\"isPartOf\":{\"@id\":\"https:\/\/www.nettali.com\/#website\"},\"primaryImageOfPage\":{\"@id\":\"https:\/\/www.nettali.com\/2023\/04\/01\/coulisses-larmee-nationale-recadre-yewwi\/#primaryimage\"},\"datePublished\":\"2023-04-01T07:53:23+00:00\",\"dateModified\":\"2023-04-01T09:43:09+00:00\",\"author\":{\"@id\":\"https:\/\/www.nettali.com\/#\/schema\/person\/bb147657c2986240405a608162b9bb23\"},\"breadcrumb\":{\"@id\":\"https:\/\/www.nettali.com\/2023\/04\/01\/coulisses-larmee-nationale-recadre-yewwi\/#breadcrumb\"},\"inLanguage\":\"fr-FR\",\"potentialAction\":[{\"@type\":\"ReadAction\",\"target\":[\"https:\/\/www.nettali.com\/2023\/04\/01\/coulisses-larmee-nationale-recadre-yewwi\/\"]}]},{\"@type\":\"BreadcrumbList\",\"@id\":\"https:\/\/www.nettali.com\/2023\/04\/01\/coulisses-larmee-nationale-recadre-yewwi\/#breadcrumb\",\"itemListElement\":[{\"@type\":\"ListItem\",\"position\":1,\"name\":\"Accueil\",\"item\":\"https:\/\/www.nettali.com\/\"},{\"@type\":\"ListItem\",\"position\":2,\"name\":\"COULISSES - L'arm\\u00e9e nationale recadre Yewwi\"}]},{\"@type\":\"Person\",\"@id\":\"https:\/\/www.nettali.com\/#\/schema\/person\/bb147657c2986240405a608162b9bb23\",\"name\":\"Ibrahima\",\"image\":{\"@type\":\"ImageObject\",\"@id\":\"https:\/\/www.nettali.com\/#personlogo\",\"inLanguage\":\"fr-FR\",\"url\":\"https:\/\/secure.gravatar.com\/avatar\/26a8a81f09f0dd7624c9d5c36c9ba3a2?s=96&d=mm&r=g\",\"contentUrl\":\"https:\/\/secure.gravatar.com\/avatar\/26a8a81f09f0dd7624c9d5c36c9ba3a2?s=96&d=mm&r=g\",\"caption\":\"Ibrahima\"},\"sameAs\":[\"https:\/\/www.nettali.com\"]}]}<\/script>\n<!-- \/ Yoast SEO Premium plugin. -->","yoast_head_json":{"title":"COULISSES - L'arm\u00e9e nationale recadre Yewwi | Nettali.com","robots":{"index":"index","follow":"follow","max-snippet":"max-snippet:-1","max-image-preview":"max-image-preview:large","max-video-preview":"max-video-preview:-1"},"canonical":"https:\/\/www.nettali.com\/2023\/04\/01\/coulisses-larmee-nationale-recadre-yewwi\/","og_locale":"fr_FR","og_type":"article","og_title":"COULISSES - L'arm\u00e9e nationale recadre Yewwi","og_description":"NETTALI.COM - La coalition Yewwi Askan Wi a inform\u00e9 ce vendredi 31 mars de sa d\u00e9cision de surseoir \u00e0 sa marche du 3 avril apr\u00e8s avoir \u00e9chang\u00e9 avec des hauts grad\u00e9s des forces de d\u00e9fense et de s\u00e9curit\u00e9. Mais quelques heures plus tard, l'arm\u00e9e nationale, \u00e0 travers un communiqu\u00e9, a apport\u00e9 des pr\u00e9cisions. L\u2019Arm\u00e9e nationale [&hellip;]","og_url":"https:\/\/www.nettali.com\/2023\/04\/01\/coulisses-larmee-nationale-recadre-yewwi\/","og_site_name":"Nettali.com","article_publisher":"https:\/\/www.facebook.com\/nettalicom","article_published_time":"2023-04-01T07:53:23+00:00","article_modified_time":"2023-04-01T09:43:09+00:00","og_image":[{"width":600,"height":399,"url":"https:\/\/www.nettali.com\/wp-content\/uploads\/2023\/04\/armee-2.jpg","type":"image\/jpeg"}],"twitter_card":"summary_large_image","twitter_misc":{"\u00c9crit par":"Ibrahima","Dur\u00e9e de lecture estim\u00e9e":"2 minutes"},"schema":{"@context":"https:\/\/schema.org","@graph":[{"@type":"WebSite","@id":"https:\/\/www.nettali.com\/#website","url":"https:\/\/www.nettali.com\/","name":"Nettali.com","description":"Le rendez-vous critique du Net","potentialAction":[{"@type":"SearchAction","target":{"@type":"EntryPoint","urlTemplate":"https:\/\/www.nettali.com\/?s={search_term_string}"},"query-input":"required name=search_term_string"}],"inLanguage":"fr-FR"},{"@type":"ImageObject","@id":"https:\/\/www.nettali.com\/2023\/04\/01\/coulisses-larmee-nationale-recadre-yewwi\/#primaryimage","inLanguage":"fr-FR","url":"https:\/\/www.nettali.com\/wp-content\/uploads\/2023\/04\/armee-2.jpg","contentUrl":"https:\/\/www.nettali.com\/wp-content\/uploads\/2023\/04\/armee-2.jpg","width":600,"height":399},{"@type":"WebPage","@id":"https:\/\/www.nettali.com\/2023\/04\/01\/coulisses-larmee-nationale-recadre-yewwi\/#webpage","url":"https:\/\/www.nettali.com\/2023\/04\/01\/coulisses-larmee-nationale-recadre-yewwi\/","name":"COULISSES - L'arm\u00e9e nationale recadre Yewwi | Nettali.com","isPartOf":{"@id":"https:\/\/www.nettali.com\/#website"},"primaryImageOfPage":{"@id":"https:\/\/www.nettali.com\/2023\/04\/01\/coulisses-larmee-nationale-recadre-yewwi\/#primaryimage"},"datePublished":"2023-04-01T07:53:23+00:00","dateModified":"2023-04-01T09:43:09+00:00","author":{"@id":"https:\/\/www.nettali.com\/#\/schema\/person\/bb147657c2986240405a608162b9bb23"},"breadcrumb":{"@id":"https:\/\/www.nettali.com\/2023\/04\/01\/coulisses-larmee-nationale-recadre-yewwi\/#breadcrumb"},"inLanguage":"fr-FR","potentialAction":[{"@type":"ReadAction","target":["https:\/\/www.nettali.com\/2023\/04\/01\/coulisses-larmee-nationale-recadre-yewwi\/"]}]},{"@type":"BreadcrumbList","@id":"https:\/\/www.nettali.com\/2023\/04\/01\/coulisses-larmee-nationale-recadre-yewwi\/#breadcrumb","itemListElement":[{"@type":"ListItem","position":1,"name":"Accueil","item":"https:\/\/www.nettali.com\/"},{"@type":"ListItem","position":2,"name":"COULISSES - L'arm\u00e9e nationale recadre Yewwi"}]},{"@type":"Person","@id":"https:\/\/www.nettali.com\/#\/schema\/person\/bb147657c2986240405a608162b9bb23","name":"Ibrahima","image":{"@type":"ImageObject","@id":"https:\/\/www.nettali.com\/#personlogo","inLanguage":"fr-FR","url":"https:\/\/secure.gravatar.com\/avatar\/26a8a81f09f0dd7624c9d5c36c9ba3a2?s=96&d=mm&r=g","contentUrl":"https:\/\/secure.gravatar.com\/avatar\/26a8a81f09f0dd7624c9d5c36c9ba3a2?s=96&d=mm&r=g","caption":"Ibrahima"},"sameAs":["https:\/\/www.nettali.com"]}]}},"_links":{"self":[{"href":"https:\/\/www.nettali.com\/rest\/wp\/v2\/posts\/107318"}],"collection":[{"href":"https:\/\/www.nettali.com\/rest\/wp\/v2\/posts"}],"about":[{"href":"https:\/\/www.nettali.com\/rest\/wp\/v2\/types\/post"}],"author":[{"embeddable":true,"href":"https:\/\/www.nettali.com\/rest\/wp\/v2\/users\/5"}],"replies":[{"embeddable":true,"href":"https:\/\/www.nettali.com\/rest\/wp\/v2\/comments?post=107318"}],"version-history":[{"count":3,"href":"https:\/\/www.nettali.com\/rest\/wp\/v2\/posts\/107318\/revisions"}],"predecessor-version":[{"id":107322,"href":"https:\/\/www.nettali.com\/rest\/wp\/v2\/posts\/107318\/revisions\/107322"}],"wp:featuredmedia":[{"embeddable":true,"href":"https:\/\/www.nettali.com\/rest\/wp\/v2\/media\/107319"}],"wp:attachment":[{"href":"https:\/\/www.nettali.com\/rest\/wp\/v2\/media?parent=107318"}],"wp:term":[{"taxonomy":"category","embeddable":true,"href":"https:\/\/www.nettali.com\/rest\/wp\/v2\/categories?post=107318"},{"taxonomy":"post_tag","embeddable":true,"href":"https:\/\/www.nettali.com\/rest\/wp\/v2\/tags?post=107318"}],"curies":[{"name":"wp","href":"https:\/\/api.w.org\/{rel}","templated":true}]}}