{"id":107284,"date":"2023-03-31T08:53:12","date_gmt":"2023-03-31T08:53:12","guid":{"rendered":"https:\/\/www.nettali.com\/?p=107284"},"modified":"2023-03-31T08:53:12","modified_gmt":"2023-03-31T08:53:12","slug":"en-coulisses-ceux-qui-pensaient-voir-la-main-du-pouvoir-doivent-avoir-honte","status":"publish","type":"post","link":"https:\/\/www.nettali.com\/2023\/03\/31\/en-coulisses-ceux-qui-pensaient-voir-la-main-du-pouvoir-doivent-avoir-honte\/","title":{"rendered":"EN COULISSES - \"Ceux qui pensaient voir la main du pouvoir, doivent avoir honte...\""},"content":{"rendered":"<p><strong>NETTALI.COM -<\/strong> Tout comme le parti d'Ousmane Sonko, Benno Bokk Yaakaar a partag\u00e9 sa lecture du proc\u00e8s. Selon la coalition dirig\u00e9e par Macky Sall, \"<em>il convient de saluer l\u2019ind\u00e9pendance de la justice s\u00e9n\u00e9galaise qui a dit le droit, dans le respect strict des r\u00e8gles et proc\u00e9dures qui fondent l\u2019action judiciaire.<\/em>\"<\/p>\n<p>Poursuivant dans ses explications, celle-ci de dire : \"<em>notre pays confirme son ancrage dans l\u2019\u00c9tat de droit qui respecte et prot\u00e8ge les droits de tous les citoyens, dans le cadre des lois et r\u00e8glements. Il est ind\u00e9niable que la s\u00e9paration des pouvoirs est une r\u00e9alit\u00e9 au S\u00e9n\u00e9gal o\u00f9 chaque institution de la R\u00e9publique fonctionne de mani\u00e8re ind\u00e9pendante<\/em>\"<\/p>\n<p>Au-del\u00e0, analyse BBY, \"<em>le proc\u00e8s de ce jour ainsi que le verdict disqualifient totalement les mensonges et les accusations fallacieuses de monsieur Ousmane<\/em><br \/>\n<em>Sonko qui aura pass\u00e9 tout son temps \u00e0 jeter l\u2019anath\u00e8me sur les institutions de la R\u00e9publique ainsi que sur les hommes qui les incarnent. Sa condamnation est l\u2019illustration la plus parfaite de la mythomanie et de la m\u00e9galomanie de Sonko qui a \u00e9t\u00e9 jug\u00e9 pour mensonges, car ayant \u00e9t\u00e9 reconnu coupable de diffamation<\/em>\u201d.<\/p>\n<p>\u201c<em>Ceux qui pensaient voir la main du pouvoir dans ce dossier, doivent avoir honte bue, car le pouvoir Judiciaire vient de marquer encore une fois son ind\u00e9pendance, en vidant de mani\u00e8re \u00e9loquente un simple conflit qui opposait deux citoyens. Aujourd\u2019hui, il appara\u00eet clairement que le sieur Ousmane<\/em><br \/>\n<em>Sonko doit r\u00e9pondre des sc\u00e8nes de violence ayant entra\u00een\u00e9 la mort d\u2019hommes, la destruction de biens ainsi que les vaines tentatives de soul\u00e8vement des jeunes contre les forces de l\u2019ordre<\/em>\u201d, souligne BBY.<\/p>\n<p>BBY fait ainsi remarquer que \"<em>ce proc\u00e8s \u00e9tait une cause individuelle qui n\u2019engageait que la personne de Sonko qui avait d\u00e9lib\u00e9r\u00e9ment diffam\u00e9 un citoyen, de mani\u00e8re p\u00e9remptoire et publique. Les S\u00e9n\u00e9galais ont compris et ne sont jamais entr\u00e9s dans le jeu. De m\u00eame, il faut saluer le professionnalisme des forces de d\u00e9fense et de s\u00e9curit\u00e9 qui ont, de mani\u00e8re responsable, parce que r\u00e9publicaine, assur\u00e9, partout dans le pays, l\u2019ordre public et la protection des personnes et des biens<\/em>\"<\/p>\n<div class='share-to-whatsapp-wrapper'><div class='share-on-whsp'>PARTAGER SUR : <\/div><a data-text='EN COULISSES - \"Ceux qui pensaient voir la main du pouvoir, doivent avoir honte...\"' data-link='https:\/\/www.nettali.com\/2023\/03\/31\/en-coulisses-ceux-qui-pensaient-voir-la-main-du-pouvoir-doivent-avoir-honte\/' class='whatsapp-button whatsapp-share'>WhatsApp<\/a><div class='clear '><\/div><\/div>","protected":false},"excerpt":{"rendered":"<p>NETTALI.COM - Tout comme le parti d'Ousmane Sonko, Benno Bokk Yaakaar a partag\u00e9 sa lecture du proc\u00e8s. Selon la coalition dirig\u00e9e par Macky Sall, \"il convient de saluer l\u2019ind\u00e9pendance de la justice s\u00e9n\u00e9galaise qui a dit le droit, dans le respect strict des r\u00e8gles et proc\u00e9dures qui fondent l\u2019action judiciaire.\" Poursuivant dans ses explications, celle-ci [&hellip;]<\/p>\n","protected":false},"author":2,"featured_media":107120,"comment_status":"open","ping_status":"open","sticky":false,"template":"","format":"standard","meta":{"_et_pb_use_builder":"","_et_pb_old_content":""},"categories":[34945],"tags":[],"yoast_head":"<!-- This site is optimized with the Yoast SEO Premium plugin v17.8 (Yoast SEO v17.8) - https:\/\/yoast.com\/wordpress\/plugins\/seo\/ -->\n<title>EN COULISSES - &quot;Ceux qui pensaient voir la main du pouvoir, doivent avoir honte...&quot; | Nettali.com<\/title>\n<meta name=\"robots\" content=\"index, follow, max-snippet:-1, max-image-preview:large, max-video-preview:-1\" \/>\n<link rel=\"canonical\" href=\"https:\/\/www.nettali.com\/2023\/03\/31\/en-coulisses-ceux-qui-pensaient-voir-la-main-du-pouvoir-doivent-avoir-honte\/\" \/>\n<meta property=\"og:locale\" content=\"fr_FR\" \/>\n<meta property=\"og:type\" content=\"article\" \/>\n<meta property=\"og:title\" content=\"EN COULISSES - &quot;Ceux qui pensaient voir la main du pouvoir, doivent avoir honte...&quot;\" \/>\n<meta property=\"og:description\" content=\"NETTALI.COM - Tout comme le parti d&#039;Ousmane Sonko, Benno Bokk Yaakaar a partag\u00e9 sa lecture du proc\u00e8s. Selon la coalition dirig\u00e9e par Macky Sall, &quot;il convient de saluer l\u2019ind\u00e9pendance de la justice s\u00e9n\u00e9galaise qui a dit le droit, dans le respect strict des r\u00e8gles et proc\u00e9dures qui fondent l\u2019action judiciaire.&quot; Poursuivant dans ses explications, celle-ci [&hellip;]\" \/>\n<meta property=\"og:url\" content=\"https:\/\/www.nettali.com\/2023\/03\/31\/en-coulisses-ceux-qui-pensaient-voir-la-main-du-pouvoir-doivent-avoir-honte\/\" \/>\n<meta property=\"og:site_name\" content=\"Nettali.com\" \/>\n<meta property=\"article:publisher\" content=\"https:\/\/www.facebook.com\/nettalicom\" \/>\n<meta property=\"article:published_time\" content=\"2023-03-31T08:53:12+00:00\" \/>\n<meta property=\"og:image\" content=\"https:\/\/www.nettali.com\/wp-content\/uploads\/2023\/03\/bby_serneplus_copyright_0.jpg\" \/>\n\t<meta property=\"og:image:width\" content=\"800\" \/>\n\t<meta property=\"og:image:height\" content=\"490\" \/>\n<meta name=\"twitter:card\" content=\"summary_large_image\" \/>\n<meta name=\"twitter:label1\" content=\"\u00c9crit par\" \/>\n\t<meta name=\"twitter:data1\" content=\"CK\" \/>\n\t<meta name=\"twitter:label2\" content=\"Dur\u00e9e de lecture estim\u00e9e\" \/>\n\t<meta name=\"twitter:data2\" content=\"2 minutes\" \/>\n<script type=\"application\/ld+json\" class=\"yoast-schema-graph\">{\"@context\":\"https:\/\/schema.org\",\"@graph\":[{\"@type\":\"WebSite\",\"@id\":\"https:\/\/www.nettali.com\/#website\",\"url\":\"https:\/\/www.nettali.com\/\",\"name\":\"Nettali.com\",\"description\":\"Le rendez-vous critique du Net\",\"potentialAction\":[{\"@type\":\"SearchAction\",\"target\":{\"@type\":\"EntryPoint\",\"urlTemplate\":\"https:\/\/www.nettali.com\/?s={search_term_string}\"},\"query-input\":\"required name=search_term_string\"}],\"inLanguage\":\"fr-FR\"},{\"@type\":\"ImageObject\",\"@id\":\"https:\/\/www.nettali.com\/2023\/03\/31\/en-coulisses-ceux-qui-pensaient-voir-la-main-du-pouvoir-doivent-avoir-honte\/#primaryimage\",\"inLanguage\":\"fr-FR\",\"url\":\"https:\/\/www.nettali.com\/wp-content\/uploads\/2023\/03\/bby_serneplus_copyright_0.jpg\",\"contentUrl\":\"https:\/\/www.nettali.com\/wp-content\/uploads\/2023\/03\/bby_serneplus_copyright_0.jpg\",\"width\":800,\"height\":490},{\"@type\":\"WebPage\",\"@id\":\"https:\/\/www.nettali.com\/2023\/03\/31\/en-coulisses-ceux-qui-pensaient-voir-la-main-du-pouvoir-doivent-avoir-honte\/#webpage\",\"url\":\"https:\/\/www.nettali.com\/2023\/03\/31\/en-coulisses-ceux-qui-pensaient-voir-la-main-du-pouvoir-doivent-avoir-honte\/\",\"name\":\"EN COULISSES - \\\"Ceux qui pensaient voir la main du pouvoir, doivent avoir honte...\\\" | Nettali.com\",\"isPartOf\":{\"@id\":\"https:\/\/www.nettali.com\/#website\"},\"primaryImageOfPage\":{\"@id\":\"https:\/\/www.nettali.com\/2023\/03\/31\/en-coulisses-ceux-qui-pensaient-voir-la-main-du-pouvoir-doivent-avoir-honte\/#primaryimage\"},\"datePublished\":\"2023-03-31T08:53:12+00:00\",\"dateModified\":\"2023-03-31T08:53:12+00:00\",\"author\":{\"@id\":\"https:\/\/www.nettali.com\/#\/schema\/person\/d8ac7b7e27ddad43f1c0d2ef090d7f71\"},\"breadcrumb\":{\"@id\":\"https:\/\/www.nettali.com\/2023\/03\/31\/en-coulisses-ceux-qui-pensaient-voir-la-main-du-pouvoir-doivent-avoir-honte\/#breadcrumb\"},\"inLanguage\":\"fr-FR\",\"potentialAction\":[{\"@type\":\"ReadAction\",\"target\":[\"https:\/\/www.nettali.com\/2023\/03\/31\/en-coulisses-ceux-qui-pensaient-voir-la-main-du-pouvoir-doivent-avoir-honte\/\"]}]},{\"@type\":\"BreadcrumbList\",\"@id\":\"https:\/\/www.nettali.com\/2023\/03\/31\/en-coulisses-ceux-qui-pensaient-voir-la-main-du-pouvoir-doivent-avoir-honte\/#breadcrumb\",\"itemListElement\":[{\"@type\":\"ListItem\",\"position\":1,\"name\":\"Accueil\",\"item\":\"https:\/\/www.nettali.com\/\"},{\"@type\":\"ListItem\",\"position\":2,\"name\":\"EN COULISSES - \\\"Ceux qui pensaient voir la main du pouvoir, doivent avoir honte...\\\"\"}]},{\"@type\":\"Person\",\"@id\":\"https:\/\/www.nettali.com\/#\/schema\/person\/d8ac7b7e27ddad43f1c0d2ef090d7f71\",\"name\":\"CK\",\"image\":{\"@type\":\"ImageObject\",\"@id\":\"https:\/\/www.nettali.com\/#personlogo\",\"inLanguage\":\"fr-FR\",\"url\":\"https:\/\/secure.gravatar.com\/avatar\/1d8d5118b9327d94da7cd4ce7f17fec2?s=96&d=mm&r=g\",\"contentUrl\":\"https:\/\/secure.gravatar.com\/avatar\/1d8d5118b9327d94da7cd4ce7f17fec2?s=96&d=mm&r=g\",\"caption\":\"CK\"},\"sameAs\":[\"https:\/\/www.nettali.com\"]}]}<\/script>\n<!-- \/ Yoast SEO Premium plugin. -->","yoast_head_json":{"title":"EN COULISSES - \"Ceux qui pensaient voir la main du pouvoir, doivent avoir honte...\" | Nettali.com","robots":{"index":"index","follow":"follow","max-snippet":"max-snippet:-1","max-image-preview":"max-image-preview:large","max-video-preview":"max-video-preview:-1"},"canonical":"https:\/\/www.nettali.com\/2023\/03\/31\/en-coulisses-ceux-qui-pensaient-voir-la-main-du-pouvoir-doivent-avoir-honte\/","og_locale":"fr_FR","og_type":"article","og_title":"EN COULISSES - \"Ceux qui pensaient voir la main du pouvoir, doivent avoir honte...\"","og_description":"NETTALI.COM - Tout comme le parti d'Ousmane Sonko, Benno Bokk Yaakaar a partag\u00e9 sa lecture du proc\u00e8s. Selon la coalition dirig\u00e9e par Macky Sall, \"il convient de saluer l\u2019ind\u00e9pendance de la justice s\u00e9n\u00e9galaise qui a dit le droit, dans le respect strict des r\u00e8gles et proc\u00e9dures qui fondent l\u2019action judiciaire.\" Poursuivant dans ses explications, celle-ci [&hellip;]","og_url":"https:\/\/www.nettali.com\/2023\/03\/31\/en-coulisses-ceux-qui-pensaient-voir-la-main-du-pouvoir-doivent-avoir-honte\/","og_site_name":"Nettali.com","article_publisher":"https:\/\/www.facebook.com\/nettalicom","article_published_time":"2023-03-31T08:53:12+00:00","og_image":[{"width":800,"height":490,"url":"https:\/\/www.nettali.com\/wp-content\/uploads\/2023\/03\/bby_serneplus_copyright_0.jpg","type":"image\/jpeg"}],"twitter_card":"summary_large_image","twitter_misc":{"\u00c9crit par":"CK","Dur\u00e9e de lecture estim\u00e9e":"2 minutes"},"schema":{"@context":"https:\/\/schema.org","@graph":[{"@type":"WebSite","@id":"https:\/\/www.nettali.com\/#website","url":"https:\/\/www.nettali.com\/","name":"Nettali.com","description":"Le rendez-vous critique du Net","potentialAction":[{"@type":"SearchAction","target":{"@type":"EntryPoint","urlTemplate":"https:\/\/www.nettali.com\/?s={search_term_string}"},"query-input":"required name=search_term_string"}],"inLanguage":"fr-FR"},{"@type":"ImageObject","@id":"https:\/\/www.nettali.com\/2023\/03\/31\/en-coulisses-ceux-qui-pensaient-voir-la-main-du-pouvoir-doivent-avoir-honte\/#primaryimage","inLanguage":"fr-FR","url":"https:\/\/www.nettali.com\/wp-content\/uploads\/2023\/03\/bby_serneplus_copyright_0.jpg","contentUrl":"https:\/\/www.nettali.com\/wp-content\/uploads\/2023\/03\/bby_serneplus_copyright_0.jpg","width":800,"height":490},{"@type":"WebPage","@id":"https:\/\/www.nettali.com\/2023\/03\/31\/en-coulisses-ceux-qui-pensaient-voir-la-main-du-pouvoir-doivent-avoir-honte\/#webpage","url":"https:\/\/www.nettali.com\/2023\/03\/31\/en-coulisses-ceux-qui-pensaient-voir-la-main-du-pouvoir-doivent-avoir-honte\/","name":"EN COULISSES - \"Ceux qui pensaient voir la main du pouvoir, doivent avoir honte...\" | Nettali.com","isPartOf":{"@id":"https:\/\/www.nettali.com\/#website"},"primaryImageOfPage":{"@id":"https:\/\/www.nettali.com\/2023\/03\/31\/en-coulisses-ceux-qui-pensaient-voir-la-main-du-pouvoir-doivent-avoir-honte\/#primaryimage"},"datePublished":"2023-03-31T08:53:12+00:00","dateModified":"2023-03-31T08:53:12+00:00","author":{"@id":"https:\/\/www.nettali.com\/#\/schema\/person\/d8ac7b7e27ddad43f1c0d2ef090d7f71"},"breadcrumb":{"@id":"https:\/\/www.nettali.com\/2023\/03\/31\/en-coulisses-ceux-qui-pensaient-voir-la-main-du-pouvoir-doivent-avoir-honte\/#breadcrumb"},"inLanguage":"fr-FR","potentialAction":[{"@type":"ReadAction","target":["https:\/\/www.nettali.com\/2023\/03\/31\/en-coulisses-ceux-qui-pensaient-voir-la-main-du-pouvoir-doivent-avoir-honte\/"]}]},{"@type":"BreadcrumbList","@id":"https:\/\/www.nettali.com\/2023\/03\/31\/en-coulisses-ceux-qui-pensaient-voir-la-main-du-pouvoir-doivent-avoir-honte\/#breadcrumb","itemListElement":[{"@type":"ListItem","position":1,"name":"Accueil","item":"https:\/\/www.nettali.com\/"},{"@type":"ListItem","position":2,"name":"EN COULISSES - \"Ceux qui pensaient voir la main du pouvoir, doivent avoir honte...\""}]},{"@type":"Person","@id":"https:\/\/www.nettali.com\/#\/schema\/person\/d8ac7b7e27ddad43f1c0d2ef090d7f71","name":"CK","image":{"@type":"ImageObject","@id":"https:\/\/www.nettali.com\/#personlogo","inLanguage":"fr-FR","url":"https:\/\/secure.gravatar.com\/avatar\/1d8d5118b9327d94da7cd4ce7f17fec2?s=96&d=mm&r=g","contentUrl":"https:\/\/secure.gravatar.com\/avatar\/1d8d5118b9327d94da7cd4ce7f17fec2?s=96&d=mm&r=g","caption":"CK"},"sameAs":["https:\/\/www.nettali.com"]}]}},"_links":{"self":[{"href":"https:\/\/www.nettali.com\/rest\/wp\/v2\/posts\/107284"}],"collection":[{"href":"https:\/\/www.nettali.com\/rest\/wp\/v2\/posts"}],"about":[{"href":"https:\/\/www.nettali.com\/rest\/wp\/v2\/types\/post"}],"author":[{"embeddable":true,"href":"https:\/\/www.nettali.com\/rest\/wp\/v2\/users\/2"}],"replies":[{"embeddable":true,"href":"https:\/\/www.nettali.com\/rest\/wp\/v2\/comments?post=107284"}],"version-history":[{"count":2,"href":"https:\/\/www.nettali.com\/rest\/wp\/v2\/posts\/107284\/revisions"}],"predecessor-version":[{"id":107286,"href":"https:\/\/www.nettali.com\/rest\/wp\/v2\/posts\/107284\/revisions\/107286"}],"wp:featuredmedia":[{"embeddable":true,"href":"https:\/\/www.nettali.com\/rest\/wp\/v2\/media\/107120"}],"wp:attachment":[{"href":"https:\/\/www.nettali.com\/rest\/wp\/v2\/media?parent=107284"}],"wp:term":[{"taxonomy":"category","embeddable":true,"href":"https:\/\/www.nettali.com\/rest\/wp\/v2\/categories?post=107284"},{"taxonomy":"post_tag","embeddable":true,"href":"https:\/\/www.nettali.com\/rest\/wp\/v2\/tags?post=107284"}],"curies":[{"name":"wp","href":"https:\/\/api.w.org\/{rel}","templated":true}]}}