{"id":107282,"date":"2023-03-31T08:54:50","date_gmt":"2023-03-31T08:54:50","guid":{"rendered":"https:\/\/www.nettali.com\/?p=107282"},"modified":"2023-03-31T08:54:50","modified_gmt":"2023-03-31T08:54:50","slug":"en-coulissses-pastef-pas-daccord-bis","status":"publish","type":"post","link":"https:\/\/www.nettali.com\/2023\/03\/31\/en-coulissses-pastef-pas-daccord-bis\/","title":{"rendered":"EN COULISSSES - Pastef, pas d'accord ! (bis)"},"content":{"rendered":"<p><strong>NETTALI.COM -<\/strong> Pour rester sur le communiqu\u00e9, notons que le bureau politique de Pastef ne s'en est pas limit\u00e9 \u00e0 souligner son d\u00e9saccord sur l'issue du proc\u00e8s. Il a jug\u00e9 la justice complice d'un certain nombre de faits, parce que selon lui, elle est \"<em>muette sur toutes les violences et violations subies par le pr\u00e9sident Ousmane Sonko depuis l\u2019annonce de ce simulacre de proc\u00e8s : restriction de ses libert\u00e9s fondamentales de circulation, de r\u00e9union, de culte, etc., atteintes r\u00e9p\u00e9t\u00e9es \u00e0 son int\u00e9grit\u00e9 physique, destruction de biens lui appartenant, privation de soins urgents par une intervention polici\u00e8re muscl\u00e9e, intimidation et arrestation de membres du personnel <\/em><em>m\u00e9dical dans le seul but de leur faire divulguer son dossier m\u00e9dical, suspension de ou reconduction aux fronti\u00e8res de ses avocats\u2026<\/em>\u201d<\/p>\n<p>Pourtant, font-ils remarquer, \"<em>toutes ces violences et violations de ses droits, en tant que justiciable, commises au vu et au su de tout le monde sont d\u2019une<\/em><br \/>\n<em>extr\u00eame gravit\u00e9. Non seulement il n\u2019y a pas auto-saisine du procureur sur aucun de ces faits, mais aucune des plaintes d\u00e9pos\u00e9es par le pr\u00e9sident Sonko n\u2019a fait l\u2019objet d\u2019une instruction<\/em>\".<\/p>\n<p>Par cons\u00e9quent, ces patriotes \"<em>rejettent totalement ce honteux verdict et appellent les militants et sympathisants \u00e0 se mobiliser davantage pour \u00eatre mieux pr\u00e9par\u00e9s \u00e0 mener les batailles pour la lib\u00e9ration des otages de Macky Sall et surtout contre sa troisi\u00e8me candidature ill\u00e9gale et immorale. Les patriotes restent particuli\u00e8rement vigilants sur l\u2019\u00e9volution de l\u2019\u00e9tat de sant\u00e9 encore fragile du pr\u00e9sident Ousmane Sonko, \u00e0 la suite de la tentative d\u2019assassinat contre sa personne<\/em>\".<\/p>\n<p>Les partisans d\u2019Ousmane Sonko ont remerci\u00e9 tous ceux qui ont soutenu leur leader. Ils appellent leurs militants et sympathisants \u00e0 maintenir la mobilisation sur tous les terrains de la lutte pour d\u00e9fendre le projet et son porteur. \u201c<em>Pastef \/Les patriotes r\u00e9affirme sa position claire sur la jouissance non n\u00e9gociable des droits civils et politiques de l'unique candidat d\u00e9clar\u00e9 du parti pour la Pr\u00e9sidentielle de 2024, en l'occurrence son pr\u00e9sident monsieur Ousmane Sonko. Il ne sera d\u00e9sormais plus question de badiner sur des droits inali\u00e9nables<\/em>\u201d, ajoute le communiqu\u00e9.<\/p>\n<div class='share-to-whatsapp-wrapper'><div class='share-on-whsp'>PARTAGER SUR : <\/div><a data-text='EN COULISSSES - Pastef, pas d'accord ! (bis)' data-link='https:\/\/www.nettali.com\/2023\/03\/31\/en-coulissses-pastef-pas-daccord-bis\/' class='whatsapp-button whatsapp-share'>WhatsApp<\/a><div class='clear '><\/div><\/div>","protected":false},"excerpt":{"rendered":"<p>NETTALI.COM - Pour rester sur le communiqu\u00e9, notons que le bureau politique de Pastef ne s'en est pas limit\u00e9 \u00e0 souligner son d\u00e9saccord sur l'issue du proc\u00e8s. Il a jug\u00e9 la justice complice d'un certain nombre de faits, parce que selon lui, elle est \"muette sur toutes les violences et violations subies par le pr\u00e9sident [&hellip;]<\/p>\n","protected":false},"author":2,"featured_media":107191,"comment_status":"open","ping_status":"open","sticky":false,"template":"","format":"standard","meta":{"_et_pb_use_builder":"","_et_pb_old_content":""},"categories":[34945],"tags":[],"yoast_head":"<!-- This site is optimized with the Yoast SEO Premium plugin v17.8 (Yoast SEO v17.8) - https:\/\/yoast.com\/wordpress\/plugins\/seo\/ -->\n<title>EN COULISSSES - Pastef, pas d&#039;accord ! (bis) | Nettali.com<\/title>\n<meta name=\"robots\" content=\"index, follow, max-snippet:-1, max-image-preview:large, max-video-preview:-1\" \/>\n<link rel=\"canonical\" href=\"https:\/\/www.nettali.com\/2023\/03\/31\/en-coulissses-pastef-pas-daccord-bis\/\" \/>\n<meta property=\"og:locale\" content=\"fr_FR\" \/>\n<meta property=\"og:type\" content=\"article\" \/>\n<meta property=\"og:title\" content=\"EN COULISSSES - Pastef, pas d&#039;accord ! (bis)\" \/>\n<meta property=\"og:description\" content=\"NETTALI.COM - Pour rester sur le communiqu\u00e9, notons que le bureau politique de Pastef ne s&#039;en est pas limit\u00e9 \u00e0 souligner son d\u00e9saccord sur l&#039;issue du proc\u00e8s. Il a jug\u00e9 la justice complice d&#039;un certain nombre de faits, parce que selon lui, elle est &quot;muette sur toutes les violences et violations subies par le pr\u00e9sident [&hellip;]\" \/>\n<meta property=\"og:url\" content=\"https:\/\/www.nettali.com\/2023\/03\/31\/en-coulissses-pastef-pas-daccord-bis\/\" \/>\n<meta property=\"og:site_name\" content=\"Nettali.com\" \/>\n<meta property=\"article:publisher\" content=\"https:\/\/www.facebook.com\/nettalicom\" \/>\n<meta property=\"article:published_time\" content=\"2023-03-31T08:54:50+00:00\" \/>\n<meta property=\"og:image\" content=\"https:\/\/www.nettali.com\/wp-content\/uploads\/2023\/03\/mame-mbaye-niang-vs-ousmane-sonko-1-800x445-696x387-1.jpg\" \/>\n\t<meta property=\"og:image:width\" content=\"660\" \/>\n\t<meta property=\"og:image:height\" content=\"330\" \/>\n<meta name=\"twitter:card\" content=\"summary_large_image\" \/>\n<meta name=\"twitter:label1\" content=\"\u00c9crit par\" \/>\n\t<meta name=\"twitter:data1\" content=\"CK\" \/>\n\t<meta name=\"twitter:label2\" content=\"Dur\u00e9e de lecture estim\u00e9e\" \/>\n\t<meta name=\"twitter:data2\" content=\"2 minutes\" \/>\n<script type=\"application\/ld+json\" class=\"yoast-schema-graph\">{\"@context\":\"https:\/\/schema.org\",\"@graph\":[{\"@type\":\"WebSite\",\"@id\":\"https:\/\/www.nettali.com\/#website\",\"url\":\"https:\/\/www.nettali.com\/\",\"name\":\"Nettali.com\",\"description\":\"Le rendez-vous critique du Net\",\"potentialAction\":[{\"@type\":\"SearchAction\",\"target\":{\"@type\":\"EntryPoint\",\"urlTemplate\":\"https:\/\/www.nettali.com\/?s={search_term_string}\"},\"query-input\":\"required name=search_term_string\"}],\"inLanguage\":\"fr-FR\"},{\"@type\":\"ImageObject\",\"@id\":\"https:\/\/www.nettali.com\/2023\/03\/31\/en-coulissses-pastef-pas-daccord-bis\/#primaryimage\",\"inLanguage\":\"fr-FR\",\"url\":\"https:\/\/www.nettali.com\/wp-content\/uploads\/2023\/03\/mame-mbaye-niang-vs-ousmane-sonko-1-800x445-696x387-1.jpg\",\"contentUrl\":\"https:\/\/www.nettali.com\/wp-content\/uploads\/2023\/03\/mame-mbaye-niang-vs-ousmane-sonko-1-800x445-696x387-1.jpg\",\"width\":660,\"height\":330},{\"@type\":\"WebPage\",\"@id\":\"https:\/\/www.nettali.com\/2023\/03\/31\/en-coulissses-pastef-pas-daccord-bis\/#webpage\",\"url\":\"https:\/\/www.nettali.com\/2023\/03\/31\/en-coulissses-pastef-pas-daccord-bis\/\",\"name\":\"EN COULISSSES - Pastef, pas d'accord ! (bis) | Nettali.com\",\"isPartOf\":{\"@id\":\"https:\/\/www.nettali.com\/#website\"},\"primaryImageOfPage\":{\"@id\":\"https:\/\/www.nettali.com\/2023\/03\/31\/en-coulissses-pastef-pas-daccord-bis\/#primaryimage\"},\"datePublished\":\"2023-03-31T08:54:50+00:00\",\"dateModified\":\"2023-03-31T08:54:50+00:00\",\"author\":{\"@id\":\"https:\/\/www.nettali.com\/#\/schema\/person\/d8ac7b7e27ddad43f1c0d2ef090d7f71\"},\"breadcrumb\":{\"@id\":\"https:\/\/www.nettali.com\/2023\/03\/31\/en-coulissses-pastef-pas-daccord-bis\/#breadcrumb\"},\"inLanguage\":\"fr-FR\",\"potentialAction\":[{\"@type\":\"ReadAction\",\"target\":[\"https:\/\/www.nettali.com\/2023\/03\/31\/en-coulissses-pastef-pas-daccord-bis\/\"]}]},{\"@type\":\"BreadcrumbList\",\"@id\":\"https:\/\/www.nettali.com\/2023\/03\/31\/en-coulissses-pastef-pas-daccord-bis\/#breadcrumb\",\"itemListElement\":[{\"@type\":\"ListItem\",\"position\":1,\"name\":\"Accueil\",\"item\":\"https:\/\/www.nettali.com\/\"},{\"@type\":\"ListItem\",\"position\":2,\"name\":\"EN COULISSSES - Pastef, pas d'accord ! (bis)\"}]},{\"@type\":\"Person\",\"@id\":\"https:\/\/www.nettali.com\/#\/schema\/person\/d8ac7b7e27ddad43f1c0d2ef090d7f71\",\"name\":\"CK\",\"image\":{\"@type\":\"ImageObject\",\"@id\":\"https:\/\/www.nettali.com\/#personlogo\",\"inLanguage\":\"fr-FR\",\"url\":\"https:\/\/secure.gravatar.com\/avatar\/1d8d5118b9327d94da7cd4ce7f17fec2?s=96&d=mm&r=g\",\"contentUrl\":\"https:\/\/secure.gravatar.com\/avatar\/1d8d5118b9327d94da7cd4ce7f17fec2?s=96&d=mm&r=g\",\"caption\":\"CK\"},\"sameAs\":[\"https:\/\/www.nettali.com\"]}]}<\/script>\n<!-- \/ Yoast SEO Premium plugin. -->","yoast_head_json":{"title":"EN COULISSSES - Pastef, pas d'accord ! (bis) | Nettali.com","robots":{"index":"index","follow":"follow","max-snippet":"max-snippet:-1","max-image-preview":"max-image-preview:large","max-video-preview":"max-video-preview:-1"},"canonical":"https:\/\/www.nettali.com\/2023\/03\/31\/en-coulissses-pastef-pas-daccord-bis\/","og_locale":"fr_FR","og_type":"article","og_title":"EN COULISSSES - Pastef, pas d'accord ! (bis)","og_description":"NETTALI.COM - Pour rester sur le communiqu\u00e9, notons que le bureau politique de Pastef ne s'en est pas limit\u00e9 \u00e0 souligner son d\u00e9saccord sur l'issue du proc\u00e8s. Il a jug\u00e9 la justice complice d'un certain nombre de faits, parce que selon lui, elle est \"muette sur toutes les violences et violations subies par le pr\u00e9sident [&hellip;]","og_url":"https:\/\/www.nettali.com\/2023\/03\/31\/en-coulissses-pastef-pas-daccord-bis\/","og_site_name":"Nettali.com","article_publisher":"https:\/\/www.facebook.com\/nettalicom","article_published_time":"2023-03-31T08:54:50+00:00","og_image":[{"width":660,"height":330,"url":"https:\/\/www.nettali.com\/wp-content\/uploads\/2023\/03\/mame-mbaye-niang-vs-ousmane-sonko-1-800x445-696x387-1.jpg","type":"image\/jpeg"}],"twitter_card":"summary_large_image","twitter_misc":{"\u00c9crit par":"CK","Dur\u00e9e de lecture estim\u00e9e":"2 minutes"},"schema":{"@context":"https:\/\/schema.org","@graph":[{"@type":"WebSite","@id":"https:\/\/www.nettali.com\/#website","url":"https:\/\/www.nettali.com\/","name":"Nettali.com","description":"Le rendez-vous critique du Net","potentialAction":[{"@type":"SearchAction","target":{"@type":"EntryPoint","urlTemplate":"https:\/\/www.nettali.com\/?s={search_term_string}"},"query-input":"required name=search_term_string"}],"inLanguage":"fr-FR"},{"@type":"ImageObject","@id":"https:\/\/www.nettali.com\/2023\/03\/31\/en-coulissses-pastef-pas-daccord-bis\/#primaryimage","inLanguage":"fr-FR","url":"https:\/\/www.nettali.com\/wp-content\/uploads\/2023\/03\/mame-mbaye-niang-vs-ousmane-sonko-1-800x445-696x387-1.jpg","contentUrl":"https:\/\/www.nettali.com\/wp-content\/uploads\/2023\/03\/mame-mbaye-niang-vs-ousmane-sonko-1-800x445-696x387-1.jpg","width":660,"height":330},{"@type":"WebPage","@id":"https:\/\/www.nettali.com\/2023\/03\/31\/en-coulissses-pastef-pas-daccord-bis\/#webpage","url":"https:\/\/www.nettali.com\/2023\/03\/31\/en-coulissses-pastef-pas-daccord-bis\/","name":"EN COULISSSES - Pastef, pas d'accord ! (bis) | Nettali.com","isPartOf":{"@id":"https:\/\/www.nettali.com\/#website"},"primaryImageOfPage":{"@id":"https:\/\/www.nettali.com\/2023\/03\/31\/en-coulissses-pastef-pas-daccord-bis\/#primaryimage"},"datePublished":"2023-03-31T08:54:50+00:00","dateModified":"2023-03-31T08:54:50+00:00","author":{"@id":"https:\/\/www.nettali.com\/#\/schema\/person\/d8ac7b7e27ddad43f1c0d2ef090d7f71"},"breadcrumb":{"@id":"https:\/\/www.nettali.com\/2023\/03\/31\/en-coulissses-pastef-pas-daccord-bis\/#breadcrumb"},"inLanguage":"fr-FR","potentialAction":[{"@type":"ReadAction","target":["https:\/\/www.nettali.com\/2023\/03\/31\/en-coulissses-pastef-pas-daccord-bis\/"]}]},{"@type":"BreadcrumbList","@id":"https:\/\/www.nettali.com\/2023\/03\/31\/en-coulissses-pastef-pas-daccord-bis\/#breadcrumb","itemListElement":[{"@type":"ListItem","position":1,"name":"Accueil","item":"https:\/\/www.nettali.com\/"},{"@type":"ListItem","position":2,"name":"EN COULISSSES - Pastef, pas d'accord ! (bis)"}]},{"@type":"Person","@id":"https:\/\/www.nettali.com\/#\/schema\/person\/d8ac7b7e27ddad43f1c0d2ef090d7f71","name":"CK","image":{"@type":"ImageObject","@id":"https:\/\/www.nettali.com\/#personlogo","inLanguage":"fr-FR","url":"https:\/\/secure.gravatar.com\/avatar\/1d8d5118b9327d94da7cd4ce7f17fec2?s=96&d=mm&r=g","contentUrl":"https:\/\/secure.gravatar.com\/avatar\/1d8d5118b9327d94da7cd4ce7f17fec2?s=96&d=mm&r=g","caption":"CK"},"sameAs":["https:\/\/www.nettali.com"]}]}},"_links":{"self":[{"href":"https:\/\/www.nettali.com\/rest\/wp\/v2\/posts\/107282"}],"collection":[{"href":"https:\/\/www.nettali.com\/rest\/wp\/v2\/posts"}],"about":[{"href":"https:\/\/www.nettali.com\/rest\/wp\/v2\/types\/post"}],"author":[{"embeddable":true,"href":"https:\/\/www.nettali.com\/rest\/wp\/v2\/users\/2"}],"replies":[{"embeddable":true,"href":"https:\/\/www.nettali.com\/rest\/wp\/v2\/comments?post=107282"}],"version-history":[{"count":1,"href":"https:\/\/www.nettali.com\/rest\/wp\/v2\/posts\/107282\/revisions"}],"predecessor-version":[{"id":107283,"href":"https:\/\/www.nettali.com\/rest\/wp\/v2\/posts\/107282\/revisions\/107283"}],"wp:featuredmedia":[{"embeddable":true,"href":"https:\/\/www.nettali.com\/rest\/wp\/v2\/media\/107191"}],"wp:attachment":[{"href":"https:\/\/www.nettali.com\/rest\/wp\/v2\/media?parent=107282"}],"wp:term":[{"taxonomy":"category","embeddable":true,"href":"https:\/\/www.nettali.com\/rest\/wp\/v2\/categories?post=107282"},{"taxonomy":"post_tag","embeddable":true,"href":"https:\/\/www.nettali.com\/rest\/wp\/v2\/tags?post=107282"}],"curies":[{"name":"wp","href":"https:\/\/api.w.org\/{rel}","templated":true}]}}