{"id":107280,"date":"2023-03-31T08:55:38","date_gmt":"2023-03-31T08:55:38","guid":{"rendered":"https:\/\/www.nettali.com\/?p=107280"},"modified":"2023-03-31T08:55:38","modified_gmt":"2023-03-31T08:55:38","slug":"en-coulisses-pastef-pas-daccord","status":"publish","type":"post","link":"https:\/\/www.nettali.com\/2023\/03\/31\/en-coulisses-pastef-pas-daccord\/","title":{"rendered":"EN COULISSES - Pastef, pas d'accord !"},"content":{"rendered":"<p><strong>NETTALI.COM -<\/strong> Apr\u00e8s l\u2019annonce du d\u00e9lib\u00e9r\u00e9 du proc\u00e8s opposant Mame Mbaye Niang \u00e0 Ousmane Sonko, le Bureau ex\u00e9cutif de Pastef\/Les patriotes a sorti un communiqu\u00e9. Et c'est pour d\u00e9noncer ce qu'il consid\u00e8re comme un simulacre de proc\u00e8s.<\/p>\n<p>\u201c<em>Les patriotes condamnent et d\u00e9noncent vigoureusement ce simulacre de proc\u00e8s du 30 mars 2023 qui a abouti \u00e0 une condamnation du pr\u00e9sident Ousmane<\/em><br \/>\n<em>Sonko \u00e0 deux mois avec sursis et \u00e0 l\u2019octroi d\u2019une prime de vol de deniers publics d\u2019un montant de 200 millions au sieur Mame Mbaye Niang. Les patriotes rappellent que l\u2019affaire Prodac n\u2019est pas une invention du pr\u00e9sident Ousmane Sonko qui a \u00e9t\u00e9 le dernier \u00e0 l\u2019\u00e9voquer en lisant un rapport dont la fuite, dans la presse, confirm\u00e9e par le ministre en charge des Finances d\u2019alors, monsieur Amadou Ba, avait provoqu\u00e9 la d\u00e9mission du mis en cause<\/em>\u201d, ont \u00e9crit dans leur note les partisans de M. Sonko.<\/p>\n<p>\"<em>Jamais monsieur Mame Mbaye Niang n\u2019a \u00e9t\u00e9 entendu par un magistrat instructeur, b\u00e9n\u00e9ficiant ainsi du coude protecteur du pr\u00e9sident Macky Sall. Seul un<\/em><br \/>\n<em>jugement visant \u00e0 \u00e9lucider ce \u00abcarnage financier\u00bb aurait pu pr\u00e9tendre le blanchir, mais pas une parodie de justice qui laisse les voleurs et s\u2019attaque \u00e0 leurs d\u00e9nonciateurs. Que Mame Mbaye Niang comprenne donc qu\u2019aux yeux du peuple s\u00e9n\u00e9galais, il restera \u00e9ternellement voleur qui aura contribu\u00e9 \u00e0 augmenter le ch\u00f4mage dans notre pays<\/em>\", d\u00e9clarent-ils.<\/p>\n<p>En outre, pour eux, ce proc\u00e8s vient montrer une fois de plus qu\u2019il y a du deux poids deux mesures dans la gestion des affaires judiciaires.<\/p>\n<div class='share-to-whatsapp-wrapper'><div class='share-on-whsp'>PARTAGER SUR : <\/div><a data-text='EN COULISSES - Pastef, pas d'accord !' data-link='https:\/\/www.nettali.com\/2023\/03\/31\/en-coulisses-pastef-pas-daccord\/' class='whatsapp-button whatsapp-share'>WhatsApp<\/a><div class='clear '><\/div><\/div>","protected":false},"excerpt":{"rendered":"<p>NETTALI.COM - Apr\u00e8s l\u2019annonce du d\u00e9lib\u00e9r\u00e9 du proc\u00e8s opposant Mame Mbaye Niang \u00e0 Ousmane Sonko, le Bureau ex\u00e9cutif de Pastef\/Les patriotes a sorti un communiqu\u00e9. Et c'est pour d\u00e9noncer ce qu'il consid\u00e8re comme un simulacre de proc\u00e8s. \u201cLes patriotes condamnent et d\u00e9noncent vigoureusement ce simulacre de proc\u00e8s du 30 mars 2023 qui a abouti \u00e0 [&hellip;]<\/p>\n","protected":false},"author":2,"featured_media":107112,"comment_status":"open","ping_status":"open","sticky":false,"template":"","format":"standard","meta":{"_et_pb_use_builder":"","_et_pb_old_content":""},"categories":[34945],"tags":[],"yoast_head":"<!-- This site is optimized with the Yoast SEO Premium plugin v17.8 (Yoast SEO v17.8) - https:\/\/yoast.com\/wordpress\/plugins\/seo\/ -->\n<title>EN COULISSES - Pastef, pas d&#039;accord ! | Nettali.com<\/title>\n<meta name=\"robots\" content=\"index, follow, max-snippet:-1, max-image-preview:large, max-video-preview:-1\" \/>\n<link rel=\"canonical\" href=\"https:\/\/www.nettali.com\/2023\/03\/31\/en-coulisses-pastef-pas-daccord\/\" \/>\n<meta property=\"og:locale\" content=\"fr_FR\" \/>\n<meta property=\"og:type\" content=\"article\" \/>\n<meta property=\"og:title\" content=\"EN COULISSES - Pastef, pas d&#039;accord !\" \/>\n<meta property=\"og:description\" content=\"NETTALI.COM - Apr\u00e8s l\u2019annonce du d\u00e9lib\u00e9r\u00e9 du proc\u00e8s opposant Mame Mbaye Niang \u00e0 Ousmane Sonko, le Bureau ex\u00e9cutif de Pastef\/Les patriotes a sorti un communiqu\u00e9. Et c&#039;est pour d\u00e9noncer ce qu&#039;il consid\u00e8re comme un simulacre de proc\u00e8s. \u201cLes patriotes condamnent et d\u00e9noncent vigoureusement ce simulacre de proc\u00e8s du 30 mars 2023 qui a abouti \u00e0 [&hellip;]\" \/>\n<meta property=\"og:url\" content=\"https:\/\/www.nettali.com\/2023\/03\/31\/en-coulisses-pastef-pas-daccord\/\" \/>\n<meta property=\"og:site_name\" content=\"Nettali.com\" \/>\n<meta property=\"article:publisher\" content=\"https:\/\/www.facebook.com\/nettalicom\" \/>\n<meta property=\"article:published_time\" content=\"2023-03-31T08:55:38+00:00\" \/>\n<meta property=\"og:image\" content=\"https:\/\/www.nettali.com\/wp-content\/uploads\/2023\/03\/direct-meeting-de-ousmane-sonko-a-keur-massar-youtube-2023-01-22-22-47-14-1.jpg\" \/>\n\t<meta property=\"og:image:width\" content=\"979\" \/>\n\t<meta property=\"og:image:height\" content=\"564\" \/>\n<meta name=\"twitter:card\" content=\"summary_large_image\" \/>\n<meta name=\"twitter:label1\" content=\"\u00c9crit par\" \/>\n\t<meta name=\"twitter:data1\" content=\"CK\" \/>\n\t<meta name=\"twitter:label2\" content=\"Dur\u00e9e de lecture estim\u00e9e\" \/>\n\t<meta name=\"twitter:data2\" content=\"2 minutes\" \/>\n<script type=\"application\/ld+json\" class=\"yoast-schema-graph\">{\"@context\":\"https:\/\/schema.org\",\"@graph\":[{\"@type\":\"WebSite\",\"@id\":\"https:\/\/www.nettali.com\/#website\",\"url\":\"https:\/\/www.nettali.com\/\",\"name\":\"Nettali.com\",\"description\":\"Le rendez-vous critique du Net\",\"potentialAction\":[{\"@type\":\"SearchAction\",\"target\":{\"@type\":\"EntryPoint\",\"urlTemplate\":\"https:\/\/www.nettali.com\/?s={search_term_string}\"},\"query-input\":\"required name=search_term_string\"}],\"inLanguage\":\"fr-FR\"},{\"@type\":\"ImageObject\",\"@id\":\"https:\/\/www.nettali.com\/2023\/03\/31\/en-coulisses-pastef-pas-daccord\/#primaryimage\",\"inLanguage\":\"fr-FR\",\"url\":\"https:\/\/www.nettali.com\/wp-content\/uploads\/2023\/03\/direct-meeting-de-ousmane-sonko-a-keur-massar-youtube-2023-01-22-22-47-14-1.jpg\",\"contentUrl\":\"https:\/\/www.nettali.com\/wp-content\/uploads\/2023\/03\/direct-meeting-de-ousmane-sonko-a-keur-massar-youtube-2023-01-22-22-47-14-1.jpg\",\"width\":979,\"height\":564},{\"@type\":\"WebPage\",\"@id\":\"https:\/\/www.nettali.com\/2023\/03\/31\/en-coulisses-pastef-pas-daccord\/#webpage\",\"url\":\"https:\/\/www.nettali.com\/2023\/03\/31\/en-coulisses-pastef-pas-daccord\/\",\"name\":\"EN COULISSES - Pastef, pas d'accord ! | Nettali.com\",\"isPartOf\":{\"@id\":\"https:\/\/www.nettali.com\/#website\"},\"primaryImageOfPage\":{\"@id\":\"https:\/\/www.nettali.com\/2023\/03\/31\/en-coulisses-pastef-pas-daccord\/#primaryimage\"},\"datePublished\":\"2023-03-31T08:55:38+00:00\",\"dateModified\":\"2023-03-31T08:55:38+00:00\",\"author\":{\"@id\":\"https:\/\/www.nettali.com\/#\/schema\/person\/d8ac7b7e27ddad43f1c0d2ef090d7f71\"},\"breadcrumb\":{\"@id\":\"https:\/\/www.nettali.com\/2023\/03\/31\/en-coulisses-pastef-pas-daccord\/#breadcrumb\"},\"inLanguage\":\"fr-FR\",\"potentialAction\":[{\"@type\":\"ReadAction\",\"target\":[\"https:\/\/www.nettali.com\/2023\/03\/31\/en-coulisses-pastef-pas-daccord\/\"]}]},{\"@type\":\"BreadcrumbList\",\"@id\":\"https:\/\/www.nettali.com\/2023\/03\/31\/en-coulisses-pastef-pas-daccord\/#breadcrumb\",\"itemListElement\":[{\"@type\":\"ListItem\",\"position\":1,\"name\":\"Accueil\",\"item\":\"https:\/\/www.nettali.com\/\"},{\"@type\":\"ListItem\",\"position\":2,\"name\":\"EN COULISSES - Pastef, pas d'accord !\"}]},{\"@type\":\"Person\",\"@id\":\"https:\/\/www.nettali.com\/#\/schema\/person\/d8ac7b7e27ddad43f1c0d2ef090d7f71\",\"name\":\"CK\",\"image\":{\"@type\":\"ImageObject\",\"@id\":\"https:\/\/www.nettali.com\/#personlogo\",\"inLanguage\":\"fr-FR\",\"url\":\"https:\/\/secure.gravatar.com\/avatar\/1d8d5118b9327d94da7cd4ce7f17fec2?s=96&d=mm&r=g\",\"contentUrl\":\"https:\/\/secure.gravatar.com\/avatar\/1d8d5118b9327d94da7cd4ce7f17fec2?s=96&d=mm&r=g\",\"caption\":\"CK\"},\"sameAs\":[\"https:\/\/www.nettali.com\"]}]}<\/script>\n<!-- \/ Yoast SEO Premium plugin. -->","yoast_head_json":{"title":"EN COULISSES - Pastef, pas d'accord ! | Nettali.com","robots":{"index":"index","follow":"follow","max-snippet":"max-snippet:-1","max-image-preview":"max-image-preview:large","max-video-preview":"max-video-preview:-1"},"canonical":"https:\/\/www.nettali.com\/2023\/03\/31\/en-coulisses-pastef-pas-daccord\/","og_locale":"fr_FR","og_type":"article","og_title":"EN COULISSES - Pastef, pas d'accord !","og_description":"NETTALI.COM - Apr\u00e8s l\u2019annonce du d\u00e9lib\u00e9r\u00e9 du proc\u00e8s opposant Mame Mbaye Niang \u00e0 Ousmane Sonko, le Bureau ex\u00e9cutif de Pastef\/Les patriotes a sorti un communiqu\u00e9. Et c'est pour d\u00e9noncer ce qu'il consid\u00e8re comme un simulacre de proc\u00e8s. \u201cLes patriotes condamnent et d\u00e9noncent vigoureusement ce simulacre de proc\u00e8s du 30 mars 2023 qui a abouti \u00e0 [&hellip;]","og_url":"https:\/\/www.nettali.com\/2023\/03\/31\/en-coulisses-pastef-pas-daccord\/","og_site_name":"Nettali.com","article_publisher":"https:\/\/www.facebook.com\/nettalicom","article_published_time":"2023-03-31T08:55:38+00:00","og_image":[{"width":979,"height":564,"url":"https:\/\/www.nettali.com\/wp-content\/uploads\/2023\/03\/direct-meeting-de-ousmane-sonko-a-keur-massar-youtube-2023-01-22-22-47-14-1.jpg","type":"image\/jpeg"}],"twitter_card":"summary_large_image","twitter_misc":{"\u00c9crit par":"CK","Dur\u00e9e de lecture estim\u00e9e":"2 minutes"},"schema":{"@context":"https:\/\/schema.org","@graph":[{"@type":"WebSite","@id":"https:\/\/www.nettali.com\/#website","url":"https:\/\/www.nettali.com\/","name":"Nettali.com","description":"Le rendez-vous critique du Net","potentialAction":[{"@type":"SearchAction","target":{"@type":"EntryPoint","urlTemplate":"https:\/\/www.nettali.com\/?s={search_term_string}"},"query-input":"required name=search_term_string"}],"inLanguage":"fr-FR"},{"@type":"ImageObject","@id":"https:\/\/www.nettali.com\/2023\/03\/31\/en-coulisses-pastef-pas-daccord\/#primaryimage","inLanguage":"fr-FR","url":"https:\/\/www.nettali.com\/wp-content\/uploads\/2023\/03\/direct-meeting-de-ousmane-sonko-a-keur-massar-youtube-2023-01-22-22-47-14-1.jpg","contentUrl":"https:\/\/www.nettali.com\/wp-content\/uploads\/2023\/03\/direct-meeting-de-ousmane-sonko-a-keur-massar-youtube-2023-01-22-22-47-14-1.jpg","width":979,"height":564},{"@type":"WebPage","@id":"https:\/\/www.nettali.com\/2023\/03\/31\/en-coulisses-pastef-pas-daccord\/#webpage","url":"https:\/\/www.nettali.com\/2023\/03\/31\/en-coulisses-pastef-pas-daccord\/","name":"EN COULISSES - Pastef, pas d'accord ! | Nettali.com","isPartOf":{"@id":"https:\/\/www.nettali.com\/#website"},"primaryImageOfPage":{"@id":"https:\/\/www.nettali.com\/2023\/03\/31\/en-coulisses-pastef-pas-daccord\/#primaryimage"},"datePublished":"2023-03-31T08:55:38+00:00","dateModified":"2023-03-31T08:55:38+00:00","author":{"@id":"https:\/\/www.nettali.com\/#\/schema\/person\/d8ac7b7e27ddad43f1c0d2ef090d7f71"},"breadcrumb":{"@id":"https:\/\/www.nettali.com\/2023\/03\/31\/en-coulisses-pastef-pas-daccord\/#breadcrumb"},"inLanguage":"fr-FR","potentialAction":[{"@type":"ReadAction","target":["https:\/\/www.nettali.com\/2023\/03\/31\/en-coulisses-pastef-pas-daccord\/"]}]},{"@type":"BreadcrumbList","@id":"https:\/\/www.nettali.com\/2023\/03\/31\/en-coulisses-pastef-pas-daccord\/#breadcrumb","itemListElement":[{"@type":"ListItem","position":1,"name":"Accueil","item":"https:\/\/www.nettali.com\/"},{"@type":"ListItem","position":2,"name":"EN COULISSES - Pastef, pas d'accord !"}]},{"@type":"Person","@id":"https:\/\/www.nettali.com\/#\/schema\/person\/d8ac7b7e27ddad43f1c0d2ef090d7f71","name":"CK","image":{"@type":"ImageObject","@id":"https:\/\/www.nettali.com\/#personlogo","inLanguage":"fr-FR","url":"https:\/\/secure.gravatar.com\/avatar\/1d8d5118b9327d94da7cd4ce7f17fec2?s=96&d=mm&r=g","contentUrl":"https:\/\/secure.gravatar.com\/avatar\/1d8d5118b9327d94da7cd4ce7f17fec2?s=96&d=mm&r=g","caption":"CK"},"sameAs":["https:\/\/www.nettali.com"]}]}},"_links":{"self":[{"href":"https:\/\/www.nettali.com\/rest\/wp\/v2\/posts\/107280"}],"collection":[{"href":"https:\/\/www.nettali.com\/rest\/wp\/v2\/posts"}],"about":[{"href":"https:\/\/www.nettali.com\/rest\/wp\/v2\/types\/post"}],"author":[{"embeddable":true,"href":"https:\/\/www.nettali.com\/rest\/wp\/v2\/users\/2"}],"replies":[{"embeddable":true,"href":"https:\/\/www.nettali.com\/rest\/wp\/v2\/comments?post=107280"}],"version-history":[{"count":1,"href":"https:\/\/www.nettali.com\/rest\/wp\/v2\/posts\/107280\/revisions"}],"predecessor-version":[{"id":107281,"href":"https:\/\/www.nettali.com\/rest\/wp\/v2\/posts\/107280\/revisions\/107281"}],"wp:featuredmedia":[{"embeddable":true,"href":"https:\/\/www.nettali.com\/rest\/wp\/v2\/media\/107112"}],"wp:attachment":[{"href":"https:\/\/www.nettali.com\/rest\/wp\/v2\/media?parent=107280"}],"wp:term":[{"taxonomy":"category","embeddable":true,"href":"https:\/\/www.nettali.com\/rest\/wp\/v2\/categories?post=107280"},{"taxonomy":"post_tag","embeddable":true,"href":"https:\/\/www.nettali.com\/rest\/wp\/v2\/tags?post=107280"}],"curies":[{"name":"wp","href":"https:\/\/api.w.org\/{rel}","templated":true}]}}