{"id":107245,"date":"2023-03-30T14:11:17","date_gmt":"2023-03-30T14:11:17","guid":{"rendered":"https:\/\/www.nettali.com\/?p=107245"},"modified":"2023-03-30T14:12:39","modified_gmt":"2023-03-30T14:12:39","slug":"can-2024-la-date-officielle-est-connue","status":"publish","type":"post","link":"https:\/\/www.nettali.com\/2023\/03\/30\/can-2024-la-date-officielle-est-connue\/","title":{"rendered":"CAN 2024 - Les dates officielles sont connues"},"content":{"rendered":"<p><strong>NETTALI.COM - A un peu moins d\u2019un an du coup d\u2019envoi de la comp\u00e9tition, la Conf\u00e9d\u00e9ration africaine de football (CAF) a d\u00e9voil\u00e9 ce jeudi les dates de la CAN 2023, qui se disputera d\u00e9but 2024 en C\u00f4te d\u2019Ivoire.<\/strong><\/p>\n<p>Quelques jours apr\u00e8s le d\u00e9roulement des 3e et 4e journ\u00e9es des \u00e9liminatoires et apr\u00e8s plusieurs visites d\u2019inspection au pays des \u00c9l\u00e9phants, la CAF a fait savoir que la 34e \u00e9dition de la comp\u00e9tition phare en Afrique aura lieu du 13 janvier 2024 au 11 f\u00e9vrier 2024. L\u2019instance a pr\u00e9cis\u00e9 que le stade Alassane Ouattara d'Ebimpe \u00e0 Abidjan (60 000 places) accueillera le match d\u2019ouverture.<\/p>\n<p><strong>Six stades utilis\u00e9s<\/strong><\/p>\n<p>Le tournoi se d\u00e9roulera \u00e9galement dans les stades de Bouak\u00e9 (centre, 40 000 places), Yamoussoukro (centre, 20 000 places), San Pedro (sud-ouest, 20 000 places), Korhogo (nord, 20 000 places) et l\u2019historique Stade F\u00e9lix Houphou\u00ebt-Boigny d'Abidjan (33 000 places).<br \/>\nAu total 24 s\u00e9lections participeront \u00e0 cette \u00e9dition, dont\u00a07 qualifi\u00e9s sont d\u00e9j\u00e0 connus\u00a0: la C\u00f4te d\u2019Ivoire (pays-h\u00f4te), le S\u00e9n\u00e9gal (tenant du titre), le Maroc, l\u2019Alg\u00e9rie, l\u2019Afrique du Sud, le Burkina Faso et la Tunisie.<\/p>\n<p>Pour rappel, la CAN devait initialement se d\u00e9rouler en juin\/juillet 2023 mais la CAF a d\u00e9cid\u00e9 en juillet 2022 de la\u00a0reporter \u00e0 d\u00e9but 2024\u00a0afin qu\u2019elle ne co\u00efncide pas avec la saison des pluies en C\u00f4te d\u2019Ivoire.<br \/>\n\"<em>Sur la base des premi\u00e8res estimations,\u00a0la CAF pr\u00e9voit\u00a0des audiences t\u00e9l\u00e9vis\u00e9es et des fr\u00e9quentations de stade record pour la CAN TotalEnergies 2023<\/em>\", a indiqu\u00e9 l\u2019instance panafricaine en se r\u00e9jouissant d\u2019un \"<em>int\u00e9r\u00eat sans pr\u00e9c\u00e9dent [qui] se dessine de la part des d\u00e9tenteurs de licences de droits m\u00e9dias mondiaux<\/em>\".<\/p>\n<div class='share-to-whatsapp-wrapper'><div class='share-on-whsp'>PARTAGER SUR : <\/div><a data-text='CAN 2024 - Les dates officielles sont connues' data-link='https:\/\/www.nettali.com\/2023\/03\/30\/can-2024-la-date-officielle-est-connue\/' class='whatsapp-button whatsapp-share'>WhatsApp<\/a><div class='clear '><\/div><\/div>","protected":false},"excerpt":{"rendered":"<p>NETTALI.COM - A un peu moins d\u2019un an du coup d\u2019envoi de la comp\u00e9tition, la Conf\u00e9d\u00e9ration africaine de football (CAF) a d\u00e9voil\u00e9 ce jeudi les dates de la CAN 2023, qui se disputera d\u00e9but 2024 en C\u00f4te d\u2019Ivoire. Quelques jours apr\u00e8s le d\u00e9roulement des 3e et 4e journ\u00e9es des \u00e9liminatoires et apr\u00e8s plusieurs visites d\u2019inspection [&hellip;]<\/p>\n","protected":false},"author":5,"featured_media":107246,"comment_status":"open","ping_status":"open","sticky":false,"template":"","format":"standard","meta":{"_et_pb_use_builder":"","_et_pb_old_content":""},"categories":[6],"tags":[],"yoast_head":"<!-- This site is optimized with the Yoast SEO Premium plugin v17.8 (Yoast SEO v17.8) - https:\/\/yoast.com\/wordpress\/plugins\/seo\/ -->\n<title>CAN 2024 - Les dates officielles sont connues | Nettali.com<\/title>\n<meta name=\"robots\" content=\"index, follow, max-snippet:-1, max-image-preview:large, max-video-preview:-1\" \/>\n<link rel=\"canonical\" href=\"https:\/\/www.nettali.com\/2023\/03\/30\/can-2024-la-date-officielle-est-connue\/\" \/>\n<meta property=\"og:locale\" content=\"fr_FR\" \/>\n<meta property=\"og:type\" content=\"article\" \/>\n<meta property=\"og:title\" content=\"CAN 2024 - Les dates officielles sont connues\" \/>\n<meta property=\"og:description\" content=\"NETTALI.COM - A un peu moins d\u2019un an du coup d\u2019envoi de la comp\u00e9tition, la Conf\u00e9d\u00e9ration africaine de football (CAF) a d\u00e9voil\u00e9 ce jeudi les dates de la CAN 2023, qui se disputera d\u00e9but 2024 en C\u00f4te d\u2019Ivoire. Quelques jours apr\u00e8s le d\u00e9roulement des 3e et 4e journ\u00e9es des \u00e9liminatoires et apr\u00e8s plusieurs visites d\u2019inspection [&hellip;]\" \/>\n<meta property=\"og:url\" content=\"https:\/\/www.nettali.com\/2023\/03\/30\/can-2024-la-date-officielle-est-connue\/\" \/>\n<meta property=\"og:site_name\" content=\"Nettali.com\" \/>\n<meta property=\"article:publisher\" content=\"https:\/\/www.facebook.com\/nettalicom\" \/>\n<meta property=\"article:published_time\" content=\"2023-03-30T14:11:17+00:00\" \/>\n<meta property=\"article:modified_time\" content=\"2023-03-30T14:12:39+00:00\" \/>\n<meta property=\"og:image\" content=\"https:\/\/www.nettali.com\/wp-content\/uploads\/2023\/03\/SENEGAL_CAN.jpg\" \/>\n\t<meta property=\"og:image:width\" content=\"770\" \/>\n\t<meta property=\"og:image:height\" content=\"513\" \/>\n<meta name=\"twitter:card\" content=\"summary_large_image\" \/>\n<meta name=\"twitter:label1\" content=\"\u00c9crit par\" \/>\n\t<meta name=\"twitter:data1\" content=\"Ibrahima\" \/>\n\t<meta name=\"twitter:label2\" content=\"Dur\u00e9e de lecture estim\u00e9e\" \/>\n\t<meta name=\"twitter:data2\" content=\"2 minutes\" \/>\n<script type=\"application\/ld+json\" class=\"yoast-schema-graph\">{\"@context\":\"https:\/\/schema.org\",\"@graph\":[{\"@type\":\"WebSite\",\"@id\":\"https:\/\/www.nettali.com\/#website\",\"url\":\"https:\/\/www.nettali.com\/\",\"name\":\"Nettali.com\",\"description\":\"Le rendez-vous critique du Net\",\"potentialAction\":[{\"@type\":\"SearchAction\",\"target\":{\"@type\":\"EntryPoint\",\"urlTemplate\":\"https:\/\/www.nettali.com\/?s={search_term_string}\"},\"query-input\":\"required name=search_term_string\"}],\"inLanguage\":\"fr-FR\"},{\"@type\":\"ImageObject\",\"@id\":\"https:\/\/www.nettali.com\/2023\/03\/30\/can-2024-la-date-officielle-est-connue\/#primaryimage\",\"inLanguage\":\"fr-FR\",\"url\":\"https:\/\/www.nettali.com\/wp-content\/uploads\/2023\/03\/SENEGAL_CAN.jpg\",\"contentUrl\":\"https:\/\/www.nettali.com\/wp-content\/uploads\/2023\/03\/SENEGAL_CAN.jpg\",\"width\":770,\"height\":513},{\"@type\":\"WebPage\",\"@id\":\"https:\/\/www.nettali.com\/2023\/03\/30\/can-2024-la-date-officielle-est-connue\/#webpage\",\"url\":\"https:\/\/www.nettali.com\/2023\/03\/30\/can-2024-la-date-officielle-est-connue\/\",\"name\":\"CAN 2024 - Les dates officielles sont connues | Nettali.com\",\"isPartOf\":{\"@id\":\"https:\/\/www.nettali.com\/#website\"},\"primaryImageOfPage\":{\"@id\":\"https:\/\/www.nettali.com\/2023\/03\/30\/can-2024-la-date-officielle-est-connue\/#primaryimage\"},\"datePublished\":\"2023-03-30T14:11:17+00:00\",\"dateModified\":\"2023-03-30T14:12:39+00:00\",\"author\":{\"@id\":\"https:\/\/www.nettali.com\/#\/schema\/person\/bb147657c2986240405a608162b9bb23\"},\"breadcrumb\":{\"@id\":\"https:\/\/www.nettali.com\/2023\/03\/30\/can-2024-la-date-officielle-est-connue\/#breadcrumb\"},\"inLanguage\":\"fr-FR\",\"potentialAction\":[{\"@type\":\"ReadAction\",\"target\":[\"https:\/\/www.nettali.com\/2023\/03\/30\/can-2024-la-date-officielle-est-connue\/\"]}]},{\"@type\":\"BreadcrumbList\",\"@id\":\"https:\/\/www.nettali.com\/2023\/03\/30\/can-2024-la-date-officielle-est-connue\/#breadcrumb\",\"itemListElement\":[{\"@type\":\"ListItem\",\"position\":1,\"name\":\"Accueil\",\"item\":\"https:\/\/www.nettali.com\/\"},{\"@type\":\"ListItem\",\"position\":2,\"name\":\"CAN 2024 - Les dates officielles sont connues\"}]},{\"@type\":\"Person\",\"@id\":\"https:\/\/www.nettali.com\/#\/schema\/person\/bb147657c2986240405a608162b9bb23\",\"name\":\"Ibrahima\",\"image\":{\"@type\":\"ImageObject\",\"@id\":\"https:\/\/www.nettali.com\/#personlogo\",\"inLanguage\":\"fr-FR\",\"url\":\"https:\/\/secure.gravatar.com\/avatar\/26a8a81f09f0dd7624c9d5c36c9ba3a2?s=96&d=mm&r=g\",\"contentUrl\":\"https:\/\/secure.gravatar.com\/avatar\/26a8a81f09f0dd7624c9d5c36c9ba3a2?s=96&d=mm&r=g\",\"caption\":\"Ibrahima\"},\"sameAs\":[\"https:\/\/www.nettali.com\"]}]}<\/script>\n<!-- \/ Yoast SEO Premium plugin. -->","yoast_head_json":{"title":"CAN 2024 - Les dates officielles sont connues | Nettali.com","robots":{"index":"index","follow":"follow","max-snippet":"max-snippet:-1","max-image-preview":"max-image-preview:large","max-video-preview":"max-video-preview:-1"},"canonical":"https:\/\/www.nettali.com\/2023\/03\/30\/can-2024-la-date-officielle-est-connue\/","og_locale":"fr_FR","og_type":"article","og_title":"CAN 2024 - Les dates officielles sont connues","og_description":"NETTALI.COM - A un peu moins d\u2019un an du coup d\u2019envoi de la comp\u00e9tition, la Conf\u00e9d\u00e9ration africaine de football (CAF) a d\u00e9voil\u00e9 ce jeudi les dates de la CAN 2023, qui se disputera d\u00e9but 2024 en C\u00f4te d\u2019Ivoire. Quelques jours apr\u00e8s le d\u00e9roulement des 3e et 4e journ\u00e9es des \u00e9liminatoires et apr\u00e8s plusieurs visites d\u2019inspection [&hellip;]","og_url":"https:\/\/www.nettali.com\/2023\/03\/30\/can-2024-la-date-officielle-est-connue\/","og_site_name":"Nettali.com","article_publisher":"https:\/\/www.facebook.com\/nettalicom","article_published_time":"2023-03-30T14:11:17+00:00","article_modified_time":"2023-03-30T14:12:39+00:00","og_image":[{"width":770,"height":513,"url":"https:\/\/www.nettali.com\/wp-content\/uploads\/2023\/03\/SENEGAL_CAN.jpg","type":"image\/jpeg"}],"twitter_card":"summary_large_image","twitter_misc":{"\u00c9crit par":"Ibrahima","Dur\u00e9e de lecture estim\u00e9e":"2 minutes"},"schema":{"@context":"https:\/\/schema.org","@graph":[{"@type":"WebSite","@id":"https:\/\/www.nettali.com\/#website","url":"https:\/\/www.nettali.com\/","name":"Nettali.com","description":"Le rendez-vous critique du Net","potentialAction":[{"@type":"SearchAction","target":{"@type":"EntryPoint","urlTemplate":"https:\/\/www.nettali.com\/?s={search_term_string}"},"query-input":"required name=search_term_string"}],"inLanguage":"fr-FR"},{"@type":"ImageObject","@id":"https:\/\/www.nettali.com\/2023\/03\/30\/can-2024-la-date-officielle-est-connue\/#primaryimage","inLanguage":"fr-FR","url":"https:\/\/www.nettali.com\/wp-content\/uploads\/2023\/03\/SENEGAL_CAN.jpg","contentUrl":"https:\/\/www.nettali.com\/wp-content\/uploads\/2023\/03\/SENEGAL_CAN.jpg","width":770,"height":513},{"@type":"WebPage","@id":"https:\/\/www.nettali.com\/2023\/03\/30\/can-2024-la-date-officielle-est-connue\/#webpage","url":"https:\/\/www.nettali.com\/2023\/03\/30\/can-2024-la-date-officielle-est-connue\/","name":"CAN 2024 - Les dates officielles sont connues | Nettali.com","isPartOf":{"@id":"https:\/\/www.nettali.com\/#website"},"primaryImageOfPage":{"@id":"https:\/\/www.nettali.com\/2023\/03\/30\/can-2024-la-date-officielle-est-connue\/#primaryimage"},"datePublished":"2023-03-30T14:11:17+00:00","dateModified":"2023-03-30T14:12:39+00:00","author":{"@id":"https:\/\/www.nettali.com\/#\/schema\/person\/bb147657c2986240405a608162b9bb23"},"breadcrumb":{"@id":"https:\/\/www.nettali.com\/2023\/03\/30\/can-2024-la-date-officielle-est-connue\/#breadcrumb"},"inLanguage":"fr-FR","potentialAction":[{"@type":"ReadAction","target":["https:\/\/www.nettali.com\/2023\/03\/30\/can-2024-la-date-officielle-est-connue\/"]}]},{"@type":"BreadcrumbList","@id":"https:\/\/www.nettali.com\/2023\/03\/30\/can-2024-la-date-officielle-est-connue\/#breadcrumb","itemListElement":[{"@type":"ListItem","position":1,"name":"Accueil","item":"https:\/\/www.nettali.com\/"},{"@type":"ListItem","position":2,"name":"CAN 2024 - Les dates officielles sont connues"}]},{"@type":"Person","@id":"https:\/\/www.nettali.com\/#\/schema\/person\/bb147657c2986240405a608162b9bb23","name":"Ibrahima","image":{"@type":"ImageObject","@id":"https:\/\/www.nettali.com\/#personlogo","inLanguage":"fr-FR","url":"https:\/\/secure.gravatar.com\/avatar\/26a8a81f09f0dd7624c9d5c36c9ba3a2?s=96&d=mm&r=g","contentUrl":"https:\/\/secure.gravatar.com\/avatar\/26a8a81f09f0dd7624c9d5c36c9ba3a2?s=96&d=mm&r=g","caption":"Ibrahima"},"sameAs":["https:\/\/www.nettali.com"]}]}},"_links":{"self":[{"href":"https:\/\/www.nettali.com\/rest\/wp\/v2\/posts\/107245"}],"collection":[{"href":"https:\/\/www.nettali.com\/rest\/wp\/v2\/posts"}],"about":[{"href":"https:\/\/www.nettali.com\/rest\/wp\/v2\/types\/post"}],"author":[{"embeddable":true,"href":"https:\/\/www.nettali.com\/rest\/wp\/v2\/users\/5"}],"replies":[{"embeddable":true,"href":"https:\/\/www.nettali.com\/rest\/wp\/v2\/comments?post=107245"}],"version-history":[{"count":2,"href":"https:\/\/www.nettali.com\/rest\/wp\/v2\/posts\/107245\/revisions"}],"predecessor-version":[{"id":107248,"href":"https:\/\/www.nettali.com\/rest\/wp\/v2\/posts\/107245\/revisions\/107248"}],"wp:featuredmedia":[{"embeddable":true,"href":"https:\/\/www.nettali.com\/rest\/wp\/v2\/media\/107246"}],"wp:attachment":[{"href":"https:\/\/www.nettali.com\/rest\/wp\/v2\/media?parent=107245"}],"wp:term":[{"taxonomy":"category","embeddable":true,"href":"https:\/\/www.nettali.com\/rest\/wp\/v2\/categories?post=107245"},{"taxonomy":"post_tag","embeddable":true,"href":"https:\/\/www.nettali.com\/rest\/wp\/v2\/tags?post=107245"}],"curies":[{"name":"wp","href":"https:\/\/api.w.org\/{rel}","templated":true}]}}