{"id":107215,"date":"2023-03-30T07:23:00","date_gmt":"2023-03-30T07:23:00","guid":{"rendered":"https:\/\/www.nettali.com\/?p=107215"},"modified":"2023-03-30T07:23:00","modified_gmt":"2023-03-30T07:23:00","slug":"marche-a-diourbel-le-prefet-dit-non-a-yewwi","status":"publish","type":"post","link":"https:\/\/www.nettali.com\/2023\/03\/30\/marche-a-diourbel-le-prefet-dit-non-a-yewwi\/","title":{"rendered":"MARCHE \u00c0 DIOURBEL - Le pr\u00e9fet dit non \u00e0 Yewwi"},"content":{"rendered":"<p><strong>NETTALI.COM - Le pr\u00e9fet de la ville de Diourbel a d\u00e9cid\u00e9 de ne pas autoriser la demande d\u2019autorisation introduite par la coalition Yewwi Askan Wi qui voulait battre son macadam ce jeudi 30 mars de 17h \u00e0 19h.<\/strong><\/p>\n<p>Dans une note rendue publique, le chef de l\u2019ex\u00e9cutif r\u00e9gional, Mamadou Khouma a \u00e9voqu\u00e9 de r\u00e9elles risques de troubles \u00e0 l\u2019ordre public et l\u2019entrave \u00e0 la libre circulation des personnes et des biens pour justifier sa d\u00e9cision.<\/p>\n<div class='share-to-whatsapp-wrapper'><div class='share-on-whsp'>PARTAGER SUR : <\/div><a data-text='MARCHE \u00c0 DIOURBEL - Le pr\u00e9fet dit non \u00e0 Yewwi' data-link='https:\/\/www.nettali.com\/2023\/03\/30\/marche-a-diourbel-le-prefet-dit-non-a-yewwi\/' class='whatsapp-button whatsapp-share'>WhatsApp<\/a><div class='clear '><\/div><\/div>","protected":false},"excerpt":{"rendered":"<p>NETTALI.COM - Le pr\u00e9fet de la ville de Diourbel a d\u00e9cid\u00e9 de ne pas autoriser la demande d\u2019autorisation introduite par la coalition Yewwi Askan Wi qui voulait battre son macadam ce jeudi 30 mars de 17h \u00e0 19h. Dans une note rendue publique, le chef de l\u2019ex\u00e9cutif r\u00e9gional, Mamadou Khouma a \u00e9voqu\u00e9 de r\u00e9elles risques [&hellip;]<\/p>\n","protected":false},"author":5,"featured_media":107216,"comment_status":"open","ping_status":"open","sticky":false,"template":"","format":"standard","meta":{"_et_pb_use_builder":"","_et_pb_old_content":""},"categories":[2],"tags":[],"yoast_head":"<!-- This site is optimized with the Yoast SEO Premium plugin v17.8 (Yoast SEO v17.8) - https:\/\/yoast.com\/wordpress\/plugins\/seo\/ -->\n<title>MARCHE \u00c0 DIOURBEL - Le pr\u00e9fet dit non \u00e0 Yewwi | Nettali.com<\/title>\n<meta name=\"robots\" content=\"index, follow, max-snippet:-1, max-image-preview:large, max-video-preview:-1\" \/>\n<link rel=\"canonical\" href=\"https:\/\/www.nettali.com\/2023\/03\/30\/marche-a-diourbel-le-prefet-dit-non-a-yewwi\/\" \/>\n<meta property=\"og:locale\" content=\"fr_FR\" \/>\n<meta property=\"og:type\" content=\"article\" \/>\n<meta property=\"og:title\" content=\"MARCHE \u00c0 DIOURBEL - Le pr\u00e9fet dit non \u00e0 Yewwi\" \/>\n<meta property=\"og:description\" content=\"NETTALI.COM - Le pr\u00e9fet de la ville de Diourbel a d\u00e9cid\u00e9 de ne pas autoriser la demande d\u2019autorisation introduite par la coalition Yewwi Askan Wi qui voulait battre son macadam ce jeudi 30 mars de 17h \u00e0 19h. Dans une note rendue publique, le chef de l\u2019ex\u00e9cutif r\u00e9gional, Mamadou Khouma a \u00e9voqu\u00e9 de r\u00e9elles risques [&hellip;]\" \/>\n<meta property=\"og:url\" content=\"https:\/\/www.nettali.com\/2023\/03\/30\/marche-a-diourbel-le-prefet-dit-non-a-yewwi\/\" \/>\n<meta property=\"og:site_name\" content=\"Nettali.com\" \/>\n<meta property=\"article:publisher\" content=\"https:\/\/www.facebook.com\/nettalicom\" \/>\n<meta property=\"article:published_time\" content=\"2023-03-30T07:23:00+00:00\" \/>\n<meta property=\"og:image\" content=\"https:\/\/www.nettali.com\/wp-content\/uploads\/2023\/03\/Autorisation-de-la-manifestation-de-Yewwi-Askan-Wi-a-DAKAR.jpg\" \/>\n\t<meta property=\"og:image:width\" content=\"1000\" \/>\n\t<meta property=\"og:image:height\" content=\"629\" \/>\n<meta name=\"twitter:card\" content=\"summary_large_image\" \/>\n<meta name=\"twitter:label1\" content=\"\u00c9crit par\" \/>\n\t<meta name=\"twitter:data1\" content=\"Ibrahima\" \/>\n\t<meta name=\"twitter:label2\" content=\"Dur\u00e9e de lecture estim\u00e9e\" \/>\n\t<meta name=\"twitter:data2\" content=\"1 minute\" \/>\n<script type=\"application\/ld+json\" class=\"yoast-schema-graph\">{\"@context\":\"https:\/\/schema.org\",\"@graph\":[{\"@type\":\"WebSite\",\"@id\":\"https:\/\/www.nettali.com\/#website\",\"url\":\"https:\/\/www.nettali.com\/\",\"name\":\"Nettali.com\",\"description\":\"Le rendez-vous critique du Net\",\"potentialAction\":[{\"@type\":\"SearchAction\",\"target\":{\"@type\":\"EntryPoint\",\"urlTemplate\":\"https:\/\/www.nettali.com\/?s={search_term_string}\"},\"query-input\":\"required name=search_term_string\"}],\"inLanguage\":\"fr-FR\"},{\"@type\":\"ImageObject\",\"@id\":\"https:\/\/www.nettali.com\/2023\/03\/30\/marche-a-diourbel-le-prefet-dit-non-a-yewwi\/#primaryimage\",\"inLanguage\":\"fr-FR\",\"url\":\"https:\/\/www.nettali.com\/wp-content\/uploads\/2023\/03\/Autorisation-de-la-manifestation-de-Yewwi-Askan-Wi-a-DAKAR.jpg\",\"contentUrl\":\"https:\/\/www.nettali.com\/wp-content\/uploads\/2023\/03\/Autorisation-de-la-manifestation-de-Yewwi-Askan-Wi-a-DAKAR.jpg\",\"width\":1000,\"height\":629},{\"@type\":\"WebPage\",\"@id\":\"https:\/\/www.nettali.com\/2023\/03\/30\/marche-a-diourbel-le-prefet-dit-non-a-yewwi\/#webpage\",\"url\":\"https:\/\/www.nettali.com\/2023\/03\/30\/marche-a-diourbel-le-prefet-dit-non-a-yewwi\/\",\"name\":\"MARCHE \\u00c0 DIOURBEL - Le pr\\u00e9fet dit non \\u00e0 Yewwi | Nettali.com\",\"isPartOf\":{\"@id\":\"https:\/\/www.nettali.com\/#website\"},\"primaryImageOfPage\":{\"@id\":\"https:\/\/www.nettali.com\/2023\/03\/30\/marche-a-diourbel-le-prefet-dit-non-a-yewwi\/#primaryimage\"},\"datePublished\":\"2023-03-30T07:23:00+00:00\",\"dateModified\":\"2023-03-30T07:23:00+00:00\",\"author\":{\"@id\":\"https:\/\/www.nettali.com\/#\/schema\/person\/bb147657c2986240405a608162b9bb23\"},\"breadcrumb\":{\"@id\":\"https:\/\/www.nettali.com\/2023\/03\/30\/marche-a-diourbel-le-prefet-dit-non-a-yewwi\/#breadcrumb\"},\"inLanguage\":\"fr-FR\",\"potentialAction\":[{\"@type\":\"ReadAction\",\"target\":[\"https:\/\/www.nettali.com\/2023\/03\/30\/marche-a-diourbel-le-prefet-dit-non-a-yewwi\/\"]}]},{\"@type\":\"BreadcrumbList\",\"@id\":\"https:\/\/www.nettali.com\/2023\/03\/30\/marche-a-diourbel-le-prefet-dit-non-a-yewwi\/#breadcrumb\",\"itemListElement\":[{\"@type\":\"ListItem\",\"position\":1,\"name\":\"Accueil\",\"item\":\"https:\/\/www.nettali.com\/\"},{\"@type\":\"ListItem\",\"position\":2,\"name\":\"MARCHE \\u00c0 DIOURBEL - Le pr\\u00e9fet dit non \\u00e0 Yewwi\"}]},{\"@type\":\"Person\",\"@id\":\"https:\/\/www.nettali.com\/#\/schema\/person\/bb147657c2986240405a608162b9bb23\",\"name\":\"Ibrahima\",\"image\":{\"@type\":\"ImageObject\",\"@id\":\"https:\/\/www.nettali.com\/#personlogo\",\"inLanguage\":\"fr-FR\",\"url\":\"https:\/\/secure.gravatar.com\/avatar\/26a8a81f09f0dd7624c9d5c36c9ba3a2?s=96&d=mm&r=g\",\"contentUrl\":\"https:\/\/secure.gravatar.com\/avatar\/26a8a81f09f0dd7624c9d5c36c9ba3a2?s=96&d=mm&r=g\",\"caption\":\"Ibrahima\"},\"sameAs\":[\"https:\/\/www.nettali.com\"]}]}<\/script>\n<!-- \/ Yoast SEO Premium plugin. -->","yoast_head_json":{"title":"MARCHE \u00c0 DIOURBEL - Le pr\u00e9fet dit non \u00e0 Yewwi | Nettali.com","robots":{"index":"index","follow":"follow","max-snippet":"max-snippet:-1","max-image-preview":"max-image-preview:large","max-video-preview":"max-video-preview:-1"},"canonical":"https:\/\/www.nettali.com\/2023\/03\/30\/marche-a-diourbel-le-prefet-dit-non-a-yewwi\/","og_locale":"fr_FR","og_type":"article","og_title":"MARCHE \u00c0 DIOURBEL - Le pr\u00e9fet dit non \u00e0 Yewwi","og_description":"NETTALI.COM - Le pr\u00e9fet de la ville de Diourbel a d\u00e9cid\u00e9 de ne pas autoriser la demande d\u2019autorisation introduite par la coalition Yewwi Askan Wi qui voulait battre son macadam ce jeudi 30 mars de 17h \u00e0 19h. Dans une note rendue publique, le chef de l\u2019ex\u00e9cutif r\u00e9gional, Mamadou Khouma a \u00e9voqu\u00e9 de r\u00e9elles risques [&hellip;]","og_url":"https:\/\/www.nettali.com\/2023\/03\/30\/marche-a-diourbel-le-prefet-dit-non-a-yewwi\/","og_site_name":"Nettali.com","article_publisher":"https:\/\/www.facebook.com\/nettalicom","article_published_time":"2023-03-30T07:23:00+00:00","og_image":[{"width":1000,"height":629,"url":"https:\/\/www.nettali.com\/wp-content\/uploads\/2023\/03\/Autorisation-de-la-manifestation-de-Yewwi-Askan-Wi-a-DAKAR.jpg","type":"image\/jpeg"}],"twitter_card":"summary_large_image","twitter_misc":{"\u00c9crit par":"Ibrahima","Dur\u00e9e de lecture estim\u00e9e":"1 minute"},"schema":{"@context":"https:\/\/schema.org","@graph":[{"@type":"WebSite","@id":"https:\/\/www.nettali.com\/#website","url":"https:\/\/www.nettali.com\/","name":"Nettali.com","description":"Le rendez-vous critique du Net","potentialAction":[{"@type":"SearchAction","target":{"@type":"EntryPoint","urlTemplate":"https:\/\/www.nettali.com\/?s={search_term_string}"},"query-input":"required name=search_term_string"}],"inLanguage":"fr-FR"},{"@type":"ImageObject","@id":"https:\/\/www.nettali.com\/2023\/03\/30\/marche-a-diourbel-le-prefet-dit-non-a-yewwi\/#primaryimage","inLanguage":"fr-FR","url":"https:\/\/www.nettali.com\/wp-content\/uploads\/2023\/03\/Autorisation-de-la-manifestation-de-Yewwi-Askan-Wi-a-DAKAR.jpg","contentUrl":"https:\/\/www.nettali.com\/wp-content\/uploads\/2023\/03\/Autorisation-de-la-manifestation-de-Yewwi-Askan-Wi-a-DAKAR.jpg","width":1000,"height":629},{"@type":"WebPage","@id":"https:\/\/www.nettali.com\/2023\/03\/30\/marche-a-diourbel-le-prefet-dit-non-a-yewwi\/#webpage","url":"https:\/\/www.nettali.com\/2023\/03\/30\/marche-a-diourbel-le-prefet-dit-non-a-yewwi\/","name":"MARCHE \u00c0 DIOURBEL - Le pr\u00e9fet dit non \u00e0 Yewwi | Nettali.com","isPartOf":{"@id":"https:\/\/www.nettali.com\/#website"},"primaryImageOfPage":{"@id":"https:\/\/www.nettali.com\/2023\/03\/30\/marche-a-diourbel-le-prefet-dit-non-a-yewwi\/#primaryimage"},"datePublished":"2023-03-30T07:23:00+00:00","dateModified":"2023-03-30T07:23:00+00:00","author":{"@id":"https:\/\/www.nettali.com\/#\/schema\/person\/bb147657c2986240405a608162b9bb23"},"breadcrumb":{"@id":"https:\/\/www.nettali.com\/2023\/03\/30\/marche-a-diourbel-le-prefet-dit-non-a-yewwi\/#breadcrumb"},"inLanguage":"fr-FR","potentialAction":[{"@type":"ReadAction","target":["https:\/\/www.nettali.com\/2023\/03\/30\/marche-a-diourbel-le-prefet-dit-non-a-yewwi\/"]}]},{"@type":"BreadcrumbList","@id":"https:\/\/www.nettali.com\/2023\/03\/30\/marche-a-diourbel-le-prefet-dit-non-a-yewwi\/#breadcrumb","itemListElement":[{"@type":"ListItem","position":1,"name":"Accueil","item":"https:\/\/www.nettali.com\/"},{"@type":"ListItem","position":2,"name":"MARCHE \u00c0 DIOURBEL - Le pr\u00e9fet dit non \u00e0 Yewwi"}]},{"@type":"Person","@id":"https:\/\/www.nettali.com\/#\/schema\/person\/bb147657c2986240405a608162b9bb23","name":"Ibrahima","image":{"@type":"ImageObject","@id":"https:\/\/www.nettali.com\/#personlogo","inLanguage":"fr-FR","url":"https:\/\/secure.gravatar.com\/avatar\/26a8a81f09f0dd7624c9d5c36c9ba3a2?s=96&d=mm&r=g","contentUrl":"https:\/\/secure.gravatar.com\/avatar\/26a8a81f09f0dd7624c9d5c36c9ba3a2?s=96&d=mm&r=g","caption":"Ibrahima"},"sameAs":["https:\/\/www.nettali.com"]}]}},"_links":{"self":[{"href":"https:\/\/www.nettali.com\/rest\/wp\/v2\/posts\/107215"}],"collection":[{"href":"https:\/\/www.nettali.com\/rest\/wp\/v2\/posts"}],"about":[{"href":"https:\/\/www.nettali.com\/rest\/wp\/v2\/types\/post"}],"author":[{"embeddable":true,"href":"https:\/\/www.nettali.com\/rest\/wp\/v2\/users\/5"}],"replies":[{"embeddable":true,"href":"https:\/\/www.nettali.com\/rest\/wp\/v2\/comments?post=107215"}],"version-history":[{"count":1,"href":"https:\/\/www.nettali.com\/rest\/wp\/v2\/posts\/107215\/revisions"}],"predecessor-version":[{"id":107218,"href":"https:\/\/www.nettali.com\/rest\/wp\/v2\/posts\/107215\/revisions\/107218"}],"wp:featuredmedia":[{"embeddable":true,"href":"https:\/\/www.nettali.com\/rest\/wp\/v2\/media\/107216"}],"wp:attachment":[{"href":"https:\/\/www.nettali.com\/rest\/wp\/v2\/media?parent=107215"}],"wp:term":[{"taxonomy":"category","embeddable":true,"href":"https:\/\/www.nettali.com\/rest\/wp\/v2\/categories?post=107215"},{"taxonomy":"post_tag","embeddable":true,"href":"https:\/\/www.nettali.com\/rest\/wp\/v2\/tags?post=107215"}],"curies":[{"name":"wp","href":"https:\/\/api.w.org\/{rel}","templated":true}]}}