{"id":107205,"date":"2023-03-30T07:00:23","date_gmt":"2023-03-30T07:00:23","guid":{"rendered":"https:\/\/www.nettali.com\/?p=107205"},"modified":"2023-03-30T07:21:32","modified_gmt":"2023-03-30T07:21:32","slug":"en-coulisses-la-presence-a-son-proces-en-question","status":"publish","type":"post","link":"https:\/\/www.nettali.com\/2023\/03\/30\/en-coulisses-la-presence-a-son-proces-en-question\/","title":{"rendered":"EN COULISSES - La pr\u00e9sence \u00e0 son proc\u00e8s en question !"},"content":{"rendered":"<p><strong>NETTALI.COM -<\/strong> Se rendra-t-il ou ne se rendra-t-il pas au proc\u00e8s ? Le pr\u00e9sident du Pastef - les patriotes, Ousmane Sonko, avait en tout cas d\u00e9clar\u00e9, si on en croit Abdou San\u00e9 conseiller municipal \u00e0 la commune de Ziguinchor, qu'il ne se rendra pas au palais de justice, le 30 mars prochain, dans le cadre du proc\u00e8s en diffamation qui l\u2019oppose \u00e0 l\u2019actuel ministre du tourisme, Mame Mbaye Niang...<\/p>\n<p>Celui-ci avait en effet soutenu que le leader des patriotes avait d\u00e9cid\u00e9 de ne pas prendre part \u00e0 l\u2019audience de ce 30 mars. L\u2019ancien d\u00e9put\u00e9 et actuel conseiller municipal\u00a0 de la mairie de Ziguinchor avait ajout\u00e9 qu'Ousmane Sonko en avait inform\u00e9 les six (6) avocats qui \u00e9taient pr\u00e9sents \u00e0 son domicile, ce mardi.<\/p>\n<p>Reste maintenant \u00e0 savoir si le proc\u00e8s en diffamation Mame Mbaye Niang-Ousmane Sonko sera maintenu ou report\u00e9.<\/p>\n<p>En effet, lors de son audition par la S\u00fbret\u00e9 Urbaine, le docteur Samir Simon Boulos avait r\u00e9v\u00e9l\u00e9 que Ousmane Sonko dispose d\u2019un certificat m\u00e9dical de 10 jours qui court jusqu\u2019au 31 mars, soit le lendemain de l\u2019audience sp\u00e9ciale fix\u00e9 au 30 mars. Un document sur lequel ses avocats pourraient se baser pour demander le report.<\/p>\n<div class='share-to-whatsapp-wrapper'><div class='share-on-whsp'>PARTAGER SUR : <\/div><a data-text='EN COULISSES - La pr\u00e9sence \u00e0 son proc\u00e8s en question !' data-link='https:\/\/www.nettali.com\/2023\/03\/30\/en-coulisses-la-presence-a-son-proces-en-question\/' class='whatsapp-button whatsapp-share'>WhatsApp<\/a><div class='clear '><\/div><\/div>","protected":false},"excerpt":{"rendered":"<p>NETTALI.COM - Se rendra-t-il ou ne se rendra-t-il pas au proc\u00e8s ? Le pr\u00e9sident du Pastef - les patriotes, Ousmane Sonko, avait en tout cas d\u00e9clar\u00e9, si on en croit Abdou San\u00e9 conseiller municipal \u00e0 la commune de Ziguinchor, qu'il ne se rendra pas au palais de justice, le 30 mars prochain, dans le cadre [&hellip;]<\/p>\n","protected":false},"author":2,"featured_media":107191,"comment_status":"open","ping_status":"open","sticky":false,"template":"","format":"standard","meta":{"_et_pb_use_builder":"","_et_pb_old_content":""},"categories":[34945],"tags":[],"yoast_head":"<!-- This site is optimized with the Yoast SEO Premium plugin v17.8 (Yoast SEO v17.8) - https:\/\/yoast.com\/wordpress\/plugins\/seo\/ -->\n<title>EN COULISSES - La pr\u00e9sence \u00e0 son proc\u00e8s en question ! | Nettali.com<\/title>\n<meta name=\"robots\" content=\"index, follow, max-snippet:-1, max-image-preview:large, max-video-preview:-1\" \/>\n<link rel=\"canonical\" href=\"https:\/\/www.nettali.com\/2023\/03\/30\/en-coulisses-la-presence-a-son-proces-en-question\/\" \/>\n<meta property=\"og:locale\" content=\"fr_FR\" \/>\n<meta property=\"og:type\" content=\"article\" \/>\n<meta property=\"og:title\" content=\"EN COULISSES - La pr\u00e9sence \u00e0 son proc\u00e8s en question !\" \/>\n<meta property=\"og:description\" content=\"NETTALI.COM - Se rendra-t-il ou ne se rendra-t-il pas au proc\u00e8s ? Le pr\u00e9sident du Pastef - les patriotes, Ousmane Sonko, avait en tout cas d\u00e9clar\u00e9, si on en croit Abdou San\u00e9 conseiller municipal \u00e0 la commune de Ziguinchor, qu&#039;il ne se rendra pas au palais de justice, le 30 mars prochain, dans le cadre [&hellip;]\" \/>\n<meta property=\"og:url\" content=\"https:\/\/www.nettali.com\/2023\/03\/30\/en-coulisses-la-presence-a-son-proces-en-question\/\" \/>\n<meta property=\"og:site_name\" content=\"Nettali.com\" \/>\n<meta property=\"article:publisher\" content=\"https:\/\/www.facebook.com\/nettalicom\" \/>\n<meta property=\"article:published_time\" content=\"2023-03-30T07:00:23+00:00\" \/>\n<meta property=\"article:modified_time\" content=\"2023-03-30T07:21:32+00:00\" \/>\n<meta property=\"og:image\" content=\"https:\/\/www.nettali.com\/wp-content\/uploads\/2023\/03\/mame-mbaye-niang-vs-ousmane-sonko-1-800x445-696x387-1.jpg\" \/>\n\t<meta property=\"og:image:width\" content=\"660\" \/>\n\t<meta property=\"og:image:height\" content=\"330\" \/>\n<meta name=\"twitter:card\" content=\"summary_large_image\" \/>\n<meta name=\"twitter:label1\" content=\"\u00c9crit par\" \/>\n\t<meta name=\"twitter:data1\" content=\"CK\" \/>\n\t<meta name=\"twitter:label2\" content=\"Dur\u00e9e de lecture estim\u00e9e\" \/>\n\t<meta name=\"twitter:data2\" content=\"1 minute\" \/>\n<script type=\"application\/ld+json\" class=\"yoast-schema-graph\">{\"@context\":\"https:\/\/schema.org\",\"@graph\":[{\"@type\":\"WebSite\",\"@id\":\"https:\/\/www.nettali.com\/#website\",\"url\":\"https:\/\/www.nettali.com\/\",\"name\":\"Nettali.com\",\"description\":\"Le rendez-vous critique du Net\",\"potentialAction\":[{\"@type\":\"SearchAction\",\"target\":{\"@type\":\"EntryPoint\",\"urlTemplate\":\"https:\/\/www.nettali.com\/?s={search_term_string}\"},\"query-input\":\"required name=search_term_string\"}],\"inLanguage\":\"fr-FR\"},{\"@type\":\"ImageObject\",\"@id\":\"https:\/\/www.nettali.com\/2023\/03\/30\/en-coulisses-la-presence-a-son-proces-en-question\/#primaryimage\",\"inLanguage\":\"fr-FR\",\"url\":\"https:\/\/www.nettali.com\/wp-content\/uploads\/2023\/03\/mame-mbaye-niang-vs-ousmane-sonko-1-800x445-696x387-1.jpg\",\"contentUrl\":\"https:\/\/www.nettali.com\/wp-content\/uploads\/2023\/03\/mame-mbaye-niang-vs-ousmane-sonko-1-800x445-696x387-1.jpg\",\"width\":660,\"height\":330},{\"@type\":\"WebPage\",\"@id\":\"https:\/\/www.nettali.com\/2023\/03\/30\/en-coulisses-la-presence-a-son-proces-en-question\/#webpage\",\"url\":\"https:\/\/www.nettali.com\/2023\/03\/30\/en-coulisses-la-presence-a-son-proces-en-question\/\",\"name\":\"EN COULISSES - La pr\\u00e9sence \\u00e0 son proc\\u00e8s en question ! | Nettali.com\",\"isPartOf\":{\"@id\":\"https:\/\/www.nettali.com\/#website\"},\"primaryImageOfPage\":{\"@id\":\"https:\/\/www.nettali.com\/2023\/03\/30\/en-coulisses-la-presence-a-son-proces-en-question\/#primaryimage\"},\"datePublished\":\"2023-03-30T07:00:23+00:00\",\"dateModified\":\"2023-03-30T07:21:32+00:00\",\"author\":{\"@id\":\"https:\/\/www.nettali.com\/#\/schema\/person\/d8ac7b7e27ddad43f1c0d2ef090d7f71\"},\"breadcrumb\":{\"@id\":\"https:\/\/www.nettali.com\/2023\/03\/30\/en-coulisses-la-presence-a-son-proces-en-question\/#breadcrumb\"},\"inLanguage\":\"fr-FR\",\"potentialAction\":[{\"@type\":\"ReadAction\",\"target\":[\"https:\/\/www.nettali.com\/2023\/03\/30\/en-coulisses-la-presence-a-son-proces-en-question\/\"]}]},{\"@type\":\"BreadcrumbList\",\"@id\":\"https:\/\/www.nettali.com\/2023\/03\/30\/en-coulisses-la-presence-a-son-proces-en-question\/#breadcrumb\",\"itemListElement\":[{\"@type\":\"ListItem\",\"position\":1,\"name\":\"Accueil\",\"item\":\"https:\/\/www.nettali.com\/\"},{\"@type\":\"ListItem\",\"position\":2,\"name\":\"EN COULISSES - La pr\\u00e9sence \\u00e0 son proc\\u00e8s en question !\"}]},{\"@type\":\"Person\",\"@id\":\"https:\/\/www.nettali.com\/#\/schema\/person\/d8ac7b7e27ddad43f1c0d2ef090d7f71\",\"name\":\"CK\",\"image\":{\"@type\":\"ImageObject\",\"@id\":\"https:\/\/www.nettali.com\/#personlogo\",\"inLanguage\":\"fr-FR\",\"url\":\"https:\/\/secure.gravatar.com\/avatar\/1d8d5118b9327d94da7cd4ce7f17fec2?s=96&d=mm&r=g\",\"contentUrl\":\"https:\/\/secure.gravatar.com\/avatar\/1d8d5118b9327d94da7cd4ce7f17fec2?s=96&d=mm&r=g\",\"caption\":\"CK\"},\"sameAs\":[\"https:\/\/www.nettali.com\"]}]}<\/script>\n<!-- \/ Yoast SEO Premium plugin. -->","yoast_head_json":{"title":"EN COULISSES - La pr\u00e9sence \u00e0 son proc\u00e8s en question ! | Nettali.com","robots":{"index":"index","follow":"follow","max-snippet":"max-snippet:-1","max-image-preview":"max-image-preview:large","max-video-preview":"max-video-preview:-1"},"canonical":"https:\/\/www.nettali.com\/2023\/03\/30\/en-coulisses-la-presence-a-son-proces-en-question\/","og_locale":"fr_FR","og_type":"article","og_title":"EN COULISSES - La pr\u00e9sence \u00e0 son proc\u00e8s en question !","og_description":"NETTALI.COM - Se rendra-t-il ou ne se rendra-t-il pas au proc\u00e8s ? Le pr\u00e9sident du Pastef - les patriotes, Ousmane Sonko, avait en tout cas d\u00e9clar\u00e9, si on en croit Abdou San\u00e9 conseiller municipal \u00e0 la commune de Ziguinchor, qu'il ne se rendra pas au palais de justice, le 30 mars prochain, dans le cadre [&hellip;]","og_url":"https:\/\/www.nettali.com\/2023\/03\/30\/en-coulisses-la-presence-a-son-proces-en-question\/","og_site_name":"Nettali.com","article_publisher":"https:\/\/www.facebook.com\/nettalicom","article_published_time":"2023-03-30T07:00:23+00:00","article_modified_time":"2023-03-30T07:21:32+00:00","og_image":[{"width":660,"height":330,"url":"https:\/\/www.nettali.com\/wp-content\/uploads\/2023\/03\/mame-mbaye-niang-vs-ousmane-sonko-1-800x445-696x387-1.jpg","type":"image\/jpeg"}],"twitter_card":"summary_large_image","twitter_misc":{"\u00c9crit par":"CK","Dur\u00e9e de lecture estim\u00e9e":"1 minute"},"schema":{"@context":"https:\/\/schema.org","@graph":[{"@type":"WebSite","@id":"https:\/\/www.nettali.com\/#website","url":"https:\/\/www.nettali.com\/","name":"Nettali.com","description":"Le rendez-vous critique du Net","potentialAction":[{"@type":"SearchAction","target":{"@type":"EntryPoint","urlTemplate":"https:\/\/www.nettali.com\/?s={search_term_string}"},"query-input":"required name=search_term_string"}],"inLanguage":"fr-FR"},{"@type":"ImageObject","@id":"https:\/\/www.nettali.com\/2023\/03\/30\/en-coulisses-la-presence-a-son-proces-en-question\/#primaryimage","inLanguage":"fr-FR","url":"https:\/\/www.nettali.com\/wp-content\/uploads\/2023\/03\/mame-mbaye-niang-vs-ousmane-sonko-1-800x445-696x387-1.jpg","contentUrl":"https:\/\/www.nettali.com\/wp-content\/uploads\/2023\/03\/mame-mbaye-niang-vs-ousmane-sonko-1-800x445-696x387-1.jpg","width":660,"height":330},{"@type":"WebPage","@id":"https:\/\/www.nettali.com\/2023\/03\/30\/en-coulisses-la-presence-a-son-proces-en-question\/#webpage","url":"https:\/\/www.nettali.com\/2023\/03\/30\/en-coulisses-la-presence-a-son-proces-en-question\/","name":"EN COULISSES - La pr\u00e9sence \u00e0 son proc\u00e8s en question ! | Nettali.com","isPartOf":{"@id":"https:\/\/www.nettali.com\/#website"},"primaryImageOfPage":{"@id":"https:\/\/www.nettali.com\/2023\/03\/30\/en-coulisses-la-presence-a-son-proces-en-question\/#primaryimage"},"datePublished":"2023-03-30T07:00:23+00:00","dateModified":"2023-03-30T07:21:32+00:00","author":{"@id":"https:\/\/www.nettali.com\/#\/schema\/person\/d8ac7b7e27ddad43f1c0d2ef090d7f71"},"breadcrumb":{"@id":"https:\/\/www.nettali.com\/2023\/03\/30\/en-coulisses-la-presence-a-son-proces-en-question\/#breadcrumb"},"inLanguage":"fr-FR","potentialAction":[{"@type":"ReadAction","target":["https:\/\/www.nettali.com\/2023\/03\/30\/en-coulisses-la-presence-a-son-proces-en-question\/"]}]},{"@type":"BreadcrumbList","@id":"https:\/\/www.nettali.com\/2023\/03\/30\/en-coulisses-la-presence-a-son-proces-en-question\/#breadcrumb","itemListElement":[{"@type":"ListItem","position":1,"name":"Accueil","item":"https:\/\/www.nettali.com\/"},{"@type":"ListItem","position":2,"name":"EN COULISSES - La pr\u00e9sence \u00e0 son proc\u00e8s en question !"}]},{"@type":"Person","@id":"https:\/\/www.nettali.com\/#\/schema\/person\/d8ac7b7e27ddad43f1c0d2ef090d7f71","name":"CK","image":{"@type":"ImageObject","@id":"https:\/\/www.nettali.com\/#personlogo","inLanguage":"fr-FR","url":"https:\/\/secure.gravatar.com\/avatar\/1d8d5118b9327d94da7cd4ce7f17fec2?s=96&d=mm&r=g","contentUrl":"https:\/\/secure.gravatar.com\/avatar\/1d8d5118b9327d94da7cd4ce7f17fec2?s=96&d=mm&r=g","caption":"CK"},"sameAs":["https:\/\/www.nettali.com"]}]}},"_links":{"self":[{"href":"https:\/\/www.nettali.com\/rest\/wp\/v2\/posts\/107205"}],"collection":[{"href":"https:\/\/www.nettali.com\/rest\/wp\/v2\/posts"}],"about":[{"href":"https:\/\/www.nettali.com\/rest\/wp\/v2\/types\/post"}],"author":[{"embeddable":true,"href":"https:\/\/www.nettali.com\/rest\/wp\/v2\/users\/2"}],"replies":[{"embeddable":true,"href":"https:\/\/www.nettali.com\/rest\/wp\/v2\/comments?post=107205"}],"version-history":[{"count":2,"href":"https:\/\/www.nettali.com\/rest\/wp\/v2\/posts\/107205\/revisions"}],"predecessor-version":[{"id":107209,"href":"https:\/\/www.nettali.com\/rest\/wp\/v2\/posts\/107205\/revisions\/107209"}],"wp:featuredmedia":[{"embeddable":true,"href":"https:\/\/www.nettali.com\/rest\/wp\/v2\/media\/107191"}],"wp:attachment":[{"href":"https:\/\/www.nettali.com\/rest\/wp\/v2\/media?parent=107205"}],"wp:term":[{"taxonomy":"category","embeddable":true,"href":"https:\/\/www.nettali.com\/rest\/wp\/v2\/categories?post=107205"},{"taxonomy":"post_tag","embeddable":true,"href":"https:\/\/www.nettali.com\/rest\/wp\/v2\/tags?post=107205"}],"curies":[{"name":"wp","href":"https:\/\/api.w.org\/{rel}","templated":true}]}}