{"id":107168,"date":"2023-03-30T07:20:17","date_gmt":"2023-03-30T07:20:17","guid":{"rendered":"https:\/\/www.nettali.com\/?p=107168"},"modified":"2023-04-03T19:23:59","modified_gmt":"2023-04-03T19:23:59","slug":"ledito-de-nettali-com-balle-a-terre","status":"publish","type":"post","link":"https:\/\/www.nettali.com\/2023\/03\/30\/ledito-de-nettali-com-balle-a-terre\/","title":{"rendered":"L'EDITO DE NETTALI.COM - Balle \u00e0 terre !\u00a0"},"content":{"rendered":"<p><strong>NETTALI.COM -<\/strong> <strong>Beaucoup de ceux qui s\u2019activent aujourd\u2019hui sur le terrain politique \u00e9taient bien jeunes ou pas encore n\u00e9s, quand Me Abdoulaye Wade, alors leader tout puissant de l\u2019opposition s\u00e9n\u00e9galaise, mobilisait les jeunes dans la rue pour instaurer des bras de fer continus et stressants au pr\u00e9sident Abdou Diouf. Ceux qui connaissent bien Me Wade diront que le plan d\u00e9velopp\u00e9 \u00e0 l\u2019\u00e9poque par le \u00ab <em>Pape du Sopi<\/em>\u00a0\u00bb est celui qu\u2019on appelle \u00ab\u00a0<em>Strat\u00e9gie du bord du gouffre<\/em>\u00a0\u00bb, qui consiste \u00e0 entrainer son adversaire jusqu\u2019au sommet de la falaise, pour lui faire entrevoir le danger de la chute (et donc de la mort certaine).<\/strong><\/p>\n<p>Mais Me Abdoulaye Wade, \u00ab\u00a0<em>gaind\u00e9<\/em>\u00a0\u00bb et \u00ab\u00a0<em>leuk<\/em>\u00a0\u00bb en m\u00eame temps, savait aussi manier les bonnes vertus de la discussion. Il laissait toujours des br\u00e8ches et une ouverture pour d\u00e9samorcer la \u00ab\u00a0<em>bombe\u00a0<\/em>\u00bb avant qu\u2019elle n\u2019\u00e9clate, au prix souvent de sa cr\u00e9dibilit\u00e9 politique. C\u2019est bien cette posture qu\u2019il partageait avec des hommes \u00e0 l\u2019int\u00e9grit\u00e9 reconnue, tels Maguette Thiam, Dansokho, Bathily, etc., qui a rendu possible les diff\u00e9rents gouvernements d\u2019union que le S\u00e9n\u00e9gal a connus dans les ann\u00e9es 90. C\u2019est aussi cela la diff\u00e9rence fondamentale entre le \u00ab\u00a0<em>Bleu en chef<\/em>\u00a0\u00bb de la p\u00e9riode des braises et les nouveaux ca\u00efds de la p\u00e8gre politique.<\/p>\n<p>Mais aujourd\u2019hui ce \u00e0 quoi l\u2019on assiste, c\u2019est une guerre sans merci, \u00a0dans une sorte de jeu de la mort entre le pouvoir en place et Ousmane Sonko, l'opposant le plus populaire et le plus frontal. Les appels au calme des chefs religieux ne sont plus \u00e9cout\u00e9s et encore moins entendus. La soci\u00e9t\u00e9 civile est elle, en grande partie devenue bien trop politis\u00e9e et affaiblie pour assumer convenablement son r\u00f4le.<\/p>\n<p>On assiste \u00e0 un vrai ensauvagement de l'espace politique. Et disons clairement la politique s\u2019est gravement d\u00e9pr\u00e9ci\u00e9e sous nos Tropiques. Il\u00a0 y a aujourd\u2019hui comme une sorte de \u00ab <em>rachitisation<\/em> \u00bb continue des us et codes. Et c'est le paradigme musculaire est aujourd'hui devenu le seul facteur pour r\u00e9guler les rapports.<\/p>\n<p>Un autre fait qu'il sera difficile d'occulter, c'est la mani\u00e8re dont la justice est rendue. Il y a en effet une perception d\u2019un sentiment de \u00ab <em>deux poids, deux mesures<\/em> \u00bb chez une partie de l\u2019opinion s\u00e9n\u00e9galaise dans le traitement de certaines affaires, politiques notamment au plan judiciaire. Une perception selon laquelle la justice penche d\u2019un c\u00f4t\u00e9 et qu\u2019elle se montre particuli\u00e8rement s\u00e9v\u00e8re \u00e0 l\u2019endroit des militants du parti Pastef. <strong>\u00a0<\/strong><\/p>\n<p>La situation est tellement trouble qu\u2019il y a un vent de menace sur la paix qui souffle. Avouons que pour un pays jadis connue pour sa stabilit\u00e9 et ses vertus du dialogue, cela est de plus en plus inqui\u00e9tant.<\/p>\n<p>Mais qu\u2019est-ce que ce sentiment d\u2019injustice exacerbe les tensions, surtout avec cette lutte pour le pouvoir en direction de 2024\u00a0 et la question du 3\u00e8me mandat ! Elle est m\u00eame devenue l\u2019objet de toutes les frictions et de tous les affrontements.<\/p>\n<p>Le\u00a0pays l\u00e9gu\u00e9 par Senghor, Diouf et Wade, est\u00a0aujourd\u2019hui divis\u00e9,\u00a0conna\u00eet\u00a0des clivages sans pr\u00e9c\u00e9dent\u00a0; et\u00a0l\u2019intol\u00e9rance r\u00e8gne\u00a0d\u00e9sormais\u00a0en ma\u00eetresse,\u00a0\u00e0 un point tel qu\u2019il devient impossible d\u2019avoir des d\u00e9bats sereins, aussi bien sur les plateaux t\u00e9l\u00e9s,\u00a0entre amis,\u00a0qu\u2019au sein d\u2019une m\u00eame famille.<\/p>\n<p>Que des S\u00e9n\u00e9galais d\u00e9noncent des vagues d\u2019arrestations dans le camp des Past\u00e9fiens\u00a0 \u00e0 travers les m\u00e9dias, les r\u00e9seaux sociaux et m\u00eame dans des discussions, doit nous inciter \u00e0 nous arr\u00eater et \u00e0 reprendre nos esprits. Ce qui renforce d\u2019autant plus ce sentiment d\u2019injustice, est que selon les tenants de ces th\u00e8ses, les victimes d\u2019arrestation ne se trouvent que dans un seul camp, celui de l\u2019opposition.<\/p>\n<p><strong>Des d\u00e9rives existent pourtant dans le camp du pouvoir <\/strong><\/p>\n<p>Et pourtant \u00e0 y regarder de plus pr\u00e8s, l\u2019on r\u00e9alise sans avoir besoin de chercher longtemps ou de remonter tr\u00e8s loin dans le temps, que des membres du camp du pouvoir, voire des proches du pr\u00e9sident de la r\u00e9publique, se sont faits distinguer par des d\u00e9rives verbales qui devraient tomber sous le coup de la loi, sans qu\u2019elles ne soient pourtant suivies de cons\u00e9quences.<\/p>\n<p>R\u00e9cemment, Tall\u00a0Ngol\u00a0Ngol, cet animateur de la 2 STV tr\u00e8s favorable au r\u00e9gime en place,\u00a0s\u2019est distingu\u00e9 par une sortie matinale des plus violentes sur la cha\u00eene. Il a ass\u00e9n\u00e9 dans une de ses prises de ses tribunes, avec assurance d\u00e9concertante et sans remords aucun d\u2019ailleurs,\u00a0des propos si peu am\u00e8nes contre Ousmane\u00a0Sonko. Il y a de quoi s\u2019indigner du silence des autorit\u00e9s.<\/p>\n<p>\u00ab\u00a0<em>Celui qui veut br\u00fbler le pays, c\u2019est lui qu\u2019on doit br\u00fbler. Nous on ne veut pas \u00eatre br\u00fbl\u00e9s. Passer son temps \u00e0 dire que le pays ne marche pas et vouloir d\u00e9truire tout ce qui se fait construire dans ce pays\u2026 Il y a des personnes qu\u2019il vaut mieux tuer plut\u00f4t que de les laisser vivre. Un seul S\u00e9n\u00e9galais qui meurt pour que les autres aient la paix, \u00e7a ne fait rien. Celui qui veut br\u00fbler le pays, c\u2019est lui qu\u2019on doit br\u00fbler\u00a0<\/em>\u00bb, a d\u00e9clar\u00e9 l\u2019animateur qui a pourtant donn\u00e9 \u00e0 son \u00e9mission, une vocation \u00e9ducative et morale.<\/p>\n<p>Des propos\u00a0choquants\u00a0d\u2019une rare violence\u00a0qui ont entra\u00een\u00e9 une avalanche de r\u00e9actions d\u2019indignation, mais qui montrent en m\u00eame temps que certains peuvent dire tout et n\u2019importe quoi au c\u0153ur de la r\u00e9publique, en toute impunit\u00e9. Mais que fait\u00a0Babacar\u00a0Diagne du\u00a0Cnra\u00a0? Lui qui s\u2019en \u00e9tait r\u00e9cemment pris \u00e0\u00a0Walfadjri\u00a0en faisant couper le signal de la cha\u00eene\u00a0!\u00a0Bougane\u00a0et sa cha\u00eene de t\u00e9l\u00e9 ont aussi fait les frais des interventions du\u00a0Cnra\u00a0!<\/p>\n<p>Qu\u2019en ont-t-il \u00e9t\u00e9 des propos tout aussi choquants d\u2019Aliou\u00a0Dembourou\u00a0Sow,\u00a0de Penda\u00a0Ba ou encore de Gaston Mbengue qui En\u00a0temps normal, lorsque ces articles\u00a0sont vis\u00e9s par le procureur de la R\u00e9publique,\u00a0ils\u00a0conduisent automatiquement l\u2019inculp\u00e9 en prison. Seydi Gassama s\u2019en \u00e9tait pris \u00e0 Barth\u00e9l\u00e9my Dias\u00a0?\u00a0Des r\u00e9actions qui font jurisprudence pour parler comme les juristes.<\/p>\n<p>De m\u00eame\u00a0en\u00a0se rem\u00e9morant les\u00a0propos incendiaires\u00a0d\u2019Ahmed Suzanne Camara,\u00a0ces\u00a0fameux appels au meurtre\u00a0dirig\u00e9s contre le leader de\u00a0Pastef, peut-on continuer \u00e0\u00a0\u00eatre indiff\u00e9rents\u00a0?\u00a0Ne doit-on pas se poser des questions sur le silence de la justice\u00a0?\u00a0A c\u00f4t\u00e9,\u00a0un\u00a0El\u00a0Hadji Malick\u00a0Ndiaye, secr\u00e9taire \u00e0 la communication de\u00a0Pastef\u00a0ou encore\u00a0un\u00a0Fadilou Keita, membre \u00e9galement\u00a0du\u00a0Pastef,\u00a0emprisonn\u00e9\u00a0depuis d\u00e9cembre pour\u00a0des\u00a0post sur\u00a0facebook,\u00a0peuvent \u00eatre consid\u00e9r\u00e9s comme\u00a0des anges.<\/p>\n<p>El Malick Ndiaye a \u00e9t\u00e9 bien plus chanceux que le second puisqu\u2019il a \u00e9chapp\u00e9 \u00e0 la prison, apr\u00e8s\u00a0plusieurs jours de garde \u00e0 vue et de retours de parquet gr\u00e2ce au bracelet \u00e9lectronique, cette innovation introduite dans le code p\u00e9nal et le code de proc\u00e9dure p\u00e9nale depuis 2020. Il a toutefois \u00e9t\u00e9 inculp\u00e9 pour\u00a0\u00abdiffusion\u00a0de fausses nouvelles de nature \u00e0 jeter le discr\u00e9dit sur les institutions nouvelles (article 255 du code p\u00e9nal) et man\u0153uvres et actes de nature \u00e0 compromettre la s\u00e9curit\u00e9 publique ou \u00e0 occasionner des troubles politiques graves ( article 80).<\/p>\n<p>Avant lui,\u00a0Waly\u00a0Diouf Bodian, membre du protocole de\u00a0Sonko,\u00a0arr\u00eat\u00e9 le 16 mars en marge des\u00a0\u00e9v\u00e9nements qui\u00a0ont eu lieu\u00a0au niveau de St\u00e8le Mermoz\u00a0avant d\u2019\u00eatre\u00a0plac\u00e9 en garde \u00e0 vue depuis ce jour au Commissariat central de Dakar, avait\u00a0\u00e9t\u00e9\u00a0lib\u00e9r\u00e9 et plac\u00e9 sous contr\u00f4le judiciaire avec un bracelet \u00e9lectronique.<\/p>\n<p>Inutile de dire que personne ne devrait cautionner\u00a0quelque propos ou \u00e9crit que ce soit, d\u2019o\u00f9 qu\u2019ils viennent, malveillants\u00a0ou\u00a0\u00e0 l\u2019encontre de la loi, mais le fait est que les tenants de la justice doivent veiller \u00e0 ce que les justiciables n\u2019aient pas\u00a0ce sentiment de rupture\u00a0d\u2019\u00e9galit\u00e9 suivant le camp auquel ils appartiennent.<\/p>\n<p><strong>Les manifestations devraient \u00eatre autoris\u00e9es, mais\u2026<\/strong><\/p>\n<p>Devrait-on en arriver \u00e0 interdire les manifestations\u00a0?\u00a0C\u2019est en tout cas un vrai bras de fer qui s\u2019est engag\u00e9 sur ce terrain depuis quelques temps entre Ousmane Sonko et le pouvoir en place sur la question des autorisations. Le Pr\u00e9fet de Dakar a interdit les marches que la coalition \u00ab<em>Yewi Askan Wi<\/em>\u00bb projetait d\u2019organiser les 29 et 30 mars prochain \u00e0 la veille du proc\u00e8s en diffamation opposant Mame Mbaye Niang \u00e0 Ousmane Sonko, pour des risques de trouble \u00e0 l\u2019ordre public. Mais ce dernier n\u2019en a cure. D<em>\u00e9sormais, lui et ses partisans marcheront avec ou sans autorisation, estimant que L\u2019\u00c9tat n\u2019a pas les capacit\u00e9s de retenir le peuple. <\/em><\/p>\n<p>Un droit de manifester pourtant inscrit\u00a0dans la constitution. La r\u00e8gle,\u00a0dans le cas d\u2019esp\u00e8ce,\u00a0ne devrait\u00a0pas \u00eatre l\u2019interdiction mais juste la d\u00e9claration pr\u00e9alable.<\/p>\n<p>Des manifestations\u00a0ont \u00e9t\u00e9 souvent, dans le temps et sous tous les r\u00e9gimes, interdites\u00a0pour les m\u00eames raisons en g\u00e9n\u00e9ral pr\u00e9cit\u00e9es. Et pourtant, l\u2019on note quotidiennement et de plus en plus\u00a0que des art\u00e8res\u00a0et des routes \u00e0 grande circulation sont barr\u00e9es pour des raisons li\u00e9es \u00e0\u00a0des c\u00e9r\u00e9monies familiales ou religieuses qui ne concernent en g\u00e9n\u00e9ral que tr\u00e8s peu de\u00a0S\u00e9n\u00e9galais\u00a0?\u00a0Qui les autorise\u00a0? Elles causent pourtant des\u00a0d\u00e9sagr\u00e9ments importants.<\/p>\n<p>Ce serait en tout cas une grande illusion d\u2019attendre d\u2019un \u00e9tat qu\u2019il ne cherche pas \u00e0 r\u00e9guler la circulation sur la voie publique, de mani\u00e8re \u00e0 ce que tous les citoyens puissent vaquer \u00e0 leurs besoins et en toute qui\u00e9tude. Ce serait m\u00eame irresponsable de ne pas le faire. Mais encore faudrait-il que l\u2019interdiction soit vraiment motiv\u00e9e pour des raisons \u00e9videntes de manque de service de maintien de l\u2019ordre et de risques manifestes de troubles de l\u2019ordre public encourus.<\/p>\n<p>Les manifestations peuvent \u00eatre encadr\u00e9es. Une mission qui ne devrait dans tous les cas \u00eatre assum\u00e9e qu\u2019avec intelligence et professionnalisme, en utilisant les vertus du dialogue et en dernier recours la force proportionn\u00e9e en cas de d\u00e9bordements.<\/p>\n<p>La meilleure mani\u00e8re de banaliser une manifestation, n\u2019est-ce pas d\u2019ailleurs de l\u2019autoriser ? En proc\u00e9dant ainsi, l\u2019on amoindrit l\u2019impact, si tant est que c\u2019est ce que l\u2019autorit\u00e9 cherche. D\u2019ailleurs les exp\u00e9riences r\u00e9centes ont montr\u00e9 que les manifestations autoris\u00e9es, ne comportent en g\u00e9n\u00e9ral gu\u00e8re de heurts et encore moins de grabuges.<\/p>\n<p>Les forces de l\u2019ordre doivent\u00a0donc\u00a0faire preuve de plus de s\u00e9r\u00e9nit\u00e9\u00a0et de professionnalisme en se gardant de commettre certains actes, tels que briser des vitres ou gazer des opposants. Cela ne contribue en r\u00e9alit\u00e9 qu\u2019\u00e0 attiser le feu et donner l\u2019impression d\u2019un arbitraire ou de la violence exerc\u00e9e sur des opposants.<\/p>\n<p>Est-il vraiment n\u00e9cessaire d\u2019interdire \u00e0 un citoyen de sortir de chez lui en limitant sa libert\u00e9 d\u2019aller et de venir que lui conf\u00e8re la constitution ? Assur\u00e9ment non. Seule la justice devrait en effet pouvoir le faire et pour de bonnes raisons. Ce qui reste plus raisonnable, dans les contr\u00f4les \u00e9rig\u00e9s autour du domicile d\u2019Ousmane Sonko, c\u2019est plut\u00f4t de minimiser au maximum les attroupements de mani\u00e8re \u00e0 ne pas troubler la qui\u00e9tude des voisins. De m\u00eame l'on devrait conduire de force Ousmane Sonko \u00e0 son proc\u00e8s sans mandat d'amener.<\/p>\n<p>Manifester est une chose, mais piller et casser sont tout autre chose. Et il est bien inadmissible et honteux, de voir lors des manifestations, ces spectacles d\u00e9solants de casseurs et pilleurs d\u00e9vastant des commerces, cassant des v\u00e9hicules, renversant des kiosques et pillant \u00e0 tout va. Br\u00fbler des bus de \u00ab <em>Dakar Dem Dikk<\/em> \u00bb, d\u00e9j\u00e0 en nombre limit\u00e9, ne revient-il juste pas \u00e0 priver les Gorgorlous d\u2019un des rares moyens de transport \u00e0 leur port\u00e9e ? Et m\u00eame en pr\u00e9tendant s\u2019attaquer \u00e0 des int\u00e9r\u00eats \u00e9trangers, ce sont des emplois qui sont ruin\u00e9s et des investissements an\u00e9antis.<\/p>\n<p>Rien, en effet, ne peut en effet justifier ces actes de pillage et de vandalisme, quel que soit le niveau de col\u00e8re par ailleurs. Qu\u2019ils soient des commerces \u00e9trangers ou nationaux, la d\u00e9nonciation doit \u00eatre le m\u00eame. Et quelquefois, ce dont ces casseurs ne se rendent pas compte, c\u2019est qu\u2019ils ont affaire \u00e0 des S\u00e9n\u00e9galais titulaires de licences ou g\u00e9rants des franchises qui font les frais de ces pillages. Que l\u2019on sache raison garder, notre tissu \u00e9conomique est d\u00e9j\u00e0 si faible qu\u2019il faille pr\u00e9server le peu qui en reste.<\/p>\n<p>Qu\u2019on en soit r\u00e9duit \u00e0 constater une ville morte, en baissant les rideaux des commerces, de banques et d\u2019anticiper les vacances, voire de limiter les cours \u00e0 des matin\u00e9es, ou encore \u00e0 garer des bus, est une situation tout \u00e0 fait inacceptable.<\/p>\n<p>Traduire en justice des manifestants pour des hu\u00e9es ou des actes banals, n\u2019am\u00e8ne rien de plus que remplir les commissariats, brigades de gendarmerie et les prisons. Il faut par contre \u00eatre s\u00e9v\u00e8re contre les pilleurs.\u00a0Et \u00e7a, ce sera \u00a0\u00e0 juste raison !<\/p>\n<p>La justice est\u00a0quant \u00e0 elle, un gage\u00a0indispensable\u00a0de la pr\u00e9servation de la paix dans toute soci\u00e9t\u00e9.\u00a0\u00a0En ce sens, elle un facteur d\u2019\u00e9quilibre et de s\u00e9curit\u00e9 pour les affaires et l\u2019\u00e9conomie.\u00a0Ce qui veut dire en d\u2019autres termes dire qu\u2019elle doit \u00eatre rendue dans\u00a0une logique d\u2019\u00e9galit\u00e9 des citoyens ainsi\u00a0que le dictent la constitution\u00a0et la D\u00e9claration universelle des droits de l\u2019homme.<\/p>\n<p>Ce n\u2019est d\u2019ailleurs gu\u00e8re un hasard si elle est symbolis\u00e9e par une balance,\u00a0signe de l\u2019\u00e9quit\u00e9 qui fait r\u00e9f\u00e9rence \u00e0 l\u2019id\u00e9e d\u2019\u00e9quilibre et de mesure.<\/p>\n<p>On en revient finalement\u00a0 et toujours \u00e0 l\u2019\u00e9ternelle r\u00e9forme des institutions avec une place centrale \u00e0 accorder \u00e0 la r\u00e9forme de la justice.<\/p>\n<div class='share-to-whatsapp-wrapper'><div class='share-on-whsp'>PARTAGER SUR : <\/div><a data-text='L'EDITO DE NETTALI.COM - Balle \u00e0 terre !\u00a0' data-link='https:\/\/www.nettali.com\/2023\/03\/30\/ledito-de-nettali-com-balle-a-terre\/' class='whatsapp-button whatsapp-share'>WhatsApp<\/a><div class='clear '><\/div><\/div>","protected":false},"excerpt":{"rendered":"<p>NETTALI.COM - Beaucoup de ceux qui s\u2019activent aujourd\u2019hui sur le terrain politique \u00e9taient bien jeunes ou pas encore n\u00e9s, quand Me Abdoulaye Wade, alors leader tout puissant de l\u2019opposition s\u00e9n\u00e9galaise, mobilisait les jeunes dans la rue pour instaurer des bras de fer continus et stressants au pr\u00e9sident Abdou Diouf. Ceux qui connaissent bien Me Wade [&hellip;]<\/p>\n","protected":false},"author":2,"featured_media":107011,"comment_status":"open","ping_status":"open","sticky":false,"template":"","format":"standard","meta":{"_et_pb_use_builder":"","_et_pb_old_content":""},"categories":[34931],"tags":[],"yoast_head":"<!-- This site is optimized with the Yoast SEO Premium plugin v17.8 (Yoast SEO v17.8) - https:\/\/yoast.com\/wordpress\/plugins\/seo\/ -->\n<title>L&#039;EDITO DE NETTALI.COM - Balle \u00e0 terre !\u00a0 | Nettali.com<\/title>\n<meta name=\"robots\" content=\"index, follow, max-snippet:-1, max-image-preview:large, max-video-preview:-1\" \/>\n<link rel=\"canonical\" href=\"https:\/\/www.nettali.com\/2023\/03\/30\/ledito-de-nettali-com-balle-a-terre\/\" \/>\n<meta property=\"og:locale\" content=\"fr_FR\" \/>\n<meta property=\"og:type\" content=\"article\" \/>\n<meta property=\"og:title\" content=\"L&#039;EDITO DE NETTALI.COM - Balle \u00e0 terre !\u00a0\" \/>\n<meta property=\"og:description\" content=\"NETTALI.COM - Beaucoup de ceux qui s\u2019activent aujourd\u2019hui sur le terrain politique \u00e9taient bien jeunes ou pas encore n\u00e9s, quand Me Abdoulaye Wade, alors leader tout puissant de l\u2019opposition s\u00e9n\u00e9galaise, mobilisait les jeunes dans la rue pour instaurer des bras de fer continus et stressants au pr\u00e9sident Abdou Diouf. Ceux qui connaissent bien Me Wade [&hellip;]\" \/>\n<meta property=\"og:url\" content=\"https:\/\/www.nettali.com\/2023\/03\/30\/ledito-de-nettali-com-balle-a-terre\/\" \/>\n<meta property=\"og:site_name\" content=\"Nettali.com\" \/>\n<meta property=\"article:publisher\" content=\"https:\/\/www.facebook.com\/nettalicom\" \/>\n<meta property=\"article:published_time\" content=\"2023-03-30T07:20:17+00:00\" \/>\n<meta property=\"article:modified_time\" content=\"2023-04-03T19:23:59+00:00\" \/>\n<meta property=\"og:image\" content=\"https:\/\/www.nettali.com\/wp-content\/uploads\/2023\/03\/ngol-sonko-sall-camara-mbengue.jpg\" \/>\n\t<meta property=\"og:image:width\" content=\"1280\" \/>\n\t<meta property=\"og:image:height\" content=\"600\" \/>\n<meta name=\"twitter:card\" content=\"summary_large_image\" \/>\n<meta name=\"twitter:label1\" content=\"\u00c9crit par\" \/>\n\t<meta name=\"twitter:data1\" content=\"CK\" \/>\n\t<meta name=\"twitter:label2\" content=\"Dur\u00e9e de lecture estim\u00e9e\" \/>\n\t<meta name=\"twitter:data2\" content=\"11 minutes\" \/>\n<script type=\"application\/ld+json\" class=\"yoast-schema-graph\">{\"@context\":\"https:\/\/schema.org\",\"@graph\":[{\"@type\":\"WebSite\",\"@id\":\"https:\/\/www.nettali.com\/#website\",\"url\":\"https:\/\/www.nettali.com\/\",\"name\":\"Nettali.com\",\"description\":\"Le rendez-vous critique du Net\",\"potentialAction\":[{\"@type\":\"SearchAction\",\"target\":{\"@type\":\"EntryPoint\",\"urlTemplate\":\"https:\/\/www.nettali.com\/?s={search_term_string}\"},\"query-input\":\"required name=search_term_string\"}],\"inLanguage\":\"fr-FR\"},{\"@type\":\"ImageObject\",\"@id\":\"https:\/\/www.nettali.com\/2023\/03\/30\/ledito-de-nettali-com-balle-a-terre\/#primaryimage\",\"inLanguage\":\"fr-FR\",\"url\":\"https:\/\/www.nettali.com\/wp-content\/uploads\/2023\/03\/ngol-sonko-sall-camara-mbengue.jpg\",\"contentUrl\":\"https:\/\/www.nettali.com\/wp-content\/uploads\/2023\/03\/ngol-sonko-sall-camara-mbengue.jpg\",\"width\":1280,\"height\":600},{\"@type\":\"WebPage\",\"@id\":\"https:\/\/www.nettali.com\/2023\/03\/30\/ledito-de-nettali-com-balle-a-terre\/#webpage\",\"url\":\"https:\/\/www.nettali.com\/2023\/03\/30\/ledito-de-nettali-com-balle-a-terre\/\",\"name\":\"L'EDITO DE NETTALI.COM - Balle \\u00e0 terre !\\u00a0 | Nettali.com\",\"isPartOf\":{\"@id\":\"https:\/\/www.nettali.com\/#website\"},\"primaryImageOfPage\":{\"@id\":\"https:\/\/www.nettali.com\/2023\/03\/30\/ledito-de-nettali-com-balle-a-terre\/#primaryimage\"},\"datePublished\":\"2023-03-30T07:20:17+00:00\",\"dateModified\":\"2023-04-03T19:23:59+00:00\",\"author\":{\"@id\":\"https:\/\/www.nettali.com\/#\/schema\/person\/d8ac7b7e27ddad43f1c0d2ef090d7f71\"},\"breadcrumb\":{\"@id\":\"https:\/\/www.nettali.com\/2023\/03\/30\/ledito-de-nettali-com-balle-a-terre\/#breadcrumb\"},\"inLanguage\":\"fr-FR\",\"potentialAction\":[{\"@type\":\"ReadAction\",\"target\":[\"https:\/\/www.nettali.com\/2023\/03\/30\/ledito-de-nettali-com-balle-a-terre\/\"]}]},{\"@type\":\"BreadcrumbList\",\"@id\":\"https:\/\/www.nettali.com\/2023\/03\/30\/ledito-de-nettali-com-balle-a-terre\/#breadcrumb\",\"itemListElement\":[{\"@type\":\"ListItem\",\"position\":1,\"name\":\"Accueil\",\"item\":\"https:\/\/www.nettali.com\/\"},{\"@type\":\"ListItem\",\"position\":2,\"name\":\"L'EDITO DE NETTALI.COM - Balle \\u00e0 terre !\\u00a0\"}]},{\"@type\":\"Person\",\"@id\":\"https:\/\/www.nettali.com\/#\/schema\/person\/d8ac7b7e27ddad43f1c0d2ef090d7f71\",\"name\":\"CK\",\"image\":{\"@type\":\"ImageObject\",\"@id\":\"https:\/\/www.nettali.com\/#personlogo\",\"inLanguage\":\"fr-FR\",\"url\":\"https:\/\/secure.gravatar.com\/avatar\/1d8d5118b9327d94da7cd4ce7f17fec2?s=96&d=mm&r=g\",\"contentUrl\":\"https:\/\/secure.gravatar.com\/avatar\/1d8d5118b9327d94da7cd4ce7f17fec2?s=96&d=mm&r=g\",\"caption\":\"CK\"},\"sameAs\":[\"https:\/\/www.nettali.com\"]}]}<\/script>\n<!-- \/ Yoast SEO Premium plugin. -->","yoast_head_json":{"title":"L'EDITO DE NETTALI.COM - Balle \u00e0 terre !\u00a0 | Nettali.com","robots":{"index":"index","follow":"follow","max-snippet":"max-snippet:-1","max-image-preview":"max-image-preview:large","max-video-preview":"max-video-preview:-1"},"canonical":"https:\/\/www.nettali.com\/2023\/03\/30\/ledito-de-nettali-com-balle-a-terre\/","og_locale":"fr_FR","og_type":"article","og_title":"L'EDITO DE NETTALI.COM - Balle \u00e0 terre !\u00a0","og_description":"NETTALI.COM - Beaucoup de ceux qui s\u2019activent aujourd\u2019hui sur le terrain politique \u00e9taient bien jeunes ou pas encore n\u00e9s, quand Me Abdoulaye Wade, alors leader tout puissant de l\u2019opposition s\u00e9n\u00e9galaise, mobilisait les jeunes dans la rue pour instaurer des bras de fer continus et stressants au pr\u00e9sident Abdou Diouf. Ceux qui connaissent bien Me Wade [&hellip;]","og_url":"https:\/\/www.nettali.com\/2023\/03\/30\/ledito-de-nettali-com-balle-a-terre\/","og_site_name":"Nettali.com","article_publisher":"https:\/\/www.facebook.com\/nettalicom","article_published_time":"2023-03-30T07:20:17+00:00","article_modified_time":"2023-04-03T19:23:59+00:00","og_image":[{"width":1280,"height":600,"url":"https:\/\/www.nettali.com\/wp-content\/uploads\/2023\/03\/ngol-sonko-sall-camara-mbengue.jpg","type":"image\/jpeg"}],"twitter_card":"summary_large_image","twitter_misc":{"\u00c9crit par":"CK","Dur\u00e9e de lecture estim\u00e9e":"11 minutes"},"schema":{"@context":"https:\/\/schema.org","@graph":[{"@type":"WebSite","@id":"https:\/\/www.nettali.com\/#website","url":"https:\/\/www.nettali.com\/","name":"Nettali.com","description":"Le rendez-vous critique du Net","potentialAction":[{"@type":"SearchAction","target":{"@type":"EntryPoint","urlTemplate":"https:\/\/www.nettali.com\/?s={search_term_string}"},"query-input":"required name=search_term_string"}],"inLanguage":"fr-FR"},{"@type":"ImageObject","@id":"https:\/\/www.nettali.com\/2023\/03\/30\/ledito-de-nettali-com-balle-a-terre\/#primaryimage","inLanguage":"fr-FR","url":"https:\/\/www.nettali.com\/wp-content\/uploads\/2023\/03\/ngol-sonko-sall-camara-mbengue.jpg","contentUrl":"https:\/\/www.nettali.com\/wp-content\/uploads\/2023\/03\/ngol-sonko-sall-camara-mbengue.jpg","width":1280,"height":600},{"@type":"WebPage","@id":"https:\/\/www.nettali.com\/2023\/03\/30\/ledito-de-nettali-com-balle-a-terre\/#webpage","url":"https:\/\/www.nettali.com\/2023\/03\/30\/ledito-de-nettali-com-balle-a-terre\/","name":"L'EDITO DE NETTALI.COM - Balle \u00e0 terre !\u00a0 | Nettali.com","isPartOf":{"@id":"https:\/\/www.nettali.com\/#website"},"primaryImageOfPage":{"@id":"https:\/\/www.nettali.com\/2023\/03\/30\/ledito-de-nettali-com-balle-a-terre\/#primaryimage"},"datePublished":"2023-03-30T07:20:17+00:00","dateModified":"2023-04-03T19:23:59+00:00","author":{"@id":"https:\/\/www.nettali.com\/#\/schema\/person\/d8ac7b7e27ddad43f1c0d2ef090d7f71"},"breadcrumb":{"@id":"https:\/\/www.nettali.com\/2023\/03\/30\/ledito-de-nettali-com-balle-a-terre\/#breadcrumb"},"inLanguage":"fr-FR","potentialAction":[{"@type":"ReadAction","target":["https:\/\/www.nettali.com\/2023\/03\/30\/ledito-de-nettali-com-balle-a-terre\/"]}]},{"@type":"BreadcrumbList","@id":"https:\/\/www.nettali.com\/2023\/03\/30\/ledito-de-nettali-com-balle-a-terre\/#breadcrumb","itemListElement":[{"@type":"ListItem","position":1,"name":"Accueil","item":"https:\/\/www.nettali.com\/"},{"@type":"ListItem","position":2,"name":"L'EDITO DE NETTALI.COM - Balle \u00e0 terre !\u00a0"}]},{"@type":"Person","@id":"https:\/\/www.nettali.com\/#\/schema\/person\/d8ac7b7e27ddad43f1c0d2ef090d7f71","name":"CK","image":{"@type":"ImageObject","@id":"https:\/\/www.nettali.com\/#personlogo","inLanguage":"fr-FR","url":"https:\/\/secure.gravatar.com\/avatar\/1d8d5118b9327d94da7cd4ce7f17fec2?s=96&d=mm&r=g","contentUrl":"https:\/\/secure.gravatar.com\/avatar\/1d8d5118b9327d94da7cd4ce7f17fec2?s=96&d=mm&r=g","caption":"CK"},"sameAs":["https:\/\/www.nettali.com"]}]}},"_links":{"self":[{"href":"https:\/\/www.nettali.com\/rest\/wp\/v2\/posts\/107168"}],"collection":[{"href":"https:\/\/www.nettali.com\/rest\/wp\/v2\/posts"}],"about":[{"href":"https:\/\/www.nettali.com\/rest\/wp\/v2\/types\/post"}],"author":[{"embeddable":true,"href":"https:\/\/www.nettali.com\/rest\/wp\/v2\/users\/2"}],"replies":[{"embeddable":true,"href":"https:\/\/www.nettali.com\/rest\/wp\/v2\/comments?post=107168"}],"version-history":[{"count":6,"href":"https:\/\/www.nettali.com\/rest\/wp\/v2\/posts\/107168\/revisions"}],"predecessor-version":[{"id":107344,"href":"https:\/\/www.nettali.com\/rest\/wp\/v2\/posts\/107168\/revisions\/107344"}],"wp:featuredmedia":[{"embeddable":true,"href":"https:\/\/www.nettali.com\/rest\/wp\/v2\/media\/107011"}],"wp:attachment":[{"href":"https:\/\/www.nettali.com\/rest\/wp\/v2\/media?parent=107168"}],"wp:term":[{"taxonomy":"category","embeddable":true,"href":"https:\/\/www.nettali.com\/rest\/wp\/v2\/categories?post=107168"},{"taxonomy":"post_tag","embeddable":true,"href":"https:\/\/www.nettali.com\/rest\/wp\/v2\/tags?post=107168"}],"curies":[{"name":"wp","href":"https:\/\/api.w.org\/{rel}","templated":true}]}}