{"id":107129,"date":"2023-03-29T11:15:51","date_gmt":"2023-03-29T11:15:51","guid":{"rendered":"https:\/\/www.nettali.com\/?p=107129"},"modified":"2023-03-29T11:15:51","modified_gmt":"2023-03-29T11:15:51","slug":"entretien-avec-france-24-mimi-toure-sen-prend-a-macky-et-au-pds","status":"publish","type":"post","link":"https:\/\/www.nettali.com\/2023\/03\/29\/entretien-avec-france-24-mimi-toure-sen-prend-a-macky-et-au-pds\/","title":{"rendered":"ENTRETIEN AVEC France 24 - Mimi Tour\u00e9 s\u2019en prend \u00e0 Macky et au Pds"},"content":{"rendered":"<p><strong>NETTALI.COM - L'ancienne Premi\u00e8re ministre du S\u00e9n\u00e9gal (2013-2014) Aminata Tour\u00e9 a accord\u00e9 un entretien \u00e0 France 24. Tandis que le pr\u00e9sident Macky Sall laisse planer le doute sur une candidature \u00e0 un troisi\u00e8me mandat, Aminata Tour\u00e9 estime que la constitution s\u00e9n\u00e9galaise est \"tr\u00e8s claire\" et que le chef de l'\u00c9tat ne peut absolument pas se porter candidat \u00e0 l'\u00e9lection pr\u00e9sidentielle pr\u00e9vue en 2024. D\u00e9non\u00e7ant une \"vague de r\u00e9pression sans pr\u00e9c\u00e9dent\", elle assure que \"les d\u00e9mocrates\" sont pr\u00eats \u00e0 y \"faire face\". Il en a profit\u00e9 pour s\u2019attaquer encore au Pds qui, selon elle, est <\/strong><\/p>\n<p>Depuis le si\u00e8ge des Nations unies, \u00e0 New York,\u00a0Aminata Tour\u00e9\u00a0assure que le pr\u00e9sident s\u00e9n\u00e9galais Macky Sall ne peut pas briguer de troisi\u00e8me mandat. <em>\"Ce serait une r\u00e9gression de la d\u00e9mocratie s\u00e9n\u00e9galaise\"<\/em>, dont le mod\u00e8le est \"connu dans le monde entier\", pr\u00e9vient\u00a0l'ex-cheffe du gouvernement s\u00e9n\u00e9galais.<\/p>\n<p>Cette ancienne fid\u00e8le du pr\u00e9sident\u00a0Macky Sall\u00a0a claqu\u00e9 la porte de la majorit\u00e9 en septembre 2022. D\u00e9sormais candidate \u00e0 la pr\u00e9sidentielle pr\u00e9vue en 2024, Aminata Tour\u00e9 assure que\u00a0le S\u00e9n\u00e9gal\u00a0est \"effectivement pr\u00eat\" \u00e0 porter une femme pr\u00e9sidente \u00e0 la t\u00eate de l'\u00c9tat.<\/p>\n<p>Il en a profit\u00e9 pour s\u2019attaquer au Parti d\u00e9mocratique s\u00e9n\u00e9galais (Pds).<\/p>\n<p>\" ..<em>.Ce qu'il faut dire, c'est que le Pds ne s'est jamais joint aux initiatives de l'opposition. \u00c0 l'Assembl\u00e9e nationale, il y a eu trois initiatives, pour l'une il s'agissait de la mise en accusation des ministres qui ont \u00e9t\u00e9 cibl\u00e9s par un rapport de la Cour des Comptes sur la gestion des fonds du Covid, le Pds n'a pas voulu se joindre \u00e0 cette initiative, il y a eu une motion de censure en direction du gouvernement, le Pds ne s'est pas joint \u00e0 cette initiative de l'opposition et le Pds a aid\u00e9 le groupe de l'Assembl\u00e9e nationale du Pr\u00e9sident Macky Sall \u00e0 faire passer ses lois\"<\/em>, a d\u00e9clar\u00e9 Aminata Tour\u00e9 lors de son entretien sur France 24.<br \/>\nPoursuivant l'ancien Premier ministre d'enfoncer le clou.\u00a0 <em>\"Donc, ce sont des indicateurs et des pointeurs assez clairs. Ce qui se joue, \u00e7a se sait parce qu' en politique tout se sait. Le Pds est en n\u00e9gociations avanc\u00e9es avec le Pr\u00e9sident Macky Sall et voil\u00e0 je ne sers que d'arguments fallacieux puisqu'on aura jamais vu un parti dire que je m'oppose \u00e0 une personne...\"<\/em>, ajoute-t-il.<\/p>\n<p><em>\"Tout le monde le sait, c'est l'amnistie de monsieur Karim Wade qui est en question. Et c'est de cela qu'il s'agit...il y a l'annonce d'une amnistie qui a \u00e9t\u00e9 faite par certains dirigeants du pouvoir y compris le ministre de la justice... Cela se fait attendre du c\u00f4t\u00e9 du Pds, donc \u00e9videmment mieux vaut ne pas \u00eatre radical, ne pas \u00eatre dans une opposition radicale pour obtenir cette amnistie\"<\/em>, laisse-t-elle entendre.<\/p>\n<p><iframe loading=\"lazy\" title=\"Aminata Tour\u00e9, ex-Premi\u00e8re ministre du S\u00e9n\u00e9gal : &quot;Macky Sall ne peut pas briguer de 3e mandat&quot;\" width=\"1080\" height=\"608\" src=\"https:\/\/www.youtube.com\/embed\/4fdmE4YffvA?start=180&feature=oembed\" frameborder=\"0\" allow=\"accelerometer; autoplay; clipboard-write; encrypted-media; gyroscope; picture-in-picture; web-share\" allowfullscreen><\/iframe><\/p>\n<p>&nbsp;<\/p>\n<p>&nbsp;<\/p>\n<div class='share-to-whatsapp-wrapper'><div class='share-on-whsp'>PARTAGER SUR : <\/div><a data-text='ENTRETIEN AVEC France 24 - Mimi Tour\u00e9 s\u2019en prend \u00e0 Macky et au Pds' data-link='https:\/\/www.nettali.com\/2023\/03\/29\/entretien-avec-france-24-mimi-toure-sen-prend-a-macky-et-au-pds\/' class='whatsapp-button whatsapp-share'>WhatsApp<\/a><div class='clear '><\/div><\/div>","protected":false},"excerpt":{"rendered":"<p>NETTALI.COM - L'ancienne Premi\u00e8re ministre du S\u00e9n\u00e9gal (2013-2014) Aminata Tour\u00e9 a accord\u00e9 un entretien \u00e0 France 24. Tandis que le pr\u00e9sident Macky Sall laisse planer le doute sur une candidature \u00e0 un troisi\u00e8me mandat, Aminata Tour\u00e9 estime que la constitution s\u00e9n\u00e9galaise est \"tr\u00e8s claire\" et que le chef de l'\u00c9tat ne peut absolument pas se [&hellip;]<\/p>\n","protected":false},"author":4,"featured_media":106966,"comment_status":"open","ping_status":"open","sticky":false,"template":"","format":"standard","meta":{"_et_pb_use_builder":"","_et_pb_old_content":""},"categories":[2],"tags":[],"yoast_head":"<!-- This site is optimized with the Yoast SEO Premium plugin v17.8 (Yoast SEO v17.8) - https:\/\/yoast.com\/wordpress\/plugins\/seo\/ -->\n<title>ENTRETIEN AVEC France 24 - Mimi Tour\u00e9 s\u2019en prend \u00e0 Macky et au Pds | Nettali.com<\/title>\n<meta name=\"robots\" content=\"index, follow, max-snippet:-1, max-image-preview:large, max-video-preview:-1\" \/>\n<link rel=\"canonical\" href=\"https:\/\/www.nettali.com\/2023\/03\/29\/entretien-avec-france-24-mimi-toure-sen-prend-a-macky-et-au-pds\/\" \/>\n<meta property=\"og:locale\" content=\"fr_FR\" \/>\n<meta property=\"og:type\" content=\"article\" \/>\n<meta property=\"og:title\" content=\"ENTRETIEN AVEC France 24 - Mimi Tour\u00e9 s\u2019en prend \u00e0 Macky et au Pds\" \/>\n<meta property=\"og:description\" content=\"NETTALI.COM - L&#039;ancienne Premi\u00e8re ministre du S\u00e9n\u00e9gal (2013-2014) Aminata Tour\u00e9 a accord\u00e9 un entretien \u00e0 France 24. Tandis que le pr\u00e9sident Macky Sall laisse planer le doute sur une candidature \u00e0 un troisi\u00e8me mandat, Aminata Tour\u00e9 estime que la constitution s\u00e9n\u00e9galaise est &quot;tr\u00e8s claire&quot; et que le chef de l&#039;\u00c9tat ne peut absolument pas se [&hellip;]\" \/>\n<meta property=\"og:url\" content=\"https:\/\/www.nettali.com\/2023\/03\/29\/entretien-avec-france-24-mimi-toure-sen-prend-a-macky-et-au-pds\/\" \/>\n<meta property=\"og:site_name\" content=\"Nettali.com\" \/>\n<meta property=\"article:publisher\" content=\"https:\/\/www.facebook.com\/nettalicom\" \/>\n<meta property=\"article:published_time\" content=\"2023-03-29T11:15:51+00:00\" \/>\n<meta property=\"og:image\" content=\"https:\/\/www.nettali.com\/wp-content\/uploads\/2023\/03\/aminata-mimi-toure.jpg\" \/>\n\t<meta property=\"og:image:width\" content=\"837\" \/>\n\t<meta property=\"og:image:height\" content=\"472\" \/>\n<meta name=\"twitter:card\" content=\"summary_large_image\" \/>\n<meta name=\"twitter:label1\" content=\"\u00c9crit par\" \/>\n\t<meta name=\"twitter:data1\" content=\"Daouda\" \/>\n\t<meta name=\"twitter:label2\" content=\"Dur\u00e9e de lecture estim\u00e9e\" \/>\n\t<meta name=\"twitter:data2\" content=\"3 minutes\" \/>\n<script type=\"application\/ld+json\" class=\"yoast-schema-graph\">{\"@context\":\"https:\/\/schema.org\",\"@graph\":[{\"@type\":\"WebSite\",\"@id\":\"https:\/\/www.nettali.com\/#website\",\"url\":\"https:\/\/www.nettali.com\/\",\"name\":\"Nettali.com\",\"description\":\"Le rendez-vous critique du Net\",\"potentialAction\":[{\"@type\":\"SearchAction\",\"target\":{\"@type\":\"EntryPoint\",\"urlTemplate\":\"https:\/\/www.nettali.com\/?s={search_term_string}\"},\"query-input\":\"required name=search_term_string\"}],\"inLanguage\":\"fr-FR\"},{\"@type\":\"ImageObject\",\"@id\":\"https:\/\/www.nettali.com\/2023\/03\/29\/entretien-avec-france-24-mimi-toure-sen-prend-a-macky-et-au-pds\/#primaryimage\",\"inLanguage\":\"fr-FR\",\"url\":\"https:\/\/www.nettali.com\/wp-content\/uploads\/2023\/03\/aminata-mimi-toure.jpg\",\"contentUrl\":\"https:\/\/www.nettali.com\/wp-content\/uploads\/2023\/03\/aminata-mimi-toure.jpg\",\"width\":837,\"height\":472},{\"@type\":\"WebPage\",\"@id\":\"https:\/\/www.nettali.com\/2023\/03\/29\/entretien-avec-france-24-mimi-toure-sen-prend-a-macky-et-au-pds\/#webpage\",\"url\":\"https:\/\/www.nettali.com\/2023\/03\/29\/entretien-avec-france-24-mimi-toure-sen-prend-a-macky-et-au-pds\/\",\"name\":\"ENTRETIEN AVEC France 24 - Mimi Tour\\u00e9 s\\u2019en prend \\u00e0 Macky et au Pds | Nettali.com\",\"isPartOf\":{\"@id\":\"https:\/\/www.nettali.com\/#website\"},\"primaryImageOfPage\":{\"@id\":\"https:\/\/www.nettali.com\/2023\/03\/29\/entretien-avec-france-24-mimi-toure-sen-prend-a-macky-et-au-pds\/#primaryimage\"},\"datePublished\":\"2023-03-29T11:15:51+00:00\",\"dateModified\":\"2023-03-29T11:15:51+00:00\",\"author\":{\"@id\":\"https:\/\/www.nettali.com\/#\/schema\/person\/3317e0bb3aa1da309fbf7b2780901bf4\"},\"breadcrumb\":{\"@id\":\"https:\/\/www.nettali.com\/2023\/03\/29\/entretien-avec-france-24-mimi-toure-sen-prend-a-macky-et-au-pds\/#breadcrumb\"},\"inLanguage\":\"fr-FR\",\"potentialAction\":[{\"@type\":\"ReadAction\",\"target\":[\"https:\/\/www.nettali.com\/2023\/03\/29\/entretien-avec-france-24-mimi-toure-sen-prend-a-macky-et-au-pds\/\"]}]},{\"@type\":\"BreadcrumbList\",\"@id\":\"https:\/\/www.nettali.com\/2023\/03\/29\/entretien-avec-france-24-mimi-toure-sen-prend-a-macky-et-au-pds\/#breadcrumb\",\"itemListElement\":[{\"@type\":\"ListItem\",\"position\":1,\"name\":\"Accueil\",\"item\":\"https:\/\/www.nettali.com\/\"},{\"@type\":\"ListItem\",\"position\":2,\"name\":\"ENTRETIEN AVEC France 24 - Mimi Tour\\u00e9 s\\u2019en prend \\u00e0 Macky et au Pds\"}]},{\"@type\":\"Person\",\"@id\":\"https:\/\/www.nettali.com\/#\/schema\/person\/3317e0bb3aa1da309fbf7b2780901bf4\",\"name\":\"Daouda\",\"image\":{\"@type\":\"ImageObject\",\"@id\":\"https:\/\/www.nettali.com\/#personlogo\",\"inLanguage\":\"fr-FR\",\"url\":\"https:\/\/secure.gravatar.com\/avatar\/8d143b5a49345098ddcfee1c49c2f47c?s=96&d=mm&r=g\",\"contentUrl\":\"https:\/\/secure.gravatar.com\/avatar\/8d143b5a49345098ddcfee1c49c2f47c?s=96&d=mm&r=g\",\"caption\":\"Daouda\"},\"sameAs\":[\"https:\/\/www.nettali.com\"]}]}<\/script>\n<!-- \/ Yoast SEO Premium plugin. -->","yoast_head_json":{"title":"ENTRETIEN AVEC France 24 - Mimi Tour\u00e9 s\u2019en prend \u00e0 Macky et au Pds | Nettali.com","robots":{"index":"index","follow":"follow","max-snippet":"max-snippet:-1","max-image-preview":"max-image-preview:large","max-video-preview":"max-video-preview:-1"},"canonical":"https:\/\/www.nettali.com\/2023\/03\/29\/entretien-avec-france-24-mimi-toure-sen-prend-a-macky-et-au-pds\/","og_locale":"fr_FR","og_type":"article","og_title":"ENTRETIEN AVEC France 24 - Mimi Tour\u00e9 s\u2019en prend \u00e0 Macky et au Pds","og_description":"NETTALI.COM - L'ancienne Premi\u00e8re ministre du S\u00e9n\u00e9gal (2013-2014) Aminata Tour\u00e9 a accord\u00e9 un entretien \u00e0 France 24. Tandis que le pr\u00e9sident Macky Sall laisse planer le doute sur une candidature \u00e0 un troisi\u00e8me mandat, Aminata Tour\u00e9 estime que la constitution s\u00e9n\u00e9galaise est \"tr\u00e8s claire\" et que le chef de l'\u00c9tat ne peut absolument pas se [&hellip;]","og_url":"https:\/\/www.nettali.com\/2023\/03\/29\/entretien-avec-france-24-mimi-toure-sen-prend-a-macky-et-au-pds\/","og_site_name":"Nettali.com","article_publisher":"https:\/\/www.facebook.com\/nettalicom","article_published_time":"2023-03-29T11:15:51+00:00","og_image":[{"width":837,"height":472,"url":"https:\/\/www.nettali.com\/wp-content\/uploads\/2023\/03\/aminata-mimi-toure.jpg","type":"image\/jpeg"}],"twitter_card":"summary_large_image","twitter_misc":{"\u00c9crit par":"Daouda","Dur\u00e9e de lecture estim\u00e9e":"3 minutes"},"schema":{"@context":"https:\/\/schema.org","@graph":[{"@type":"WebSite","@id":"https:\/\/www.nettali.com\/#website","url":"https:\/\/www.nettali.com\/","name":"Nettali.com","description":"Le rendez-vous critique du Net","potentialAction":[{"@type":"SearchAction","target":{"@type":"EntryPoint","urlTemplate":"https:\/\/www.nettali.com\/?s={search_term_string}"},"query-input":"required name=search_term_string"}],"inLanguage":"fr-FR"},{"@type":"ImageObject","@id":"https:\/\/www.nettali.com\/2023\/03\/29\/entretien-avec-france-24-mimi-toure-sen-prend-a-macky-et-au-pds\/#primaryimage","inLanguage":"fr-FR","url":"https:\/\/www.nettali.com\/wp-content\/uploads\/2023\/03\/aminata-mimi-toure.jpg","contentUrl":"https:\/\/www.nettali.com\/wp-content\/uploads\/2023\/03\/aminata-mimi-toure.jpg","width":837,"height":472},{"@type":"WebPage","@id":"https:\/\/www.nettali.com\/2023\/03\/29\/entretien-avec-france-24-mimi-toure-sen-prend-a-macky-et-au-pds\/#webpage","url":"https:\/\/www.nettali.com\/2023\/03\/29\/entretien-avec-france-24-mimi-toure-sen-prend-a-macky-et-au-pds\/","name":"ENTRETIEN AVEC France 24 - Mimi Tour\u00e9 s\u2019en prend \u00e0 Macky et au Pds | Nettali.com","isPartOf":{"@id":"https:\/\/www.nettali.com\/#website"},"primaryImageOfPage":{"@id":"https:\/\/www.nettali.com\/2023\/03\/29\/entretien-avec-france-24-mimi-toure-sen-prend-a-macky-et-au-pds\/#primaryimage"},"datePublished":"2023-03-29T11:15:51+00:00","dateModified":"2023-03-29T11:15:51+00:00","author":{"@id":"https:\/\/www.nettali.com\/#\/schema\/person\/3317e0bb3aa1da309fbf7b2780901bf4"},"breadcrumb":{"@id":"https:\/\/www.nettali.com\/2023\/03\/29\/entretien-avec-france-24-mimi-toure-sen-prend-a-macky-et-au-pds\/#breadcrumb"},"inLanguage":"fr-FR","potentialAction":[{"@type":"ReadAction","target":["https:\/\/www.nettali.com\/2023\/03\/29\/entretien-avec-france-24-mimi-toure-sen-prend-a-macky-et-au-pds\/"]}]},{"@type":"BreadcrumbList","@id":"https:\/\/www.nettali.com\/2023\/03\/29\/entretien-avec-france-24-mimi-toure-sen-prend-a-macky-et-au-pds\/#breadcrumb","itemListElement":[{"@type":"ListItem","position":1,"name":"Accueil","item":"https:\/\/www.nettali.com\/"},{"@type":"ListItem","position":2,"name":"ENTRETIEN AVEC France 24 - Mimi Tour\u00e9 s\u2019en prend \u00e0 Macky et au Pds"}]},{"@type":"Person","@id":"https:\/\/www.nettali.com\/#\/schema\/person\/3317e0bb3aa1da309fbf7b2780901bf4","name":"Daouda","image":{"@type":"ImageObject","@id":"https:\/\/www.nettali.com\/#personlogo","inLanguage":"fr-FR","url":"https:\/\/secure.gravatar.com\/avatar\/8d143b5a49345098ddcfee1c49c2f47c?s=96&d=mm&r=g","contentUrl":"https:\/\/secure.gravatar.com\/avatar\/8d143b5a49345098ddcfee1c49c2f47c?s=96&d=mm&r=g","caption":"Daouda"},"sameAs":["https:\/\/www.nettali.com"]}]}},"_links":{"self":[{"href":"https:\/\/www.nettali.com\/rest\/wp\/v2\/posts\/107129"}],"collection":[{"href":"https:\/\/www.nettali.com\/rest\/wp\/v2\/posts"}],"about":[{"href":"https:\/\/www.nettali.com\/rest\/wp\/v2\/types\/post"}],"author":[{"embeddable":true,"href":"https:\/\/www.nettali.com\/rest\/wp\/v2\/users\/4"}],"replies":[{"embeddable":true,"href":"https:\/\/www.nettali.com\/rest\/wp\/v2\/comments?post=107129"}],"version-history":[{"count":1,"href":"https:\/\/www.nettali.com\/rest\/wp\/v2\/posts\/107129\/revisions"}],"predecessor-version":[{"id":107130,"href":"https:\/\/www.nettali.com\/rest\/wp\/v2\/posts\/107129\/revisions\/107130"}],"wp:featuredmedia":[{"embeddable":true,"href":"https:\/\/www.nettali.com\/rest\/wp\/v2\/media\/106966"}],"wp:attachment":[{"href":"https:\/\/www.nettali.com\/rest\/wp\/v2\/media?parent=107129"}],"wp:term":[{"taxonomy":"category","embeddable":true,"href":"https:\/\/www.nettali.com\/rest\/wp\/v2\/categories?post=107129"},{"taxonomy":"post_tag","embeddable":true,"href":"https:\/\/www.nettali.com\/rest\/wp\/v2\/tags?post=107129"}],"curies":[{"name":"wp","href":"https:\/\/api.w.org\/{rel}","templated":true}]}}