{"id":107037,"date":"2023-03-28T11:14:00","date_gmt":"2023-03-28T11:14:00","guid":{"rendered":"https:\/\/www.nettali.com\/?p=107037"},"modified":"2023-03-29T16:45:28","modified_gmt":"2023-03-29T16:45:28","slug":"limogeage-de-nagelsman-sadio-mane-parmi-les-6-cadres-frondeurs","status":"publish","type":"post","link":"https:\/\/www.nettali.com\/2023\/03\/28\/limogeage-de-nagelsman-sadio-mane-parmi-les-6-cadres-frondeurs\/","title":{"rendered":"SURF - Omar S\u00e8ye vise le fauteuil de la conf\u00e9d\u00e9ration africaine"},"content":{"rendered":"<p><strong>NETTALI.COM - Vice-pr\u00e9sident de la f\u00e9d\u00e9ration s\u00e9n\u00e9galaise de surf, Omar S\u00e8ye lorgne le fauteuil de la conf\u00e9d\u00e9ration africaine de Surf dont l\u2019Assembl\u00e9e g\u00e9n\u00e9rale \u00e9lective est pr\u00e9vue le 23 avril au King Fahd Palace. L'exp\u00e9riment\u00e9 surfeur a officialis\u00e9 sa candidature ce mardi lors d'un point de presse.<\/strong><\/p>\n<p>Vice-pr\u00e9sident de la f\u00e9d\u00e9ration s\u00e9n\u00e9galaise de Surf, Omar S\u00e8ye, l'homme qui a vu \"tous ses r\u00eaves de gamin se r\u00e9aliser\" veut r\u00e9aliser un nouveau r\u00eave : celui de briguer le fauteuil de la Conf\u00e9d\u00e9ration africaine lors du congr\u00e8s de Dakar le 23 avril prochain.<\/p>\n<p>\"<em>Compte tenu de mon exp\u00e9rience et esp\u00e9rant compter sur une f\u00e9d\u00e9ration en marche et des autorit\u00e9s engag\u00e9es, j\u2019ai accept\u00e9 la proposition de la f\u00e9d\u00e9ration de porter ma candidature pour le poste de Pr\u00e9sident de la Conf\u00e9d\u00e9ration africaine de surf \u00e0 l\u2019occasion de l\u2019Assembl\u00e9e g\u00e9n\u00e9rale de renouvellement des instances qui se tiendra \u00e0 Dakar, le 23 avril 2023<\/em>\", a d\u00e9clar\u00e9 qui a rencontr\u00e9 la presse ce mardi 28 mars au Surf Paradise.<\/p>\n<p>\"<em>M\u00fb par ma volont\u00e9 de mettre en avant le surf africain sur l\u00e0 sc\u00e8ne mondiale, mon ambition est de permettre aux surfeurs africains de pouvoir disposer d\u2019un re- venu stable \u00e0 travers la collaboration avec des entreprises africaines de divertissement et le sponsoring des \u00e9v\u00e8nements de 5 surf africains<\/em>\", a laiss\u00e9 entendre le candidat du S\u00e9n\u00e9gal.<\/p>\n<p>\"<em>Apr\u00e8s 17 ans de pratique professionnelle en Europe, j\u2019avais pris la d\u00e9cision de rentrer au pays pour y d\u00e9velopper ce sport... J\u2019ai ax\u00e9 ma d\u00e9marche sur la mise ne place d\u2019une \u00e9cole de surf conjointement \u00e0 l\u2019ouverture d\u2019une boutique afin de vulgariser la discipline en plus de faire d\u00e9couvrir les mat\u00e9riels et \u00e9quipements de glisse. J\u2019ai r\u00e9ussi \u00e0 nouer un partenariat durable avec les plus grandes marques, en rendant le surf accessible aux jeunes (\u2026) Dans le m\u00eame ordre d\u2019id\u00e9e, j\u2019ai int\u00e9gr\u00e9 le comit\u00e9 national promotion (CNP cr\u00e9\u00e9 en 2002)<\/em>\", a d\u00e9taill\u00e9 Oumar S\u00e8ye. Devenu vice-pr\u00e9sident lors du passage de la structure \u00e0 une f\u00e9d\u00e9ration en 2017.<\/p>\n<p>Premier africain \u00e0 devenir surfeur professionnel, Omar S\u00e8ye veut faire de l'Afrique une plaque tournante du Surf tout en c\u00f4toyant les meilleures nations du continent et du monde.<\/p>\n<p>\"<em>Gr\u00e2ce \u00e0 nos efforts, la Conf\u00e9d\u00e9ration africaine de surf voit le jour au cours d\u2019une assembl\u00e9e g\u00e9n\u00e9rale au Maroc<\/em>\", indique Oumar S\u00e8ye qui occupe la 2e\u00a0vice-pr\u00e9sidence depuis 5 ans. Cette posture l\u00e9gitime son ambition de prendre les commandes. Qui plus est, le nouveau ranking du S\u00e9n\u00e9gal (premier pays africain de surf, il y a 6 mois) autorise toutes les pr\u00e9tentions.<br \/>\n\"<em>Il est temps qu\u2019on s\u2019installe dans les instances mondiales<\/em>\", a lanc\u00e9 avec insistance le natif de l'\u00eele de Ngor.<\/p>\n<p>Sa candidature, d\u00e9pos\u00e9e et accept\u00e9e, Oumar S\u00e8ye a le soutien de la f\u00e9d\u00e9ration s\u00e9n\u00e9galaise dirig\u00e9e par Alexandre Alcantara ainsi que celui du minist\u00e8re des sports. Les chances de passer sont aussi r\u00e9elles. En effet, il y avait quatre pr\u00e9tendants annonc\u00e9s, mais les candidats de l\u2019ile Maurice et du Maroc se sont d\u00e9sist\u00e9s pour le soutenir le S\u00e9n\u00e9galais. Alors que celui de l\u2019Afrique du Sud n\u2019a toujours pas confirm\u00e9 sa participation aux scrutins. Ainsi, un consensus se dessine logiquement, surtout que \"<em>la majorit\u00e9 des 29 \u00c9tats affili\u00e9s \u00e0 la Conf\u00e9d\u00e9ration africaine se sont rang\u00e9s derri\u00e8re nous<\/em>\", informe Oumar S\u00e8ye.<br \/>\nFort de son exp\u00e9rience et vision claire, le \"<em>L\u00e9bou<\/em>\" veut placer en avant le surf africain sur la sc\u00e8ne mondiale, permettre aux athl\u00e8tes de pouvoir disposer d\u2019un revenu stable \u00e0 travers la collaboration avec des entreprises continentales de divertissement et le sponsoring des \u00e9v\u00e8nements.<\/p>\n<p>Au del\u00e0 de son exp\u00e9rience, El Hadji Oumar S\u00e8ye tient un CV s\u00e9duisant et attestant qu\u2019il a le profil du poste\u00a0: Premier surfeur noir africain\u00a0; fondateur du groupe BKS (cr\u00e9\u00e9 il y a 15 ans)\u00a0; initiateur de l\u2019Africa Tour, le WQS S\u00e9n\u00e9gal Pro sponsoris\u00e9 par des labels comme Rusty, Salomon ou encore Rip Curl\u00a0; repr\u00e9sentant des marques Hurley, Rip Curl, 69 Slam\u00a0; champion national 2009-2010\u00a0(seniors) et 2020-2021 (masters) ; entraineur national (dipl\u00f4me ISA Level 1 et 2\u00a0; fondateur de S\u00e9n\u00e9gal surf academy\u00a0; pr\u00e9sident World surf league en Afrique de l\u2019Ouest\u00a0; charg\u00e9 de la commission technique, formation et d\u00e9veloppement de la FSS.<\/p>\n<p>Pr\u00e9sent \u00e0 cette c\u00e9r\u00e9monie de d\u00e9claration de candidature, le pr\u00e9sident de la F\u00e9d\u00e9ration s\u00e9n\u00e9galaise de Surf, Alexandre Alcantara promet une mobilisation pour l\u2019\u00e9lection de Omar S\u00e8ye.<\/p>\n<div class='share-to-whatsapp-wrapper'><div class='share-on-whsp'>PARTAGER SUR : <\/div><a data-text='SURF - Omar S\u00e8ye vise le fauteuil de la conf\u00e9d\u00e9ration africaine' data-link='https:\/\/www.nettali.com\/2023\/03\/28\/limogeage-de-nagelsman-sadio-mane-parmi-les-6-cadres-frondeurs\/' class='whatsapp-button whatsapp-share'>WhatsApp<\/a><div class='clear '><\/div><\/div>","protected":false},"excerpt":{"rendered":"<p>NETTALI.COM - Vice-pr\u00e9sident de la f\u00e9d\u00e9ration s\u00e9n\u00e9galaise de surf, Omar S\u00e8ye lorgne le fauteuil de la conf\u00e9d\u00e9ration africaine de Surf dont l\u2019Assembl\u00e9e g\u00e9n\u00e9rale \u00e9lective est pr\u00e9vue le 23 avril au King Fahd Palace. L'exp\u00e9riment\u00e9 surfeur a officialis\u00e9 sa candidature ce mardi lors d'un point de presse. Vice-pr\u00e9sident de la f\u00e9d\u00e9ration s\u00e9n\u00e9galaise de Surf, Omar S\u00e8ye, [&hellip;]<\/p>\n","protected":false},"author":5,"featured_media":107148,"comment_status":"open","ping_status":"open","sticky":false,"template":"","format":"standard","meta":{"_et_pb_use_builder":"","_et_pb_old_content":""},"categories":[6],"tags":[],"yoast_head":"<!-- This site is optimized with the Yoast SEO Premium plugin v17.8 (Yoast SEO v17.8) - https:\/\/yoast.com\/wordpress\/plugins\/seo\/ -->\n<title>SURF - Omar S\u00e8ye vise le fauteuil de la conf\u00e9d\u00e9ration africaine | Nettali.com<\/title>\n<meta name=\"robots\" content=\"index, follow, max-snippet:-1, max-image-preview:large, max-video-preview:-1\" \/>\n<link rel=\"canonical\" href=\"https:\/\/www.nettali.com\/2023\/03\/28\/limogeage-de-nagelsman-sadio-mane-parmi-les-6-cadres-frondeurs\/\" \/>\n<meta property=\"og:locale\" content=\"fr_FR\" \/>\n<meta property=\"og:type\" content=\"article\" \/>\n<meta property=\"og:title\" content=\"SURF - Omar S\u00e8ye vise le fauteuil de la conf\u00e9d\u00e9ration africaine\" \/>\n<meta property=\"og:description\" content=\"NETTALI.COM - Vice-pr\u00e9sident de la f\u00e9d\u00e9ration s\u00e9n\u00e9galaise de surf, Omar S\u00e8ye lorgne le fauteuil de la conf\u00e9d\u00e9ration africaine de Surf dont l\u2019Assembl\u00e9e g\u00e9n\u00e9rale \u00e9lective est pr\u00e9vue le 23 avril au King Fahd Palace. L&#039;exp\u00e9riment\u00e9 surfeur a officialis\u00e9 sa candidature ce mardi lors d&#039;un point de presse. Vice-pr\u00e9sident de la f\u00e9d\u00e9ration s\u00e9n\u00e9galaise de Surf, Omar S\u00e8ye, [&hellip;]\" \/>\n<meta property=\"og:url\" content=\"https:\/\/www.nettali.com\/2023\/03\/28\/limogeage-de-nagelsman-sadio-mane-parmi-les-6-cadres-frondeurs\/\" \/>\n<meta property=\"og:site_name\" content=\"Nettali.com\" \/>\n<meta property=\"article:publisher\" content=\"https:\/\/www.facebook.com\/nettalicom\" \/>\n<meta property=\"article:published_time\" content=\"2023-03-28T11:14:00+00:00\" \/>\n<meta property=\"article:modified_time\" content=\"2023-03-29T16:45:28+00:00\" \/>\n<meta property=\"og:image\" content=\"https:\/\/www.nettali.com\/wp-content\/uploads\/2023\/03\/Screenshot_20230329-163420_1.jpg\" \/>\n\t<meta property=\"og:image:width\" content=\"1080\" \/>\n\t<meta property=\"og:image:height\" content=\"635\" \/>\n<meta name=\"twitter:card\" content=\"summary_large_image\" \/>\n<meta name=\"twitter:label1\" content=\"\u00c9crit par\" \/>\n\t<meta name=\"twitter:data1\" content=\"Ibrahima\" \/>\n\t<meta name=\"twitter:label2\" content=\"Dur\u00e9e de lecture estim\u00e9e\" \/>\n\t<meta name=\"twitter:data2\" content=\"4 minutes\" \/>\n<script type=\"application\/ld+json\" class=\"yoast-schema-graph\">{\"@context\":\"https:\/\/schema.org\",\"@graph\":[{\"@type\":\"WebSite\",\"@id\":\"https:\/\/www.nettali.com\/#website\",\"url\":\"https:\/\/www.nettali.com\/\",\"name\":\"Nettali.com\",\"description\":\"Le rendez-vous critique du Net\",\"potentialAction\":[{\"@type\":\"SearchAction\",\"target\":{\"@type\":\"EntryPoint\",\"urlTemplate\":\"https:\/\/www.nettali.com\/?s={search_term_string}\"},\"query-input\":\"required name=search_term_string\"}],\"inLanguage\":\"fr-FR\"},{\"@type\":\"ImageObject\",\"@id\":\"https:\/\/www.nettali.com\/2023\/03\/28\/limogeage-de-nagelsman-sadio-mane-parmi-les-6-cadres-frondeurs\/#primaryimage\",\"inLanguage\":\"fr-FR\",\"url\":\"https:\/\/www.nettali.com\/wp-content\/uploads\/2023\/03\/Screenshot_20230329-163420_1.jpg\",\"contentUrl\":\"https:\/\/www.nettali.com\/wp-content\/uploads\/2023\/03\/Screenshot_20230329-163420_1.jpg\",\"width\":1080,\"height\":635},{\"@type\":\"WebPage\",\"@id\":\"https:\/\/www.nettali.com\/2023\/03\/28\/limogeage-de-nagelsman-sadio-mane-parmi-les-6-cadres-frondeurs\/#webpage\",\"url\":\"https:\/\/www.nettali.com\/2023\/03\/28\/limogeage-de-nagelsman-sadio-mane-parmi-les-6-cadres-frondeurs\/\",\"name\":\"SURF - Omar S\\u00e8ye vise le fauteuil de la conf\\u00e9d\\u00e9ration africaine | Nettali.com\",\"isPartOf\":{\"@id\":\"https:\/\/www.nettali.com\/#website\"},\"primaryImageOfPage\":{\"@id\":\"https:\/\/www.nettali.com\/2023\/03\/28\/limogeage-de-nagelsman-sadio-mane-parmi-les-6-cadres-frondeurs\/#primaryimage\"},\"datePublished\":\"2023-03-28T11:14:00+00:00\",\"dateModified\":\"2023-03-29T16:45:28+00:00\",\"author\":{\"@id\":\"https:\/\/www.nettali.com\/#\/schema\/person\/bb147657c2986240405a608162b9bb23\"},\"breadcrumb\":{\"@id\":\"https:\/\/www.nettali.com\/2023\/03\/28\/limogeage-de-nagelsman-sadio-mane-parmi-les-6-cadres-frondeurs\/#breadcrumb\"},\"inLanguage\":\"fr-FR\",\"potentialAction\":[{\"@type\":\"ReadAction\",\"target\":[\"https:\/\/www.nettali.com\/2023\/03\/28\/limogeage-de-nagelsman-sadio-mane-parmi-les-6-cadres-frondeurs\/\"]}]},{\"@type\":\"BreadcrumbList\",\"@id\":\"https:\/\/www.nettali.com\/2023\/03\/28\/limogeage-de-nagelsman-sadio-mane-parmi-les-6-cadres-frondeurs\/#breadcrumb\",\"itemListElement\":[{\"@type\":\"ListItem\",\"position\":1,\"name\":\"Accueil\",\"item\":\"https:\/\/www.nettali.com\/\"},{\"@type\":\"ListItem\",\"position\":2,\"name\":\"SURF - Omar S\\u00e8ye vise le fauteuil de la conf\\u00e9d\\u00e9ration africaine\"}]},{\"@type\":\"Person\",\"@id\":\"https:\/\/www.nettali.com\/#\/schema\/person\/bb147657c2986240405a608162b9bb23\",\"name\":\"Ibrahima\",\"image\":{\"@type\":\"ImageObject\",\"@id\":\"https:\/\/www.nettali.com\/#personlogo\",\"inLanguage\":\"fr-FR\",\"url\":\"https:\/\/secure.gravatar.com\/avatar\/26a8a81f09f0dd7624c9d5c36c9ba3a2?s=96&d=mm&r=g\",\"contentUrl\":\"https:\/\/secure.gravatar.com\/avatar\/26a8a81f09f0dd7624c9d5c36c9ba3a2?s=96&d=mm&r=g\",\"caption\":\"Ibrahima\"},\"sameAs\":[\"https:\/\/www.nettali.com\"]}]}<\/script>\n<!-- \/ Yoast SEO Premium plugin. -->","yoast_head_json":{"title":"SURF - Omar S\u00e8ye vise le fauteuil de la conf\u00e9d\u00e9ration africaine | Nettali.com","robots":{"index":"index","follow":"follow","max-snippet":"max-snippet:-1","max-image-preview":"max-image-preview:large","max-video-preview":"max-video-preview:-1"},"canonical":"https:\/\/www.nettali.com\/2023\/03\/28\/limogeage-de-nagelsman-sadio-mane-parmi-les-6-cadres-frondeurs\/","og_locale":"fr_FR","og_type":"article","og_title":"SURF - Omar S\u00e8ye vise le fauteuil de la conf\u00e9d\u00e9ration africaine","og_description":"NETTALI.COM - Vice-pr\u00e9sident de la f\u00e9d\u00e9ration s\u00e9n\u00e9galaise de surf, Omar S\u00e8ye lorgne le fauteuil de la conf\u00e9d\u00e9ration africaine de Surf dont l\u2019Assembl\u00e9e g\u00e9n\u00e9rale \u00e9lective est pr\u00e9vue le 23 avril au King Fahd Palace. L'exp\u00e9riment\u00e9 surfeur a officialis\u00e9 sa candidature ce mardi lors d'un point de presse. Vice-pr\u00e9sident de la f\u00e9d\u00e9ration s\u00e9n\u00e9galaise de Surf, Omar S\u00e8ye, [&hellip;]","og_url":"https:\/\/www.nettali.com\/2023\/03\/28\/limogeage-de-nagelsman-sadio-mane-parmi-les-6-cadres-frondeurs\/","og_site_name":"Nettali.com","article_publisher":"https:\/\/www.facebook.com\/nettalicom","article_published_time":"2023-03-28T11:14:00+00:00","article_modified_time":"2023-03-29T16:45:28+00:00","og_image":[{"width":1080,"height":635,"url":"https:\/\/www.nettali.com\/wp-content\/uploads\/2023\/03\/Screenshot_20230329-163420_1.jpg","type":"image\/jpeg"}],"twitter_card":"summary_large_image","twitter_misc":{"\u00c9crit par":"Ibrahima","Dur\u00e9e de lecture estim\u00e9e":"4 minutes"},"schema":{"@context":"https:\/\/schema.org","@graph":[{"@type":"WebSite","@id":"https:\/\/www.nettali.com\/#website","url":"https:\/\/www.nettali.com\/","name":"Nettali.com","description":"Le rendez-vous critique du Net","potentialAction":[{"@type":"SearchAction","target":{"@type":"EntryPoint","urlTemplate":"https:\/\/www.nettali.com\/?s={search_term_string}"},"query-input":"required name=search_term_string"}],"inLanguage":"fr-FR"},{"@type":"ImageObject","@id":"https:\/\/www.nettali.com\/2023\/03\/28\/limogeage-de-nagelsman-sadio-mane-parmi-les-6-cadres-frondeurs\/#primaryimage","inLanguage":"fr-FR","url":"https:\/\/www.nettali.com\/wp-content\/uploads\/2023\/03\/Screenshot_20230329-163420_1.jpg","contentUrl":"https:\/\/www.nettali.com\/wp-content\/uploads\/2023\/03\/Screenshot_20230329-163420_1.jpg","width":1080,"height":635},{"@type":"WebPage","@id":"https:\/\/www.nettali.com\/2023\/03\/28\/limogeage-de-nagelsman-sadio-mane-parmi-les-6-cadres-frondeurs\/#webpage","url":"https:\/\/www.nettali.com\/2023\/03\/28\/limogeage-de-nagelsman-sadio-mane-parmi-les-6-cadres-frondeurs\/","name":"SURF - Omar S\u00e8ye vise le fauteuil de la conf\u00e9d\u00e9ration africaine | Nettali.com","isPartOf":{"@id":"https:\/\/www.nettali.com\/#website"},"primaryImageOfPage":{"@id":"https:\/\/www.nettali.com\/2023\/03\/28\/limogeage-de-nagelsman-sadio-mane-parmi-les-6-cadres-frondeurs\/#primaryimage"},"datePublished":"2023-03-28T11:14:00+00:00","dateModified":"2023-03-29T16:45:28+00:00","author":{"@id":"https:\/\/www.nettali.com\/#\/schema\/person\/bb147657c2986240405a608162b9bb23"},"breadcrumb":{"@id":"https:\/\/www.nettali.com\/2023\/03\/28\/limogeage-de-nagelsman-sadio-mane-parmi-les-6-cadres-frondeurs\/#breadcrumb"},"inLanguage":"fr-FR","potentialAction":[{"@type":"ReadAction","target":["https:\/\/www.nettali.com\/2023\/03\/28\/limogeage-de-nagelsman-sadio-mane-parmi-les-6-cadres-frondeurs\/"]}]},{"@type":"BreadcrumbList","@id":"https:\/\/www.nettali.com\/2023\/03\/28\/limogeage-de-nagelsman-sadio-mane-parmi-les-6-cadres-frondeurs\/#breadcrumb","itemListElement":[{"@type":"ListItem","position":1,"name":"Accueil","item":"https:\/\/www.nettali.com\/"},{"@type":"ListItem","position":2,"name":"SURF - Omar S\u00e8ye vise le fauteuil de la conf\u00e9d\u00e9ration africaine"}]},{"@type":"Person","@id":"https:\/\/www.nettali.com\/#\/schema\/person\/bb147657c2986240405a608162b9bb23","name":"Ibrahima","image":{"@type":"ImageObject","@id":"https:\/\/www.nettali.com\/#personlogo","inLanguage":"fr-FR","url":"https:\/\/secure.gravatar.com\/avatar\/26a8a81f09f0dd7624c9d5c36c9ba3a2?s=96&d=mm&r=g","contentUrl":"https:\/\/secure.gravatar.com\/avatar\/26a8a81f09f0dd7624c9d5c36c9ba3a2?s=96&d=mm&r=g","caption":"Ibrahima"},"sameAs":["https:\/\/www.nettali.com"]}]}},"_links":{"self":[{"href":"https:\/\/www.nettali.com\/rest\/wp\/v2\/posts\/107037"}],"collection":[{"href":"https:\/\/www.nettali.com\/rest\/wp\/v2\/posts"}],"about":[{"href":"https:\/\/www.nettali.com\/rest\/wp\/v2\/types\/post"}],"author":[{"embeddable":true,"href":"https:\/\/www.nettali.com\/rest\/wp\/v2\/users\/5"}],"replies":[{"embeddable":true,"href":"https:\/\/www.nettali.com\/rest\/wp\/v2\/comments?post=107037"}],"version-history":[{"count":3,"href":"https:\/\/www.nettali.com\/rest\/wp\/v2\/posts\/107037\/revisions"}],"predecessor-version":[{"id":107150,"href":"https:\/\/www.nettali.com\/rest\/wp\/v2\/posts\/107037\/revisions\/107150"}],"wp:featuredmedia":[{"embeddable":true,"href":"https:\/\/www.nettali.com\/rest\/wp\/v2\/media\/107148"}],"wp:attachment":[{"href":"https:\/\/www.nettali.com\/rest\/wp\/v2\/media?parent=107037"}],"wp:term":[{"taxonomy":"category","embeddable":true,"href":"https:\/\/www.nettali.com\/rest\/wp\/v2\/categories?post=107037"},{"taxonomy":"post_tag","embeddable":true,"href":"https:\/\/www.nettali.com\/rest\/wp\/v2\/tags?post=107037"}],"curies":[{"name":"wp","href":"https:\/\/api.w.org\/{rel}","templated":true}]}}