{"id":107035,"date":"2023-03-28T09:51:42","date_gmt":"2023-03-28T09:51:42","guid":{"rendered":"https:\/\/www.nettali.com\/?p=107035"},"modified":"2023-03-29T00:13:56","modified_gmt":"2023-03-29T00:13:56","slug":"proces-le-certificat-medical-dousmane-sonko-qui-risque-de-reporter-laudience","status":"publish","type":"post","link":"https:\/\/www.nettali.com\/2023\/03\/28\/proces-le-certificat-medical-dousmane-sonko-qui-risque-de-reporter-laudience\/","title":{"rendered":"PROC\u00c8S \u00a0\u2013 Le certificat m\u00e9dical d\u2019Ousmane Sonko qui risque de reporter l\u2019audience"},"content":{"rendered":"<p><strong>NETTALI.COM - Le proc\u00e8s de Ousmane Sonko contre Mame Mbaye Niang pourrait \u00eatre report\u00e9 jeudi. En effet, lors de son audition par la S\u00fbret\u00e9 Urbaine, le docteur Samir Simon Boulos a r\u00e9v\u00e9l\u00e9 que Ousmane Sonko dispose d\u2019un certificat m\u00e9dical de 10 jours qui court jusqu\u2019au 31 mars, le lendemain de l\u2019audience sp\u00e9ciale fix\u00e9 au 30. Un document sur lequel ses avocats vont se baser pour demander le report.<\/strong><\/p>\n<p>Ousmane Sonko dispose d'un certificat m\u00e9dical d'incapacit\u00e9 de travail d'une dur\u00e9e de 10 jours. C'est ce qu'a r\u00e9v\u00e9l\u00e9 le Dr Samir Simon Boulos, m\u00e9decin g\u00e9n\u00e9raliste, qui a \u00e9t\u00e9 entendu par la S\u00fbret\u00e9 urbaine (Su).<\/p>\n<p>Bien que ne travaillant pas \u00e0 Suma, il a confi\u00e9 avoir \u00e9t\u00e9 contact\u00e9 par Dr Ousmane Ciss\u00e9 afin qu'il vienne consulter Ousmane Sonko qu'il connaissait avant, en plus de lui faire des examens.<\/p>\n<p>Le m\u00e9decin a recommand\u00e9 des examens suppl\u00e9mentaires afin d'\u00e9tablir pour le leader de Pastef un certificat m\u00e9dical d'incapacit\u00e9 de travail de 10 jours.<\/p>\n<p>Interpell\u00e9 par les enqu\u00eateurs sur ce certificat m\u00e9dical, le Dr Boulos a convoqu\u00e9 le secret m\u00e9dical. En tout cas, le certificat m\u00e9dical devrait courir jusqu\u2019au 31 mars, lendemain du jour du proc\u00e8s devant opposer Ousmane Sonko \u00e0 Mame Mbaye Niang.<\/p>\n<p>Il s\u2019agit l\u00e0 d\u2019un \u00e9l\u00e9ment risque d'\u00eatre un \u00e9cueil pour le pr\u00e9sident du tribunal, Pape Mohamed Diop qui avait insist\u00e9 sur un \u00abultime renvoi en audience sp\u00e9ciale le 30 mars\u00bb. Le leader de Pastef pourrait, en effet, ne va pas se pr\u00e9senter au tribunal, laissant ses avocats demander le report sur la base dudit certificat m\u00e9dical.<\/p>\n<p>&nbsp;<\/p>\n<div class='share-to-whatsapp-wrapper'><div class='share-on-whsp'>PARTAGER SUR : <\/div><a data-text='PROC\u00c8S \u00a0\u2013 Le certificat m\u00e9dical d\u2019Ousmane Sonko qui risque de reporter l\u2019audience' data-link='https:\/\/www.nettali.com\/2023\/03\/28\/proces-le-certificat-medical-dousmane-sonko-qui-risque-de-reporter-laudience\/' class='whatsapp-button whatsapp-share'>WhatsApp<\/a><div class='clear '><\/div><\/div>","protected":false},"excerpt":{"rendered":"<p>NETTALI.COM - Le proc\u00e8s de Ousmane Sonko contre Mame Mbaye Niang pourrait \u00eatre report\u00e9 jeudi. En effet, lors de son audition par la S\u00fbret\u00e9 Urbaine, le docteur Samir Simon Boulos a r\u00e9v\u00e9l\u00e9 que Ousmane Sonko dispose d\u2019un certificat m\u00e9dical de 10 jours qui court jusqu\u2019au 31 mars, le lendemain de l\u2019audience sp\u00e9ciale fix\u00e9 au 30. [&hellip;]<\/p>\n","protected":false},"author":4,"featured_media":106526,"comment_status":"open","ping_status":"open","sticky":false,"template":"","format":"standard","meta":{"_et_pb_use_builder":"","_et_pb_old_content":""},"categories":[3],"tags":[],"yoast_head":"<!-- This site is optimized with the Yoast SEO Premium plugin v17.8 (Yoast SEO v17.8) - https:\/\/yoast.com\/wordpress\/plugins\/seo\/ -->\n<title>PROC\u00c8S \u00a0\u2013 Le certificat m\u00e9dical d\u2019Ousmane Sonko qui risque de reporter l\u2019audience | Nettali.com<\/title>\n<meta name=\"robots\" content=\"index, follow, max-snippet:-1, max-image-preview:large, max-video-preview:-1\" \/>\n<link rel=\"canonical\" href=\"https:\/\/www.nettali.com\/2023\/03\/28\/proces-le-certificat-medical-dousmane-sonko-qui-risque-de-reporter-laudience\/\" \/>\n<meta property=\"og:locale\" content=\"fr_FR\" \/>\n<meta property=\"og:type\" content=\"article\" \/>\n<meta property=\"og:title\" content=\"PROC\u00c8S \u00a0\u2013 Le certificat m\u00e9dical d\u2019Ousmane Sonko qui risque de reporter l\u2019audience\" \/>\n<meta property=\"og:description\" content=\"NETTALI.COM - Le proc\u00e8s de Ousmane Sonko contre Mame Mbaye Niang pourrait \u00eatre report\u00e9 jeudi. En effet, lors de son audition par la S\u00fbret\u00e9 Urbaine, le docteur Samir Simon Boulos a r\u00e9v\u00e9l\u00e9 que Ousmane Sonko dispose d\u2019un certificat m\u00e9dical de 10 jours qui court jusqu\u2019au 31 mars, le lendemain de l\u2019audience sp\u00e9ciale fix\u00e9 au 30. [&hellip;]\" \/>\n<meta property=\"og:url\" content=\"https:\/\/www.nettali.com\/2023\/03\/28\/proces-le-certificat-medical-dousmane-sonko-qui-risque-de-reporter-laudience\/\" \/>\n<meta property=\"og:site_name\" content=\"Nettali.com\" \/>\n<meta property=\"article:publisher\" content=\"https:\/\/www.facebook.com\/nettalicom\" \/>\n<meta property=\"article:published_time\" content=\"2023-03-28T09:51:42+00:00\" \/>\n<meta property=\"article:modified_time\" content=\"2023-03-29T00:13:56+00:00\" \/>\n<meta property=\"og:image\" content=\"https:\/\/www.nettali.com\/wp-content\/uploads\/2023\/03\/Sonko.png\" \/>\n\t<meta property=\"og:image:width\" content=\"1600\" \/>\n\t<meta property=\"og:image:height\" content=\"904\" \/>\n<meta name=\"twitter:card\" content=\"summary_large_image\" \/>\n<meta name=\"twitter:label1\" content=\"\u00c9crit par\" \/>\n\t<meta name=\"twitter:data1\" content=\"Daouda\" \/>\n\t<meta name=\"twitter:label2\" content=\"Dur\u00e9e de lecture estim\u00e9e\" \/>\n\t<meta name=\"twitter:data2\" content=\"2 minutes\" \/>\n<script type=\"application\/ld+json\" class=\"yoast-schema-graph\">{\"@context\":\"https:\/\/schema.org\",\"@graph\":[{\"@type\":\"WebSite\",\"@id\":\"https:\/\/www.nettali.com\/#website\",\"url\":\"https:\/\/www.nettali.com\/\",\"name\":\"Nettali.com\",\"description\":\"Le rendez-vous critique du Net\",\"potentialAction\":[{\"@type\":\"SearchAction\",\"target\":{\"@type\":\"EntryPoint\",\"urlTemplate\":\"https:\/\/www.nettali.com\/?s={search_term_string}\"},\"query-input\":\"required name=search_term_string\"}],\"inLanguage\":\"fr-FR\"},{\"@type\":\"ImageObject\",\"@id\":\"https:\/\/www.nettali.com\/2023\/03\/28\/proces-le-certificat-medical-dousmane-sonko-qui-risque-de-reporter-laudience\/#primaryimage\",\"inLanguage\":\"fr-FR\",\"url\":\"https:\/\/www.nettali.com\/wp-content\/uploads\/2023\/03\/Sonko.png\",\"contentUrl\":\"https:\/\/www.nettali.com\/wp-content\/uploads\/2023\/03\/Sonko.png\",\"width\":1600,\"height\":904},{\"@type\":\"WebPage\",\"@id\":\"https:\/\/www.nettali.com\/2023\/03\/28\/proces-le-certificat-medical-dousmane-sonko-qui-risque-de-reporter-laudience\/#webpage\",\"url\":\"https:\/\/www.nettali.com\/2023\/03\/28\/proces-le-certificat-medical-dousmane-sonko-qui-risque-de-reporter-laudience\/\",\"name\":\"PROC\\u00c8S \\u00a0\\u2013 Le certificat m\\u00e9dical d\\u2019Ousmane Sonko qui risque de reporter l\\u2019audience | Nettali.com\",\"isPartOf\":{\"@id\":\"https:\/\/www.nettali.com\/#website\"},\"primaryImageOfPage\":{\"@id\":\"https:\/\/www.nettali.com\/2023\/03\/28\/proces-le-certificat-medical-dousmane-sonko-qui-risque-de-reporter-laudience\/#primaryimage\"},\"datePublished\":\"2023-03-28T09:51:42+00:00\",\"dateModified\":\"2023-03-29T00:13:56+00:00\",\"author\":{\"@id\":\"https:\/\/www.nettali.com\/#\/schema\/person\/3317e0bb3aa1da309fbf7b2780901bf4\"},\"breadcrumb\":{\"@id\":\"https:\/\/www.nettali.com\/2023\/03\/28\/proces-le-certificat-medical-dousmane-sonko-qui-risque-de-reporter-laudience\/#breadcrumb\"},\"inLanguage\":\"fr-FR\",\"potentialAction\":[{\"@type\":\"ReadAction\",\"target\":[\"https:\/\/www.nettali.com\/2023\/03\/28\/proces-le-certificat-medical-dousmane-sonko-qui-risque-de-reporter-laudience\/\"]}]},{\"@type\":\"BreadcrumbList\",\"@id\":\"https:\/\/www.nettali.com\/2023\/03\/28\/proces-le-certificat-medical-dousmane-sonko-qui-risque-de-reporter-laudience\/#breadcrumb\",\"itemListElement\":[{\"@type\":\"ListItem\",\"position\":1,\"name\":\"Accueil\",\"item\":\"https:\/\/www.nettali.com\/\"},{\"@type\":\"ListItem\",\"position\":2,\"name\":\"PROC\\u00c8S \\u00a0\\u2013 Le certificat m\\u00e9dical d\\u2019Ousmane Sonko qui risque de reporter l\\u2019audience\"}]},{\"@type\":\"Person\",\"@id\":\"https:\/\/www.nettali.com\/#\/schema\/person\/3317e0bb3aa1da309fbf7b2780901bf4\",\"name\":\"Daouda\",\"image\":{\"@type\":\"ImageObject\",\"@id\":\"https:\/\/www.nettali.com\/#personlogo\",\"inLanguage\":\"fr-FR\",\"url\":\"https:\/\/secure.gravatar.com\/avatar\/8d143b5a49345098ddcfee1c49c2f47c?s=96&d=mm&r=g\",\"contentUrl\":\"https:\/\/secure.gravatar.com\/avatar\/8d143b5a49345098ddcfee1c49c2f47c?s=96&d=mm&r=g\",\"caption\":\"Daouda\"},\"sameAs\":[\"https:\/\/www.nettali.com\"]}]}<\/script>\n<!-- \/ Yoast SEO Premium plugin. -->","yoast_head_json":{"title":"PROC\u00c8S \u00a0\u2013 Le certificat m\u00e9dical d\u2019Ousmane Sonko qui risque de reporter l\u2019audience | Nettali.com","robots":{"index":"index","follow":"follow","max-snippet":"max-snippet:-1","max-image-preview":"max-image-preview:large","max-video-preview":"max-video-preview:-1"},"canonical":"https:\/\/www.nettali.com\/2023\/03\/28\/proces-le-certificat-medical-dousmane-sonko-qui-risque-de-reporter-laudience\/","og_locale":"fr_FR","og_type":"article","og_title":"PROC\u00c8S \u00a0\u2013 Le certificat m\u00e9dical d\u2019Ousmane Sonko qui risque de reporter l\u2019audience","og_description":"NETTALI.COM - Le proc\u00e8s de Ousmane Sonko contre Mame Mbaye Niang pourrait \u00eatre report\u00e9 jeudi. En effet, lors de son audition par la S\u00fbret\u00e9 Urbaine, le docteur Samir Simon Boulos a r\u00e9v\u00e9l\u00e9 que Ousmane Sonko dispose d\u2019un certificat m\u00e9dical de 10 jours qui court jusqu\u2019au 31 mars, le lendemain de l\u2019audience sp\u00e9ciale fix\u00e9 au 30. [&hellip;]","og_url":"https:\/\/www.nettali.com\/2023\/03\/28\/proces-le-certificat-medical-dousmane-sonko-qui-risque-de-reporter-laudience\/","og_site_name":"Nettali.com","article_publisher":"https:\/\/www.facebook.com\/nettalicom","article_published_time":"2023-03-28T09:51:42+00:00","article_modified_time":"2023-03-29T00:13:56+00:00","og_image":[{"width":1600,"height":904,"url":"https:\/\/www.nettali.com\/wp-content\/uploads\/2023\/03\/Sonko.png","type":"image\/png"}],"twitter_card":"summary_large_image","twitter_misc":{"\u00c9crit par":"Daouda","Dur\u00e9e de lecture estim\u00e9e":"2 minutes"},"schema":{"@context":"https:\/\/schema.org","@graph":[{"@type":"WebSite","@id":"https:\/\/www.nettali.com\/#website","url":"https:\/\/www.nettali.com\/","name":"Nettali.com","description":"Le rendez-vous critique du Net","potentialAction":[{"@type":"SearchAction","target":{"@type":"EntryPoint","urlTemplate":"https:\/\/www.nettali.com\/?s={search_term_string}"},"query-input":"required name=search_term_string"}],"inLanguage":"fr-FR"},{"@type":"ImageObject","@id":"https:\/\/www.nettali.com\/2023\/03\/28\/proces-le-certificat-medical-dousmane-sonko-qui-risque-de-reporter-laudience\/#primaryimage","inLanguage":"fr-FR","url":"https:\/\/www.nettali.com\/wp-content\/uploads\/2023\/03\/Sonko.png","contentUrl":"https:\/\/www.nettali.com\/wp-content\/uploads\/2023\/03\/Sonko.png","width":1600,"height":904},{"@type":"WebPage","@id":"https:\/\/www.nettali.com\/2023\/03\/28\/proces-le-certificat-medical-dousmane-sonko-qui-risque-de-reporter-laudience\/#webpage","url":"https:\/\/www.nettali.com\/2023\/03\/28\/proces-le-certificat-medical-dousmane-sonko-qui-risque-de-reporter-laudience\/","name":"PROC\u00c8S \u00a0\u2013 Le certificat m\u00e9dical d\u2019Ousmane Sonko qui risque de reporter l\u2019audience | Nettali.com","isPartOf":{"@id":"https:\/\/www.nettali.com\/#website"},"primaryImageOfPage":{"@id":"https:\/\/www.nettali.com\/2023\/03\/28\/proces-le-certificat-medical-dousmane-sonko-qui-risque-de-reporter-laudience\/#primaryimage"},"datePublished":"2023-03-28T09:51:42+00:00","dateModified":"2023-03-29T00:13:56+00:00","author":{"@id":"https:\/\/www.nettali.com\/#\/schema\/person\/3317e0bb3aa1da309fbf7b2780901bf4"},"breadcrumb":{"@id":"https:\/\/www.nettali.com\/2023\/03\/28\/proces-le-certificat-medical-dousmane-sonko-qui-risque-de-reporter-laudience\/#breadcrumb"},"inLanguage":"fr-FR","potentialAction":[{"@type":"ReadAction","target":["https:\/\/www.nettali.com\/2023\/03\/28\/proces-le-certificat-medical-dousmane-sonko-qui-risque-de-reporter-laudience\/"]}]},{"@type":"BreadcrumbList","@id":"https:\/\/www.nettali.com\/2023\/03\/28\/proces-le-certificat-medical-dousmane-sonko-qui-risque-de-reporter-laudience\/#breadcrumb","itemListElement":[{"@type":"ListItem","position":1,"name":"Accueil","item":"https:\/\/www.nettali.com\/"},{"@type":"ListItem","position":2,"name":"PROC\u00c8S \u00a0\u2013 Le certificat m\u00e9dical d\u2019Ousmane Sonko qui risque de reporter l\u2019audience"}]},{"@type":"Person","@id":"https:\/\/www.nettali.com\/#\/schema\/person\/3317e0bb3aa1da309fbf7b2780901bf4","name":"Daouda","image":{"@type":"ImageObject","@id":"https:\/\/www.nettali.com\/#personlogo","inLanguage":"fr-FR","url":"https:\/\/secure.gravatar.com\/avatar\/8d143b5a49345098ddcfee1c49c2f47c?s=96&d=mm&r=g","contentUrl":"https:\/\/secure.gravatar.com\/avatar\/8d143b5a49345098ddcfee1c49c2f47c?s=96&d=mm&r=g","caption":"Daouda"},"sameAs":["https:\/\/www.nettali.com"]}]}},"_links":{"self":[{"href":"https:\/\/www.nettali.com\/rest\/wp\/v2\/posts\/107035"}],"collection":[{"href":"https:\/\/www.nettali.com\/rest\/wp\/v2\/posts"}],"about":[{"href":"https:\/\/www.nettali.com\/rest\/wp\/v2\/types\/post"}],"author":[{"embeddable":true,"href":"https:\/\/www.nettali.com\/rest\/wp\/v2\/users\/4"}],"replies":[{"embeddable":true,"href":"https:\/\/www.nettali.com\/rest\/wp\/v2\/comments?post=107035"}],"version-history":[{"count":1,"href":"https:\/\/www.nettali.com\/rest\/wp\/v2\/posts\/107035\/revisions"}],"predecessor-version":[{"id":107036,"href":"https:\/\/www.nettali.com\/rest\/wp\/v2\/posts\/107035\/revisions\/107036"}],"wp:featuredmedia":[{"embeddable":true,"href":"https:\/\/www.nettali.com\/rest\/wp\/v2\/media\/106526"}],"wp:attachment":[{"href":"https:\/\/www.nettali.com\/rest\/wp\/v2\/media?parent=107035"}],"wp:term":[{"taxonomy":"category","embeddable":true,"href":"https:\/\/www.nettali.com\/rest\/wp\/v2\/categories?post=107035"},{"taxonomy":"post_tag","embeddable":true,"href":"https:\/\/www.nettali.com\/rest\/wp\/v2\/tags?post=107035"}],"curies":[{"name":"wp","href":"https:\/\/api.w.org\/{rel}","templated":true}]}}