{"id":106977,"date":"2023-03-27T10:56:02","date_gmt":"2023-03-27T10:56:02","guid":{"rendered":"https:\/\/www.nettali.com\/?p=106977"},"modified":"2023-03-27T11:03:15","modified_gmt":"2023-03-27T11:03:15","slug":"tottenham-antonio-conte-limoge-julian-nagelsman-pressenti","status":"publish","type":"post","link":"https:\/\/www.nettali.com\/2023\/03\/27\/tottenham-antonio-conte-limoge-julian-nagelsman-pressenti\/","title":{"rendered":"TOTTENHAM - Antonio Conte limog\u00e9, Julian Nagelsman pressenti"},"content":{"rendered":"<p><strong>NETTALI.COM - Antonio Conte n\u2019est plus le manager de Tottenham. Le club londonien a officialis\u00e9 son limogeage tard dimanche soir. Le technicien italien ne sera rest\u00e9 que 18 mois \u00e0 la t\u00eate des Spurs apr\u00e8s son arriv\u00e9e \u00e0 l\u2019automne 2021 pour remplacer Nuno Espiranto Santos. En attendant la nomination d\u2019un nouveau manager comme Julian Nagelsman pressenti, les Spurs ont annonc\u00e9 que l\u2019\u00e9quipe serait dirig\u00e9e par l\u2019adjoint d\u2019Antonio Conte, Christian Stellini.<\/strong><\/p>\n<p>Le limogeage d\u2019Antonio Conte fait suite \u00e0 ses d\u00e9clarations d\u2019apr\u00e8s-matchs face \u00e0 Southampton. Le technicien italien avait critiqu\u00e9 le club londonien, les dirigeants et les joueurs. C\u2019\u00e9tait la goutte d\u2019eau qui a fait d\u00e9border la vase et Daniel Levy, le pr\u00e9sident de Tottenham, a d\u00fb taper du poing sur la table.<\/p>\n<p>D\u00e9sormais, le club du nord de Londres, quatri\u00e8me de Premier League, doit lui trouver un successeur et selon\u00a0The\u00a0Daily Mail, la short-list de la direction des Spurs contiendrait pas moins de 10 noms.<\/p>\n<p><strong>Nagelsman en p\u00f4le position !<\/strong><\/p>\n<p>Parmi eux, ceux de Mauricio Pochettino (sans club depuis son d\u00e9part du PSG l'\u00e9t\u00e9 dernier), Luis Enrique (ancien s\u00e9lectionneur de l'Espagne) et Roberto De Zerbi (l'entra\u00eeneur de Brighton) mais surtout Julian Nagelsmann, tout juste \u00e9cart\u00e9 par le Bayern Munich.\u00a0D'apr\u00e8s le quotidien britannique, Daniel Levy, le patron des Spurs, voudrait s'entretenir avec le jeune coach allemand (35\u00a0ans) \u00e0 propos du poste vacant.<\/p>\n<div class='share-to-whatsapp-wrapper'><div class='share-on-whsp'>PARTAGER SUR : <\/div><a data-text='TOTTENHAM - Antonio Conte limog\u00e9, Julian Nagelsman pressenti' data-link='https:\/\/www.nettali.com\/2023\/03\/27\/tottenham-antonio-conte-limoge-julian-nagelsman-pressenti\/' class='whatsapp-button whatsapp-share'>WhatsApp<\/a><div class='clear '><\/div><\/div>","protected":false},"excerpt":{"rendered":"<p>NETTALI.COM - Antonio Conte n\u2019est plus le manager de Tottenham. Le club londonien a officialis\u00e9 son limogeage tard dimanche soir. Le technicien italien ne sera rest\u00e9 que 18 mois \u00e0 la t\u00eate des Spurs apr\u00e8s son arriv\u00e9e \u00e0 l\u2019automne 2021 pour remplacer Nuno Espiranto Santos. En attendant la nomination d\u2019un nouveau manager comme Julian Nagelsman [&hellip;]<\/p>\n","protected":false},"author":5,"featured_media":106980,"comment_status":"open","ping_status":"open","sticky":false,"template":"","format":"standard","meta":{"_et_pb_use_builder":"","_et_pb_old_content":""},"categories":[6],"tags":[],"yoast_head":"<!-- This site is optimized with the Yoast SEO Premium plugin v17.8 (Yoast SEO v17.8) - https:\/\/yoast.com\/wordpress\/plugins\/seo\/ -->\n<title>TOTTENHAM - Antonio Conte limog\u00e9, Julian Nagelsman pressenti | Nettali.com<\/title>\n<meta name=\"robots\" content=\"index, follow, max-snippet:-1, max-image-preview:large, max-video-preview:-1\" \/>\n<link rel=\"canonical\" href=\"https:\/\/www.nettali.com\/2023\/03\/27\/tottenham-antonio-conte-limoge-julian-nagelsman-pressenti\/\" \/>\n<meta property=\"og:locale\" content=\"fr_FR\" \/>\n<meta property=\"og:type\" content=\"article\" \/>\n<meta property=\"og:title\" content=\"TOTTENHAM - Antonio Conte limog\u00e9, Julian Nagelsman pressenti\" \/>\n<meta property=\"og:description\" content=\"NETTALI.COM - Antonio Conte n\u2019est plus le manager de Tottenham. Le club londonien a officialis\u00e9 son limogeage tard dimanche soir. Le technicien italien ne sera rest\u00e9 que 18 mois \u00e0 la t\u00eate des Spurs apr\u00e8s son arriv\u00e9e \u00e0 l\u2019automne 2021 pour remplacer Nuno Espiranto Santos. En attendant la nomination d\u2019un nouveau manager comme Julian Nagelsman [&hellip;]\" \/>\n<meta property=\"og:url\" content=\"https:\/\/www.nettali.com\/2023\/03\/27\/tottenham-antonio-conte-limoge-julian-nagelsman-pressenti\/\" \/>\n<meta property=\"og:site_name\" content=\"Nettali.com\" \/>\n<meta property=\"article:publisher\" content=\"https:\/\/www.facebook.com\/nettalicom\" \/>\n<meta property=\"article:published_time\" content=\"2023-03-27T10:56:02+00:00\" \/>\n<meta property=\"article:modified_time\" content=\"2023-03-27T11:03:15+00:00\" \/>\n<meta property=\"og:image\" content=\"https:\/\/www.nettali.com\/wp-content\/uploads\/2023\/03\/sans-titre-133_1.jpg\" \/>\n\t<meta property=\"og:image:width\" content=\"800\" \/>\n\t<meta property=\"og:image:height\" content=\"576\" \/>\n<meta name=\"twitter:card\" content=\"summary_large_image\" \/>\n<meta name=\"twitter:label1\" content=\"\u00c9crit par\" \/>\n\t<meta name=\"twitter:data1\" content=\"Ibrahima\" \/>\n\t<meta name=\"twitter:label2\" content=\"Dur\u00e9e de lecture estim\u00e9e\" \/>\n\t<meta name=\"twitter:data2\" content=\"2 minutes\" \/>\n<script type=\"application\/ld+json\" class=\"yoast-schema-graph\">{\"@context\":\"https:\/\/schema.org\",\"@graph\":[{\"@type\":\"WebSite\",\"@id\":\"https:\/\/www.nettali.com\/#website\",\"url\":\"https:\/\/www.nettali.com\/\",\"name\":\"Nettali.com\",\"description\":\"Le rendez-vous critique du Net\",\"potentialAction\":[{\"@type\":\"SearchAction\",\"target\":{\"@type\":\"EntryPoint\",\"urlTemplate\":\"https:\/\/www.nettali.com\/?s={search_term_string}\"},\"query-input\":\"required name=search_term_string\"}],\"inLanguage\":\"fr-FR\"},{\"@type\":\"ImageObject\",\"@id\":\"https:\/\/www.nettali.com\/2023\/03\/27\/tottenham-antonio-conte-limoge-julian-nagelsman-pressenti\/#primaryimage\",\"inLanguage\":\"fr-FR\",\"url\":\"https:\/\/www.nettali.com\/wp-content\/uploads\/2023\/03\/sans-titre-133_1.jpg\",\"contentUrl\":\"https:\/\/www.nettali.com\/wp-content\/uploads\/2023\/03\/sans-titre-133_1.jpg\",\"width\":800,\"height\":576},{\"@type\":\"WebPage\",\"@id\":\"https:\/\/www.nettali.com\/2023\/03\/27\/tottenham-antonio-conte-limoge-julian-nagelsman-pressenti\/#webpage\",\"url\":\"https:\/\/www.nettali.com\/2023\/03\/27\/tottenham-antonio-conte-limoge-julian-nagelsman-pressenti\/\",\"name\":\"TOTTENHAM - Antonio Conte limog\\u00e9, Julian Nagelsman pressenti | Nettali.com\",\"isPartOf\":{\"@id\":\"https:\/\/www.nettali.com\/#website\"},\"primaryImageOfPage\":{\"@id\":\"https:\/\/www.nettali.com\/2023\/03\/27\/tottenham-antonio-conte-limoge-julian-nagelsman-pressenti\/#primaryimage\"},\"datePublished\":\"2023-03-27T10:56:02+00:00\",\"dateModified\":\"2023-03-27T11:03:15+00:00\",\"author\":{\"@id\":\"https:\/\/www.nettali.com\/#\/schema\/person\/bb147657c2986240405a608162b9bb23\"},\"breadcrumb\":{\"@id\":\"https:\/\/www.nettali.com\/2023\/03\/27\/tottenham-antonio-conte-limoge-julian-nagelsman-pressenti\/#breadcrumb\"},\"inLanguage\":\"fr-FR\",\"potentialAction\":[{\"@type\":\"ReadAction\",\"target\":[\"https:\/\/www.nettali.com\/2023\/03\/27\/tottenham-antonio-conte-limoge-julian-nagelsman-pressenti\/\"]}]},{\"@type\":\"BreadcrumbList\",\"@id\":\"https:\/\/www.nettali.com\/2023\/03\/27\/tottenham-antonio-conte-limoge-julian-nagelsman-pressenti\/#breadcrumb\",\"itemListElement\":[{\"@type\":\"ListItem\",\"position\":1,\"name\":\"Accueil\",\"item\":\"https:\/\/www.nettali.com\/\"},{\"@type\":\"ListItem\",\"position\":2,\"name\":\"TOTTENHAM - Antonio Conte limog\\u00e9, Julian Nagelsman pressenti\"}]},{\"@type\":\"Person\",\"@id\":\"https:\/\/www.nettali.com\/#\/schema\/person\/bb147657c2986240405a608162b9bb23\",\"name\":\"Ibrahima\",\"image\":{\"@type\":\"ImageObject\",\"@id\":\"https:\/\/www.nettali.com\/#personlogo\",\"inLanguage\":\"fr-FR\",\"url\":\"https:\/\/secure.gravatar.com\/avatar\/26a8a81f09f0dd7624c9d5c36c9ba3a2?s=96&d=mm&r=g\",\"contentUrl\":\"https:\/\/secure.gravatar.com\/avatar\/26a8a81f09f0dd7624c9d5c36c9ba3a2?s=96&d=mm&r=g\",\"caption\":\"Ibrahima\"},\"sameAs\":[\"https:\/\/www.nettali.com\"]}]}<\/script>\n<!-- \/ Yoast SEO Premium plugin. -->","yoast_head_json":{"title":"TOTTENHAM - Antonio Conte limog\u00e9, Julian Nagelsman pressenti | Nettali.com","robots":{"index":"index","follow":"follow","max-snippet":"max-snippet:-1","max-image-preview":"max-image-preview:large","max-video-preview":"max-video-preview:-1"},"canonical":"https:\/\/www.nettali.com\/2023\/03\/27\/tottenham-antonio-conte-limoge-julian-nagelsman-pressenti\/","og_locale":"fr_FR","og_type":"article","og_title":"TOTTENHAM - Antonio Conte limog\u00e9, Julian Nagelsman pressenti","og_description":"NETTALI.COM - Antonio Conte n\u2019est plus le manager de Tottenham. Le club londonien a officialis\u00e9 son limogeage tard dimanche soir. Le technicien italien ne sera rest\u00e9 que 18 mois \u00e0 la t\u00eate des Spurs apr\u00e8s son arriv\u00e9e \u00e0 l\u2019automne 2021 pour remplacer Nuno Espiranto Santos. En attendant la nomination d\u2019un nouveau manager comme Julian Nagelsman [&hellip;]","og_url":"https:\/\/www.nettali.com\/2023\/03\/27\/tottenham-antonio-conte-limoge-julian-nagelsman-pressenti\/","og_site_name":"Nettali.com","article_publisher":"https:\/\/www.facebook.com\/nettalicom","article_published_time":"2023-03-27T10:56:02+00:00","article_modified_time":"2023-03-27T11:03:15+00:00","og_image":[{"width":800,"height":576,"url":"https:\/\/www.nettali.com\/wp-content\/uploads\/2023\/03\/sans-titre-133_1.jpg","type":"image\/jpeg"}],"twitter_card":"summary_large_image","twitter_misc":{"\u00c9crit par":"Ibrahima","Dur\u00e9e de lecture estim\u00e9e":"2 minutes"},"schema":{"@context":"https:\/\/schema.org","@graph":[{"@type":"WebSite","@id":"https:\/\/www.nettali.com\/#website","url":"https:\/\/www.nettali.com\/","name":"Nettali.com","description":"Le rendez-vous critique du Net","potentialAction":[{"@type":"SearchAction","target":{"@type":"EntryPoint","urlTemplate":"https:\/\/www.nettali.com\/?s={search_term_string}"},"query-input":"required name=search_term_string"}],"inLanguage":"fr-FR"},{"@type":"ImageObject","@id":"https:\/\/www.nettali.com\/2023\/03\/27\/tottenham-antonio-conte-limoge-julian-nagelsman-pressenti\/#primaryimage","inLanguage":"fr-FR","url":"https:\/\/www.nettali.com\/wp-content\/uploads\/2023\/03\/sans-titre-133_1.jpg","contentUrl":"https:\/\/www.nettali.com\/wp-content\/uploads\/2023\/03\/sans-titre-133_1.jpg","width":800,"height":576},{"@type":"WebPage","@id":"https:\/\/www.nettali.com\/2023\/03\/27\/tottenham-antonio-conte-limoge-julian-nagelsman-pressenti\/#webpage","url":"https:\/\/www.nettali.com\/2023\/03\/27\/tottenham-antonio-conte-limoge-julian-nagelsman-pressenti\/","name":"TOTTENHAM - Antonio Conte limog\u00e9, Julian Nagelsman pressenti | Nettali.com","isPartOf":{"@id":"https:\/\/www.nettali.com\/#website"},"primaryImageOfPage":{"@id":"https:\/\/www.nettali.com\/2023\/03\/27\/tottenham-antonio-conte-limoge-julian-nagelsman-pressenti\/#primaryimage"},"datePublished":"2023-03-27T10:56:02+00:00","dateModified":"2023-03-27T11:03:15+00:00","author":{"@id":"https:\/\/www.nettali.com\/#\/schema\/person\/bb147657c2986240405a608162b9bb23"},"breadcrumb":{"@id":"https:\/\/www.nettali.com\/2023\/03\/27\/tottenham-antonio-conte-limoge-julian-nagelsman-pressenti\/#breadcrumb"},"inLanguage":"fr-FR","potentialAction":[{"@type":"ReadAction","target":["https:\/\/www.nettali.com\/2023\/03\/27\/tottenham-antonio-conte-limoge-julian-nagelsman-pressenti\/"]}]},{"@type":"BreadcrumbList","@id":"https:\/\/www.nettali.com\/2023\/03\/27\/tottenham-antonio-conte-limoge-julian-nagelsman-pressenti\/#breadcrumb","itemListElement":[{"@type":"ListItem","position":1,"name":"Accueil","item":"https:\/\/www.nettali.com\/"},{"@type":"ListItem","position":2,"name":"TOTTENHAM - Antonio Conte limog\u00e9, Julian Nagelsman pressenti"}]},{"@type":"Person","@id":"https:\/\/www.nettali.com\/#\/schema\/person\/bb147657c2986240405a608162b9bb23","name":"Ibrahima","image":{"@type":"ImageObject","@id":"https:\/\/www.nettali.com\/#personlogo","inLanguage":"fr-FR","url":"https:\/\/secure.gravatar.com\/avatar\/26a8a81f09f0dd7624c9d5c36c9ba3a2?s=96&d=mm&r=g","contentUrl":"https:\/\/secure.gravatar.com\/avatar\/26a8a81f09f0dd7624c9d5c36c9ba3a2?s=96&d=mm&r=g","caption":"Ibrahima"},"sameAs":["https:\/\/www.nettali.com"]}]}},"_links":{"self":[{"href":"https:\/\/www.nettali.com\/rest\/wp\/v2\/posts\/106977"}],"collection":[{"href":"https:\/\/www.nettali.com\/rest\/wp\/v2\/posts"}],"about":[{"href":"https:\/\/www.nettali.com\/rest\/wp\/v2\/types\/post"}],"author":[{"embeddable":true,"href":"https:\/\/www.nettali.com\/rest\/wp\/v2\/users\/5"}],"replies":[{"embeddable":true,"href":"https:\/\/www.nettali.com\/rest\/wp\/v2\/comments?post=106977"}],"version-history":[{"count":2,"href":"https:\/\/www.nettali.com\/rest\/wp\/v2\/posts\/106977\/revisions"}],"predecessor-version":[{"id":106983,"href":"https:\/\/www.nettali.com\/rest\/wp\/v2\/posts\/106977\/revisions\/106983"}],"wp:featuredmedia":[{"embeddable":true,"href":"https:\/\/www.nettali.com\/rest\/wp\/v2\/media\/106980"}],"wp:attachment":[{"href":"https:\/\/www.nettali.com\/rest\/wp\/v2\/media?parent=106977"}],"wp:term":[{"taxonomy":"category","embeddable":true,"href":"https:\/\/www.nettali.com\/rest\/wp\/v2\/categories?post=106977"},{"taxonomy":"post_tag","embeddable":true,"href":"https:\/\/www.nettali.com\/rest\/wp\/v2\/tags?post=106977"}],"curies":[{"name":"wp","href":"https:\/\/api.w.org\/{rel}","templated":true}]}}