{"id":106962,"date":"2023-03-27T06:24:18","date_gmt":"2023-03-27T06:24:18","guid":{"rendered":"https:\/\/www.nettali.com\/?p=106962"},"modified":"2023-03-27T06:24:18","modified_gmt":"2023-03-27T06:24:18","slug":"en-coulisses-mimi-2024-mpc-vers-une-vaste-coalition-electorale","status":"publish","type":"post","link":"https:\/\/www.nettali.com\/2023\/03\/27\/en-coulisses-mimi-2024-mpc-vers-une-vaste-coalition-electorale\/","title":{"rendered":"EN COULISSES - MIMI 2024\/MPC vers une vaste coalition \u00e9lectorale"},"content":{"rendered":"<p><strong>NETTALI.COM -<\/strong> Le Mouvement pour l\u2019int\u00e9grit\u00e9, le m\u00e9rite et l\u2019ind\u00e9pendance (Mimi 2024) et le Mouvement pour le parti de la construction (MPC) se sont r\u00e9unis le jeudi 23 mars 2023.<\/p>\n<p>Selon un communiqu\u00e9 parvenu \u00e0 notre r\u00e9daction, les deux d\u00e9l\u00e9gations, conduites par Aminata Tour\u00e9 et Ali Mohamed dit S\u00e9ga Camara, respectivement Pr\u00e9sidente de Mimi 2024 et Pr\u00e9sident du MPC, ont \u00e9chang\u00e9, partag\u00e9 et conclu des accords politiques en vue de la mise sur pied d\u2019une vaste coalition politique et \u00e9lectorale en direction de la Pr\u00e9sidentielle du 25 f\u00e9vrier 2024 et dans une perspective de construction d\u2019un S\u00e9n\u00e9gal nouveau.<\/p>\n<p>Selon toujours la m\u00eame note, les deux d\u00e9l\u00e9gations ont exprim\u00e9 leur totale convergence de vues sur la crise qui secoue tous les secteurs de la vie nationale, exigeant ainsi des forces politiques, de la soci\u00e9t\u00e9 civile et des mouvements citoyens, mobilisations et batailles pour faire face au pr\u00e9sident Macky Sall qui tente de \u201c<em>b\u00e2illonner\u201d<\/em> ceux qui s\u2019opposent \u00e0 sa volont\u00e9 de puissance.<\/p>\n<p>Elles sont arriv\u00e9es \u00e0 la conclusion que l\u2019accentuation de la pauvret\u00e9, de la paup\u00e9risation et de la mis\u00e8re dans toutes les couches sociales du pays, est le r\u00e9sultat de l\u2019incurie de l'actuel r\u00e9gime qui a enterr\u00e9 \"l\u2019\u00c9tat\" de droit par la \"confiscation\" des libert\u00e9s civiques, politiques, individuelles et collectives, disqualifi\u00e9 la R\u00e9publique et se complait dans le b\u00e2illonnement de ses opposants, le musellement de la presse et des leaders d\u2019opinion, la mal gouvernance, la mauvaise gestion des finances publiques, le n\u00e9potisme, la gestion clanique des deniers publics, la concussion, la gabegie et un train de vie excessif.<\/p>\n<div class='share-to-whatsapp-wrapper'><div class='share-on-whsp'>PARTAGER SUR : <\/div><a data-text='EN COULISSES - MIMI 2024\/MPC vers une vaste coalition \u00e9lectorale' data-link='https:\/\/www.nettali.com\/2023\/03\/27\/en-coulisses-mimi-2024-mpc-vers-une-vaste-coalition-electorale\/' class='whatsapp-button whatsapp-share'>WhatsApp<\/a><div class='clear '><\/div><\/div>","protected":false},"excerpt":{"rendered":"<p>NETTALI.COM - Le Mouvement pour l\u2019int\u00e9grit\u00e9, le m\u00e9rite et l\u2019ind\u00e9pendance (Mimi 2024) et le Mouvement pour le parti de la construction (MPC) se sont r\u00e9unis le jeudi 23 mars 2023. Selon un communiqu\u00e9 parvenu \u00e0 notre r\u00e9daction, les deux d\u00e9l\u00e9gations, conduites par Aminata Tour\u00e9 et Ali Mohamed dit S\u00e9ga Camara, respectivement Pr\u00e9sidente de Mimi 2024 [&hellip;]<\/p>\n","protected":false},"author":2,"featured_media":106966,"comment_status":"open","ping_status":"open","sticky":false,"template":"","format":"standard","meta":{"_et_pb_use_builder":"","_et_pb_old_content":""},"categories":[34945],"tags":[],"yoast_head":"<!-- This site is optimized with the Yoast SEO Premium plugin v17.8 (Yoast SEO v17.8) - https:\/\/yoast.com\/wordpress\/plugins\/seo\/ -->\n<title>EN COULISSES - MIMI 2024\/MPC vers une vaste coalition \u00e9lectorale | Nettali.com<\/title>\n<meta name=\"robots\" content=\"index, follow, max-snippet:-1, max-image-preview:large, max-video-preview:-1\" \/>\n<link rel=\"canonical\" href=\"https:\/\/www.nettali.com\/2023\/03\/27\/en-coulisses-mimi-2024-mpc-vers-une-vaste-coalition-electorale\/\" \/>\n<meta property=\"og:locale\" content=\"fr_FR\" \/>\n<meta property=\"og:type\" content=\"article\" \/>\n<meta property=\"og:title\" content=\"EN COULISSES - MIMI 2024\/MPC vers une vaste coalition \u00e9lectorale\" \/>\n<meta property=\"og:description\" content=\"NETTALI.COM - Le Mouvement pour l\u2019int\u00e9grit\u00e9, le m\u00e9rite et l\u2019ind\u00e9pendance (Mimi 2024) et le Mouvement pour le parti de la construction (MPC) se sont r\u00e9unis le jeudi 23 mars 2023. Selon un communiqu\u00e9 parvenu \u00e0 notre r\u00e9daction, les deux d\u00e9l\u00e9gations, conduites par Aminata Tour\u00e9 et Ali Mohamed dit S\u00e9ga Camara, respectivement Pr\u00e9sidente de Mimi 2024 [&hellip;]\" \/>\n<meta property=\"og:url\" content=\"https:\/\/www.nettali.com\/2023\/03\/27\/en-coulisses-mimi-2024-mpc-vers-une-vaste-coalition-electorale\/\" \/>\n<meta property=\"og:site_name\" content=\"Nettali.com\" \/>\n<meta property=\"article:publisher\" content=\"https:\/\/www.facebook.com\/nettalicom\" \/>\n<meta property=\"article:published_time\" content=\"2023-03-27T06:24:18+00:00\" \/>\n<meta property=\"og:image\" content=\"https:\/\/www.nettali.com\/wp-content\/uploads\/2023\/03\/aminata-mimi-toure.jpg\" \/>\n\t<meta property=\"og:image:width\" content=\"837\" \/>\n\t<meta property=\"og:image:height\" content=\"472\" \/>\n<meta name=\"twitter:card\" content=\"summary_large_image\" \/>\n<meta name=\"twitter:label1\" content=\"\u00c9crit par\" \/>\n\t<meta name=\"twitter:data1\" content=\"CK\" \/>\n\t<meta name=\"twitter:label2\" content=\"Dur\u00e9e de lecture estim\u00e9e\" \/>\n\t<meta name=\"twitter:data2\" content=\"2 minutes\" \/>\n<script type=\"application\/ld+json\" class=\"yoast-schema-graph\">{\"@context\":\"https:\/\/schema.org\",\"@graph\":[{\"@type\":\"WebSite\",\"@id\":\"https:\/\/www.nettali.com\/#website\",\"url\":\"https:\/\/www.nettali.com\/\",\"name\":\"Nettali.com\",\"description\":\"Le rendez-vous critique du Net\",\"potentialAction\":[{\"@type\":\"SearchAction\",\"target\":{\"@type\":\"EntryPoint\",\"urlTemplate\":\"https:\/\/www.nettali.com\/?s={search_term_string}\"},\"query-input\":\"required name=search_term_string\"}],\"inLanguage\":\"fr-FR\"},{\"@type\":\"ImageObject\",\"@id\":\"https:\/\/www.nettali.com\/2023\/03\/27\/en-coulisses-mimi-2024-mpc-vers-une-vaste-coalition-electorale\/#primaryimage\",\"inLanguage\":\"fr-FR\",\"url\":\"https:\/\/www.nettali.com\/wp-content\/uploads\/2023\/03\/aminata-mimi-toure.jpg\",\"contentUrl\":\"https:\/\/www.nettali.com\/wp-content\/uploads\/2023\/03\/aminata-mimi-toure.jpg\",\"width\":837,\"height\":472},{\"@type\":\"WebPage\",\"@id\":\"https:\/\/www.nettali.com\/2023\/03\/27\/en-coulisses-mimi-2024-mpc-vers-une-vaste-coalition-electorale\/#webpage\",\"url\":\"https:\/\/www.nettali.com\/2023\/03\/27\/en-coulisses-mimi-2024-mpc-vers-une-vaste-coalition-electorale\/\",\"name\":\"EN COULISSES - MIMI 2024\/MPC vers une vaste coalition \\u00e9lectorale | Nettali.com\",\"isPartOf\":{\"@id\":\"https:\/\/www.nettali.com\/#website\"},\"primaryImageOfPage\":{\"@id\":\"https:\/\/www.nettali.com\/2023\/03\/27\/en-coulisses-mimi-2024-mpc-vers-une-vaste-coalition-electorale\/#primaryimage\"},\"datePublished\":\"2023-03-27T06:24:18+00:00\",\"dateModified\":\"2023-03-27T06:24:18+00:00\",\"author\":{\"@id\":\"https:\/\/www.nettali.com\/#\/schema\/person\/d8ac7b7e27ddad43f1c0d2ef090d7f71\"},\"breadcrumb\":{\"@id\":\"https:\/\/www.nettali.com\/2023\/03\/27\/en-coulisses-mimi-2024-mpc-vers-une-vaste-coalition-electorale\/#breadcrumb\"},\"inLanguage\":\"fr-FR\",\"potentialAction\":[{\"@type\":\"ReadAction\",\"target\":[\"https:\/\/www.nettali.com\/2023\/03\/27\/en-coulisses-mimi-2024-mpc-vers-une-vaste-coalition-electorale\/\"]}]},{\"@type\":\"BreadcrumbList\",\"@id\":\"https:\/\/www.nettali.com\/2023\/03\/27\/en-coulisses-mimi-2024-mpc-vers-une-vaste-coalition-electorale\/#breadcrumb\",\"itemListElement\":[{\"@type\":\"ListItem\",\"position\":1,\"name\":\"Accueil\",\"item\":\"https:\/\/www.nettali.com\/\"},{\"@type\":\"ListItem\",\"position\":2,\"name\":\"EN COULISSES - MIMI 2024\/MPC vers une vaste coalition \\u00e9lectorale\"}]},{\"@type\":\"Person\",\"@id\":\"https:\/\/www.nettali.com\/#\/schema\/person\/d8ac7b7e27ddad43f1c0d2ef090d7f71\",\"name\":\"CK\",\"image\":{\"@type\":\"ImageObject\",\"@id\":\"https:\/\/www.nettali.com\/#personlogo\",\"inLanguage\":\"fr-FR\",\"url\":\"https:\/\/secure.gravatar.com\/avatar\/1d8d5118b9327d94da7cd4ce7f17fec2?s=96&d=mm&r=g\",\"contentUrl\":\"https:\/\/secure.gravatar.com\/avatar\/1d8d5118b9327d94da7cd4ce7f17fec2?s=96&d=mm&r=g\",\"caption\":\"CK\"},\"sameAs\":[\"https:\/\/www.nettali.com\"]}]}<\/script>\n<!-- \/ Yoast SEO Premium plugin. -->","yoast_head_json":{"title":"EN COULISSES - MIMI 2024\/MPC vers une vaste coalition \u00e9lectorale | Nettali.com","robots":{"index":"index","follow":"follow","max-snippet":"max-snippet:-1","max-image-preview":"max-image-preview:large","max-video-preview":"max-video-preview:-1"},"canonical":"https:\/\/www.nettali.com\/2023\/03\/27\/en-coulisses-mimi-2024-mpc-vers-une-vaste-coalition-electorale\/","og_locale":"fr_FR","og_type":"article","og_title":"EN COULISSES - MIMI 2024\/MPC vers une vaste coalition \u00e9lectorale","og_description":"NETTALI.COM - Le Mouvement pour l\u2019int\u00e9grit\u00e9, le m\u00e9rite et l\u2019ind\u00e9pendance (Mimi 2024) et le Mouvement pour le parti de la construction (MPC) se sont r\u00e9unis le jeudi 23 mars 2023. Selon un communiqu\u00e9 parvenu \u00e0 notre r\u00e9daction, les deux d\u00e9l\u00e9gations, conduites par Aminata Tour\u00e9 et Ali Mohamed dit S\u00e9ga Camara, respectivement Pr\u00e9sidente de Mimi 2024 [&hellip;]","og_url":"https:\/\/www.nettali.com\/2023\/03\/27\/en-coulisses-mimi-2024-mpc-vers-une-vaste-coalition-electorale\/","og_site_name":"Nettali.com","article_publisher":"https:\/\/www.facebook.com\/nettalicom","article_published_time":"2023-03-27T06:24:18+00:00","og_image":[{"width":837,"height":472,"url":"https:\/\/www.nettali.com\/wp-content\/uploads\/2023\/03\/aminata-mimi-toure.jpg","type":"image\/jpeg"}],"twitter_card":"summary_large_image","twitter_misc":{"\u00c9crit par":"CK","Dur\u00e9e de lecture estim\u00e9e":"2 minutes"},"schema":{"@context":"https:\/\/schema.org","@graph":[{"@type":"WebSite","@id":"https:\/\/www.nettali.com\/#website","url":"https:\/\/www.nettali.com\/","name":"Nettali.com","description":"Le rendez-vous critique du Net","potentialAction":[{"@type":"SearchAction","target":{"@type":"EntryPoint","urlTemplate":"https:\/\/www.nettali.com\/?s={search_term_string}"},"query-input":"required name=search_term_string"}],"inLanguage":"fr-FR"},{"@type":"ImageObject","@id":"https:\/\/www.nettali.com\/2023\/03\/27\/en-coulisses-mimi-2024-mpc-vers-une-vaste-coalition-electorale\/#primaryimage","inLanguage":"fr-FR","url":"https:\/\/www.nettali.com\/wp-content\/uploads\/2023\/03\/aminata-mimi-toure.jpg","contentUrl":"https:\/\/www.nettali.com\/wp-content\/uploads\/2023\/03\/aminata-mimi-toure.jpg","width":837,"height":472},{"@type":"WebPage","@id":"https:\/\/www.nettali.com\/2023\/03\/27\/en-coulisses-mimi-2024-mpc-vers-une-vaste-coalition-electorale\/#webpage","url":"https:\/\/www.nettali.com\/2023\/03\/27\/en-coulisses-mimi-2024-mpc-vers-une-vaste-coalition-electorale\/","name":"EN COULISSES - MIMI 2024\/MPC vers une vaste coalition \u00e9lectorale | Nettali.com","isPartOf":{"@id":"https:\/\/www.nettali.com\/#website"},"primaryImageOfPage":{"@id":"https:\/\/www.nettali.com\/2023\/03\/27\/en-coulisses-mimi-2024-mpc-vers-une-vaste-coalition-electorale\/#primaryimage"},"datePublished":"2023-03-27T06:24:18+00:00","dateModified":"2023-03-27T06:24:18+00:00","author":{"@id":"https:\/\/www.nettali.com\/#\/schema\/person\/d8ac7b7e27ddad43f1c0d2ef090d7f71"},"breadcrumb":{"@id":"https:\/\/www.nettali.com\/2023\/03\/27\/en-coulisses-mimi-2024-mpc-vers-une-vaste-coalition-electorale\/#breadcrumb"},"inLanguage":"fr-FR","potentialAction":[{"@type":"ReadAction","target":["https:\/\/www.nettali.com\/2023\/03\/27\/en-coulisses-mimi-2024-mpc-vers-une-vaste-coalition-electorale\/"]}]},{"@type":"BreadcrumbList","@id":"https:\/\/www.nettali.com\/2023\/03\/27\/en-coulisses-mimi-2024-mpc-vers-une-vaste-coalition-electorale\/#breadcrumb","itemListElement":[{"@type":"ListItem","position":1,"name":"Accueil","item":"https:\/\/www.nettali.com\/"},{"@type":"ListItem","position":2,"name":"EN COULISSES - MIMI 2024\/MPC vers une vaste coalition \u00e9lectorale"}]},{"@type":"Person","@id":"https:\/\/www.nettali.com\/#\/schema\/person\/d8ac7b7e27ddad43f1c0d2ef090d7f71","name":"CK","image":{"@type":"ImageObject","@id":"https:\/\/www.nettali.com\/#personlogo","inLanguage":"fr-FR","url":"https:\/\/secure.gravatar.com\/avatar\/1d8d5118b9327d94da7cd4ce7f17fec2?s=96&d=mm&r=g","contentUrl":"https:\/\/secure.gravatar.com\/avatar\/1d8d5118b9327d94da7cd4ce7f17fec2?s=96&d=mm&r=g","caption":"CK"},"sameAs":["https:\/\/www.nettali.com"]}]}},"_links":{"self":[{"href":"https:\/\/www.nettali.com\/rest\/wp\/v2\/posts\/106962"}],"collection":[{"href":"https:\/\/www.nettali.com\/rest\/wp\/v2\/posts"}],"about":[{"href":"https:\/\/www.nettali.com\/rest\/wp\/v2\/types\/post"}],"author":[{"embeddable":true,"href":"https:\/\/www.nettali.com\/rest\/wp\/v2\/users\/2"}],"replies":[{"embeddable":true,"href":"https:\/\/www.nettali.com\/rest\/wp\/v2\/comments?post=106962"}],"version-history":[{"count":1,"href":"https:\/\/www.nettali.com\/rest\/wp\/v2\/posts\/106962\/revisions"}],"predecessor-version":[{"id":106963,"href":"https:\/\/www.nettali.com\/rest\/wp\/v2\/posts\/106962\/revisions\/106963"}],"wp:featuredmedia":[{"embeddable":true,"href":"https:\/\/www.nettali.com\/rest\/wp\/v2\/media\/106966"}],"wp:attachment":[{"href":"https:\/\/www.nettali.com\/rest\/wp\/v2\/media?parent=106962"}],"wp:term":[{"taxonomy":"category","embeddable":true,"href":"https:\/\/www.nettali.com\/rest\/wp\/v2\/categories?post=106962"},{"taxonomy":"post_tag","embeddable":true,"href":"https:\/\/www.nettali.com\/rest\/wp\/v2\/tags?post=106962"}],"curies":[{"name":"wp","href":"https:\/\/api.w.org\/{rel}","templated":true}]}}