{"id":106930,"date":"2023-03-26T11:21:29","date_gmt":"2023-03-26T11:21:29","guid":{"rendered":"https:\/\/www.nettali.com\/?p=106930"},"modified":"2023-03-26T11:21:29","modified_gmt":"2023-03-26T11:21:29","slug":"en-coulisses-farba-ngom-prend-du-galon","status":"publish","type":"post","link":"https:\/\/www.nettali.com\/2023\/03\/26\/en-coulisses-farba-ngom-prend-du-galon\/","title":{"rendered":"EN COULISSES - Farba Ngom prend du galon"},"content":{"rendered":"<p>NETTALI.COM - Les cadres de l'Alliance pour la R\u00e9publique (Apr) se sont r\u00e9unis ce samedi en r\u00e9union du Secr\u00e9tariat ex\u00e9cutif de l\u2019Alliance Pour la R\u00e9publique (Apr) au si\u00e8ge du parti. Une rencontre qui s\u2019est d\u00e9roul\u00e9e en pr\u00e9sence du Pr\u00e9sident de la R\u00e9publique, Macky Sall.<\/p>\n<p>Parmi les d\u00e9cisions phares prises par l\u2019\u00e9tat-major de l\u2019APR : la nomination de Farba Ngom comme Secr\u00e9taire national de l\u2019organisation et de la mobilisation.<\/p>\n<p>Le d\u00e9put\u00e9-Maire est ainsi devenu une pi\u00e8ce ma\u00eetresse du dispositif \u00e0 mettre en pratique par l'Apr\u00a0 en vue de la pr\u00e9sidentielle de 2024.<\/p>\n<div class='share-to-whatsapp-wrapper'><div class='share-on-whsp'>PARTAGER SUR : <\/div><a data-text='EN COULISSES - Farba Ngom prend du galon' data-link='https:\/\/www.nettali.com\/2023\/03\/26\/en-coulisses-farba-ngom-prend-du-galon\/' class='whatsapp-button whatsapp-share'>WhatsApp<\/a><div class='clear '><\/div><\/div>","protected":false},"excerpt":{"rendered":"<p>NETTALI.COM - Les cadres de l'Alliance pour la R\u00e9publique (Apr) se sont r\u00e9unis ce samedi en r\u00e9union du Secr\u00e9tariat ex\u00e9cutif de l\u2019Alliance Pour la R\u00e9publique (Apr) au si\u00e8ge du parti. Une rencontre qui s\u2019est d\u00e9roul\u00e9e en pr\u00e9sence du Pr\u00e9sident de la R\u00e9publique, Macky Sall. Parmi les d\u00e9cisions phares prises par l\u2019\u00e9tat-major de l\u2019APR : la [&hellip;]<\/p>\n","protected":false},"author":4,"featured_media":11630,"comment_status":"open","ping_status":"open","sticky":false,"template":"","format":"standard","meta":{"_et_pb_use_builder":"","_et_pb_old_content":""},"categories":[34945],"tags":[],"yoast_head":"<!-- This site is optimized with the Yoast SEO Premium plugin v17.8 (Yoast SEO v17.8) - https:\/\/yoast.com\/wordpress\/plugins\/seo\/ -->\n<title>EN COULISSES - Farba Ngom prend du galon | Nettali.com<\/title>\n<meta name=\"robots\" content=\"index, follow, max-snippet:-1, max-image-preview:large, max-video-preview:-1\" \/>\n<link rel=\"canonical\" href=\"https:\/\/www.nettali.com\/2023\/03\/26\/en-coulisses-farba-ngom-prend-du-galon\/\" \/>\n<meta property=\"og:locale\" content=\"fr_FR\" \/>\n<meta property=\"og:type\" content=\"article\" \/>\n<meta property=\"og:title\" content=\"EN COULISSES - Farba Ngom prend du galon\" \/>\n<meta property=\"og:description\" content=\"NETTALI.COM - Les cadres de l&#039;Alliance pour la R\u00e9publique (Apr) se sont r\u00e9unis ce samedi en r\u00e9union du Secr\u00e9tariat ex\u00e9cutif de l\u2019Alliance Pour la R\u00e9publique (Apr) au si\u00e8ge du parti. Une rencontre qui s\u2019est d\u00e9roul\u00e9e en pr\u00e9sence du Pr\u00e9sident de la R\u00e9publique, Macky Sall. Parmi les d\u00e9cisions phares prises par l\u2019\u00e9tat-major de l\u2019APR : la [&hellip;]\" \/>\n<meta property=\"og:url\" content=\"https:\/\/www.nettali.com\/2023\/03\/26\/en-coulisses-farba-ngom-prend-du-galon\/\" \/>\n<meta property=\"og:site_name\" content=\"Nettali.com\" \/>\n<meta property=\"article:publisher\" content=\"https:\/\/www.facebook.com\/nettalicom\" \/>\n<meta property=\"article:published_time\" content=\"2023-03-26T11:21:29+00:00\" \/>\n<meta property=\"og:image\" content=\"https:\/\/www.nettali.com\/wp-content\/uploads\/2019\/06\/farba.jpg\" \/>\n\t<meta property=\"og:image:width\" content=\"700\" \/>\n\t<meta property=\"og:image:height\" content=\"467\" \/>\n<meta name=\"twitter:card\" content=\"summary_large_image\" \/>\n<meta name=\"twitter:label1\" content=\"\u00c9crit par\" \/>\n\t<meta name=\"twitter:data1\" content=\"Daouda\" \/>\n\t<meta name=\"twitter:label2\" content=\"Dur\u00e9e de lecture estim\u00e9e\" \/>\n\t<meta name=\"twitter:data2\" content=\"1 minute\" \/>\n<script type=\"application\/ld+json\" class=\"yoast-schema-graph\">{\"@context\":\"https:\/\/schema.org\",\"@graph\":[{\"@type\":\"WebSite\",\"@id\":\"https:\/\/www.nettali.com\/#website\",\"url\":\"https:\/\/www.nettali.com\/\",\"name\":\"Nettali.com\",\"description\":\"Le rendez-vous critique du Net\",\"potentialAction\":[{\"@type\":\"SearchAction\",\"target\":{\"@type\":\"EntryPoint\",\"urlTemplate\":\"https:\/\/www.nettali.com\/?s={search_term_string}\"},\"query-input\":\"required name=search_term_string\"}],\"inLanguage\":\"fr-FR\"},{\"@type\":\"ImageObject\",\"@id\":\"https:\/\/www.nettali.com\/2023\/03\/26\/en-coulisses-farba-ngom-prend-du-galon\/#primaryimage\",\"inLanguage\":\"fr-FR\",\"url\":\"https:\/\/www.nettali.com\/wp-content\/uploads\/2019\/06\/farba.jpg\",\"contentUrl\":\"https:\/\/www.nettali.com\/wp-content\/uploads\/2019\/06\/farba.jpg\",\"width\":700,\"height\":467},{\"@type\":\"WebPage\",\"@id\":\"https:\/\/www.nettali.com\/2023\/03\/26\/en-coulisses-farba-ngom-prend-du-galon\/#webpage\",\"url\":\"https:\/\/www.nettali.com\/2023\/03\/26\/en-coulisses-farba-ngom-prend-du-galon\/\",\"name\":\"EN COULISSES - Farba Ngom prend du galon | Nettali.com\",\"isPartOf\":{\"@id\":\"https:\/\/www.nettali.com\/#website\"},\"primaryImageOfPage\":{\"@id\":\"https:\/\/www.nettali.com\/2023\/03\/26\/en-coulisses-farba-ngom-prend-du-galon\/#primaryimage\"},\"datePublished\":\"2023-03-26T11:21:29+00:00\",\"dateModified\":\"2023-03-26T11:21:29+00:00\",\"author\":{\"@id\":\"https:\/\/www.nettali.com\/#\/schema\/person\/3317e0bb3aa1da309fbf7b2780901bf4\"},\"breadcrumb\":{\"@id\":\"https:\/\/www.nettali.com\/2023\/03\/26\/en-coulisses-farba-ngom-prend-du-galon\/#breadcrumb\"},\"inLanguage\":\"fr-FR\",\"potentialAction\":[{\"@type\":\"ReadAction\",\"target\":[\"https:\/\/www.nettali.com\/2023\/03\/26\/en-coulisses-farba-ngom-prend-du-galon\/\"]}]},{\"@type\":\"BreadcrumbList\",\"@id\":\"https:\/\/www.nettali.com\/2023\/03\/26\/en-coulisses-farba-ngom-prend-du-galon\/#breadcrumb\",\"itemListElement\":[{\"@type\":\"ListItem\",\"position\":1,\"name\":\"Accueil\",\"item\":\"https:\/\/www.nettali.com\/\"},{\"@type\":\"ListItem\",\"position\":2,\"name\":\"EN COULISSES - Farba Ngom prend du galon\"}]},{\"@type\":\"Person\",\"@id\":\"https:\/\/www.nettali.com\/#\/schema\/person\/3317e0bb3aa1da309fbf7b2780901bf4\",\"name\":\"Daouda\",\"image\":{\"@type\":\"ImageObject\",\"@id\":\"https:\/\/www.nettali.com\/#personlogo\",\"inLanguage\":\"fr-FR\",\"url\":\"https:\/\/secure.gravatar.com\/avatar\/8d143b5a49345098ddcfee1c49c2f47c?s=96&d=mm&r=g\",\"contentUrl\":\"https:\/\/secure.gravatar.com\/avatar\/8d143b5a49345098ddcfee1c49c2f47c?s=96&d=mm&r=g\",\"caption\":\"Daouda\"},\"sameAs\":[\"https:\/\/www.nettali.com\"]}]}<\/script>\n<!-- \/ Yoast SEO Premium plugin. -->","yoast_head_json":{"title":"EN COULISSES - Farba Ngom prend du galon | Nettali.com","robots":{"index":"index","follow":"follow","max-snippet":"max-snippet:-1","max-image-preview":"max-image-preview:large","max-video-preview":"max-video-preview:-1"},"canonical":"https:\/\/www.nettali.com\/2023\/03\/26\/en-coulisses-farba-ngom-prend-du-galon\/","og_locale":"fr_FR","og_type":"article","og_title":"EN COULISSES - Farba Ngom prend du galon","og_description":"NETTALI.COM - Les cadres de l'Alliance pour la R\u00e9publique (Apr) se sont r\u00e9unis ce samedi en r\u00e9union du Secr\u00e9tariat ex\u00e9cutif de l\u2019Alliance Pour la R\u00e9publique (Apr) au si\u00e8ge du parti. Une rencontre qui s\u2019est d\u00e9roul\u00e9e en pr\u00e9sence du Pr\u00e9sident de la R\u00e9publique, Macky Sall. Parmi les d\u00e9cisions phares prises par l\u2019\u00e9tat-major de l\u2019APR : la [&hellip;]","og_url":"https:\/\/www.nettali.com\/2023\/03\/26\/en-coulisses-farba-ngom-prend-du-galon\/","og_site_name":"Nettali.com","article_publisher":"https:\/\/www.facebook.com\/nettalicom","article_published_time":"2023-03-26T11:21:29+00:00","og_image":[{"width":700,"height":467,"url":"https:\/\/www.nettali.com\/wp-content\/uploads\/2019\/06\/farba.jpg","type":"image\/jpeg"}],"twitter_card":"summary_large_image","twitter_misc":{"\u00c9crit par":"Daouda","Dur\u00e9e de lecture estim\u00e9e":"1 minute"},"schema":{"@context":"https:\/\/schema.org","@graph":[{"@type":"WebSite","@id":"https:\/\/www.nettali.com\/#website","url":"https:\/\/www.nettali.com\/","name":"Nettali.com","description":"Le rendez-vous critique du Net","potentialAction":[{"@type":"SearchAction","target":{"@type":"EntryPoint","urlTemplate":"https:\/\/www.nettali.com\/?s={search_term_string}"},"query-input":"required name=search_term_string"}],"inLanguage":"fr-FR"},{"@type":"ImageObject","@id":"https:\/\/www.nettali.com\/2023\/03\/26\/en-coulisses-farba-ngom-prend-du-galon\/#primaryimage","inLanguage":"fr-FR","url":"https:\/\/www.nettali.com\/wp-content\/uploads\/2019\/06\/farba.jpg","contentUrl":"https:\/\/www.nettali.com\/wp-content\/uploads\/2019\/06\/farba.jpg","width":700,"height":467},{"@type":"WebPage","@id":"https:\/\/www.nettali.com\/2023\/03\/26\/en-coulisses-farba-ngom-prend-du-galon\/#webpage","url":"https:\/\/www.nettali.com\/2023\/03\/26\/en-coulisses-farba-ngom-prend-du-galon\/","name":"EN COULISSES - Farba Ngom prend du galon | Nettali.com","isPartOf":{"@id":"https:\/\/www.nettali.com\/#website"},"primaryImageOfPage":{"@id":"https:\/\/www.nettali.com\/2023\/03\/26\/en-coulisses-farba-ngom-prend-du-galon\/#primaryimage"},"datePublished":"2023-03-26T11:21:29+00:00","dateModified":"2023-03-26T11:21:29+00:00","author":{"@id":"https:\/\/www.nettali.com\/#\/schema\/person\/3317e0bb3aa1da309fbf7b2780901bf4"},"breadcrumb":{"@id":"https:\/\/www.nettali.com\/2023\/03\/26\/en-coulisses-farba-ngom-prend-du-galon\/#breadcrumb"},"inLanguage":"fr-FR","potentialAction":[{"@type":"ReadAction","target":["https:\/\/www.nettali.com\/2023\/03\/26\/en-coulisses-farba-ngom-prend-du-galon\/"]}]},{"@type":"BreadcrumbList","@id":"https:\/\/www.nettali.com\/2023\/03\/26\/en-coulisses-farba-ngom-prend-du-galon\/#breadcrumb","itemListElement":[{"@type":"ListItem","position":1,"name":"Accueil","item":"https:\/\/www.nettali.com\/"},{"@type":"ListItem","position":2,"name":"EN COULISSES - Farba Ngom prend du galon"}]},{"@type":"Person","@id":"https:\/\/www.nettali.com\/#\/schema\/person\/3317e0bb3aa1da309fbf7b2780901bf4","name":"Daouda","image":{"@type":"ImageObject","@id":"https:\/\/www.nettali.com\/#personlogo","inLanguage":"fr-FR","url":"https:\/\/secure.gravatar.com\/avatar\/8d143b5a49345098ddcfee1c49c2f47c?s=96&d=mm&r=g","contentUrl":"https:\/\/secure.gravatar.com\/avatar\/8d143b5a49345098ddcfee1c49c2f47c?s=96&d=mm&r=g","caption":"Daouda"},"sameAs":["https:\/\/www.nettali.com"]}]}},"_links":{"self":[{"href":"https:\/\/www.nettali.com\/rest\/wp\/v2\/posts\/106930"}],"collection":[{"href":"https:\/\/www.nettali.com\/rest\/wp\/v2\/posts"}],"about":[{"href":"https:\/\/www.nettali.com\/rest\/wp\/v2\/types\/post"}],"author":[{"embeddable":true,"href":"https:\/\/www.nettali.com\/rest\/wp\/v2\/users\/4"}],"replies":[{"embeddable":true,"href":"https:\/\/www.nettali.com\/rest\/wp\/v2\/comments?post=106930"}],"version-history":[{"count":1,"href":"https:\/\/www.nettali.com\/rest\/wp\/v2\/posts\/106930\/revisions"}],"predecessor-version":[{"id":106931,"href":"https:\/\/www.nettali.com\/rest\/wp\/v2\/posts\/106930\/revisions\/106931"}],"wp:featuredmedia":[{"embeddable":true,"href":"https:\/\/www.nettali.com\/rest\/wp\/v2\/media\/11630"}],"wp:attachment":[{"href":"https:\/\/www.nettali.com\/rest\/wp\/v2\/media?parent=106930"}],"wp:term":[{"taxonomy":"category","embeddable":true,"href":"https:\/\/www.nettali.com\/rest\/wp\/v2\/categories?post=106930"},{"taxonomy":"post_tag","embeddable":true,"href":"https:\/\/www.nettali.com\/rest\/wp\/v2\/tags?post=106930"}],"curies":[{"name":"wp","href":"https:\/\/api.w.org\/{rel}","templated":true}]}}