{"id":106899,"date":"2023-03-25T10:07:17","date_gmt":"2023-03-25T10:07:17","guid":{"rendered":"https:\/\/www.nettali.com\/?p=106899"},"modified":"2023-03-25T14:49:48","modified_gmt":"2023-03-25T14:49:48","slug":"3e-candidature-de-macky-sall-ce-que-le-quai-dorsay-a-repondu-au-2-deputes-francais","status":"publish","type":"post","link":"https:\/\/www.nettali.com\/2023\/03\/25\/3e-candidature-de-macky-sall-ce-que-le-quai-dorsay-a-repondu-au-2-deputes-francais\/","title":{"rendered":"3e CANDIDATURE DE MACKY SALL \u2013 Ce que le Quai d'Orsay \u00a0a r\u00e9pondu aux 2 d\u00e9put\u00e9s Fran\u00e7ais"},"content":{"rendered":"<p><strong>NETTALI.COM - Des d\u00e9put\u00e9s fran\u00e7ais avaient saisi leur ministre des affaires \u00e9trang\u00e8res d\u2019une correspondance qui l\u2019alertaient sur la situation qui pr\u00e9vaut au S\u00e9n\u00e9gal, marqu\u00e9e par des heurts entre l\u2019opposition et le pouvoir. Mais aussi, et surtout, marqu\u00e9e par une tension diffus\u00e9e par le flou sur la candidature ou non de Macky Sall \u00e0 la prochaine pr\u00e9sidentielle. La porte-parole du Quai d'Orsay a r\u00e9pondu.<\/strong><\/p>\n<p><em>\u00abIl ne nous revient pas de nous prononcer sur cette question qui est hypoth\u00e9tique en ma connaissance. Il n\u2019y a pas eu d\u2019annonce de candidature du pr\u00e9sident Macky Sall pour un troisi\u00e8me mandat\u00bb, <\/em>a d\u00e9clar\u00e9 Catherine Colonna. Et d\u2019ajouter : <em>\u00abLa France, et \u00a0le pr\u00e9sident de la R\u00e9publique l\u2019a r\u00e9affirm\u00e9 lors de sa tourn\u00e9e en Afrique, est profond\u00e9ment attach\u00e9e au dialogue et au respect du droit et du pluralisme politique essentiel \u00e0 toute d\u00e9mocratie\u00bb<\/em>, a-t-elle d\u00e9clar\u00e9.<\/p>\n<p>Face \u00e0 la presse, Anne-Claire Legendre a d\u00e9clar\u00e9 que leur pr\u00e9sident, Emmanuel Macron, leur a demand\u00e9 de parler \u00e0 toutes les parties. \u00abAux autorit\u00e9s en place, comme aux oppositions et \u00e0 la soci\u00e9t\u00e9 civile\u00bb, dit-elle.<\/p>\n<p>Dans leur correspondance, les d\u00e9put\u00e9s Andr\u00e9 Chassaigne et Jean Paul Lecoq signalaient \u00e0 leur ministre des Affaires \u00e9trang\u00e8res, que <em>\u00abla France a tout int\u00e9r\u00eat \u00e0 s'inqui\u00e9ter de la pr\u00e9sente situation\u00bb. \u00abIl apparait fondamental que la France soit attentive au respect de l'opposition et \u0153uvre, dans un cadre multilat\u00e9ral incluant les instances africaines, \u00e0 garantir des \u00e9lections cr\u00e9dibles, c'est-\u00e0-dire sans la pr\u00e9sence de l'actuel pr\u00e9sident Macky Sall\u00bb,<\/em> disaient-ils.<\/p>\n<p>&nbsp;<\/p>\n<div class='share-to-whatsapp-wrapper'><div class='share-on-whsp'>PARTAGER SUR : <\/div><a data-text='3e CANDIDATURE DE MACKY SALL \u2013 Ce que le Quai d'Orsay \u00a0a r\u00e9pondu aux 2 d\u00e9put\u00e9s Fran\u00e7ais' data-link='https:\/\/www.nettali.com\/2023\/03\/25\/3e-candidature-de-macky-sall-ce-que-le-quai-dorsay-a-repondu-au-2-deputes-francais\/' class='whatsapp-button whatsapp-share'>WhatsApp<\/a><div class='clear '><\/div><\/div>","protected":false},"excerpt":{"rendered":"<p>NETTALI.COM - Des d\u00e9put\u00e9s fran\u00e7ais avaient saisi leur ministre des affaires \u00e9trang\u00e8res d\u2019une correspondance qui l\u2019alertaient sur la situation qui pr\u00e9vaut au S\u00e9n\u00e9gal, marqu\u00e9e par des heurts entre l\u2019opposition et le pouvoir. Mais aussi, et surtout, marqu\u00e9e par une tension diffus\u00e9e par le flou sur la candidature ou non de Macky Sall \u00e0 la prochaine [&hellip;]<\/p>\n","protected":false},"author":4,"featured_media":104166,"comment_status":"open","ping_status":"open","sticky":false,"template":"","format":"standard","meta":{"_et_pb_use_builder":"","_et_pb_old_content":""},"categories":[2],"tags":[],"yoast_head":"<!-- This site is optimized with the Yoast SEO Premium plugin v17.8 (Yoast SEO v17.8) - https:\/\/yoast.com\/wordpress\/plugins\/seo\/ -->\n<title>3e CANDIDATURE DE MACKY SALL \u2013 Ce que le Quai d&#039;Orsay \u00a0a r\u00e9pondu aux 2 d\u00e9put\u00e9s Fran\u00e7ais | Nettali.com<\/title>\n<meta name=\"robots\" content=\"index, follow, max-snippet:-1, max-image-preview:large, max-video-preview:-1\" \/>\n<link rel=\"canonical\" href=\"https:\/\/www.nettali.com\/2023\/03\/25\/3e-candidature-de-macky-sall-ce-que-le-quai-dorsay-a-repondu-au-2-deputes-francais\/\" \/>\n<meta property=\"og:locale\" content=\"fr_FR\" \/>\n<meta property=\"og:type\" content=\"article\" \/>\n<meta property=\"og:title\" content=\"3e CANDIDATURE DE MACKY SALL \u2013 Ce que le Quai d&#039;Orsay \u00a0a r\u00e9pondu aux 2 d\u00e9put\u00e9s Fran\u00e7ais\" \/>\n<meta property=\"og:description\" content=\"NETTALI.COM - Des d\u00e9put\u00e9s fran\u00e7ais avaient saisi leur ministre des affaires \u00e9trang\u00e8res d\u2019une correspondance qui l\u2019alertaient sur la situation qui pr\u00e9vaut au S\u00e9n\u00e9gal, marqu\u00e9e par des heurts entre l\u2019opposition et le pouvoir. Mais aussi, et surtout, marqu\u00e9e par une tension diffus\u00e9e par le flou sur la candidature ou non de Macky Sall \u00e0 la prochaine [&hellip;]\" \/>\n<meta property=\"og:url\" content=\"https:\/\/www.nettali.com\/2023\/03\/25\/3e-candidature-de-macky-sall-ce-que-le-quai-dorsay-a-repondu-au-2-deputes-francais\/\" \/>\n<meta property=\"og:site_name\" content=\"Nettali.com\" \/>\n<meta property=\"article:publisher\" content=\"https:\/\/www.facebook.com\/nettalicom\" \/>\n<meta property=\"article:published_time\" content=\"2023-03-25T10:07:17+00:00\" \/>\n<meta property=\"article:modified_time\" content=\"2023-03-25T14:49:48+00:00\" \/>\n<meta property=\"og:image\" content=\"https:\/\/www.nettali.com\/wp-content\/uploads\/2023\/02\/SALL.MACRON--1024x566.png\" \/>\n\t<meta property=\"og:image:width\" content=\"1024\" \/>\n\t<meta property=\"og:image:height\" content=\"566\" \/>\n<meta name=\"twitter:card\" content=\"summary_large_image\" \/>\n<meta name=\"twitter:label1\" content=\"\u00c9crit par\" \/>\n\t<meta name=\"twitter:data1\" content=\"Daouda\" \/>\n\t<meta name=\"twitter:label2\" content=\"Dur\u00e9e de lecture estim\u00e9e\" \/>\n\t<meta name=\"twitter:data2\" content=\"2 minutes\" \/>\n<script type=\"application\/ld+json\" class=\"yoast-schema-graph\">{\"@context\":\"https:\/\/schema.org\",\"@graph\":[{\"@type\":\"WebSite\",\"@id\":\"https:\/\/www.nettali.com\/#website\",\"url\":\"https:\/\/www.nettali.com\/\",\"name\":\"Nettali.com\",\"description\":\"Le rendez-vous critique du Net\",\"potentialAction\":[{\"@type\":\"SearchAction\",\"target\":{\"@type\":\"EntryPoint\",\"urlTemplate\":\"https:\/\/www.nettali.com\/?s={search_term_string}\"},\"query-input\":\"required name=search_term_string\"}],\"inLanguage\":\"fr-FR\"},{\"@type\":\"ImageObject\",\"@id\":\"https:\/\/www.nettali.com\/2023\/03\/25\/3e-candidature-de-macky-sall-ce-que-le-quai-dorsay-a-repondu-au-2-deputes-francais\/#primaryimage\",\"inLanguage\":\"fr-FR\",\"url\":\"https:\/\/www.nettali.com\/wp-content\/uploads\/2023\/02\/SALL.MACRON-.png\",\"contentUrl\":\"https:\/\/www.nettali.com\/wp-content\/uploads\/2023\/02\/SALL.MACRON-.png\",\"width\":2560,\"height\":1415},{\"@type\":\"WebPage\",\"@id\":\"https:\/\/www.nettali.com\/2023\/03\/25\/3e-candidature-de-macky-sall-ce-que-le-quai-dorsay-a-repondu-au-2-deputes-francais\/#webpage\",\"url\":\"https:\/\/www.nettali.com\/2023\/03\/25\/3e-candidature-de-macky-sall-ce-que-le-quai-dorsay-a-repondu-au-2-deputes-francais\/\",\"name\":\"3e CANDIDATURE DE MACKY SALL \\u2013 Ce que le Quai d'Orsay \\u00a0a r\\u00e9pondu aux 2 d\\u00e9put\\u00e9s Fran\\u00e7ais | Nettali.com\",\"isPartOf\":{\"@id\":\"https:\/\/www.nettali.com\/#website\"},\"primaryImageOfPage\":{\"@id\":\"https:\/\/www.nettali.com\/2023\/03\/25\/3e-candidature-de-macky-sall-ce-que-le-quai-dorsay-a-repondu-au-2-deputes-francais\/#primaryimage\"},\"datePublished\":\"2023-03-25T10:07:17+00:00\",\"dateModified\":\"2023-03-25T14:49:48+00:00\",\"author\":{\"@id\":\"https:\/\/www.nettali.com\/#\/schema\/person\/3317e0bb3aa1da309fbf7b2780901bf4\"},\"breadcrumb\":{\"@id\":\"https:\/\/www.nettali.com\/2023\/03\/25\/3e-candidature-de-macky-sall-ce-que-le-quai-dorsay-a-repondu-au-2-deputes-francais\/#breadcrumb\"},\"inLanguage\":\"fr-FR\",\"potentialAction\":[{\"@type\":\"ReadAction\",\"target\":[\"https:\/\/www.nettali.com\/2023\/03\/25\/3e-candidature-de-macky-sall-ce-que-le-quai-dorsay-a-repondu-au-2-deputes-francais\/\"]}]},{\"@type\":\"BreadcrumbList\",\"@id\":\"https:\/\/www.nettali.com\/2023\/03\/25\/3e-candidature-de-macky-sall-ce-que-le-quai-dorsay-a-repondu-au-2-deputes-francais\/#breadcrumb\",\"itemListElement\":[{\"@type\":\"ListItem\",\"position\":1,\"name\":\"Accueil\",\"item\":\"https:\/\/www.nettali.com\/\"},{\"@type\":\"ListItem\",\"position\":2,\"name\":\"3e CANDIDATURE DE MACKY SALL \\u2013 Ce que le Quai d'Orsay \\u00a0a r\\u00e9pondu aux 2 d\\u00e9put\\u00e9s Fran\\u00e7ais\"}]},{\"@type\":\"Person\",\"@id\":\"https:\/\/www.nettali.com\/#\/schema\/person\/3317e0bb3aa1da309fbf7b2780901bf4\",\"name\":\"Daouda\",\"image\":{\"@type\":\"ImageObject\",\"@id\":\"https:\/\/www.nettali.com\/#personlogo\",\"inLanguage\":\"fr-FR\",\"url\":\"https:\/\/secure.gravatar.com\/avatar\/8d143b5a49345098ddcfee1c49c2f47c?s=96&d=mm&r=g\",\"contentUrl\":\"https:\/\/secure.gravatar.com\/avatar\/8d143b5a49345098ddcfee1c49c2f47c?s=96&d=mm&r=g\",\"caption\":\"Daouda\"},\"sameAs\":[\"https:\/\/www.nettali.com\"]}]}<\/script>\n<!-- \/ Yoast SEO Premium plugin. -->","yoast_head_json":{"title":"3e CANDIDATURE DE MACKY SALL \u2013 Ce que le Quai d'Orsay \u00a0a r\u00e9pondu aux 2 d\u00e9put\u00e9s Fran\u00e7ais | Nettali.com","robots":{"index":"index","follow":"follow","max-snippet":"max-snippet:-1","max-image-preview":"max-image-preview:large","max-video-preview":"max-video-preview:-1"},"canonical":"https:\/\/www.nettali.com\/2023\/03\/25\/3e-candidature-de-macky-sall-ce-que-le-quai-dorsay-a-repondu-au-2-deputes-francais\/","og_locale":"fr_FR","og_type":"article","og_title":"3e CANDIDATURE DE MACKY SALL \u2013 Ce que le Quai d'Orsay \u00a0a r\u00e9pondu aux 2 d\u00e9put\u00e9s Fran\u00e7ais","og_description":"NETTALI.COM - Des d\u00e9put\u00e9s fran\u00e7ais avaient saisi leur ministre des affaires \u00e9trang\u00e8res d\u2019une correspondance qui l\u2019alertaient sur la situation qui pr\u00e9vaut au S\u00e9n\u00e9gal, marqu\u00e9e par des heurts entre l\u2019opposition et le pouvoir. Mais aussi, et surtout, marqu\u00e9e par une tension diffus\u00e9e par le flou sur la candidature ou non de Macky Sall \u00e0 la prochaine [&hellip;]","og_url":"https:\/\/www.nettali.com\/2023\/03\/25\/3e-candidature-de-macky-sall-ce-que-le-quai-dorsay-a-repondu-au-2-deputes-francais\/","og_site_name":"Nettali.com","article_publisher":"https:\/\/www.facebook.com\/nettalicom","article_published_time":"2023-03-25T10:07:17+00:00","article_modified_time":"2023-03-25T14:49:48+00:00","og_image":[{"width":1024,"height":566,"url":"https:\/\/www.nettali.com\/wp-content\/uploads\/2023\/02\/SALL.MACRON--1024x566.png","type":"image\/png"}],"twitter_card":"summary_large_image","twitter_misc":{"\u00c9crit par":"Daouda","Dur\u00e9e de lecture estim\u00e9e":"2 minutes"},"schema":{"@context":"https:\/\/schema.org","@graph":[{"@type":"WebSite","@id":"https:\/\/www.nettali.com\/#website","url":"https:\/\/www.nettali.com\/","name":"Nettali.com","description":"Le rendez-vous critique du Net","potentialAction":[{"@type":"SearchAction","target":{"@type":"EntryPoint","urlTemplate":"https:\/\/www.nettali.com\/?s={search_term_string}"},"query-input":"required name=search_term_string"}],"inLanguage":"fr-FR"},{"@type":"ImageObject","@id":"https:\/\/www.nettali.com\/2023\/03\/25\/3e-candidature-de-macky-sall-ce-que-le-quai-dorsay-a-repondu-au-2-deputes-francais\/#primaryimage","inLanguage":"fr-FR","url":"https:\/\/www.nettali.com\/wp-content\/uploads\/2023\/02\/SALL.MACRON-.png","contentUrl":"https:\/\/www.nettali.com\/wp-content\/uploads\/2023\/02\/SALL.MACRON-.png","width":2560,"height":1415},{"@type":"WebPage","@id":"https:\/\/www.nettali.com\/2023\/03\/25\/3e-candidature-de-macky-sall-ce-que-le-quai-dorsay-a-repondu-au-2-deputes-francais\/#webpage","url":"https:\/\/www.nettali.com\/2023\/03\/25\/3e-candidature-de-macky-sall-ce-que-le-quai-dorsay-a-repondu-au-2-deputes-francais\/","name":"3e CANDIDATURE DE MACKY SALL \u2013 Ce que le Quai d'Orsay \u00a0a r\u00e9pondu aux 2 d\u00e9put\u00e9s Fran\u00e7ais | Nettali.com","isPartOf":{"@id":"https:\/\/www.nettali.com\/#website"},"primaryImageOfPage":{"@id":"https:\/\/www.nettali.com\/2023\/03\/25\/3e-candidature-de-macky-sall-ce-que-le-quai-dorsay-a-repondu-au-2-deputes-francais\/#primaryimage"},"datePublished":"2023-03-25T10:07:17+00:00","dateModified":"2023-03-25T14:49:48+00:00","author":{"@id":"https:\/\/www.nettali.com\/#\/schema\/person\/3317e0bb3aa1da309fbf7b2780901bf4"},"breadcrumb":{"@id":"https:\/\/www.nettali.com\/2023\/03\/25\/3e-candidature-de-macky-sall-ce-que-le-quai-dorsay-a-repondu-au-2-deputes-francais\/#breadcrumb"},"inLanguage":"fr-FR","potentialAction":[{"@type":"ReadAction","target":["https:\/\/www.nettali.com\/2023\/03\/25\/3e-candidature-de-macky-sall-ce-que-le-quai-dorsay-a-repondu-au-2-deputes-francais\/"]}]},{"@type":"BreadcrumbList","@id":"https:\/\/www.nettali.com\/2023\/03\/25\/3e-candidature-de-macky-sall-ce-que-le-quai-dorsay-a-repondu-au-2-deputes-francais\/#breadcrumb","itemListElement":[{"@type":"ListItem","position":1,"name":"Accueil","item":"https:\/\/www.nettali.com\/"},{"@type":"ListItem","position":2,"name":"3e CANDIDATURE DE MACKY SALL \u2013 Ce que le Quai d'Orsay \u00a0a r\u00e9pondu aux 2 d\u00e9put\u00e9s Fran\u00e7ais"}]},{"@type":"Person","@id":"https:\/\/www.nettali.com\/#\/schema\/person\/3317e0bb3aa1da309fbf7b2780901bf4","name":"Daouda","image":{"@type":"ImageObject","@id":"https:\/\/www.nettali.com\/#personlogo","inLanguage":"fr-FR","url":"https:\/\/secure.gravatar.com\/avatar\/8d143b5a49345098ddcfee1c49c2f47c?s=96&d=mm&r=g","contentUrl":"https:\/\/secure.gravatar.com\/avatar\/8d143b5a49345098ddcfee1c49c2f47c?s=96&d=mm&r=g","caption":"Daouda"},"sameAs":["https:\/\/www.nettali.com"]}]}},"_links":{"self":[{"href":"https:\/\/www.nettali.com\/rest\/wp\/v2\/posts\/106899"}],"collection":[{"href":"https:\/\/www.nettali.com\/rest\/wp\/v2\/posts"}],"about":[{"href":"https:\/\/www.nettali.com\/rest\/wp\/v2\/types\/post"}],"author":[{"embeddable":true,"href":"https:\/\/www.nettali.com\/rest\/wp\/v2\/users\/4"}],"replies":[{"embeddable":true,"href":"https:\/\/www.nettali.com\/rest\/wp\/v2\/comments?post=106899"}],"version-history":[{"count":2,"href":"https:\/\/www.nettali.com\/rest\/wp\/v2\/posts\/106899\/revisions"}],"predecessor-version":[{"id":106912,"href":"https:\/\/www.nettali.com\/rest\/wp\/v2\/posts\/106899\/revisions\/106912"}],"wp:featuredmedia":[{"embeddable":true,"href":"https:\/\/www.nettali.com\/rest\/wp\/v2\/media\/104166"}],"wp:attachment":[{"href":"https:\/\/www.nettali.com\/rest\/wp\/v2\/media?parent=106899"}],"wp:term":[{"taxonomy":"category","embeddable":true,"href":"https:\/\/www.nettali.com\/rest\/wp\/v2\/categories?post=106899"},{"taxonomy":"post_tag","embeddable":true,"href":"https:\/\/www.nettali.com\/rest\/wp\/v2\/tags?post=106899"}],"curies":[{"name":"wp","href":"https:\/\/api.w.org\/{rel}","templated":true}]}}