{"id":106866,"date":"2023-03-24T23:28:31","date_gmt":"2023-03-24T23:28:31","guid":{"rendered":"https:\/\/www.nettali.com\/?p=106866"},"modified":"2023-03-26T20:15:37","modified_gmt":"2023-03-26T20:15:37","slug":"affaire-prodac-la-defense-de-sonko-se-renforce-avec","status":"publish","type":"post","link":"https:\/\/www.nettali.com\/2023\/03\/24\/affaire-prodac-la-defense-de-sonko-se-renforce-avec\/","title":{"rendered":"PROCES EN DIFFAMATION  - La d\u00e9fense de Sonko se renforce avec..."},"content":{"rendered":"<p><strong>NETTALI.COM\u00a0 - A moins d'une semaine du proc\u00e8s en diffamation qui l'oppose au ministre Mame Mbaye Niang, Ousmane Sonko renforce sa d\u00e9fense avec l'arriv\u00e9e de deux avocats mondialement connus.\u00a0<\/strong><\/p>\n<p>Le 16 mars dernier, deux avocats \u00e9trangers (un Marocain et un Burkinab\u00e9) avaient rejoint le pool des avocats charg\u00e9s de la d\u00e9fense d'Ousmane Sonko. Les deux avocats n'avaient pas pu rencontrer leur client dont le domicile \u00e9tait barricad\u00e9 par les forces de l'ordre. Finalement, l'audience avait \u00e9t\u00e9 renvoy\u00e9e au 30 mars prochain apr\u00e8s de violents entre forces de l'ordre et partisans d'Ousmane Sonko. Mais l'audience du 30 risque de r\u00e9server encore de nombreuses surprises. Et pour cause, deux avocats constitu\u00e9s par le leader de Pastef, risquent de donner \u00e0 ce proc\u00e8s en diffamation une m\u00e9diatisation encore plus grande.<\/p>\n<p>En effet, deux avocats mondialement connus se sont constitu\u00e9s pour d\u00e9fendre le maire de Ziguinchor. Il s'agit de Juan Branco. Docteur en droit et avocat franco-espagnol, ce dernier est connu pour avoir d\u00e9fendu le c\u00e9l\u00e8bre Julian Assange dans l'affaire du scandale mondial Wikileaks. Il a aussi d\u00e9fendu en 2017, l'homme politique fran\u00e7ais Jean-Luc M\u00e9lenchon. Ce vendredi, Juan Branco r\u00e9v\u00e8le avoir \u00e9chang\u00e9 avec Ousmane Sonko. \"<em>L'homme, qui a une parole d'Etat, m'a entretenu en d\u00e9tail de la situation du peuple s\u00e9n\u00e9galais, et m'a invit\u00e9 \u00e0 le rejoindre \u00e0 Dakar dans les plus brefs d\u00e9lais. Je serai par cons\u00e9quent dans les tous prochains jours \u00e0 ses c\u00f4t\u00e9<\/em>s\", a-t-il post\u00e9 sur ses r\u00e9seaux sociaux.<\/p>\n<p>Et, s'il vient \u00e0 Dakar, Branco ne sera pas seul avec Ousmane Sonko. En plus des avocats d\u00e9j\u00e0 constitu\u00e9s pour le leader de Pastef, il y retrouvera Me Sa\u00efd Larifou. Avocat r\u00e9unionnais inscrit au barreau de Paris, Larifou est le pr\u00e9sident de l'ONG \"<em>Waraba d'Afrique<\/em>\". Cette organisation non-gouvernementale se bat pour des alternances pacifiques \u00e0 travers les urnes et contre toutes les formes de violences et maltraitances. C'est dire que du beau monde sera au palais de justice de Dakar le 30 mars prochain pour le face-\u00e0-face Mame Mbaye Niang-Ousmane Sonko.<\/p>\n<div class='share-to-whatsapp-wrapper'><div class='share-on-whsp'>PARTAGER SUR : <\/div><a data-text='PROCES EN DIFFAMATION  - La d\u00e9fense de Sonko se renforce avec...' data-link='https:\/\/www.nettali.com\/2023\/03\/24\/affaire-prodac-la-defense-de-sonko-se-renforce-avec\/' class='whatsapp-button whatsapp-share'>WhatsApp<\/a><div class='clear '><\/div><\/div>","protected":false},"excerpt":{"rendered":"<p>NETTALI.COM\u00a0 - A moins d'une semaine du proc\u00e8s en diffamation qui l'oppose au ministre Mame Mbaye Niang, Ousmane Sonko renforce sa d\u00e9fense avec l'arriv\u00e9e de deux avocats mondialement connus.\u00a0 Le 16 mars dernier, deux avocats \u00e9trangers (un Marocain et un Burkinab\u00e9) avaient rejoint le pool des avocats charg\u00e9s de la d\u00e9fense d'Ousmane Sonko. Les deux [&hellip;]<\/p>\n","protected":false},"author":3,"featured_media":106871,"comment_status":"open","ping_status":"open","sticky":false,"template":"","format":"standard","meta":{"_et_pb_use_builder":"","_et_pb_old_content":""},"categories":[2],"tags":[],"yoast_head":"<!-- This site is optimized with the Yoast SEO Premium plugin v17.8 (Yoast SEO v17.8) - https:\/\/yoast.com\/wordpress\/plugins\/seo\/ -->\n<title>PROCES EN DIFFAMATION - La d\u00e9fense de Sonko se renforce avec... | Nettali.com<\/title>\n<meta name=\"robots\" content=\"index, follow, max-snippet:-1, max-image-preview:large, max-video-preview:-1\" \/>\n<link rel=\"canonical\" href=\"https:\/\/www.nettali.com\/2023\/03\/24\/affaire-prodac-la-defense-de-sonko-se-renforce-avec\/\" \/>\n<meta property=\"og:locale\" content=\"fr_FR\" \/>\n<meta property=\"og:type\" content=\"article\" \/>\n<meta property=\"og:title\" content=\"PROCES EN DIFFAMATION - La d\u00e9fense de Sonko se renforce avec...\" \/>\n<meta property=\"og:description\" content=\"NETTALI.COM\u00a0 - A moins d&#039;une semaine du proc\u00e8s en diffamation qui l&#039;oppose au ministre Mame Mbaye Niang, Ousmane Sonko renforce sa d\u00e9fense avec l&#039;arriv\u00e9e de deux avocats mondialement connus.\u00a0 Le 16 mars dernier, deux avocats \u00e9trangers (un Marocain et un Burkinab\u00e9) avaient rejoint le pool des avocats charg\u00e9s de la d\u00e9fense d&#039;Ousmane Sonko. Les deux [&hellip;]\" \/>\n<meta property=\"og:url\" content=\"https:\/\/www.nettali.com\/2023\/03\/24\/affaire-prodac-la-defense-de-sonko-se-renforce-avec\/\" \/>\n<meta property=\"og:site_name\" content=\"Nettali.com\" \/>\n<meta property=\"article:publisher\" content=\"https:\/\/www.facebook.com\/nettalicom\" \/>\n<meta property=\"article:published_time\" content=\"2023-03-24T23:28:31+00:00\" \/>\n<meta property=\"article:modified_time\" content=\"2023-03-26T20:15:37+00:00\" \/>\n<meta property=\"og:image\" content=\"https:\/\/www.nettali.com\/wp-content\/uploads\/2023\/03\/ea78472de0211abd91f32c69a9ed1265.jpeg\" \/>\n\t<meta property=\"og:image:width\" content=\"640\" \/>\n\t<meta property=\"og:image:height\" content=\"360\" \/>\n<meta name=\"twitter:card\" content=\"summary_large_image\" \/>\n<meta name=\"twitter:label1\" content=\"\u00c9crit par\" \/>\n\t<meta name=\"twitter:data1\" content=\"Moustapha\" \/>\n\t<meta name=\"twitter:label2\" content=\"Dur\u00e9e de lecture estim\u00e9e\" \/>\n\t<meta name=\"twitter:data2\" content=\"2 minutes\" \/>\n<script type=\"application\/ld+json\" class=\"yoast-schema-graph\">{\"@context\":\"https:\/\/schema.org\",\"@graph\":[{\"@type\":\"WebSite\",\"@id\":\"https:\/\/www.nettali.com\/#website\",\"url\":\"https:\/\/www.nettali.com\/\",\"name\":\"Nettali.com\",\"description\":\"Le rendez-vous critique du Net\",\"potentialAction\":[{\"@type\":\"SearchAction\",\"target\":{\"@type\":\"EntryPoint\",\"urlTemplate\":\"https:\/\/www.nettali.com\/?s={search_term_string}\"},\"query-input\":\"required name=search_term_string\"}],\"inLanguage\":\"fr-FR\"},{\"@type\":\"ImageObject\",\"@id\":\"https:\/\/www.nettali.com\/2023\/03\/24\/affaire-prodac-la-defense-de-sonko-se-renforce-avec\/#primaryimage\",\"inLanguage\":\"fr-FR\",\"url\":\"https:\/\/www.nettali.com\/wp-content\/uploads\/2023\/03\/ea78472de0211abd91f32c69a9ed1265.jpeg\",\"contentUrl\":\"https:\/\/www.nettali.com\/wp-content\/uploads\/2023\/03\/ea78472de0211abd91f32c69a9ed1265.jpeg\",\"width\":640,\"height\":360},{\"@type\":\"WebPage\",\"@id\":\"https:\/\/www.nettali.com\/2023\/03\/24\/affaire-prodac-la-defense-de-sonko-se-renforce-avec\/#webpage\",\"url\":\"https:\/\/www.nettali.com\/2023\/03\/24\/affaire-prodac-la-defense-de-sonko-se-renforce-avec\/\",\"name\":\"PROCES EN DIFFAMATION - La d\\u00e9fense de Sonko se renforce avec... | Nettali.com\",\"isPartOf\":{\"@id\":\"https:\/\/www.nettali.com\/#website\"},\"primaryImageOfPage\":{\"@id\":\"https:\/\/www.nettali.com\/2023\/03\/24\/affaire-prodac-la-defense-de-sonko-se-renforce-avec\/#primaryimage\"},\"datePublished\":\"2023-03-24T23:28:31+00:00\",\"dateModified\":\"2023-03-26T20:15:37+00:00\",\"author\":{\"@id\":\"https:\/\/www.nettali.com\/#\/schema\/person\/7962a12a6e0267f88f0ffa544c36469a\"},\"breadcrumb\":{\"@id\":\"https:\/\/www.nettali.com\/2023\/03\/24\/affaire-prodac-la-defense-de-sonko-se-renforce-avec\/#breadcrumb\"},\"inLanguage\":\"fr-FR\",\"potentialAction\":[{\"@type\":\"ReadAction\",\"target\":[\"https:\/\/www.nettali.com\/2023\/03\/24\/affaire-prodac-la-defense-de-sonko-se-renforce-avec\/\"]}]},{\"@type\":\"BreadcrumbList\",\"@id\":\"https:\/\/www.nettali.com\/2023\/03\/24\/affaire-prodac-la-defense-de-sonko-se-renforce-avec\/#breadcrumb\",\"itemListElement\":[{\"@type\":\"ListItem\",\"position\":1,\"name\":\"Accueil\",\"item\":\"https:\/\/www.nettali.com\/\"},{\"@type\":\"ListItem\",\"position\":2,\"name\":\"PROCES EN DIFFAMATION - La d\\u00e9fense de Sonko se renforce avec...\"}]},{\"@type\":\"Person\",\"@id\":\"https:\/\/www.nettali.com\/#\/schema\/person\/7962a12a6e0267f88f0ffa544c36469a\",\"name\":\"Moustapha\",\"image\":{\"@type\":\"ImageObject\",\"@id\":\"https:\/\/www.nettali.com\/#personlogo\",\"inLanguage\":\"fr-FR\",\"url\":\"https:\/\/secure.gravatar.com\/avatar\/10fdf6a071cccdcf374e3dbe45159590?s=96&d=mm&r=g\",\"contentUrl\":\"https:\/\/secure.gravatar.com\/avatar\/10fdf6a071cccdcf374e3dbe45159590?s=96&d=mm&r=g\",\"caption\":\"Moustapha\"},\"sameAs\":[\"https:\/\/www.nettali.com\"]}]}<\/script>\n<!-- \/ Yoast SEO Premium plugin. -->","yoast_head_json":{"title":"PROCES EN DIFFAMATION - La d\u00e9fense de Sonko se renforce avec... | Nettali.com","robots":{"index":"index","follow":"follow","max-snippet":"max-snippet:-1","max-image-preview":"max-image-preview:large","max-video-preview":"max-video-preview:-1"},"canonical":"https:\/\/www.nettali.com\/2023\/03\/24\/affaire-prodac-la-defense-de-sonko-se-renforce-avec\/","og_locale":"fr_FR","og_type":"article","og_title":"PROCES EN DIFFAMATION - La d\u00e9fense de Sonko se renforce avec...","og_description":"NETTALI.COM\u00a0 - A moins d'une semaine du proc\u00e8s en diffamation qui l'oppose au ministre Mame Mbaye Niang, Ousmane Sonko renforce sa d\u00e9fense avec l'arriv\u00e9e de deux avocats mondialement connus.\u00a0 Le 16 mars dernier, deux avocats \u00e9trangers (un Marocain et un Burkinab\u00e9) avaient rejoint le pool des avocats charg\u00e9s de la d\u00e9fense d'Ousmane Sonko. Les deux [&hellip;]","og_url":"https:\/\/www.nettali.com\/2023\/03\/24\/affaire-prodac-la-defense-de-sonko-se-renforce-avec\/","og_site_name":"Nettali.com","article_publisher":"https:\/\/www.facebook.com\/nettalicom","article_published_time":"2023-03-24T23:28:31+00:00","article_modified_time":"2023-03-26T20:15:37+00:00","og_image":[{"width":640,"height":360,"url":"https:\/\/www.nettali.com\/wp-content\/uploads\/2023\/03\/ea78472de0211abd91f32c69a9ed1265.jpeg","type":"image\/jpeg"}],"twitter_card":"summary_large_image","twitter_misc":{"\u00c9crit par":"Moustapha","Dur\u00e9e de lecture estim\u00e9e":"2 minutes"},"schema":{"@context":"https:\/\/schema.org","@graph":[{"@type":"WebSite","@id":"https:\/\/www.nettali.com\/#website","url":"https:\/\/www.nettali.com\/","name":"Nettali.com","description":"Le rendez-vous critique du Net","potentialAction":[{"@type":"SearchAction","target":{"@type":"EntryPoint","urlTemplate":"https:\/\/www.nettali.com\/?s={search_term_string}"},"query-input":"required name=search_term_string"}],"inLanguage":"fr-FR"},{"@type":"ImageObject","@id":"https:\/\/www.nettali.com\/2023\/03\/24\/affaire-prodac-la-defense-de-sonko-se-renforce-avec\/#primaryimage","inLanguage":"fr-FR","url":"https:\/\/www.nettali.com\/wp-content\/uploads\/2023\/03\/ea78472de0211abd91f32c69a9ed1265.jpeg","contentUrl":"https:\/\/www.nettali.com\/wp-content\/uploads\/2023\/03\/ea78472de0211abd91f32c69a9ed1265.jpeg","width":640,"height":360},{"@type":"WebPage","@id":"https:\/\/www.nettali.com\/2023\/03\/24\/affaire-prodac-la-defense-de-sonko-se-renforce-avec\/#webpage","url":"https:\/\/www.nettali.com\/2023\/03\/24\/affaire-prodac-la-defense-de-sonko-se-renforce-avec\/","name":"PROCES EN DIFFAMATION - La d\u00e9fense de Sonko se renforce avec... | Nettali.com","isPartOf":{"@id":"https:\/\/www.nettali.com\/#website"},"primaryImageOfPage":{"@id":"https:\/\/www.nettali.com\/2023\/03\/24\/affaire-prodac-la-defense-de-sonko-se-renforce-avec\/#primaryimage"},"datePublished":"2023-03-24T23:28:31+00:00","dateModified":"2023-03-26T20:15:37+00:00","author":{"@id":"https:\/\/www.nettali.com\/#\/schema\/person\/7962a12a6e0267f88f0ffa544c36469a"},"breadcrumb":{"@id":"https:\/\/www.nettali.com\/2023\/03\/24\/affaire-prodac-la-defense-de-sonko-se-renforce-avec\/#breadcrumb"},"inLanguage":"fr-FR","potentialAction":[{"@type":"ReadAction","target":["https:\/\/www.nettali.com\/2023\/03\/24\/affaire-prodac-la-defense-de-sonko-se-renforce-avec\/"]}]},{"@type":"BreadcrumbList","@id":"https:\/\/www.nettali.com\/2023\/03\/24\/affaire-prodac-la-defense-de-sonko-se-renforce-avec\/#breadcrumb","itemListElement":[{"@type":"ListItem","position":1,"name":"Accueil","item":"https:\/\/www.nettali.com\/"},{"@type":"ListItem","position":2,"name":"PROCES EN DIFFAMATION - La d\u00e9fense de Sonko se renforce avec..."}]},{"@type":"Person","@id":"https:\/\/www.nettali.com\/#\/schema\/person\/7962a12a6e0267f88f0ffa544c36469a","name":"Moustapha","image":{"@type":"ImageObject","@id":"https:\/\/www.nettali.com\/#personlogo","inLanguage":"fr-FR","url":"https:\/\/secure.gravatar.com\/avatar\/10fdf6a071cccdcf374e3dbe45159590?s=96&d=mm&r=g","contentUrl":"https:\/\/secure.gravatar.com\/avatar\/10fdf6a071cccdcf374e3dbe45159590?s=96&d=mm&r=g","caption":"Moustapha"},"sameAs":["https:\/\/www.nettali.com"]}]}},"_links":{"self":[{"href":"https:\/\/www.nettali.com\/rest\/wp\/v2\/posts\/106866"}],"collection":[{"href":"https:\/\/www.nettali.com\/rest\/wp\/v2\/posts"}],"about":[{"href":"https:\/\/www.nettali.com\/rest\/wp\/v2\/types\/post"}],"author":[{"embeddable":true,"href":"https:\/\/www.nettali.com\/rest\/wp\/v2\/users\/3"}],"replies":[{"embeddable":true,"href":"https:\/\/www.nettali.com\/rest\/wp\/v2\/comments?post=106866"}],"version-history":[{"count":3,"href":"https:\/\/www.nettali.com\/rest\/wp\/v2\/posts\/106866\/revisions"}],"predecessor-version":[{"id":106879,"href":"https:\/\/www.nettali.com\/rest\/wp\/v2\/posts\/106866\/revisions\/106879"}],"wp:featuredmedia":[{"embeddable":true,"href":"https:\/\/www.nettali.com\/rest\/wp\/v2\/media\/106871"}],"wp:attachment":[{"href":"https:\/\/www.nettali.com\/rest\/wp\/v2\/media?parent=106866"}],"wp:term":[{"taxonomy":"category","embeddable":true,"href":"https:\/\/www.nettali.com\/rest\/wp\/v2\/categories?post=106866"},{"taxonomy":"post_tag","embeddable":true,"href":"https:\/\/www.nettali.com\/rest\/wp\/v2\/tags?post=106866"}],"curies":[{"name":"wp","href":"https:\/\/api.w.org\/{rel}","templated":true}]}}