{"id":106824,"date":"2023-03-24T14:53:19","date_gmt":"2023-03-24T14:53:19","guid":{"rendered":"https:\/\/www.nettali.com\/?p=106824"},"modified":"2023-03-25T09:34:37","modified_gmt":"2023-03-25T09:34:37","slug":"surete-urbaine-la-garde-a-vue-du-dr-niang-prolongee","status":"publish","type":"post","link":"https:\/\/www.nettali.com\/2023\/03\/24\/surete-urbaine-la-garde-a-vue-du-dr-niang-prolongee\/","title":{"rendered":"SURETE URBAINE - La garde \u00e0 vue du Dr Niang prolong\u00e9e"},"content":{"rendered":"<p><strong>NETTALI.COM - <\/strong>La garde \u00e0 vue du Docteur Babacar Niang a \u00e9t\u00e9 prolong\u00e9e, informe son avocat, Me Abou Alassane Diallo a aussi tenu t\u00e0 alerter les autorit\u00e9s que l\u2019urgentiste est gravement malade.<\/p>\n<p><em>\u00abLa garde \u00e0 vue du Dr Babacar niang est d\u00e9j\u00e0 prolong\u00e9e pour d\u2019autres 48 heures. Il est d\u00e9j\u00e0 entendu sur un premier dossier concernant \u00a0une plainte formul\u00e9e par Bamba Fall (maire de la commune de M\u00e9dina) et une autre du p\u00e8re de la \u00a0victime. Deux plaintes qui sont d\u00e9pos\u00e9es \u00e0 son encontre et \u00e0 l\u2019encontre de sa clinique pour n\u00e9gligence m\u00e9dicale et non-assistance \u00e0 personne en danger\"<\/em>, a inform\u00e9 Me Abou Alassane Diallo.<\/p>\n<p>Selon lui, il a d\u00e9j\u00e0 \u00e9t\u00e9 entendu sur ces deux plaintes et ce jeudi 24 mars, il a \u00e9t\u00e9 auditionn\u00e9 une nouvelle fois \u00e0 la suite d\u2019une auto-saisine du procureur de la R\u00e9publique sur \u00a0les conditions d\u2019\u00e9vacuation et d\u2019hospitalisation \u00a0d'Ousmane Sonko. <em>\"Il a \u00e9t\u00e9 entendu hier sur \u00a0ce sujet. Mais, il n\u2019y a encore aucune charge qui lui est notifi\u00e9e sur ce second sujet. Il garde la dignit\u00e9. C\u2019est un grand homme de l\u2019art, grand m\u00e9decin qui a fait ses preuves au S\u00e9n\u00e9gal et dans le monde\"<\/em>, explique l'avocat.<\/p>\n<p>Il est surpris d\u2019\u00eatre convoqu\u00e9 sur ces deux cas l\u00e0, il a r\u00e9pondu ce qu\u2019il devait r\u00e9pondre, fait remarquer l'avocat. <em>\"Le probl\u00e8me est que Docteur n\u2019est pas en bonne sant\u00e9. Nous avons d\u00e9pos\u00e9 entre les mains des enqu\u00eateurs son dossier m\u00e9dical qui atteste qu\u2019il est gravement malade. Il souffre d\u2019une maladie assez grave que je ne vais pas d\u00e9voiler ici\u00bb<\/em>, alerte l'avocat;<\/p>\n<p>&nbsp;<\/p>\n<div class='share-to-whatsapp-wrapper'><div class='share-on-whsp'>PARTAGER SUR : <\/div><a data-text='SURETE URBAINE - La garde \u00e0 vue du Dr Niang prolong\u00e9e' data-link='https:\/\/www.nettali.com\/2023\/03\/24\/surete-urbaine-la-garde-a-vue-du-dr-niang-prolongee\/' class='whatsapp-button whatsapp-share'>WhatsApp<\/a><div class='clear '><\/div><\/div>","protected":false},"excerpt":{"rendered":"<p>NETTALI.COM - La garde \u00e0 vue du Docteur Babacar Niang a \u00e9t\u00e9 prolong\u00e9e, informe son avocat, Me Abou Alassane Diallo a aussi tenu t\u00e0 alerter les autorit\u00e9s que l\u2019urgentiste est gravement malade. \u00abLa garde \u00e0 vue du Dr Babacar niang est d\u00e9j\u00e0 prolong\u00e9e pour d\u2019autres 48 heures. Il est d\u00e9j\u00e0 entendu sur un premier dossier [&hellip;]<\/p>\n","protected":false},"author":4,"featured_media":106705,"comment_status":"open","ping_status":"open","sticky":false,"template":"","format":"standard","meta":{"_et_pb_use_builder":"","_et_pb_old_content":""},"categories":[34945],"tags":[],"yoast_head":"<!-- This site is optimized with the Yoast SEO Premium plugin v17.8 (Yoast SEO v17.8) - https:\/\/yoast.com\/wordpress\/plugins\/seo\/ -->\n<title>SURETE URBAINE - La garde \u00e0 vue du Dr Niang prolong\u00e9e | Nettali.com<\/title>\n<meta name=\"robots\" content=\"index, follow, max-snippet:-1, max-image-preview:large, max-video-preview:-1\" \/>\n<link rel=\"canonical\" href=\"https:\/\/www.nettali.com\/2023\/03\/24\/surete-urbaine-la-garde-a-vue-du-dr-niang-prolongee\/\" \/>\n<meta property=\"og:locale\" content=\"fr_FR\" \/>\n<meta property=\"og:type\" content=\"article\" \/>\n<meta property=\"og:title\" content=\"SURETE URBAINE - La garde \u00e0 vue du Dr Niang prolong\u00e9e\" \/>\n<meta property=\"og:description\" content=\"NETTALI.COM - La garde \u00e0 vue du Docteur Babacar Niang a \u00e9t\u00e9 prolong\u00e9e, informe son avocat, Me Abou Alassane Diallo a aussi tenu t\u00e0 alerter les autorit\u00e9s que l\u2019urgentiste est gravement malade. \u00abLa garde \u00e0 vue du Dr Babacar niang est d\u00e9j\u00e0 prolong\u00e9e pour d\u2019autres 48 heures. Il est d\u00e9j\u00e0 entendu sur un premier dossier [&hellip;]\" \/>\n<meta property=\"og:url\" content=\"https:\/\/www.nettali.com\/2023\/03\/24\/surete-urbaine-la-garde-a-vue-du-dr-niang-prolongee\/\" \/>\n<meta property=\"og:site_name\" content=\"Nettali.com\" \/>\n<meta property=\"article:publisher\" content=\"https:\/\/www.facebook.com\/nettalicom\" \/>\n<meta property=\"article:published_time\" content=\"2023-03-24T14:53:19+00:00\" \/>\n<meta property=\"article:modified_time\" content=\"2023-03-25T09:34:37+00:00\" \/>\n<meta property=\"og:image\" content=\"https:\/\/www.nettali.com\/wp-content\/uploads\/2023\/03\/FB_IMG_1628078453783-642x445-1.jpeg\" \/>\n\t<meta property=\"og:image:width\" content=\"642\" \/>\n\t<meta property=\"og:image:height\" content=\"445\" \/>\n<meta name=\"twitter:card\" content=\"summary_large_image\" \/>\n<meta name=\"twitter:label1\" content=\"\u00c9crit par\" \/>\n\t<meta name=\"twitter:data1\" content=\"Daouda\" \/>\n\t<meta name=\"twitter:label2\" content=\"Dur\u00e9e de lecture estim\u00e9e\" \/>\n\t<meta name=\"twitter:data2\" content=\"2 minutes\" \/>\n<script type=\"application\/ld+json\" class=\"yoast-schema-graph\">{\"@context\":\"https:\/\/schema.org\",\"@graph\":[{\"@type\":\"WebSite\",\"@id\":\"https:\/\/www.nettali.com\/#website\",\"url\":\"https:\/\/www.nettali.com\/\",\"name\":\"Nettali.com\",\"description\":\"Le rendez-vous critique du Net\",\"potentialAction\":[{\"@type\":\"SearchAction\",\"target\":{\"@type\":\"EntryPoint\",\"urlTemplate\":\"https:\/\/www.nettali.com\/?s={search_term_string}\"},\"query-input\":\"required name=search_term_string\"}],\"inLanguage\":\"fr-FR\"},{\"@type\":\"ImageObject\",\"@id\":\"https:\/\/www.nettali.com\/2023\/03\/24\/surete-urbaine-la-garde-a-vue-du-dr-niang-prolongee\/#primaryimage\",\"inLanguage\":\"fr-FR\",\"url\":\"https:\/\/www.nettali.com\/wp-content\/uploads\/2023\/03\/FB_IMG_1628078453783-642x445-1.jpeg\",\"contentUrl\":\"https:\/\/www.nettali.com\/wp-content\/uploads\/2023\/03\/FB_IMG_1628078453783-642x445-1.jpeg\",\"width\":642,\"height\":445},{\"@type\":\"WebPage\",\"@id\":\"https:\/\/www.nettali.com\/2023\/03\/24\/surete-urbaine-la-garde-a-vue-du-dr-niang-prolongee\/#webpage\",\"url\":\"https:\/\/www.nettali.com\/2023\/03\/24\/surete-urbaine-la-garde-a-vue-du-dr-niang-prolongee\/\",\"name\":\"SURETE URBAINE - La garde \\u00e0 vue du Dr Niang prolong\\u00e9e | Nettali.com\",\"isPartOf\":{\"@id\":\"https:\/\/www.nettali.com\/#website\"},\"primaryImageOfPage\":{\"@id\":\"https:\/\/www.nettali.com\/2023\/03\/24\/surete-urbaine-la-garde-a-vue-du-dr-niang-prolongee\/#primaryimage\"},\"datePublished\":\"2023-03-24T14:53:19+00:00\",\"dateModified\":\"2023-03-25T09:34:37+00:00\",\"author\":{\"@id\":\"https:\/\/www.nettali.com\/#\/schema\/person\/3317e0bb3aa1da309fbf7b2780901bf4\"},\"breadcrumb\":{\"@id\":\"https:\/\/www.nettali.com\/2023\/03\/24\/surete-urbaine-la-garde-a-vue-du-dr-niang-prolongee\/#breadcrumb\"},\"inLanguage\":\"fr-FR\",\"potentialAction\":[{\"@type\":\"ReadAction\",\"target\":[\"https:\/\/www.nettali.com\/2023\/03\/24\/surete-urbaine-la-garde-a-vue-du-dr-niang-prolongee\/\"]}]},{\"@type\":\"BreadcrumbList\",\"@id\":\"https:\/\/www.nettali.com\/2023\/03\/24\/surete-urbaine-la-garde-a-vue-du-dr-niang-prolongee\/#breadcrumb\",\"itemListElement\":[{\"@type\":\"ListItem\",\"position\":1,\"name\":\"Accueil\",\"item\":\"https:\/\/www.nettali.com\/\"},{\"@type\":\"ListItem\",\"position\":2,\"name\":\"SURETE URBAINE - La garde \\u00e0 vue du Dr Niang prolong\\u00e9e\"}]},{\"@type\":\"Person\",\"@id\":\"https:\/\/www.nettali.com\/#\/schema\/person\/3317e0bb3aa1da309fbf7b2780901bf4\",\"name\":\"Daouda\",\"image\":{\"@type\":\"ImageObject\",\"@id\":\"https:\/\/www.nettali.com\/#personlogo\",\"inLanguage\":\"fr-FR\",\"url\":\"https:\/\/secure.gravatar.com\/avatar\/8d143b5a49345098ddcfee1c49c2f47c?s=96&d=mm&r=g\",\"contentUrl\":\"https:\/\/secure.gravatar.com\/avatar\/8d143b5a49345098ddcfee1c49c2f47c?s=96&d=mm&r=g\",\"caption\":\"Daouda\"},\"sameAs\":[\"https:\/\/www.nettali.com\"]}]}<\/script>\n<!-- \/ Yoast SEO Premium plugin. -->","yoast_head_json":{"title":"SURETE URBAINE - La garde \u00e0 vue du Dr Niang prolong\u00e9e | Nettali.com","robots":{"index":"index","follow":"follow","max-snippet":"max-snippet:-1","max-image-preview":"max-image-preview:large","max-video-preview":"max-video-preview:-1"},"canonical":"https:\/\/www.nettali.com\/2023\/03\/24\/surete-urbaine-la-garde-a-vue-du-dr-niang-prolongee\/","og_locale":"fr_FR","og_type":"article","og_title":"SURETE URBAINE - La garde \u00e0 vue du Dr Niang prolong\u00e9e","og_description":"NETTALI.COM - La garde \u00e0 vue du Docteur Babacar Niang a \u00e9t\u00e9 prolong\u00e9e, informe son avocat, Me Abou Alassane Diallo a aussi tenu t\u00e0 alerter les autorit\u00e9s que l\u2019urgentiste est gravement malade. \u00abLa garde \u00e0 vue du Dr Babacar niang est d\u00e9j\u00e0 prolong\u00e9e pour d\u2019autres 48 heures. Il est d\u00e9j\u00e0 entendu sur un premier dossier [&hellip;]","og_url":"https:\/\/www.nettali.com\/2023\/03\/24\/surete-urbaine-la-garde-a-vue-du-dr-niang-prolongee\/","og_site_name":"Nettali.com","article_publisher":"https:\/\/www.facebook.com\/nettalicom","article_published_time":"2023-03-24T14:53:19+00:00","article_modified_time":"2023-03-25T09:34:37+00:00","og_image":[{"width":642,"height":445,"url":"https:\/\/www.nettali.com\/wp-content\/uploads\/2023\/03\/FB_IMG_1628078453783-642x445-1.jpeg","type":"image\/jpeg"}],"twitter_card":"summary_large_image","twitter_misc":{"\u00c9crit par":"Daouda","Dur\u00e9e de lecture estim\u00e9e":"2 minutes"},"schema":{"@context":"https:\/\/schema.org","@graph":[{"@type":"WebSite","@id":"https:\/\/www.nettali.com\/#website","url":"https:\/\/www.nettali.com\/","name":"Nettali.com","description":"Le rendez-vous critique du Net","potentialAction":[{"@type":"SearchAction","target":{"@type":"EntryPoint","urlTemplate":"https:\/\/www.nettali.com\/?s={search_term_string}"},"query-input":"required name=search_term_string"}],"inLanguage":"fr-FR"},{"@type":"ImageObject","@id":"https:\/\/www.nettali.com\/2023\/03\/24\/surete-urbaine-la-garde-a-vue-du-dr-niang-prolongee\/#primaryimage","inLanguage":"fr-FR","url":"https:\/\/www.nettali.com\/wp-content\/uploads\/2023\/03\/FB_IMG_1628078453783-642x445-1.jpeg","contentUrl":"https:\/\/www.nettali.com\/wp-content\/uploads\/2023\/03\/FB_IMG_1628078453783-642x445-1.jpeg","width":642,"height":445},{"@type":"WebPage","@id":"https:\/\/www.nettali.com\/2023\/03\/24\/surete-urbaine-la-garde-a-vue-du-dr-niang-prolongee\/#webpage","url":"https:\/\/www.nettali.com\/2023\/03\/24\/surete-urbaine-la-garde-a-vue-du-dr-niang-prolongee\/","name":"SURETE URBAINE - La garde \u00e0 vue du Dr Niang prolong\u00e9e | Nettali.com","isPartOf":{"@id":"https:\/\/www.nettali.com\/#website"},"primaryImageOfPage":{"@id":"https:\/\/www.nettali.com\/2023\/03\/24\/surete-urbaine-la-garde-a-vue-du-dr-niang-prolongee\/#primaryimage"},"datePublished":"2023-03-24T14:53:19+00:00","dateModified":"2023-03-25T09:34:37+00:00","author":{"@id":"https:\/\/www.nettali.com\/#\/schema\/person\/3317e0bb3aa1da309fbf7b2780901bf4"},"breadcrumb":{"@id":"https:\/\/www.nettali.com\/2023\/03\/24\/surete-urbaine-la-garde-a-vue-du-dr-niang-prolongee\/#breadcrumb"},"inLanguage":"fr-FR","potentialAction":[{"@type":"ReadAction","target":["https:\/\/www.nettali.com\/2023\/03\/24\/surete-urbaine-la-garde-a-vue-du-dr-niang-prolongee\/"]}]},{"@type":"BreadcrumbList","@id":"https:\/\/www.nettali.com\/2023\/03\/24\/surete-urbaine-la-garde-a-vue-du-dr-niang-prolongee\/#breadcrumb","itemListElement":[{"@type":"ListItem","position":1,"name":"Accueil","item":"https:\/\/www.nettali.com\/"},{"@type":"ListItem","position":2,"name":"SURETE URBAINE - La garde \u00e0 vue du Dr Niang prolong\u00e9e"}]},{"@type":"Person","@id":"https:\/\/www.nettali.com\/#\/schema\/person\/3317e0bb3aa1da309fbf7b2780901bf4","name":"Daouda","image":{"@type":"ImageObject","@id":"https:\/\/www.nettali.com\/#personlogo","inLanguage":"fr-FR","url":"https:\/\/secure.gravatar.com\/avatar\/8d143b5a49345098ddcfee1c49c2f47c?s=96&d=mm&r=g","contentUrl":"https:\/\/secure.gravatar.com\/avatar\/8d143b5a49345098ddcfee1c49c2f47c?s=96&d=mm&r=g","caption":"Daouda"},"sameAs":["https:\/\/www.nettali.com"]}]}},"_links":{"self":[{"href":"https:\/\/www.nettali.com\/rest\/wp\/v2\/posts\/106824"}],"collection":[{"href":"https:\/\/www.nettali.com\/rest\/wp\/v2\/posts"}],"about":[{"href":"https:\/\/www.nettali.com\/rest\/wp\/v2\/types\/post"}],"author":[{"embeddable":true,"href":"https:\/\/www.nettali.com\/rest\/wp\/v2\/users\/4"}],"replies":[{"embeddable":true,"href":"https:\/\/www.nettali.com\/rest\/wp\/v2\/comments?post=106824"}],"version-history":[{"count":3,"href":"https:\/\/www.nettali.com\/rest\/wp\/v2\/posts\/106824\/revisions"}],"predecessor-version":[{"id":106892,"href":"https:\/\/www.nettali.com\/rest\/wp\/v2\/posts\/106824\/revisions\/106892"}],"wp:featuredmedia":[{"embeddable":true,"href":"https:\/\/www.nettali.com\/rest\/wp\/v2\/media\/106705"}],"wp:attachment":[{"href":"https:\/\/www.nettali.com\/rest\/wp\/v2\/media?parent=106824"}],"wp:term":[{"taxonomy":"category","embeddable":true,"href":"https:\/\/www.nettali.com\/rest\/wp\/v2\/categories?post=106824"},{"taxonomy":"post_tag","embeddable":true,"href":"https:\/\/www.nettali.com\/rest\/wp\/v2\/tags?post=106824"}],"curies":[{"name":"wp","href":"https:\/\/api.w.org\/{rel}","templated":true}]}}