{"id":106802,"date":"2023-03-24T09:05:38","date_gmt":"2023-03-24T09:05:38","guid":{"rendered":"https:\/\/www.nettali.com\/?p=106802"},"modified":"2023-03-24T15:39:08","modified_gmt":"2023-03-24T15:39:08","slug":"appel-a-linsurrection-le-maire-de-keur-massar-sud-ecroue-ce-quil-a-dit-aux-enqueteurs","status":"publish","type":"post","link":"https:\/\/www.nettali.com\/2023\/03\/24\/appel-a-linsurrection-le-maire-de-keur-massar-sud-ecroue-ce-quil-a-dit-aux-enqueteurs\/","title":{"rendered":"ECROUE POUR APPEL A L'INSURRECTION - Ce que le maire de Keur Massar Sud a dit aux enqu\u00eateurs"},"content":{"rendered":"<p><strong>NETTALI.COM - Arr\u00eat\u00e9 puis d\u00e9f\u00e9r\u00e9 au parquet ce jeudi, le maire de Keur Massar sud,\u00a0 Mouhamed Bilal Diatta, a \u00e9t\u00e9 plac\u00e9 sous mandat de d\u00e9p\u00f4t pour appel \u00e0 insurrection et offense au chef de l'Etat. Devant les gendarmes, il a ni\u00e9 les faits qui lui sont reproch\u00e9s.<\/strong><\/p>\n<p>D\u00e9f\u00e9r\u00e9 ce jeudi par la Brigade de Recherches (BR) de Keur Massar\u00a0 pour deux chefs d'accusation, Mouhamed Bilal Diatta a \u00e9t\u00e9 inculp\u00e9 puis plac\u00e9 sous mandat de d\u00e9p\u00f4t le m\u00eame jour par le juge d'instruction charg\u00e9 de son dossier.<\/p>\n<p>Devant les enqu\u00eateurs, le maire de Keur Massar Sud a ni\u00e9 cat\u00e9goriquement les faits qui lui sont reproch\u00e9s. Mouhamed Bilal Diatta a confi\u00e9 aux enqu\u00eateurs qu'il a tenu une conf\u00e9rence de presse sous le coup de la col\u00e8re parce que les forces de l'ordre avaient gaz\u00e9 des populations de sa commune.<\/p>\n<p>Interpell\u00e9 sur ses propos tenus \u00e0 l'endroit du pr\u00e9sident Macky Sall et jug\u00e9s outrageants, le maire de Keur Massar Sud a ni\u00e9 avoir offens\u00e9 le chef de l'Etat. Pour lui, il n'a pas attaqu\u00e9 Macky Sall en tant que chef de l'Etat, mais il s'adressait \u00e0 Macky Sall en tant que chef du parti l'Alliance pour la R\u00e9publique (Apr).<\/p>\n<div class='share-to-whatsapp-wrapper'><div class='share-on-whsp'>PARTAGER SUR : <\/div><a data-text='ECROUE POUR APPEL A L'INSURRECTION - Ce que le maire de Keur Massar Sud a dit aux enqu\u00eateurs' data-link='https:\/\/www.nettali.com\/2023\/03\/24\/appel-a-linsurrection-le-maire-de-keur-massar-sud-ecroue-ce-quil-a-dit-aux-enqueteurs\/' class='whatsapp-button whatsapp-share'>WhatsApp<\/a><div class='clear '><\/div><\/div>","protected":false},"excerpt":{"rendered":"<p>NETTALI.COM - Arr\u00eat\u00e9 puis d\u00e9f\u00e9r\u00e9 au parquet ce jeudi, le maire de Keur Massar sud,\u00a0 Mouhamed Bilal Diatta, a \u00e9t\u00e9 plac\u00e9 sous mandat de d\u00e9p\u00f4t pour appel \u00e0 insurrection et offense au chef de l'Etat. Devant les gendarmes, il a ni\u00e9 les faits qui lui sont reproch\u00e9s. D\u00e9f\u00e9r\u00e9 ce jeudi par la Brigade de Recherches [&hellip;]<\/p>\n","protected":false},"author":4,"featured_media":106803,"comment_status":"open","ping_status":"open","sticky":false,"template":"","format":"standard","meta":{"_et_pb_use_builder":"","_et_pb_old_content":""},"categories":[2,3],"tags":[],"yoast_head":"<!-- This site is optimized with the Yoast SEO Premium plugin v17.8 (Yoast SEO v17.8) - https:\/\/yoast.com\/wordpress\/plugins\/seo\/ -->\n<title>ECROUE POUR APPEL A L&#039;INSURRECTION - Ce que le maire de Keur Massar Sud a dit aux enqu\u00eateurs | Nettali.com<\/title>\n<meta name=\"robots\" content=\"index, follow, max-snippet:-1, max-image-preview:large, max-video-preview:-1\" \/>\n<link rel=\"canonical\" href=\"https:\/\/www.nettali.com\/2023\/03\/24\/appel-a-linsurrection-le-maire-de-keur-massar-sud-ecroue-ce-quil-a-dit-aux-enqueteurs\/\" \/>\n<meta property=\"og:locale\" content=\"fr_FR\" \/>\n<meta property=\"og:type\" content=\"article\" \/>\n<meta property=\"og:title\" content=\"ECROUE POUR APPEL A L&#039;INSURRECTION - Ce que le maire de Keur Massar Sud a dit aux enqu\u00eateurs\" \/>\n<meta property=\"og:description\" content=\"NETTALI.COM - Arr\u00eat\u00e9 puis d\u00e9f\u00e9r\u00e9 au parquet ce jeudi, le maire de Keur Massar sud,\u00a0 Mouhamed Bilal Diatta, a \u00e9t\u00e9 plac\u00e9 sous mandat de d\u00e9p\u00f4t pour appel \u00e0 insurrection et offense au chef de l&#039;Etat. Devant les gendarmes, il a ni\u00e9 les faits qui lui sont reproch\u00e9s. D\u00e9f\u00e9r\u00e9 ce jeudi par la Brigade de Recherches [&hellip;]\" \/>\n<meta property=\"og:url\" content=\"https:\/\/www.nettali.com\/2023\/03\/24\/appel-a-linsurrection-le-maire-de-keur-massar-sud-ecroue-ce-quil-a-dit-aux-enqueteurs\/\" \/>\n<meta property=\"og:site_name\" content=\"Nettali.com\" \/>\n<meta property=\"article:publisher\" content=\"https:\/\/www.facebook.com\/nettalicom\" \/>\n<meta property=\"article:published_time\" content=\"2023-03-24T09:05:38+00:00\" \/>\n<meta property=\"article:modified_time\" content=\"2023-03-24T15:39:08+00:00\" \/>\n<meta property=\"og:image\" content=\"https:\/\/www.nettali.com\/wp-content\/uploads\/2023\/03\/Mouhamed-Bilal-Diatta.jpeg\" \/>\n\t<meta property=\"og:image:width\" content=\"735\" \/>\n\t<meta property=\"og:image:height\" content=\"503\" \/>\n<meta name=\"twitter:card\" content=\"summary_large_image\" \/>\n<meta name=\"twitter:label1\" content=\"\u00c9crit par\" \/>\n\t<meta name=\"twitter:data1\" content=\"Daouda\" \/>\n\t<meta name=\"twitter:label2\" content=\"Dur\u00e9e de lecture estim\u00e9e\" \/>\n\t<meta name=\"twitter:data2\" content=\"1 minute\" \/>\n<script type=\"application\/ld+json\" class=\"yoast-schema-graph\">{\"@context\":\"https:\/\/schema.org\",\"@graph\":[{\"@type\":\"WebSite\",\"@id\":\"https:\/\/www.nettali.com\/#website\",\"url\":\"https:\/\/www.nettali.com\/\",\"name\":\"Nettali.com\",\"description\":\"Le rendez-vous critique du Net\",\"potentialAction\":[{\"@type\":\"SearchAction\",\"target\":{\"@type\":\"EntryPoint\",\"urlTemplate\":\"https:\/\/www.nettali.com\/?s={search_term_string}\"},\"query-input\":\"required name=search_term_string\"}],\"inLanguage\":\"fr-FR\"},{\"@type\":\"ImageObject\",\"@id\":\"https:\/\/www.nettali.com\/2023\/03\/24\/appel-a-linsurrection-le-maire-de-keur-massar-sud-ecroue-ce-quil-a-dit-aux-enqueteurs\/#primaryimage\",\"inLanguage\":\"fr-FR\",\"url\":\"https:\/\/www.nettali.com\/wp-content\/uploads\/2023\/03\/Mouhamed-Bilal-Diatta.jpeg\",\"contentUrl\":\"https:\/\/www.nettali.com\/wp-content\/uploads\/2023\/03\/Mouhamed-Bilal-Diatta.jpeg\",\"width\":735,\"height\":503},{\"@type\":\"WebPage\",\"@id\":\"https:\/\/www.nettali.com\/2023\/03\/24\/appel-a-linsurrection-le-maire-de-keur-massar-sud-ecroue-ce-quil-a-dit-aux-enqueteurs\/#webpage\",\"url\":\"https:\/\/www.nettali.com\/2023\/03\/24\/appel-a-linsurrection-le-maire-de-keur-massar-sud-ecroue-ce-quil-a-dit-aux-enqueteurs\/\",\"name\":\"ECROUE POUR APPEL A L'INSURRECTION - Ce que le maire de Keur Massar Sud a dit aux enqu\\u00eateurs | Nettali.com\",\"isPartOf\":{\"@id\":\"https:\/\/www.nettali.com\/#website\"},\"primaryImageOfPage\":{\"@id\":\"https:\/\/www.nettali.com\/2023\/03\/24\/appel-a-linsurrection-le-maire-de-keur-massar-sud-ecroue-ce-quil-a-dit-aux-enqueteurs\/#primaryimage\"},\"datePublished\":\"2023-03-24T09:05:38+00:00\",\"dateModified\":\"2023-03-24T15:39:08+00:00\",\"author\":{\"@id\":\"https:\/\/www.nettali.com\/#\/schema\/person\/3317e0bb3aa1da309fbf7b2780901bf4\"},\"breadcrumb\":{\"@id\":\"https:\/\/www.nettali.com\/2023\/03\/24\/appel-a-linsurrection-le-maire-de-keur-massar-sud-ecroue-ce-quil-a-dit-aux-enqueteurs\/#breadcrumb\"},\"inLanguage\":\"fr-FR\",\"potentialAction\":[{\"@type\":\"ReadAction\",\"target\":[\"https:\/\/www.nettali.com\/2023\/03\/24\/appel-a-linsurrection-le-maire-de-keur-massar-sud-ecroue-ce-quil-a-dit-aux-enqueteurs\/\"]}]},{\"@type\":\"BreadcrumbList\",\"@id\":\"https:\/\/www.nettali.com\/2023\/03\/24\/appel-a-linsurrection-le-maire-de-keur-massar-sud-ecroue-ce-quil-a-dit-aux-enqueteurs\/#breadcrumb\",\"itemListElement\":[{\"@type\":\"ListItem\",\"position\":1,\"name\":\"Accueil\",\"item\":\"https:\/\/www.nettali.com\/\"},{\"@type\":\"ListItem\",\"position\":2,\"name\":\"ECROUE POUR APPEL A L'INSURRECTION - Ce que le maire de Keur Massar Sud a dit aux enqu\\u00eateurs\"}]},{\"@type\":\"Person\",\"@id\":\"https:\/\/www.nettali.com\/#\/schema\/person\/3317e0bb3aa1da309fbf7b2780901bf4\",\"name\":\"Daouda\",\"image\":{\"@type\":\"ImageObject\",\"@id\":\"https:\/\/www.nettali.com\/#personlogo\",\"inLanguage\":\"fr-FR\",\"url\":\"https:\/\/secure.gravatar.com\/avatar\/8d143b5a49345098ddcfee1c49c2f47c?s=96&d=mm&r=g\",\"contentUrl\":\"https:\/\/secure.gravatar.com\/avatar\/8d143b5a49345098ddcfee1c49c2f47c?s=96&d=mm&r=g\",\"caption\":\"Daouda\"},\"sameAs\":[\"https:\/\/www.nettali.com\"]}]}<\/script>\n<!-- \/ Yoast SEO Premium plugin. -->","yoast_head_json":{"title":"ECROUE POUR APPEL A L'INSURRECTION - Ce que le maire de Keur Massar Sud a dit aux enqu\u00eateurs | Nettali.com","robots":{"index":"index","follow":"follow","max-snippet":"max-snippet:-1","max-image-preview":"max-image-preview:large","max-video-preview":"max-video-preview:-1"},"canonical":"https:\/\/www.nettali.com\/2023\/03\/24\/appel-a-linsurrection-le-maire-de-keur-massar-sud-ecroue-ce-quil-a-dit-aux-enqueteurs\/","og_locale":"fr_FR","og_type":"article","og_title":"ECROUE POUR APPEL A L'INSURRECTION - Ce que le maire de Keur Massar Sud a dit aux enqu\u00eateurs","og_description":"NETTALI.COM - Arr\u00eat\u00e9 puis d\u00e9f\u00e9r\u00e9 au parquet ce jeudi, le maire de Keur Massar sud,\u00a0 Mouhamed Bilal Diatta, a \u00e9t\u00e9 plac\u00e9 sous mandat de d\u00e9p\u00f4t pour appel \u00e0 insurrection et offense au chef de l'Etat. Devant les gendarmes, il a ni\u00e9 les faits qui lui sont reproch\u00e9s. D\u00e9f\u00e9r\u00e9 ce jeudi par la Brigade de Recherches [&hellip;]","og_url":"https:\/\/www.nettali.com\/2023\/03\/24\/appel-a-linsurrection-le-maire-de-keur-massar-sud-ecroue-ce-quil-a-dit-aux-enqueteurs\/","og_site_name":"Nettali.com","article_publisher":"https:\/\/www.facebook.com\/nettalicom","article_published_time":"2023-03-24T09:05:38+00:00","article_modified_time":"2023-03-24T15:39:08+00:00","og_image":[{"width":735,"height":503,"url":"https:\/\/www.nettali.com\/wp-content\/uploads\/2023\/03\/Mouhamed-Bilal-Diatta.jpeg","type":"image\/jpeg"}],"twitter_card":"summary_large_image","twitter_misc":{"\u00c9crit par":"Daouda","Dur\u00e9e de lecture estim\u00e9e":"1 minute"},"schema":{"@context":"https:\/\/schema.org","@graph":[{"@type":"WebSite","@id":"https:\/\/www.nettali.com\/#website","url":"https:\/\/www.nettali.com\/","name":"Nettali.com","description":"Le rendez-vous critique du Net","potentialAction":[{"@type":"SearchAction","target":{"@type":"EntryPoint","urlTemplate":"https:\/\/www.nettali.com\/?s={search_term_string}"},"query-input":"required name=search_term_string"}],"inLanguage":"fr-FR"},{"@type":"ImageObject","@id":"https:\/\/www.nettali.com\/2023\/03\/24\/appel-a-linsurrection-le-maire-de-keur-massar-sud-ecroue-ce-quil-a-dit-aux-enqueteurs\/#primaryimage","inLanguage":"fr-FR","url":"https:\/\/www.nettali.com\/wp-content\/uploads\/2023\/03\/Mouhamed-Bilal-Diatta.jpeg","contentUrl":"https:\/\/www.nettali.com\/wp-content\/uploads\/2023\/03\/Mouhamed-Bilal-Diatta.jpeg","width":735,"height":503},{"@type":"WebPage","@id":"https:\/\/www.nettali.com\/2023\/03\/24\/appel-a-linsurrection-le-maire-de-keur-massar-sud-ecroue-ce-quil-a-dit-aux-enqueteurs\/#webpage","url":"https:\/\/www.nettali.com\/2023\/03\/24\/appel-a-linsurrection-le-maire-de-keur-massar-sud-ecroue-ce-quil-a-dit-aux-enqueteurs\/","name":"ECROUE POUR APPEL A L'INSURRECTION - Ce que le maire de Keur Massar Sud a dit aux enqu\u00eateurs | Nettali.com","isPartOf":{"@id":"https:\/\/www.nettali.com\/#website"},"primaryImageOfPage":{"@id":"https:\/\/www.nettali.com\/2023\/03\/24\/appel-a-linsurrection-le-maire-de-keur-massar-sud-ecroue-ce-quil-a-dit-aux-enqueteurs\/#primaryimage"},"datePublished":"2023-03-24T09:05:38+00:00","dateModified":"2023-03-24T15:39:08+00:00","author":{"@id":"https:\/\/www.nettali.com\/#\/schema\/person\/3317e0bb3aa1da309fbf7b2780901bf4"},"breadcrumb":{"@id":"https:\/\/www.nettali.com\/2023\/03\/24\/appel-a-linsurrection-le-maire-de-keur-massar-sud-ecroue-ce-quil-a-dit-aux-enqueteurs\/#breadcrumb"},"inLanguage":"fr-FR","potentialAction":[{"@type":"ReadAction","target":["https:\/\/www.nettali.com\/2023\/03\/24\/appel-a-linsurrection-le-maire-de-keur-massar-sud-ecroue-ce-quil-a-dit-aux-enqueteurs\/"]}]},{"@type":"BreadcrumbList","@id":"https:\/\/www.nettali.com\/2023\/03\/24\/appel-a-linsurrection-le-maire-de-keur-massar-sud-ecroue-ce-quil-a-dit-aux-enqueteurs\/#breadcrumb","itemListElement":[{"@type":"ListItem","position":1,"name":"Accueil","item":"https:\/\/www.nettali.com\/"},{"@type":"ListItem","position":2,"name":"ECROUE POUR APPEL A L'INSURRECTION - Ce que le maire de Keur Massar Sud a dit aux enqu\u00eateurs"}]},{"@type":"Person","@id":"https:\/\/www.nettali.com\/#\/schema\/person\/3317e0bb3aa1da309fbf7b2780901bf4","name":"Daouda","image":{"@type":"ImageObject","@id":"https:\/\/www.nettali.com\/#personlogo","inLanguage":"fr-FR","url":"https:\/\/secure.gravatar.com\/avatar\/8d143b5a49345098ddcfee1c49c2f47c?s=96&d=mm&r=g","contentUrl":"https:\/\/secure.gravatar.com\/avatar\/8d143b5a49345098ddcfee1c49c2f47c?s=96&d=mm&r=g","caption":"Daouda"},"sameAs":["https:\/\/www.nettali.com"]}]}},"_links":{"self":[{"href":"https:\/\/www.nettali.com\/rest\/wp\/v2\/posts\/106802"}],"collection":[{"href":"https:\/\/www.nettali.com\/rest\/wp\/v2\/posts"}],"about":[{"href":"https:\/\/www.nettali.com\/rest\/wp\/v2\/types\/post"}],"author":[{"embeddable":true,"href":"https:\/\/www.nettali.com\/rest\/wp\/v2\/users\/4"}],"replies":[{"embeddable":true,"href":"https:\/\/www.nettali.com\/rest\/wp\/v2\/comments?post=106802"}],"version-history":[{"count":2,"href":"https:\/\/www.nettali.com\/rest\/wp\/v2\/posts\/106802\/revisions"}],"predecessor-version":[{"id":106827,"href":"https:\/\/www.nettali.com\/rest\/wp\/v2\/posts\/106802\/revisions\/106827"}],"wp:featuredmedia":[{"embeddable":true,"href":"https:\/\/www.nettali.com\/rest\/wp\/v2\/media\/106803"}],"wp:attachment":[{"href":"https:\/\/www.nettali.com\/rest\/wp\/v2\/media?parent=106802"}],"wp:term":[{"taxonomy":"category","embeddable":true,"href":"https:\/\/www.nettali.com\/rest\/wp\/v2\/categories?post=106802"},{"taxonomy":"post_tag","embeddable":true,"href":"https:\/\/www.nettali.com\/rest\/wp\/v2\/tags?post=106802"}],"curies":[{"name":"wp","href":"https:\/\/api.w.org\/{rel}","templated":true}]}}