{"id":106721,"date":"2023-03-23T10:20:52","date_gmt":"2023-03-23T10:20:52","guid":{"rendered":"https:\/\/www.nettali.com\/?p=106721"},"modified":"2023-03-23T10:20:52","modified_gmt":"2023-03-23T10:20:52","slug":"christian-astu-comment-les-enfants-dun-orphelinat-ghaneen-ont-perdu-lhomme-quils-appelaient-pere","status":"publish","type":"post","link":"https:\/\/www.nettali.com\/2023\/03\/23\/christian-astu-comment-les-enfants-dun-orphelinat-ghaneen-ont-perdu-lhomme-quils-appelaient-pere\/","title":{"rendered":"CHRISTIAN ASTU - Comment les enfants d'un orphelinat ghan\u00e9en ont perdu l'homme qu'ils appelaient \"p\u00e8re\""},"content":{"rendered":"<p><strong>NETTALI.COM - Le directeur d'un orphelinat soutenu par Christian Atsu a r\u00e9v\u00e9l\u00e9 que les enfants avaient l'habitude d'appeler le milieu de terrain ghan\u00e9en \"<em>p\u00e8re<\/em>\".<\/strong><\/p>\n<p>Le joueur de 31 ans, qui jouait pour le club turc de Hatayspor, a perdu la vie lors des tremblements de terre qui ont d\u00e9vast\u00e9 une partie du pays en f\u00e9vrier.<\/p>\n<p>Son corps a \u00e9t\u00e9 retir\u00e9 des d\u00e9combres le 18 f\u00e9vrier, pr\u00e8s de deux semaines apr\u00e8s les tremblements de terre.<\/p>\n<p>La p\u00e9riode de deuil traditionnel d'une semaine pour Atsu est maintenant termin\u00e9e, avant les fun\u00e9railles nationales qui ont lieu le 17 mars.<\/p>\n<p>\"<em>Nous priions et esp\u00e9rions qu'il s'en sortirait vivant<\/em>\", a d\u00e9clar\u00e9 Seth Asiedu, directeur de l'organisation caritative Becky's Foundation, dans le cadre de l'\u00e9mission Africa Daily de la BBC.<\/p>\n<p><img loading=\"lazy\" class=\"alignnone size-medium wp-image-106724\" src=\"https:\/\/www.nettali.com\/wp-content\/uploads\/2023\/03\/Old-School-1-300x200.jpeg\" alt=\"\" width=\"300\" height=\"200\" srcset=\"https:\/\/www.nettali.com\/wp-content\/uploads\/2023\/03\/Old-School-1-300x200.jpeg 300w, https:\/\/www.nettali.com\/wp-content\/uploads\/2023\/03\/Old-School-1-1024x684.jpeg 1024w, https:\/\/www.nettali.com\/wp-content\/uploads\/2023\/03\/Old-School-1-768x513.jpeg 768w, https:\/\/www.nettali.com\/wp-content\/uploads\/2023\/03\/Old-School-1-1536x1025.jpeg 1536w, https:\/\/www.nettali.com\/wp-content\/uploads\/2023\/03\/Old-School-1-1080x721.jpeg 1080w, https:\/\/www.nettali.com\/wp-content\/uploads\/2023\/03\/Old-School-1.jpeg 2048w\" sizes=\"(max-width: 300px) 100vw, 300px\" \/><\/p>\n<p>\"<em>Lorsque la nouvelle est tomb\u00e9e, c'\u00e9tait comme un jour d'enterrement. Les enfants sont tr\u00e8s, tr\u00e8s d\u00e9prim\u00e9s<\/em>.\"<\/p>\n<p>\"<em>Nous organisons de nombreuses s\u00e9ances de conseil pour essayer de surmonter la douleur<\/em>\".<\/p>\n<p>Depuis la mort d'Atsu, on a beaucoup parl\u00e9 des actions caritatives de l'ancien milieu de terrain de Porto, de Newcastle et d'Everton.<\/p>\n<p><img loading=\"lazy\" class=\"alignnone size-medium wp-image-106723\" src=\"https:\/\/www.nettali.com\/wp-content\/uploads\/2023\/03\/c8851589c2c090444ead521f375fd143-300x169.jpeg\" alt=\"\" width=\"300\" height=\"169\" srcset=\"https:\/\/www.nettali.com\/wp-content\/uploads\/2023\/03\/c8851589c2c090444ead521f375fd143-300x169.jpeg 300w, https:\/\/www.nettali.com\/wp-content\/uploads\/2023\/03\/c8851589c2c090444ead521f375fd143-768x432.jpeg 768w, https:\/\/www.nettali.com\/wp-content\/uploads\/2023\/03\/c8851589c2c090444ead521f375fd143.jpeg 1024w\" sizes=\"(max-width: 300px) 100vw, 300px\" \/><\/p>\n<p>Son travail avec la Becky's Foundation a permis de transformer en \u00e9cole un foyer pour enfants dans la ville c\u00f4ti\u00e8re ghan\u00e9enne de Senya Beraku.<\/p>\n<p>\"<em>Un pilier de soutien a disparu<\/em>\", poursuit Asiedu en \u00e9voquant l'engagement d'Atsu, qui a fourni de l'argent, de la nourriture, des v\u00eatements et bien d'autres choses encore.<\/p>\n<p>\"<em>Je consid\u00e8re qu'il s'agit d'un ensemble complet : l'\u00e9ducation, le mat\u00e9riel p\u00e9dagogique, les uniformes scolaires ; tout ce dont ils ont besoin pour \u00e9tudier<\/em>.\"<\/p>\n<p>\"<em>Et puis, il y a l'eau et l'assainissement. Il est venu forer un puits pour nous, nous aider \u00e0 installer des filtres pour que l'eau soit potable<\/em>.<\/p>\n<p>\"<em>Il a apport\u00e9 des panneaux solaires pour l'\u00e9lectricit\u00e9. Il a apport\u00e9 un grand t\u00e9l\u00e9viseur et leur a demand\u00e9 de l'utiliser chaque fois qu'il joue<\/em>.\"<\/p>\n<p>Atsu, qui a repr\u00e9sent\u00e9 le Ghana \u00e0 65 reprises, marquant 10 buts, ne s'est pas content\u00e9 d'envoyer du soutien de l'\u00e9tranger, il a aussi \u00e9t\u00e9 un visiteur r\u00e9gulier.<\/p>\n<p><strong>Christian Atsu se rendait r\u00e9guli\u00e8rement \u00e0 l'orphelinat Becky's Foundation.<\/strong><\/p>\n<p>\"Quand il arrivait, c'\u00e9tait comme un festival\", ajoute Asiedu, qui avait souvent l'habitude de cacher les visites aux enfants.<\/p>\n<p><img loading=\"lazy\" class=\"alignnone size-medium wp-image-106708\" src=\"https:\/\/www.nettali.com\/wp-content\/uploads\/2023\/03\/128976825_atsu_children_outside-300x169.jpg\" alt=\"\" width=\"300\" height=\"169\" srcset=\"https:\/\/www.nettali.com\/wp-content\/uploads\/2023\/03\/128976825_atsu_children_outside-300x169.jpg 300w, https:\/\/www.nettali.com\/wp-content\/uploads\/2023\/03\/128976825_atsu_children_outside.jpg 640w\" sizes=\"(max-width: 300px) 100vw, 300px\" \/><\/p>\n<p>\"<em>Lorsqu'il sortait de sa voiture, tous les enfants couraient et se jetaient sur lui. Parfois, ils voulaient le tirer vers le bas. La force des enfants l'emportait et il se sentait lui-m\u00eame tr\u00e8s heureux<\/em>\".<\/p>\n<p><strong>\"<em>Ils l'appelaient oncle, certains l'appelaient p\u00e8re\"<\/em><\/strong><\/p>\n<p>\"<em>Il n'a pas eu la vie facile [quand il \u00e9tait jeune]. Lorsqu'il voulait jouer au football, il n'avait ni chaussures ni maillots. Ch<\/em><em>aque fois qu'il voyait des enfants qui traversaient la m\u00eame \u00e9preuve, il avait envie de les aider<\/em>.\"<\/p>\n<p>En effet, une partie du soutien d'Atsu s'est traduite par un projet de construction d'un terrain de football \u00e0 sept dans l'orphelinat.<\/p>\n<p>Reste \u00e0 savoir si ce r\u00eave deviendra r\u00e9alit\u00e9 ; Asiedu s'inqui\u00e8te de ce qui se passera maintenant qu'on ne peut plus compter sur les dons mensuels d'Atsu.<\/p>\n<p>Christian Atsu avait pr\u00e9vu de construire un terrain de football \u00e0 sept pour les enfants de la Becky's Foundation, apr\u00e8s leur avoir fourni des \u00e9quipements de son club anglais, Newcastle United.<\/p>\n<p><img loading=\"lazy\" class=\"alignnone size-medium wp-image-106709\" src=\"https:\/\/www.nettali.com\/wp-content\/uploads\/2023\/03\/sport-preview-christian-atsu-300x200.jpg\" alt=\"\" width=\"300\" height=\"200\" srcset=\"https:\/\/www.nettali.com\/wp-content\/uploads\/2023\/03\/sport-preview-christian-atsu-300x200.jpg 300w, https:\/\/www.nettali.com\/wp-content\/uploads\/2023\/03\/sport-preview-christian-atsu.jpg 620w\" sizes=\"(max-width: 300px) 100vw, 300px\" \/><\/p>\n<p>\"<em>C'\u00e9tait un homme peu loquace, mais tr\u00e8s proactif. Il a dit 'je vais le faire' et il s'est assur\u00e9 de le faire.<\/em><\/p>\n<p><em>\"Le travail que je fais avec mon \u00e9quipe au Ghana n'est pas une t\u00e2che facile, alors quand vous avez quelqu'un comme Atsu qui vient joindre ses forces aux v\u00f4tres, et que cette personne part comme \u00e7a, cela cr\u00e9e un tr\u00e8s grand vide.<\/em><\/p>\n<p><em>\"J'ai perdu un fr\u00e8re. Le Ghana a perdu une grande star.<\/em><\/p>\n<p><em>\"Il m'a toujours ouvert les bras\".<\/em><\/p>\n<p>BBC News Afrique<\/p>\n<div class='share-to-whatsapp-wrapper'><div class='share-on-whsp'>PARTAGER SUR : <\/div><a data-text='CHRISTIAN ASTU - Comment les enfants d'un orphelinat ghan\u00e9en ont perdu l'homme qu'ils appelaient \"p\u00e8re\"' data-link='https:\/\/www.nettali.com\/2023\/03\/23\/christian-astu-comment-les-enfants-dun-orphelinat-ghaneen-ont-perdu-lhomme-quils-appelaient-pere\/' class='whatsapp-button whatsapp-share'>WhatsApp<\/a><div class='clear '><\/div><\/div>","protected":false},"excerpt":{"rendered":"<p>NETTALI.COM - Le directeur d'un orphelinat soutenu par Christian Atsu a r\u00e9v\u00e9l\u00e9 que les enfants avaient l'habitude d'appeler le milieu de terrain ghan\u00e9en \"p\u00e8re\". Le joueur de 31 ans, qui jouait pour le club turc de Hatayspor, a perdu la vie lors des tremblements de terre qui ont d\u00e9vast\u00e9 une partie du pays en f\u00e9vrier. [&hellip;]<\/p>\n","protected":false},"author":5,"featured_media":106708,"comment_status":"open","ping_status":"open","sticky":false,"template":"","format":"standard","meta":{"_et_pb_use_builder":"","_et_pb_old_content":""},"categories":[6],"tags":[],"yoast_head":"<!-- This site is optimized with the Yoast SEO Premium plugin v17.8 (Yoast SEO v17.8) - https:\/\/yoast.com\/wordpress\/plugins\/seo\/ -->\n<title>CHRISTIAN ASTU - Comment les enfants d&#039;un orphelinat ghan\u00e9en ont perdu l&#039;homme qu&#039;ils appelaient &quot;p\u00e8re&quot; | Nettali.com<\/title>\n<meta name=\"robots\" content=\"index, follow, max-snippet:-1, max-image-preview:large, max-video-preview:-1\" \/>\n<link rel=\"canonical\" href=\"https:\/\/www.nettali.com\/2023\/03\/23\/christian-astu-comment-les-enfants-dun-orphelinat-ghaneen-ont-perdu-lhomme-quils-appelaient-pere\/\" \/>\n<meta property=\"og:locale\" content=\"fr_FR\" \/>\n<meta property=\"og:type\" content=\"article\" \/>\n<meta property=\"og:title\" content=\"CHRISTIAN ASTU - Comment les enfants d&#039;un orphelinat ghan\u00e9en ont perdu l&#039;homme qu&#039;ils appelaient &quot;p\u00e8re&quot;\" \/>\n<meta property=\"og:description\" content=\"NETTALI.COM - Le directeur d&#039;un orphelinat soutenu par Christian Atsu a r\u00e9v\u00e9l\u00e9 que les enfants avaient l&#039;habitude d&#039;appeler le milieu de terrain ghan\u00e9en &quot;p\u00e8re&quot;. Le joueur de 31 ans, qui jouait pour le club turc de Hatayspor, a perdu la vie lors des tremblements de terre qui ont d\u00e9vast\u00e9 une partie du pays en f\u00e9vrier. [&hellip;]\" \/>\n<meta property=\"og:url\" content=\"https:\/\/www.nettali.com\/2023\/03\/23\/christian-astu-comment-les-enfants-dun-orphelinat-ghaneen-ont-perdu-lhomme-quils-appelaient-pere\/\" \/>\n<meta property=\"og:site_name\" content=\"Nettali.com\" \/>\n<meta property=\"article:publisher\" content=\"https:\/\/www.facebook.com\/nettalicom\" \/>\n<meta property=\"article:published_time\" content=\"2023-03-23T10:20:52+00:00\" \/>\n<meta property=\"og:image\" content=\"https:\/\/www.nettali.com\/wp-content\/uploads\/2023\/03\/128976825_atsu_children_outside.jpg\" \/>\n\t<meta property=\"og:image:width\" content=\"640\" \/>\n\t<meta property=\"og:image:height\" content=\"360\" \/>\n<meta name=\"twitter:card\" content=\"summary_large_image\" \/>\n<meta name=\"twitter:label1\" content=\"\u00c9crit par\" \/>\n\t<meta name=\"twitter:data1\" content=\"Ibrahima\" \/>\n\t<meta name=\"twitter:label2\" content=\"Dur\u00e9e de lecture estim\u00e9e\" \/>\n\t<meta name=\"twitter:data2\" content=\"4 minutes\" \/>\n<script type=\"application\/ld+json\" class=\"yoast-schema-graph\">{\"@context\":\"https:\/\/schema.org\",\"@graph\":[{\"@type\":\"WebSite\",\"@id\":\"https:\/\/www.nettali.com\/#website\",\"url\":\"https:\/\/www.nettali.com\/\",\"name\":\"Nettali.com\",\"description\":\"Le rendez-vous critique du Net\",\"potentialAction\":[{\"@type\":\"SearchAction\",\"target\":{\"@type\":\"EntryPoint\",\"urlTemplate\":\"https:\/\/www.nettali.com\/?s={search_term_string}\"},\"query-input\":\"required name=search_term_string\"}],\"inLanguage\":\"fr-FR\"},{\"@type\":\"ImageObject\",\"@id\":\"https:\/\/www.nettali.com\/2023\/03\/23\/christian-astu-comment-les-enfants-dun-orphelinat-ghaneen-ont-perdu-lhomme-quils-appelaient-pere\/#primaryimage\",\"inLanguage\":\"fr-FR\",\"url\":\"https:\/\/www.nettali.com\/wp-content\/uploads\/2023\/03\/128976825_atsu_children_outside.jpg\",\"contentUrl\":\"https:\/\/www.nettali.com\/wp-content\/uploads\/2023\/03\/128976825_atsu_children_outside.jpg\",\"width\":640,\"height\":360},{\"@type\":\"WebPage\",\"@id\":\"https:\/\/www.nettali.com\/2023\/03\/23\/christian-astu-comment-les-enfants-dun-orphelinat-ghaneen-ont-perdu-lhomme-quils-appelaient-pere\/#webpage\",\"url\":\"https:\/\/www.nettali.com\/2023\/03\/23\/christian-astu-comment-les-enfants-dun-orphelinat-ghaneen-ont-perdu-lhomme-quils-appelaient-pere\/\",\"name\":\"CHRISTIAN ASTU - Comment les enfants d'un orphelinat ghan\\u00e9en ont perdu l'homme qu'ils appelaient \\\"p\\u00e8re\\\" | Nettali.com\",\"isPartOf\":{\"@id\":\"https:\/\/www.nettali.com\/#website\"},\"primaryImageOfPage\":{\"@id\":\"https:\/\/www.nettali.com\/2023\/03\/23\/christian-astu-comment-les-enfants-dun-orphelinat-ghaneen-ont-perdu-lhomme-quils-appelaient-pere\/#primaryimage\"},\"datePublished\":\"2023-03-23T10:20:52+00:00\",\"dateModified\":\"2023-03-23T10:20:52+00:00\",\"author\":{\"@id\":\"https:\/\/www.nettali.com\/#\/schema\/person\/bb147657c2986240405a608162b9bb23\"},\"breadcrumb\":{\"@id\":\"https:\/\/www.nettali.com\/2023\/03\/23\/christian-astu-comment-les-enfants-dun-orphelinat-ghaneen-ont-perdu-lhomme-quils-appelaient-pere\/#breadcrumb\"},\"inLanguage\":\"fr-FR\",\"potentialAction\":[{\"@type\":\"ReadAction\",\"target\":[\"https:\/\/www.nettali.com\/2023\/03\/23\/christian-astu-comment-les-enfants-dun-orphelinat-ghaneen-ont-perdu-lhomme-quils-appelaient-pere\/\"]}]},{\"@type\":\"BreadcrumbList\",\"@id\":\"https:\/\/www.nettali.com\/2023\/03\/23\/christian-astu-comment-les-enfants-dun-orphelinat-ghaneen-ont-perdu-lhomme-quils-appelaient-pere\/#breadcrumb\",\"itemListElement\":[{\"@type\":\"ListItem\",\"position\":1,\"name\":\"Accueil\",\"item\":\"https:\/\/www.nettali.com\/\"},{\"@type\":\"ListItem\",\"position\":2,\"name\":\"CHRISTIAN ASTU - Comment les enfants d'un orphelinat ghan\\u00e9en ont perdu l'homme qu'ils appelaient \\\"p\\u00e8re\\\"\"}]},{\"@type\":\"Person\",\"@id\":\"https:\/\/www.nettali.com\/#\/schema\/person\/bb147657c2986240405a608162b9bb23\",\"name\":\"Ibrahima\",\"image\":{\"@type\":\"ImageObject\",\"@id\":\"https:\/\/www.nettali.com\/#personlogo\",\"inLanguage\":\"fr-FR\",\"url\":\"https:\/\/secure.gravatar.com\/avatar\/26a8a81f09f0dd7624c9d5c36c9ba3a2?s=96&d=mm&r=g\",\"contentUrl\":\"https:\/\/secure.gravatar.com\/avatar\/26a8a81f09f0dd7624c9d5c36c9ba3a2?s=96&d=mm&r=g\",\"caption\":\"Ibrahima\"},\"sameAs\":[\"https:\/\/www.nettali.com\"]}]}<\/script>\n<!-- \/ Yoast SEO Premium plugin. -->","yoast_head_json":{"title":"CHRISTIAN ASTU - Comment les enfants d'un orphelinat ghan\u00e9en ont perdu l'homme qu'ils appelaient \"p\u00e8re\" | Nettali.com","robots":{"index":"index","follow":"follow","max-snippet":"max-snippet:-1","max-image-preview":"max-image-preview:large","max-video-preview":"max-video-preview:-1"},"canonical":"https:\/\/www.nettali.com\/2023\/03\/23\/christian-astu-comment-les-enfants-dun-orphelinat-ghaneen-ont-perdu-lhomme-quils-appelaient-pere\/","og_locale":"fr_FR","og_type":"article","og_title":"CHRISTIAN ASTU - Comment les enfants d'un orphelinat ghan\u00e9en ont perdu l'homme qu'ils appelaient \"p\u00e8re\"","og_description":"NETTALI.COM - Le directeur d'un orphelinat soutenu par Christian Atsu a r\u00e9v\u00e9l\u00e9 que les enfants avaient l'habitude d'appeler le milieu de terrain ghan\u00e9en \"p\u00e8re\". Le joueur de 31 ans, qui jouait pour le club turc de Hatayspor, a perdu la vie lors des tremblements de terre qui ont d\u00e9vast\u00e9 une partie du pays en f\u00e9vrier. [&hellip;]","og_url":"https:\/\/www.nettali.com\/2023\/03\/23\/christian-astu-comment-les-enfants-dun-orphelinat-ghaneen-ont-perdu-lhomme-quils-appelaient-pere\/","og_site_name":"Nettali.com","article_publisher":"https:\/\/www.facebook.com\/nettalicom","article_published_time":"2023-03-23T10:20:52+00:00","og_image":[{"width":640,"height":360,"url":"https:\/\/www.nettali.com\/wp-content\/uploads\/2023\/03\/128976825_atsu_children_outside.jpg","type":"image\/jpeg"}],"twitter_card":"summary_large_image","twitter_misc":{"\u00c9crit par":"Ibrahima","Dur\u00e9e de lecture estim\u00e9e":"4 minutes"},"schema":{"@context":"https:\/\/schema.org","@graph":[{"@type":"WebSite","@id":"https:\/\/www.nettali.com\/#website","url":"https:\/\/www.nettali.com\/","name":"Nettali.com","description":"Le rendez-vous critique du Net","potentialAction":[{"@type":"SearchAction","target":{"@type":"EntryPoint","urlTemplate":"https:\/\/www.nettali.com\/?s={search_term_string}"},"query-input":"required name=search_term_string"}],"inLanguage":"fr-FR"},{"@type":"ImageObject","@id":"https:\/\/www.nettali.com\/2023\/03\/23\/christian-astu-comment-les-enfants-dun-orphelinat-ghaneen-ont-perdu-lhomme-quils-appelaient-pere\/#primaryimage","inLanguage":"fr-FR","url":"https:\/\/www.nettali.com\/wp-content\/uploads\/2023\/03\/128976825_atsu_children_outside.jpg","contentUrl":"https:\/\/www.nettali.com\/wp-content\/uploads\/2023\/03\/128976825_atsu_children_outside.jpg","width":640,"height":360},{"@type":"WebPage","@id":"https:\/\/www.nettali.com\/2023\/03\/23\/christian-astu-comment-les-enfants-dun-orphelinat-ghaneen-ont-perdu-lhomme-quils-appelaient-pere\/#webpage","url":"https:\/\/www.nettali.com\/2023\/03\/23\/christian-astu-comment-les-enfants-dun-orphelinat-ghaneen-ont-perdu-lhomme-quils-appelaient-pere\/","name":"CHRISTIAN ASTU - Comment les enfants d'un orphelinat ghan\u00e9en ont perdu l'homme qu'ils appelaient \"p\u00e8re\" | Nettali.com","isPartOf":{"@id":"https:\/\/www.nettali.com\/#website"},"primaryImageOfPage":{"@id":"https:\/\/www.nettali.com\/2023\/03\/23\/christian-astu-comment-les-enfants-dun-orphelinat-ghaneen-ont-perdu-lhomme-quils-appelaient-pere\/#primaryimage"},"datePublished":"2023-03-23T10:20:52+00:00","dateModified":"2023-03-23T10:20:52+00:00","author":{"@id":"https:\/\/www.nettali.com\/#\/schema\/person\/bb147657c2986240405a608162b9bb23"},"breadcrumb":{"@id":"https:\/\/www.nettali.com\/2023\/03\/23\/christian-astu-comment-les-enfants-dun-orphelinat-ghaneen-ont-perdu-lhomme-quils-appelaient-pere\/#breadcrumb"},"inLanguage":"fr-FR","potentialAction":[{"@type":"ReadAction","target":["https:\/\/www.nettali.com\/2023\/03\/23\/christian-astu-comment-les-enfants-dun-orphelinat-ghaneen-ont-perdu-lhomme-quils-appelaient-pere\/"]}]},{"@type":"BreadcrumbList","@id":"https:\/\/www.nettali.com\/2023\/03\/23\/christian-astu-comment-les-enfants-dun-orphelinat-ghaneen-ont-perdu-lhomme-quils-appelaient-pere\/#breadcrumb","itemListElement":[{"@type":"ListItem","position":1,"name":"Accueil","item":"https:\/\/www.nettali.com\/"},{"@type":"ListItem","position":2,"name":"CHRISTIAN ASTU - Comment les enfants d'un orphelinat ghan\u00e9en ont perdu l'homme qu'ils appelaient \"p\u00e8re\""}]},{"@type":"Person","@id":"https:\/\/www.nettali.com\/#\/schema\/person\/bb147657c2986240405a608162b9bb23","name":"Ibrahima","image":{"@type":"ImageObject","@id":"https:\/\/www.nettali.com\/#personlogo","inLanguage":"fr-FR","url":"https:\/\/secure.gravatar.com\/avatar\/26a8a81f09f0dd7624c9d5c36c9ba3a2?s=96&d=mm&r=g","contentUrl":"https:\/\/secure.gravatar.com\/avatar\/26a8a81f09f0dd7624c9d5c36c9ba3a2?s=96&d=mm&r=g","caption":"Ibrahima"},"sameAs":["https:\/\/www.nettali.com"]}]}},"_links":{"self":[{"href":"https:\/\/www.nettali.com\/rest\/wp\/v2\/posts\/106721"}],"collection":[{"href":"https:\/\/www.nettali.com\/rest\/wp\/v2\/posts"}],"about":[{"href":"https:\/\/www.nettali.com\/rest\/wp\/v2\/types\/post"}],"author":[{"embeddable":true,"href":"https:\/\/www.nettali.com\/rest\/wp\/v2\/users\/5"}],"replies":[{"embeddable":true,"href":"https:\/\/www.nettali.com\/rest\/wp\/v2\/comments?post=106721"}],"version-history":[{"count":2,"href":"https:\/\/www.nettali.com\/rest\/wp\/v2\/posts\/106721\/revisions"}],"predecessor-version":[{"id":106729,"href":"https:\/\/www.nettali.com\/rest\/wp\/v2\/posts\/106721\/revisions\/106729"}],"wp:featuredmedia":[{"embeddable":true,"href":"https:\/\/www.nettali.com\/rest\/wp\/v2\/media\/106708"}],"wp:attachment":[{"href":"https:\/\/www.nettali.com\/rest\/wp\/v2\/media?parent=106721"}],"wp:term":[{"taxonomy":"category","embeddable":true,"href":"https:\/\/www.nettali.com\/rest\/wp\/v2\/categories?post=106721"},{"taxonomy":"post_tag","embeddable":true,"href":"https:\/\/www.nettali.com\/rest\/wp\/v2\/tags?post=106721"}],"curies":[{"name":"wp","href":"https:\/\/api.w.org\/{rel}","templated":true}]}}